{"id":26768,"date":"2019-05-14T18:17:16","date_gmt":"2019-05-14T17:17:16","guid":{"rendered":"https:\/\/www.moyenagepassion.com\/?p=26768"},"modified":"2020-10-04T23:54:52","modified_gmt":"2020-10-04T22:54:52","slug":"lou-mirabeou-2019-festival-medieval-pennes-mirabeau","status":"publish","type":"post","link":"https:\/\/www.moyenagepassion.com\/index.php\/2019\/05\/14\/lou-mirabeou-2019-festival-medieval-pennes-mirabeau\/","title":{"rendered":"Lou Mirab\u00e9ou 2019, retour du grand festival m\u00e9di\u00e9val aux Pennes-Mirabeau"},"content":{"rendered":"<div id=\"moyen-1916656113\" class=\"moyen-before-content moyen-entity-placement\"><script async src=\"\/\/pagead2.googlesyndication.com\/pagead\/js\/adsbygoogle.js?client=ca-pub-3035390706780632\" crossorigin=\"anonymous\"><\/script><ins class=\"adsbygoogle\" style=\"display:block;\" data-ad-client=\"ca-pub-3035390706780632\" \ndata-ad-slot=\"\" \ndata-ad-format=\"auto\"><\/ins>\n<script> \n(adsbygoogle = window.adsbygoogle || []).push({}); \n<\/script>\n<\/div><p><strong><img decoding=\"async\" class=\"alignleft wp-image-26795\" src=\"https:\/\/www.moyenagepassion.com\/wp-content\/uploads\/2019\/05\/les-pennes-mirabeau_armoirie_ecu_blason_fetes_medievales.jpg\" alt=\"les-pennes-mirabeau_armoirie_ecu_blason_fetes_medievales\" width=\"96\" height=\"143\" srcset=\"https:\/\/www.moyenagepassion.com\/wp-content\/uploads\/2019\/05\/les-pennes-mirabeau_armoirie_ecu_blason_fetes_medievales.jpg 226w, https:\/\/www.moyenagepassion.com\/wp-content\/uploads\/2019\/05\/les-pennes-mirabeau_armoirie_ecu_blason_fetes_medievales-201x300.jpg 201w\" sizes=\"(max-width: 96px) 100vw, 96px\" \/>Sujet<\/strong>\u00a0: march\u00e9 m\u00e9di\u00e9val, , festival m\u00e9di\u00e9val, f\u00eates, animations m\u00e9di\u00e9vales, spectacles,\u00a0 compagnies m\u00e9di\u00e9vales, troupes.<br \/>\n<strong>Ev\u00e9nement<\/strong>\u00a0:\u00a0\u00a0<strong>Lou Mirab\u00e9ou 2019<\/strong><br \/>\n<strong>Lieu :\u00a0<\/strong>Les-Pennes-Mirabeau, Bouches-du-Rh\u00f4ne, Provence-Alpes-C\u00f4te-d\u2019Azur<strong><br \/>\nDates\u00a0:\u00a0<\/strong>du\u00a018 au\u00a019 mai 2019<\/p>\n<p>Bonjour \u00e0 tous,<\/p>\n<p style=\"text-align: justify;\"><img decoding=\"async\" class=\"alignleft size-full wp-image-23904\" src=\"https:\/\/www.moyenagepassion.com\/wp-content\/uploads\/2018\/10\/S_lettrine_moyen_age_passion.jpg\" alt=\"S_lettrine_moyen_age_passion\" width=\"84\" height=\"103\" \/>ur l&rsquo;agenda, ceux d&rsquo;entre vous\u00a0 qui se trouvent du c\u00f4t\u00e9 du grand sud, cette fin de semaine, ne manqueront pas le retour du grand <strong>Festival m\u00e9di\u00e9val Lou Mirab\u00e9ou<\/strong>\u00a0aux Pennes-Mirabeau. Organis\u00e9 par l&rsquo;association culturelle\u00a0<a href=\"http:\/\/www.laportedesetoiles.com\/\" target=\"_blank\" rel=\"noopener noreferrer\"><strong>La Porte des Etoiles<\/strong>,<\/a> avec l&rsquo;appui de nombreux partenaires institutionnels, associatifs ou priv\u00e9s, il s&rsquo;agira l\u00e0 de la 16e \u00e9dition de l&rsquo;\u00e9v\u00e9nement et le programme s&rsquo;annonce d\u00e9j\u00e0 \u00e0 la hauteur des ann\u00e9es pr\u00e9c\u00e9dentes.<\/p>\n<h3 style=\"text-align: justify;\">Tous les ingr\u00e9dients d&rsquo;une grande f\u00eate m\u00e9di\u00e9vale<\/h3>\n<p style=\"text-align: justify;\"><a href=\"https:\/\/www.moyenagepassion.com\/wp-content\/uploads\/2019\/05\/festival-medieval_lou-mirabeou-2019_animations-moyen-age-festif-PACA_les-pennes-mirabeau.jpg\"><img decoding=\"async\" class=\"alignright wp-image-26793\" src=\"https:\/\/www.moyenagepassion.com\/wp-content\/uploads\/2019\/05\/festival-medieval_lou-mirabeou-2019_animations-moyen-age-festif-PACA_les-pennes-mirabeau.jpg\" alt=\"festival-medieval_lou-mirabeou-2019_animations-moyen-age-festif-PACA_les-pennes-mirabeau\" width=\"226\" height=\"319\" srcset=\"https:\/\/www.moyenagepassion.com\/wp-content\/uploads\/2019\/05\/festival-medieval_lou-mirabeou-2019_animations-moyen-age-festif-PACA_les-pennes-mirabeau.jpg 350w, https:\/\/www.moyenagepassion.com\/wp-content\/uploads\/2019\/05\/festival-medieval_lou-mirabeou-2019_animations-moyen-age-festif-PACA_les-pennes-mirabeau-213x300.jpg 213w\" sizes=\"(max-width: 226px) 100vw, 226px\" \/><\/a>Une fois de plus, quantit\u00e9 de compagnies et de troupes d&rsquo;artistes et musiciens\u00a0ont \u00e9t\u00e9 convi\u00e9es aux Pennes Mirabeau,\u00a0 pour y c\u00e9l\u00e9brer le Moyen-\u00e2ge r\u00e9aliste ou plus fantastique. Le divertissement devrait donc \u00eatre au rendez-vous et on retrouvera, ce week-end, dans les rues de la cit\u00e9, tous les incontournables qui font le succ\u00e8s d&rsquo;une belle f\u00eate m\u00e9di\u00e9vale :\u00a0 animations de rue, concerts et parades, jongleurs et saltimbanques, campements, sc\u00e9nettes de combats, etc&#8230;<\/p>\n<p style=\"text-align: justify;\">Du c\u00f4t\u00e9 des temps forts, aux grands d\u00e9fil\u00e9s qui devraient r\u00e9unir plus de 500 participants costum\u00e9s, viendront s&rsquo;ajouter spectacles \u00e9questres et animaliers, concours de costumes, mais encore banquet et ripailles avec grande nocturne, le samedi soir.\u00a0 Solidement implant\u00e9, le march\u00e9 m\u00e9di\u00e9val tiendra encore dignement sa place avec une centaine d&rsquo;exposant attendus.<\/p>\n<h4>Compagnies m\u00e9di\u00e9vales<br \/>\net troupes artistiques pr\u00e9sentes<\/h4>\n<p style=\"text-align: justify;\"><span style=\"color: #008000;\"><em>Les chevaliers de l\u2019Ordre Noir &#8211; Les Compagnons du Ch\u00eane Ardent &#8211; La Maisnie de Rogarium &#8211; La Guerre des Couronnes &#8211; Le Chant de l\u2019\u00c9pee &#8211; La Compagnie Des Cabris d\u2019Argent &#8211; Le Prince Des Dombes &#8211; Les Amis de Carllier &#8211; La Hanse du Loup &#8211; Les Archers de Beaumont de Pertuis -Futhark et Claymor clan &#8211; Cie Gueule de Loup &#8211; Cie Kaidja &#8211; Gaspard et les siens &#8211; Cie La Porte des Etoiles &#8211; Les Gueux de Volonne &#8211; Association Culturelle de l\u2019Obro &#8211; Le Cirque Pouce &#8211; Fredini le magicien &#8211; les Lanceurs de Drapeaux de Subbiano &#8211; La Ferme du Soleil- La ferme de Nathan Girard<\/em><\/span><\/p>\n<p style=\"text-align: justify;\"><a href=\"https:\/\/www.moyenagepassion.com\/wp-content\/uploads\/2019\/05\/festival-moyen-age_animations-medievales_Lou-mirabeou-Provence-Alpes-Cote-d-Azur.jpg\"><img decoding=\"async\" class=\"alignnone size-full wp-image-26796\" src=\"https:\/\/www.moyenagepassion.com\/wp-content\/uploads\/2019\/05\/festival-moyen-age_animations-medievales_Lou-mirabeou-Provence-Alpes-Cote-d-Azur.jpg\" alt=\"festival-moyen-age_animations-medievales_Lou-mirabeou-Provence-Alpes-Cote-d-Azur\" width=\"600\" height=\"176\" srcset=\"https:\/\/www.moyenagepassion.com\/wp-content\/uploads\/2019\/05\/festival-moyen-age_animations-medievales_Lou-mirabeou-Provence-Alpes-Cote-d-Azur.jpg 600w, https:\/\/www.moyenagepassion.com\/wp-content\/uploads\/2019\/05\/festival-moyen-age_animations-medievales_Lou-mirabeou-Provence-Alpes-Cote-d-Azur-300x88.jpg 300w\" sizes=\"(max-width: 600px) 100vw, 600px\" \/><\/a><\/p>\n<p style=\"text-align: center;\">\u00a0<a href=\"https:\/\/www.facebook.com\/events\/village-des-pennes-mirabeau\/lou-mirabeou-2019\/204579777010740\/\" target=\"_blank\" rel=\"noopener noreferrer\">Facebook de l&rsquo;\u00e9v\u00e9nement <\/a>&#8211; <a href=\"http:\/\/www.pennes-mirabeau.org\/images\/pdf\/actu\/2019loumirab.pdf\" target=\"_blank\" rel=\"noopener noreferrer\">Programme du festival (pdf)<\/a><\/p>\n<p>Voir nos autres articles sur cet \u00e9v\u00e9nement :\u00a0\u00a0<a href=\"https:\/\/www.moyenagepassion.com\/index.php\/2017\/05\/19\/agenda-fetes-festivals-et-rejouissances-medievales-dici-et-dailleurs\/\" target=\"_blank\" rel=\"noopener noreferrer\">Lou Mirab\u00e9ou 2017<\/a> &#8211;\u00a0\u00a0<a href=\"https:\/\/www.moyenagepassion.com\/index.php\/2018\/05\/09\/agenda-la-15-eme-edition-du-festival-medieval-lou-mirabeou-de-pennes-les-mirabeau\/\" target=\"_blank\" rel=\"noopener noreferrer\">Lou Mirab\u00e9ou 2018<\/a><\/p>\n<p>En vous souhaitant une excellente journ\u00e9e.<\/p>\n<p>Fred<br \/>\nPour moyenagepassion.com<br \/>\n<em><strong>A la d\u00e9couverte du monde m\u00e9di\u00e9val sous toutes ses formes.<\/strong><\/em><\/p>\n","protected":false},"excerpt":{"rendered":"<p>Sujet\u00a0: march\u00e9 m\u00e9di\u00e9val, , festival m\u00e9di\u00e9val, f\u00eates, animations m\u00e9di\u00e9vales, spectacles,\u00a0 compagnies m\u00e9di\u00e9vales, troupes. Ev\u00e9nement\u00a0:\u00a0\u00a0Lou Mirab\u00e9ou 2019 Lieu :\u00a0Les-Pennes-Mirabeau, Bouches-du-Rh\u00f4ne, Provence-Alpes-C\u00f4te-d\u2019Azur Dates\u00a0:\u00a0du\u00a018 au\u00a019 mai 2019 Bonjour \u00e0 tous, ur l&rsquo;agenda, ceux d&rsquo;entre vous\u00a0 qui se trouvent du c\u00f4t\u00e9 du grand sud, cette fin de semaine, ne manqueront pas le retour du grand Festival m\u00e9di\u00e9val Lou Mirab\u00e9ou\u00a0aux &hellip; <a href=\"https:\/\/www.moyenagepassion.com\/index.php\/2019\/05\/14\/lou-mirabeou-2019-festival-medieval-pennes-mirabeau\/\" class=\"more-link\">Continuer la lecture de <span class=\"screen-reader-text\">Lou Mirab\u00e9ou 2019, retour du grand festival m\u00e9di\u00e9val aux Pennes-Mirabeau<\/span>  <span class=\"meta-nav\">&rarr;<\/span><\/a><\/p>\n","protected":false},"author":2,"featured_media":0,"comment_status":"open","ping_status":"open","sticky":false,"template":"","format":"standard","meta":{"_monsterinsights_skip_tracking":false,"_monsterinsights_sitenote_active":false,"_monsterinsights_sitenote_note":"","_monsterinsights_sitenote_category":0,"footnotes":""},"categories":[11],"tags":[1539,2529,2840,212,632,1380,4495,636,3962,1831,4086,278],"class_list":["post-26768","post","type-post","status-publish","format-standard","hentry","category-fetes-medievales-evenement","tag-agenda-medieval","tag-animations-medievales","tag-campements-medievaux","tag-compagnies-medievales","tag-festival-medieval","tag-fetes","tag-lou-mirabeou","tag-marche-medieval","tag-provence-alpes-cote-dazur","tag-spectacles","tag-spectacles-equestres","tag-troupes"],"aioseo_notices":[],"_links":{"self":[{"href":"https:\/\/www.moyenagepassion.com\/index.php\/wp-json\/wp\/v2\/posts\/26768"}],"collection":[{"href":"https:\/\/www.moyenagepassion.com\/index.php\/wp-json\/wp\/v2\/posts"}],"about":[{"href":"https:\/\/www.moyenagepassion.com\/index.php\/wp-json\/wp\/v2\/types\/post"}],"author":[{"embeddable":true,"href":"https:\/\/www.moyenagepassion.com\/index.php\/wp-json\/wp\/v2\/users\/2"}],"replies":[{"embeddable":true,"href":"https:\/\/www.moyenagepassion.com\/index.php\/wp-json\/wp\/v2\/comments?post=26768"}],"version-history":[{"count":1,"href":"https:\/\/www.moyenagepassion.com\/index.php\/wp-json\/wp\/v2\/posts\/26768\/revisions"}],"predecessor-version":[{"id":34712,"href":"https:\/\/www.moyenagepassion.com\/index.php\/wp-json\/wp\/v2\/posts\/26768\/revisions\/34712"}],"wp:attachment":[{"href":"https:\/\/www.moyenagepassion.com\/index.php\/wp-json\/wp\/v2\/media?parent=26768"}],"wp:term":[{"taxonomy":"category","embeddable":true,"href":"https:\/\/www.moyenagepassion.com\/index.php\/wp-json\/wp\/v2\/categories?post=26768"},{"taxonomy":"post_tag","embeddable":true,"href":"https:\/\/www.moyenagepassion.com\/index.php\/wp-json\/wp\/v2\/tags?post=26768"}],"curies":[{"name":"wp","href":"https:\/\/api.w.org\/{rel}","templated":true}]}}