{"id":26782,"date":"2019-05-14T00:38:01","date_gmt":"2019-05-13T23:38:01","guid":{"rendered":"https:\/\/www.moyenagepassion.com\/?p=26782"},"modified":"2020-10-04T18:04:46","modified_gmt":"2020-10-04T17:04:46","slug":"dizain-epigramme-clement-marot-poesie-moyen-age-tardif","status":"publish","type":"post","link":"https:\/\/www.moyenagepassion.com\/index.php\/2019\/05\/14\/dizain-epigramme-clement-marot-poesie-moyen-age-tardif\/","title":{"rendered":"\u00ab\u00a0A Anne pour estre en sa grace\u00a0\u00bb, un dizain de Cl\u00e9ment Marot, empreint de courtoisie"},"content":{"rendered":"<div id=\"moyen-3358605405\" class=\"moyen-before-content moyen-entity-placement\"><script async src=\"\/\/pagead2.googlesyndication.com\/pagead\/js\/adsbygoogle.js?client=ca-pub-3035390706780632\" crossorigin=\"anonymous\"><\/script><ins class=\"adsbygoogle\" style=\"display:block;\" data-ad-client=\"ca-pub-3035390706780632\" \ndata-ad-slot=\"\" \ndata-ad-format=\"auto\"><\/ins>\n<script> \n(adsbygoogle = window.adsbygoogle || []).push({}); \n<\/script>\n<\/div><p><strong><img decoding=\"async\" class=\"alignleft size-full wp-image-24137\" src=\"https:\/\/www.moyenagepassion.com\/wp-content\/uploads\/2018\/10\/clement_marot_poesie_moyen-age_tardif_renaissance.jpg\" alt=\"clement_marot_poesie_moyen--age_tardif_renaissance\" width=\"105\" height=\"151\" \/>Sujet :<\/strong>\u00a0 po\u00e9sie, \u00e9pigramme, amour courtois, courtoisie, Anne, dizain.<br \/>\n<strong>P\u00e9riode :<\/strong> fin du moyen-\u00e2ge, renaissance<br \/>\n<strong>Auteur :\u00a0<\/strong>\u00a0 <em><strong><a href=\"https:\/\/www.moyenagepassion.com\/index.php\/2016\/08\/20\/clement-marot-portrait-dun-esprit-libre-a-la-lisiere-du-monde-medieval-et-de-la-renaissance\/\" target=\"_blank\" rel=\"noopener noreferrer\">Cl\u00e9ment MAROT<\/a><\/strong>\u00a0<\/em>(1496-1544)<br \/>\n<strong>Titre <\/strong>\u00a0: \u00abA Anne pour estre en sa grace\u00bb<br \/>\n<strong>Ouvrage<\/strong> : oeuvres compl\u00e8tes de Cl\u00e9ment MAROT, par\u00a0 <strong>Pierre Jannet<\/strong>, Tome\u00a03 (1870)<\/p>\n<p>Bonjour \u00e0 tous,<\/p>\n<p style=\"text-align: justify;\"><img decoding=\"async\" class=\"alignleft size-full wp-image-23889\" src=\"https:\/\/www.moyenagepassion.com\/wp-content\/uploads\/2018\/10\/E_lettrine_moyen_age_passion.jpg\" alt=\"E_lettrine_moyen_age_passion\" width=\"84\" height=\"103\" \/>n suivant les pas de <strong>Cl\u00e9ment Marot<\/strong>, nous publions ici une nouvelle \u00e9pigramme de celles que le po\u00e8te de Cahors d\u00e9dia \u00e0 une certaine Anne.\u00a0 Si cette derni\u00e8re, certainement <a href=\"https:\/\/www.moyenagepassion.com\/index.php\/tag\/anne-dalencon\/\" target=\"_blank\" rel=\"noopener noreferrer\">Anne d&rsquo;Alen\u00e7on<\/a>,\u00a0ne fut pas la seule dame de pouvoir que Marot mit en ses faveurs courtoises,\u00a0on compte un certain nombre de po\u00e9sies joliment tourn\u00e9es\u00a0 qui lui sont destin\u00e9es.<\/p>\n<p><a href=\"https:\/\/www.moyenagepassion.com\/wp-content\/uploads\/2019\/05\/clement_marot_poesie_epigramme_anne_courtoisie_renaissance_moyen-age_tardif_XVIe-siecle.jpg\"><img decoding=\"async\" class=\"wp-image-26783 aligncenter\" src=\"https:\/\/www.moyenagepassion.com\/wp-content\/uploads\/2019\/05\/clement_marot_poesie_epigramme_anne_courtoisie_renaissance_moyen-age_tardif_XVIe-siecle.jpg\" alt=\"clement_marot_poesie_epigramme_anne_courtoisie_renaissance_moyen-age_tardif_XVIe-siecle\" width=\"451\" height=\"392\" srcset=\"https:\/\/www.moyenagepassion.com\/wp-content\/uploads\/2019\/05\/clement_marot_poesie_epigramme_anne_courtoisie_renaissance_moyen-age_tardif_XVIe-siecle.jpg 460w, https:\/\/www.moyenagepassion.com\/wp-content\/uploads\/2019\/05\/clement_marot_poesie_epigramme_anne_courtoisie_renaissance_moyen-age_tardif_XVIe-siecle-300x261.jpg 300w\" sizes=\"(max-width: 451px) 100vw, 451px\" \/><\/a><\/p>\n<h2 style=\"text-align: center;\">A Anne pour estre en sa grace<\/h2>\n<p style=\"text-align: center;\"><span style=\"color: #008000;\"><strong><em>Si jamais fut un paradis en terre,<\/em><\/strong><\/span><br \/>\n<span style=\"color: #008000;\"><strong><em>L\u00e0 o\u00f9 tu es, l\u00e0 est il, sans mentir ;<\/em><\/strong><\/span><br \/>\n<span style=\"color: #008000;\"><strong><em>Mais tel pourroit en toy paradis querre<\/em><\/strong><\/span><br \/>\n<span style=\"color: #008000;\"><strong><em>Qui ne viendroit fors \u00e0 peine sentir ;<\/em><\/strong><\/span><br \/>\n<span style=\"color: #008000;\"><strong><em>Non toutesfoys qu&rsquo;il s&rsquo;en doit repentir,<\/em><\/strong><\/span><br \/>\n<span style=\"color: #008000;\"><strong><em>Car heureux est qui souffre pour tel bien.<\/em><\/strong><\/span><br \/>\n<span style=\"color: #008000;\"><strong><em>Doncques celuy que tu aymeroys bien,<\/em><\/strong><\/span><br \/>\n<span style=\"color: #008000;\"><strong><em>Et qui receu seroit en si bel estre,<\/em><\/strong><\/span><br \/>\n<span style=\"color: #008000;\"><strong><em>Que seroit il ? Certes je n&rsquo;en s\u00e7ay rien,<\/em><\/strong><\/span><br \/>\n<span style=\"color: #008000;\"><strong><em>Fors qu&rsquo;il seroit ce que je vouldrois estre.<\/em><\/strong><\/span><\/p>\n<p style=\"text-align: center;\"><span style=\"color: #808080;\"><em><strong>Cl\u00e9ment Marot<\/strong> &#8211; Epigramme, Dizain<\/em><\/span><\/p>\n<p>En vous souhaitant une belle journ\u00e9e.<\/p>\n<p>Fred<br \/>\nPour moyenagepassion.com<br \/>\n<em><strong>A la d\u00e9couverte du monde m\u00e9di\u00e9val sous toutes ses formes.<\/strong><\/em><\/p>\n","protected":false},"excerpt":{"rendered":"<p>Sujet :\u00a0 po\u00e9sie, \u00e9pigramme, amour courtois, courtoisie, Anne, dizain. P\u00e9riode : fin du moyen-\u00e2ge, renaissance Auteur :\u00a0\u00a0 Cl\u00e9ment MAROT\u00a0(1496-1544) Titre \u00a0: \u00abA Anne pour estre en sa grace\u00bb Ouvrage : oeuvres compl\u00e8tes de Cl\u00e9ment MAROT, par\u00a0 Pierre Jannet, Tome\u00a03 (1870) Bonjour \u00e0 tous, n suivant les pas de Cl\u00e9ment Marot, nous publions ici une nouvelle &hellip; <a href=\"https:\/\/www.moyenagepassion.com\/index.php\/2019\/05\/14\/dizain-epigramme-clement-marot-poesie-moyen-age-tardif\/\" class=\"more-link\">Continuer la lecture de <span class=\"screen-reader-text\">\u00ab\u00a0A Anne pour estre en sa grace\u00a0\u00bb, un dizain de Cl\u00e9ment Marot, empreint de courtoisie<\/span>  <span class=\"meta-nav\">&rarr;<\/span><\/a><\/p>\n","protected":false},"author":2,"featured_media":0,"comment_status":"open","ping_status":"open","sticky":false,"template":"","format":"standard","meta":{"_monsterinsights_skip_tracking":false,"_monsterinsights_sitenote_active":false,"_monsterinsights_sitenote_note":"","_monsterinsights_sitenote_category":0,"footnotes":""},"categories":[1467,9],"tags":[4494,1468,4216,1556,2292,913,2382,1013,2168,3217],"class_list":["post-26782","post","type-post","status-publish","format-standard","hentry","category-clement-marot","category-musique-medieval-historique-fantaisie-celtique","tag-anne","tag-clement-marot","tag-courtoisie","tag-dizain","tag-epigramme","tag-moyen-age-tardif","tag-poesies-courtes","tag-renaissance","tag-xve-siecle","tag-xvie-siecle"],"aioseo_notices":[],"_links":{"self":[{"href":"https:\/\/www.moyenagepassion.com\/index.php\/wp-json\/wp\/v2\/posts\/26782"}],"collection":[{"href":"https:\/\/www.moyenagepassion.com\/index.php\/wp-json\/wp\/v2\/posts"}],"about":[{"href":"https:\/\/www.moyenagepassion.com\/index.php\/wp-json\/wp\/v2\/types\/post"}],"author":[{"embeddable":true,"href":"https:\/\/www.moyenagepassion.com\/index.php\/wp-json\/wp\/v2\/users\/2"}],"replies":[{"embeddable":true,"href":"https:\/\/www.moyenagepassion.com\/index.php\/wp-json\/wp\/v2\/comments?post=26782"}],"version-history":[{"count":1,"href":"https:\/\/www.moyenagepassion.com\/index.php\/wp-json\/wp\/v2\/posts\/26782\/revisions"}],"predecessor-version":[{"id":34018,"href":"https:\/\/www.moyenagepassion.com\/index.php\/wp-json\/wp\/v2\/posts\/26782\/revisions\/34018"}],"wp:attachment":[{"href":"https:\/\/www.moyenagepassion.com\/index.php\/wp-json\/wp\/v2\/media?parent=26782"}],"wp:term":[{"taxonomy":"category","embeddable":true,"href":"https:\/\/www.moyenagepassion.com\/index.php\/wp-json\/wp\/v2\/categories?post=26782"},{"taxonomy":"post_tag","embeddable":true,"href":"https:\/\/www.moyenagepassion.com\/index.php\/wp-json\/wp\/v2\/tags?post=26782"}],"curies":[{"name":"wp","href":"https:\/\/api.w.org\/{rel}","templated":true}]}}