{"id":26822,"date":"2019-05-15T00:40:53","date_gmt":"2019-05-14T23:40:53","guid":{"rendered":"https:\/\/www.moyenagepassion.com\/?p=26822"},"modified":"2020-10-04T23:42:51","modified_gmt":"2020-10-04T22:42:51","slug":"la-5e-edition-des-flamboyantes-la-belle-fete-medievale-fantastique-de-cusset","status":"publish","type":"post","link":"https:\/\/www.moyenagepassion.com\/index.php\/2019\/05\/15\/la-5e-edition-des-flamboyantes-la-belle-fete-medievale-fantastique-de-cusset\/","title":{"rendered":"La 5e \u00e9dition des Flamboyantes : la belle f\u00eate m\u00e9di\u00e9vale fantastique de Cusset"},"content":{"rendered":"<div id=\"moyen-2701335868\" class=\"moyen-before-content moyen-entity-placement\"><script async src=\"\/\/pagead2.googlesyndication.com\/pagead\/js\/adsbygoogle.js?client=ca-pub-3035390706780632\" crossorigin=\"anonymous\"><\/script><ins class=\"adsbygoogle\" style=\"display:block;\" data-ad-client=\"ca-pub-3035390706780632\" \ndata-ad-slot=\"\" \ndata-ad-format=\"auto\"><\/ins>\n<script> \n(adsbygoogle = window.adsbygoogle || []).push({}); \n<\/script>\n<\/div><p><strong><a href=\"https:\/\/www.moyenagepassion.com\/wp-content\/uploads\/2019\/05\/cusset_armoirie_ecu_blason-medieval.jpg\"><img decoding=\"async\" class=\"alignleft wp-image-26839\" src=\"https:\/\/www.moyenagepassion.com\/wp-content\/uploads\/2019\/05\/cusset_armoirie_ecu_blason-medieval.jpg\" alt=\"cusset_armoirie_ecu_blason-medieval\" width=\"85\" height=\"127\" srcset=\"https:\/\/www.moyenagepassion.com\/wp-content\/uploads\/2019\/05\/cusset_armoirie_ecu_blason-medieval.jpg 226w, https:\/\/www.moyenagepassion.com\/wp-content\/uploads\/2019\/05\/cusset_armoirie_ecu_blason-medieval-201x300.jpg 201w\" sizes=\"(max-width: 85px) 100vw, 85px\" \/><\/a>Sujet<\/strong>\u00a0: f\u00eates m\u00e9di\u00e9vales, festival, march\u00e9 m\u00e9dieval, compagnies, animations, medieval-fantasy, moyen-\u00e2ge fantastique<br \/>\n<strong>Lieu<\/strong>\u00a0:\u00a0<a href=\"https:\/\/www.facebook.com\/Ville-de-Cusset-302443143247581\/?fref=nf\" target=\"_blank\" rel=\"noopener noreferrer\">Cusset<\/a>\u00a0Allier,\u00a0Auvergne-Rh\u00f4ne-Alpes<br \/>\n<strong>Ev\u00e9nement<\/strong>: Les Flamboyantes 5e \u00e9dition<br \/>\n<strong>Dates<\/strong>\u00a0: du\u00a0 vendredi 17, au dimanche\u00a019 mai 2019<\/p>\n<p>Bonjour \u00e0 tous,<\/p>\n<p style=\"text-align: justify;\"><img decoding=\"async\" class=\"alignleft size-full wp-image-23907\" src=\"https:\/\/www.moyenagepassion.com\/wp-content\/uploads\/2018\/10\/V_lettrine_moyen_age_passion-copia.jpg\" alt=\"V_lettrine_moyen_age_passion-copia\" width=\"96\" height=\"103\" \/>oil\u00e0 un \u00e9v\u00e9nement que nous nous faisons toujours un grand plaisir de mentionner chaque ann\u00e9e, pour\u00a0la qualit\u00e9 de sa\u00a0programmation autant que pour son ascension fulgurante dans le domaine des f\u00eates m\u00e9di\u00e9vales. En 4 ans, les Flamboyantes\u00a0 de Cusset ont, en effet, accueilli des dizaines de milliers de visiteurs et pour la seule \u00e9dition 2018 de l&rsquo;\u00e9v\u00e9nement, on en a compt\u00e9 pr\u00e8s de 30 000, preuve de leur succ\u00e8s grandissant.<\/p>\n<p style=\"text-align: justify;\"><a href=\"https:\/\/www.moyenagepassion.com\/wp-content\/uploads\/2019\/05\/fete-medieval-fantastique-Cusset-les-flamboyantes-2019_Auvergne-rhone-alpes.jpg\"><img decoding=\"async\" class=\"alignright wp-image-26826\" src=\"https:\/\/www.moyenagepassion.com\/wp-content\/uploads\/2019\/05\/fete-medieval-fantastique-Cusset-les-flamboyantes-2019_Auvergne-rhone-alpes.jpg\" alt=\"fete-medieval-fantastique-Cusset-les-flamboyantes-2019_Auvergne-rhone-alpes\" width=\"222\" height=\"313\" srcset=\"https:\/\/www.moyenagepassion.com\/wp-content\/uploads\/2019\/05\/fete-medieval-fantastique-Cusset-les-flamboyantes-2019_Auvergne-rhone-alpes.jpg 350w, https:\/\/www.moyenagepassion.com\/wp-content\/uploads\/2019\/05\/fete-medieval-fantastique-Cusset-les-flamboyantes-2019_Auvergne-rhone-alpes-213x300.jpg 213w\" sizes=\"(max-width: 222px) 100vw, 222px\" \/><\/a>Ce genre de pari n&rsquo;est pourtant jamais gagn\u00e9 car la recette est \u00e0 la fois simple et compliqu\u00e9e. Prendre la d\u00e9cision de cr\u00e9er une belle f\u00eate ne suffit pas, il faut encore y mettre les moyens et l&rsquo;\u00e9nergie, savoir convaincre les acteurs locaux et les habitants de s&rsquo;y associer pleinement, et, finalement,\u00a0 ne pas avoir peur de voir les choses en grand.\u00a0En plus de tout cela, la municipalit\u00e9 de Cusset qui organise ces Fambloyantes a aussi su choisir ici un\u00a0angle, en m\u00e9langeant savamment et de mani\u00e8re assum\u00e9e, moyen-\u00e2ge historique et fantastique.\u00a0Pour ce 5e anniversaire, entour\u00e9e de nombre d&rsquo;acteurs locaux et de b\u00e9n\u00e9voles, elle ne d\u00e9viera pas d&rsquo;un pouce de son concept et de son ambition pour assurer \u00e0 tous, une exp\u00e9rience r\u00e9ussie et riche en \u00e9motions.<\/p>\n<h3>D<strong>e l\u2019ombre \u00e0 la lumi\u00e8re<\/strong><\/h3>\n<p style=\"text-align: justify;\">\u00ab\u00a0<em>De l&rsquo;ombre \u00e0 la lumi\u00e8re\u00a0\u00bb,<\/em> c&rsquo;est le th\u00e8me choisi cette ann\u00e9e et, plus que jamais, la f\u00eate sera sc\u00e9naris\u00e9e et contera une histoire \u00e0 ses visiteurs pour les faire r\u00eaver. Pour l&rsquo;instant; seules quelques lignes myst\u00e9rieuses ont lev\u00e9 un coin du voile : <em>\u00ab\u00a0La ville s\u2019appr\u00eate \u00e0 accueillir\u00a0<\/em><em>le <a href=\"https:\/\/www.moyenagepassion.com\/wp-content\/uploads\/2019\/05\/fete-medieval-fantastique_flamboyantes_2019-_cusset_auvergne-rhone-alpes.jpg\"><img decoding=\"async\" class=\"alignleft wp-image-26836\" src=\"https:\/\/www.moyenagepassion.com\/wp-content\/uploads\/2019\/05\/fete-medieval-fantastique_flamboyantes_2019-_cusset_auvergne-rhone-alpes.jpg\" alt=\"fete-medieval-fantastique_flamboyantes_2019-_cusset_auvergne-rhone-alpes\" width=\"142\" height=\"501\" srcset=\"https:\/\/www.moyenagepassion.com\/wp-content\/uploads\/2019\/05\/fete-medieval-fantastique_flamboyantes_2019-_cusset_auvergne-rhone-alpes.jpg 236w, https:\/\/www.moyenagepassion.com\/wp-content\/uploads\/2019\/05\/fete-medieval-fantastique_flamboyantes_2019-_cusset_auvergne-rhone-alpes-85x300.jpg 85w\" sizes=\"(max-width: 142px) 100vw, 142px\" \/><\/a>retour des chim\u00e8res de l\u2019\u00e9glise&#8230; Soudain, un \u00e9v\u00e9nement\u00a0vient bouleverser le cours des festivit\u00e9s&#8230;\u00a0\u00bb<\/em><\/p>\n<p style=\"text-align: justify;\">En plus de ce fil conducteur, le programme ne conna\u00eetra aucun temps mort et on peut compter sur les nombreuses compagnies pr\u00e9sentes pour r\u00e9galer les visiteurs de divertissements non stop : musique, th\u00e9\u00e2tre de rues, combats en armure, mais on pourra encore d\u00e9couvrir un chantier m\u00e9di\u00e9val reconstitu\u00e9 pour l&rsquo;occasion,\u00a0 par la troupe des <a href=\"https:\/\/www.moyenagepassion.com\/index.php\/2019\/01\/11\/batisseurs-medievaux-maitres-compagnons-au-service-du-patrimoine-et-de-la-restauration\/\" target=\"_blank\" rel=\"noopener noreferrer\">b\u00e2tisseurs m\u00e9di\u00e9vaux<\/a>.<\/p>\n<p style=\"text-align: justify;\">Bien s\u00fbr, la f\u00eate conna\u00eetra aussi ses moments forts entre spectacles d&rsquo;ouverture et de cl\u00f4ture, d\u00e9ambulations joyeuses,\u00a0 spectacles animaliers (fauconnerie, \u00e9quid\u00e9s), et encore une grande nocturne\u00a0avec parade, le samedi soir. comme \u00e0 l&rsquo;occasion des \u00e9ditions pr\u00e9c\u00e9dentes, un March\u00e9 m\u00e9di\u00e9val de plus de 40 exposants sera \u00e9galement de la f\u00eate.<\/p>\n<h4>Compagnies m\u00e9di\u00e9vales pr\u00e9sentes<\/h4>\n<p style=\"text-align: justify;\"><span style=\"color: #008000;\"><em>Cie Gueule de Loup &#8211; Kervan Cie Fuegoloko &#8211; Les Tritons Ripailleurs &#8211; Cie La Muse &#8211; CowProd &#8211; Les Baladins de la Vall\u00e9e d\u2019argent &#8211; Vol en Sc\u00e9ne &#8211; Cramail et Croc en Jambe &#8211; Lez Accros &#8211; Les B\u00e2tisseurs M\u00e9di\u00e9vaux &#8211; La Sabot\u00e9e Cuss\u00e9toise &#8211; Plan\u00e8te Vapeur &#8211; Harmonie la Semeuse &#8211; Les Amis du Vieux Cusset &#8211; Les Habit\u00e9s &#8211; Cie R\u00e9glisse Menthe &#8211; Gruppo Storico Fivizzano &#8211; Tanawa &#8211; Au Joly Bois &#8211;\u00a0Les Baladins de Vall\u00e9e d\u2019argent &#8211; Cie Desmodium<\/em><\/span><\/p>\n<p style=\"text-align: center;\"><a href=\"https:\/\/flamboyantes-cusset.fr\/\" target=\"_blank\" rel=\"noopener noreferrer\">Visiter le site officiel des flamboyantes <\/a>&#8211; <a href=\"https:\/\/www.facebook.com\/events\/868431546821692\/\" target=\"_blank\" rel=\"noopener noreferrer\">Facebook de l&rsquo;\u00e9v\u00e9nement<\/a><a href=\"https:\/\/flamboyantes-cusset.fr\/\" target=\"_blank\" rel=\"noopener noreferrer\"><br \/>\n<\/a>\u00a0Voir nos articles sur les \u00e9ditions pr\u00e9c\u00e9dentes :\u00a0 \u00a0\u00a0<a href=\"https:\/\/www.moyenagepassion.com\/index.php\/2017\/05\/19\/les-flamboyantes-de-cusset-lauvergne-a-la-rencontre-du-medieval-fantastique\/\" target=\"_blank\" rel=\"noopener noreferrer\">2017<\/a> &#8211; <a href=\"https:\/\/www.moyenagepassion.com\/index.php\/2018\/05\/23\/medieval-fantastique-festif-les-flamboyantes-2018-de-cusset-bestiaire\/\">2018<\/a><\/p>\n<p>En vous souhaitant une belle journ\u00e9e.<\/p>\n<p>Fred<br \/>\nPour moyenagepassion.com<br \/>\n<em><strong>A la d\u00e9couverte du moyen-\u00e2ge sous toutes ses formes.<\/strong><\/em><\/p>\n","protected":false},"excerpt":{"rendered":"<p>Sujet\u00a0: f\u00eates m\u00e9di\u00e9vales, festival, march\u00e9 m\u00e9dieval, compagnies, animations, medieval-fantasy, moyen-\u00e2ge fantastique Lieu\u00a0:\u00a0Cusset\u00a0Allier,\u00a0Auvergne-Rh\u00f4ne-Alpes Ev\u00e9nement: Les Flamboyantes 5e \u00e9dition Dates\u00a0: du\u00a0 vendredi 17, au dimanche\u00a019 mai 2019 Bonjour \u00e0 tous, oil\u00e0 un \u00e9v\u00e9nement que nous nous faisons toujours un grand plaisir de mentionner chaque ann\u00e9e, pour\u00a0la qualit\u00e9 de sa\u00a0programmation autant que pour son ascension fulgurante dans le &hellip; <a href=\"https:\/\/www.moyenagepassion.com\/index.php\/2019\/05\/15\/la-5e-edition-des-flamboyantes-la-belle-fete-medievale-fantastique-de-cusset\/\" class=\"more-link\">Continuer la lecture de <span class=\"screen-reader-text\">La 5e \u00e9dition des Flamboyantes : la belle f\u00eate m\u00e9di\u00e9vale fantastique de Cusset<\/span>  <span class=\"meta-nav\">&rarr;<\/span><\/a><\/p>\n","protected":false},"author":2,"featured_media":0,"comment_status":"open","ping_status":"open","sticky":false,"template":"","format":"standard","meta":{"_monsterinsights_skip_tracking":false,"_monsterinsights_sitenote_active":false,"_monsterinsights_sitenote_note":"","_monsterinsights_sitenote_category":0,"footnotes":""},"categories":[11],"tags":[1780,3794,212,2677,2743,4505,1380,4504,636,262,3162],"class_list":["post-26822","post","type-post","status-publish","format-standard","hentry","category-fetes-medievales-evenement","tag-animations","tag-auvergne-rhone-alpes","tag-compagnies-medievales","tag-cusset","tag-fauconnerie","tag-fete-medieval-fantastique","tag-fetes","tag-les-flamboyantes","tag-marche-medieval","tag-medieval-fantastique","tag-spectacle-medieval"],"aioseo_notices":[],"_links":{"self":[{"href":"https:\/\/www.moyenagepassion.com\/index.php\/wp-json\/wp\/v2\/posts\/26822"}],"collection":[{"href":"https:\/\/www.moyenagepassion.com\/index.php\/wp-json\/wp\/v2\/posts"}],"about":[{"href":"https:\/\/www.moyenagepassion.com\/index.php\/wp-json\/wp\/v2\/types\/post"}],"author":[{"embeddable":true,"href":"https:\/\/www.moyenagepassion.com\/index.php\/wp-json\/wp\/v2\/users\/2"}],"replies":[{"embeddable":true,"href":"https:\/\/www.moyenagepassion.com\/index.php\/wp-json\/wp\/v2\/comments?post=26822"}],"version-history":[{"count":1,"href":"https:\/\/www.moyenagepassion.com\/index.php\/wp-json\/wp\/v2\/posts\/26822\/revisions"}],"predecessor-version":[{"id":34704,"href":"https:\/\/www.moyenagepassion.com\/index.php\/wp-json\/wp\/v2\/posts\/26822\/revisions\/34704"}],"wp:attachment":[{"href":"https:\/\/www.moyenagepassion.com\/index.php\/wp-json\/wp\/v2\/media?parent=26822"}],"wp:term":[{"taxonomy":"category","embeddable":true,"href":"https:\/\/www.moyenagepassion.com\/index.php\/wp-json\/wp\/v2\/categories?post=26822"},{"taxonomy":"post_tag","embeddable":true,"href":"https:\/\/www.moyenagepassion.com\/index.php\/wp-json\/wp\/v2\/tags?post=26822"}],"curies":[{"name":"wp","href":"https:\/\/api.w.org\/{rel}","templated":true}]}}