{"id":26919,"date":"2019-05-21T20:40:53","date_gmt":"2019-05-21T19:40:53","guid":{"rendered":"https:\/\/www.moyenagepassion.com\/?p=26919"},"modified":"2020-10-04T19:41:26","modified_gmt":"2020-10-04T18:41:26","slug":"le-village-gaulois-de-grannus-reinvestit-marignane-pour-une-grande-fete-historique","status":"publish","type":"post","link":"https:\/\/www.moyenagepassion.com\/index.php\/2019\/05\/21\/le-village-gaulois-de-grannus-reinvestit-marignane-pour-une-grande-fete-historique\/","title":{"rendered":"Le village gaulois de Grannus reinvestit Marignane pour une grande f\u00eate historique"},"content":{"rendered":"<div id=\"moyen-1512124321\" class=\"moyen-before-content moyen-entity-placement\"><script async src=\"\/\/pagead2.googlesyndication.com\/pagead\/js\/adsbygoogle.js?client=ca-pub-3035390706780632\" crossorigin=\"anonymous\"><\/script><ins class=\"adsbygoogle\" style=\"display:block;\" data-ad-client=\"ca-pub-3035390706780632\" \ndata-ad-slot=\"\" \ndata-ad-format=\"auto\"><\/ins>\n<script> \n(adsbygoogle = window.adsbygoogle || []).push({}); \n<\/script>\n<\/div><p><strong><a href=\"https:\/\/www.moyenagepassion.com\/wp-content\/uploads\/2019\/05\/marignane_armoirie_ecu_blason_PACA.jpg\"><img decoding=\"async\" class=\"alignleft wp-image-26933\" src=\"https:\/\/www.moyenagepassion.com\/wp-content\/uploads\/2019\/05\/marignane_armoirie_ecu_blason_PACA.jpg\" alt=\"marignane_armoirie_ecu_blason_PACA\" width=\"106\" height=\"158\" srcset=\"https:\/\/www.moyenagepassion.com\/wp-content\/uploads\/2019\/05\/marignane_armoirie_ecu_blason_PACA.jpg 226w, https:\/\/www.moyenagepassion.com\/wp-content\/uploads\/2019\/05\/marignane_armoirie_ecu_blason_PACA-201x300.jpg 201w\" sizes=\"(max-width: 106px) 100vw, 106px\" \/><\/a>Sujet<\/strong>\u00a0: f\u00eates historiques, monde gallo-romain, animations historiques, march\u00e9 d&rsquo;\u00e9poque, spectacles et reconstitutions historiques<br \/>\n<strong>P\u00e9riode<\/strong> : Antiquit\u00e9, monde gallo-romain<br \/>\n<strong>Lieu<\/strong>\u00a0: Marignane,\u00a0Bouche-du-Rh\u00f4ne, Provence-Alpes-C\u00f4te-d&rsquo;Azur<br \/>\n<strong>Ev\u00e9nement<\/strong>: Grannus Village Gaulois<br \/>\n<strong>Dates<\/strong>\u00a0: du 24 au\u00a0 26\u00a0mai 2019<\/p>\n<p>Bonjour \u00e0 tous,<\/p>\n<p style=\"text-align: justify;\"><img decoding=\"async\" class=\"alignleft size-full wp-image-23906\" src=\"https:\/\/www.moyenagepassion.com\/wp-content\/uploads\/2018\/10\/U_lettrine_moyen_age_passion.jpg\" alt=\"U_lettrine_moyen_age_passion\" width=\"84\" height=\"103\" \/>ne fois n&rsquo;est pas coutume, du c\u00f4t\u00e9 de l&rsquo;agenda, nous nous aventurons hors des eaux m\u00e9di\u00e9vales pour une tr\u00e8s belle f\u00eate historique qui se propose de vous transporter vers des temps plus anciens. Le festival <strong>Grannus Village Gaulois<\/strong> est, en effet, de retour \u00e0 Marignane, cette fin de semaine.\u00a0Organis\u00e9 par\u00a0le\u00a0centre d\u2019\u00e9tude arch\u00e9ologique et historique <strong>l&rsquo;Atelier du Patrimoine,<\/strong>\u00a0l&rsquo;\u00e9v\u00e9nement consistera \u00e0 faire revivre les grandes heures du monde gallo-romain et des civilisations de l&rsquo;antiquit\u00e9. Nous nous situons donc avant l&rsquo;aube du Moyen-\u00e2ge et finalement au temps de ses racines.<\/p>\n<h2>Des spectacles vari\u00e9s<br \/>\npour un programme riche en animations<\/h2>\n<p style=\"text-align: justify;\"><a href=\"https:\/\/www.moyenagepassion.com\/wp-content\/uploads\/2019\/05\/fete-historique_gauloise_festival_musique_folk_celtique_marche-medieval_marignane_PACA.jpg\"><img decoding=\"async\" class=\"alignright wp-image-26926\" src=\"https:\/\/www.moyenagepassion.com\/wp-content\/uploads\/2019\/05\/fete-historique_gauloise_festival_musique_folk_celtique_marche-medieval_marignane_PACA.jpg\" alt=\"fete-historique_gauloise_festival_musique_folk_celtique_marche-medieval_marignane_PACA\" width=\"211\" height=\"298\" srcset=\"https:\/\/www.moyenagepassion.com\/wp-content\/uploads\/2019\/05\/fete-historique_gauloise_festival_musique_folk_celtique_marche-medieval_marignane_PACA.jpg 350w, https:\/\/www.moyenagepassion.com\/wp-content\/uploads\/2019\/05\/fete-historique_gauloise_festival_musique_folk_celtique_marche-medieval_marignane_PACA-212x300.jpg 212w\" sizes=\"(max-width: 211px) 100vw, 211px\" \/><\/a>En plus d&rsquo;un march\u00e9 inspir\u00e9 des temps gallo-romains, des camps de vie seront install\u00e9s sur place : celtes, gaulois, grecs, romains avec leurs ateliers et savoir-faire d&rsquo;\u00e9poque. La cuisine y sera mis particuli\u00e8rement \u00e0 l&rsquo;honneur pour accompagner la c\u00e9l\u00e9bration de l&rsquo;ann\u00e9e de la gastronomie en Provence (MPG 2019).<\/p>\n<p style=\"text-align: justify;\">Tout au long du week-end, on pourra encore assister \u00e0 des animations et spectacles vari\u00e9s : jonglerie et musiques, fauconnerie \u00e9questres, course de chars romains, cavalerie gauloise, contes de l&rsquo;ancienne Gaule, magie druidique et, bien s\u00fbr, combats ou mouvements de troupes conformes aux p\u00e9riodes et civilisations repr\u00e9sent\u00e9s.\u00a0Le samedi, en soir\u00e9e, un grand banquet gaulois sera aussi propos\u00e9 qui se prolongera,\u00a0en nocturne, par un spectacle de feu.<\/p>\n<p style=\"text-align: justify;\"><a href=\"https:\/\/www.moyenagepassion.com\/wp-content\/uploads\/2019\/05\/grannus_village_gaulois_marignane_fetes-historiques-2019_PACA.jpg\"><img decoding=\"async\" class=\"alignnone wp-image-26928 size-full\" src=\"https:\/\/www.moyenagepassion.com\/wp-content\/uploads\/2019\/05\/grannus_village_gaulois_marignane_fetes-historiques-2019_PACA.jpg\" alt=\"grannus_village_gaulois_marignane_fetes-historiques-2019_PACA\" width=\"600\" height=\"176\" srcset=\"https:\/\/www.moyenagepassion.com\/wp-content\/uploads\/2019\/05\/grannus_village_gaulois_marignane_fetes-historiques-2019_PACA.jpg 600w, https:\/\/www.moyenagepassion.com\/wp-content\/uploads\/2019\/05\/grannus_village_gaulois_marignane_fetes-historiques-2019_PACA-300x88.jpg 300w\" sizes=\"(max-width: 600px) 100vw, 600px\" \/><\/a><\/p>\n<h4>Reconstituteurs, associations\u00a0 et Compagnies<\/h4>\n<p style=\"text-align: justify;\"><span style=\"color: #008000;\"><em>Troubabouc &#8211; L&rsquo;Aminotaure &#8211;\u00a0 Association Oppida 13 &#8211; La Lance Arverne &#8211; Grannus &#8211; Vivskes &#8211; Commune Libre de St Marcel &#8211;\u00a0 Somatophylaques &#8211; Athena Promakhos &#8211; Legion VI Victrix &#8211; Legion X Gemina Lorica Romana &#8211; La Ferme du Soleil &#8211; Galoland &#8211; Cie Hippogriffe &#8211; Attelages du Pays D&rsquo;Arles &#8211; Equi-Tempus- Mille et une vie &#8211; Communaut\u00e9 de l&rsquo;Arbre Druidique &#8211; CMS 1er compagnie d&rsquo;Arc &#8211; Association du Mus\u00e9e du Castrum Vetus &#8211; Fac-Simil\u00e9 &#8211; Union Arch\u00e9ologique des Bouches-du-Rh\u00f4ne &#8211; MMSH &#8211; INRAP &#8211; Les Amis du vieux Saint-Marcel<\/em><\/span><\/p>\n<h3>Grande soir\u00e9e de concert\u00a0et Festival\u00a0celtique<\/h3>\n<p style=\"text-align: justify;\"><a href=\"https:\/\/www.moyenagepassion.com\/wp-content\/uploads\/2019\/05\/festival_musiques_folk_celtique_folk-medieval_concert_PACA.jpg\"><img decoding=\"async\" class=\"alignleft wp-image-26930\" src=\"https:\/\/www.moyenagepassion.com\/wp-content\/uploads\/2019\/05\/festival_musiques_folk_celtique_folk-medieval_concert_PACA.jpg\" alt=\"festival_musiques_folk_celtique_folk-medieval_concert_PACA\" width=\"171\" height=\"243\" srcset=\"https:\/\/www.moyenagepassion.com\/wp-content\/uploads\/2019\/05\/festival_musiques_folk_celtique_folk-medieval_concert_PACA.jpg 250w, https:\/\/www.moyenagepassion.com\/wp-content\/uploads\/2019\/05\/festival_musiques_folk_celtique_folk-medieval_concert_PACA-211x300.jpg 211w\" sizes=\"(max-width: 171px) 100vw, 171px\" \/><\/a>A noter que\u00a0 cette grande f\u00eate s&rsquo;enrichit cette ann\u00e9e, le vendredi soir, d&rsquo;un festival de musiques celtiques avec une soir\u00e9e\u00a0 de concerts gratuits que trois groupes viendront animer :<\/p>\n<p style=\"text-align: justify;\"><span style=\"color: #008000;\"><strong>Nataverne,<\/strong><\/span> groupe\u00a0<span class=\"color_18\">Rock-Folk Celtique, M\u00e9di\u00e9val et Pagan,\u00a0<\/span><span style=\"color: #008000;\"><strong>Bagad Avel Su,\u00a0 <\/strong><\/span>ensemble de musique traditionnelle bretonne, et encore\u00a0<span style=\"color: #008000;\"><strong>V\u00e9ronique Duhem et les Irish tunes.<\/strong><\/span><\/p>\n<p style=\"text-align: center;\"><a href=\"https:\/\/www.grannusvillagegaulois.com\/\" target=\"_blank\" rel=\"noopener noreferrer\">Site de l&rsquo;organisateur<\/a>\u00a0 \u00a0&#8211; <a href=\"https:\/\/www.facebook.com\/Grannus-Village-Gaulois-405979022827841\/\" target=\"_blank\" rel=\"noopener noreferrer\">Page Facebook de l&rsquo;\u00e9v\u00e9nement\u00a0<\/a><\/p>\n<p style=\"text-align: center;\"><a href=\"https:\/\/www.moyenagepassion.com\/index.php\/moyen-age\/fetes-medievales-evenement\/page\/21\/\" target=\"_blank\" rel=\"noopener noreferrer\">Voir notre article sur l&rsquo;\u00e9dition pr\u00e9c\u00e9dente de ce festival historique<\/a><\/p>\n<p>En vous souhaitant une bonne journ\u00e9e.<\/p>\n<p>Fr\u00e9d\u00e9ric EFFE<br \/>\nMoyenagepassion.com<br \/>\n<strong><em>A la d\u00e9couverte du Monde M\u00e9di\u00e9val sous toutes ses formes<\/em><\/strong><\/p>\n","protected":false},"excerpt":{"rendered":"<p>Sujet\u00a0: f\u00eates historiques, monde gallo-romain, animations historiques, march\u00e9 d&rsquo;\u00e9poque, spectacles et reconstitutions historiques P\u00e9riode : Antiquit\u00e9, monde gallo-romain Lieu\u00a0: Marignane,\u00a0Bouche-du-Rh\u00f4ne, Provence-Alpes-C\u00f4te-d&rsquo;Azur Ev\u00e9nement: Grannus Village Gaulois Dates\u00a0: du 24 au\u00a0 26\u00a0mai 2019 Bonjour \u00e0 tous, ne fois n&rsquo;est pas coutume, du c\u00f4t\u00e9 de l&rsquo;agenda, nous nous aventurons hors des eaux m\u00e9di\u00e9vales pour une tr\u00e8s belle f\u00eate &hellip; <a href=\"https:\/\/www.moyenagepassion.com\/index.php\/2019\/05\/21\/le-village-gaulois-de-grannus-reinvestit-marignane-pour-une-grande-fete-historique\/\" class=\"more-link\">Continuer la lecture de <span class=\"screen-reader-text\">Le village gaulois de Grannus reinvestit Marignane pour une grande f\u00eate historique<\/span>  <span class=\"meta-nav\">&rarr;<\/span><\/a><\/p>\n","protected":false},"author":2,"featured_media":0,"comment_status":"open","ping_status":"open","sticky":false,"template":"","format":"standard","meta":{"_monsterinsights_skip_tracking":false,"_monsterinsights_sitenote_active":false,"_monsterinsights_sitenote_note":"","_monsterinsights_sitenote_category":0,"footnotes":""},"categories":[11],"tags":[1780,4529,4527,4526,4528,2743,3893,1380,1339,489,4525,4524,4523,1536,3962,1833],"class_list":["post-26919","post","type-post","status-publish","format-standard","hentry","category-fetes-medievales-evenement","tag-animations","tag-atelier-du-patrimoine","tag-banquet-gaulois","tag-campements-depoque","tag-compagnies-reconstituteurs","tag-fauconnerie","tag-festival-celtique","tag-fetes","tag-fetes-historiques","tag-folk-medieval","tag-grannus-village-gaulois","tag-marignane","tag-monde-gallo-romain","tag-patrimoine","tag-provence-alpes-cote-dazur","tag-spectacles-historiques"],"aioseo_notices":[],"_links":{"self":[{"href":"https:\/\/www.moyenagepassion.com\/index.php\/wp-json\/wp\/v2\/posts\/26919"}],"collection":[{"href":"https:\/\/www.moyenagepassion.com\/index.php\/wp-json\/wp\/v2\/posts"}],"about":[{"href":"https:\/\/www.moyenagepassion.com\/index.php\/wp-json\/wp\/v2\/types\/post"}],"author":[{"embeddable":true,"href":"https:\/\/www.moyenagepassion.com\/index.php\/wp-json\/wp\/v2\/users\/2"}],"replies":[{"embeddable":true,"href":"https:\/\/www.moyenagepassion.com\/index.php\/wp-json\/wp\/v2\/comments?post=26919"}],"version-history":[{"count":1,"href":"https:\/\/www.moyenagepassion.com\/index.php\/wp-json\/wp\/v2\/posts\/26919\/revisions"}],"predecessor-version":[{"id":34254,"href":"https:\/\/www.moyenagepassion.com\/index.php\/wp-json\/wp\/v2\/posts\/26919\/revisions\/34254"}],"wp:attachment":[{"href":"https:\/\/www.moyenagepassion.com\/index.php\/wp-json\/wp\/v2\/media?parent=26919"}],"wp:term":[{"taxonomy":"category","embeddable":true,"href":"https:\/\/www.moyenagepassion.com\/index.php\/wp-json\/wp\/v2\/categories?post=26919"},{"taxonomy":"post_tag","embeddable":true,"href":"https:\/\/www.moyenagepassion.com\/index.php\/wp-json\/wp\/v2\/tags?post=26919"}],"curies":[{"name":"wp","href":"https:\/\/api.w.org\/{rel}","templated":true}]}}