{"id":27187,"date":"2019-06-05T04:27:49","date_gmt":"2019-06-05T03:27:49","guid":{"rendered":"https:\/\/www.moyenagepassion.com\/?p=27187"},"modified":"2019-06-05T04:29:11","modified_gmt":"2019-06-05T03:29:11","slug":"un-agenda-medieval-weekend-pentecote","status":"publish","type":"post","link":"https:\/\/www.moyenagepassion.com\/index.php\/2019\/06\/05\/un-agenda-medieval-weekend-pentecote\/","title":{"rendered":"Un Agenda m\u00e9di\u00e9val replet \u00e0 la faveur du week end de Pentec\u00f4te"},"content":{"rendered":"<div id=\"moyen-806518369\" class=\"moyen-before-content moyen-entity-placement\"><script async src=\"\/\/pagead2.googlesyndication.com\/pagead\/js\/adsbygoogle.js?client=ca-pub-3035390706780632\" crossorigin=\"anonymous\"><\/script><ins class=\"adsbygoogle\" style=\"display:block;\" data-ad-client=\"ca-pub-3035390706780632\" \ndata-ad-slot=\"\" \ndata-ad-format=\"auto\"><\/ins>\n<script> \n(adsbygoogle = window.adsbygoogle || []).push({}); \n<\/script>\n<\/div><p><strong><a href=\"https:\/\/www.moyenagepassion.com\/wp-content\/uploads\/2018\/07\/agenda_fetes_festival_animations_medievales_moyen-age_festif.jpg\"><img decoding=\"async\" class=\"alignleft wp-image-22638\" src=\"https:\/\/www.moyenagepassion.com\/wp-content\/uploads\/2018\/07\/agenda_fetes_festival_animations_medievales_moyen-age_festif.jpg\" alt=\"agenda_fetes_festival_animations_medievales_moyen-age_festif\" width=\"105\" height=\"178\" srcset=\"https:\/\/www.moyenagepassion.com\/wp-content\/uploads\/2018\/07\/agenda_fetes_festival_animations_medievales_moyen-age_festif.jpg 332w, https:\/\/www.moyenagepassion.com\/wp-content\/uploads\/2018\/07\/agenda_fetes_festival_animations_medievales_moyen-age_festif-178x300.jpg 178w\" sizes=\"(max-width: 105px) 100vw, 105px\" \/><\/a>Sujet<\/strong>\u00a0:\u00a0 f\u00eates m\u00e9di\u00e9vales,\u00a0 animations, compagnies m\u00e9di\u00e9vales,\u00a0 moyen-\u00e2ge festif,\u00a0 march\u00e9 m\u00e9di\u00e9val<br \/>\n<strong>Lieu<\/strong>\u00a0: Nouvelle Aquitaine, Bretagne, Normandie,\u00a0 Grand Est, Auvergne-Rh\u00f4ne-Alpes, Val de Loire,\u00a0Hauts-de-France, Bourgogne-Franche-Comt\u00e9<br \/>\n<strong>Ev\u00e9nement<\/strong><strong>:\u00a0<em>M\u00e9di\u00e9vales d\u2019ici et d\u2019ailleurs<\/em><\/strong><br \/>\n<strong>Dates<\/strong>: du\u00a08\u00a0au 10\u00a0 juin 2019<\/p>\n<p>Bonjour \u00e0 tous,<\/p>\n<p style=\"text-align: justify;\"><img decoding=\"async\" class=\"alignleft size-full wp-image-24221\" src=\"https:\/\/www.moyenagepassion.com\/wp-content\/uploads\/2015\/12\/A_lettrine_moyen_age_passion1.jpg\" alt=\"A_lettrine_moyen_age_passion\" width=\"84\" height=\"103\" \/>\u00a0la faveur de la Pentec\u00f4te, le long week-end en approche va donner l&rsquo;occasion \u00e0 de nombreux m\u00e9di\u00e9vistes d&rsquo;\u00eatre de sortie. Au programme, f\u00eates et animations tous azimuts, si l&rsquo;on avait quelque doute que la saison soit lanc\u00e9e, force est de constater que nous sommes en plein dedans. Il conviendra d&rsquo;y ajouter les <a href=\"https:\/\/www.moyenagepassion.com\/index.php\/2019\/06\/04\/la-14eme-medievale-de-crest\/\" target=\"_blank\">M\u00e9di\u00e9vales de Crest<\/a> qui ont d\u00e9j\u00e0 fait l&rsquo;objet d&rsquo;un article.<\/p>\n<hr \/>\n<h3>Les Grandes M\u00e9di\u00e9vales d&rsquo;Andilly<\/h3>\n<p><strong>Lieu<\/strong> :\u00a0Andilly,\u00a0Haute-Savoie, Auvergne-Rh\u00f4ne-Alpes<br \/>\n<strong>Dates<\/strong> : du 8 au 19 juin et du 15 au 16 juin 2019<\/p>\n<p style=\"text-align: justify;\"><a href=\"https:\/\/www.moyenagepassion.com\/wp-content\/uploads\/2019\/06\/animations_medievales_andilly_savoie_2019.jpg\"><img decoding=\"async\" class=\"alignright wp-image-27201\" src=\"https:\/\/www.moyenagepassion.com\/wp-content\/uploads\/2019\/06\/animations_medievales_andilly_savoie_2019.jpg\" alt=\"animations_medievales_andilly_savoie_2019\" width=\"180\" height=\"265\" srcset=\"https:\/\/www.moyenagepassion.com\/wp-content\/uploads\/2019\/06\/animations_medievales_andilly_savoie_2019.jpg 350w, https:\/\/www.moyenagepassion.com\/wp-content\/uploads\/2019\/06\/animations_medievales_andilly_savoie_2019-203x300.jpg 203w\" sizes=\"(max-width: 180px) 100vw, 180px\" \/><\/a>Comme chaque mois de juin, le parc savoyard du Petit Pays revient avec ses grandes m\u00e9di\u00e9vales. 500 m\u00e9di\u00e9vistes pour un total de 1000 figurants en costumes d&rsquo;\u00e9poque sont attendus pour cette nouvelle \u00e9dition 2019.<\/p>\n<p style=\"text-align: justify;\">Au programme, grand d\u00e9fil\u00e9, tournoi de joute, spectacles\u00a0animaliers et fauconnerie, campements,\u00a0 musique, contes et th\u00e9\u00e2tres de rue. En nocturne, on pourra encore assister \u00e0 divers spectacles : feu, pyrotechnie, magie.\u00a0Un march\u00e9 artisanal avec d\u00e9monstrations et ateliers d&rsquo;\u00e9poque sera \u00e9galement install\u00e9. Enfin, on notera la pr\u00e9sence comme Invit\u00e9 d\u2019Honneur 2019 de ces m\u00e9di\u00e9vales de\u00a0<a href=\"https:\/\/www.moyenagepassion.com\/index.php\/2018\/01\/18\/montcornelles-une-cite-medievale-du-xive-sort-de-terre-en-plein-xxie-siecle\/\" target=\"_blank\">la Cit\u00e9 de Montcornelles<\/a><\/p>\n<p style=\"text-align: center;\"><a href=\"http:\/\/www.lepetitpays.com\/les-grandes-medievales\" target=\"_blank\">Site officiel et programme d\u00e9taill\u00e9<\/a>\u00a0&#8211; <a href=\"https:\/\/www.moyenagepassion.com\/index.php\/2018\/05\/18\/agenda-medieval-moyen-age-festif-en-terres-de-france-pour-la-pentecote\/\" target=\"_blank\">Article sur l&rsquo;\u00e9dition 2018<\/a><\/p>\n<hr \/>\n<h3>Les VIe M\u00e9di\u00e9vale de Bormes-les-Mimosas<\/h3>\n<p><strong>Lieu<\/strong>\u00a0: Bormes-les-Mimosas,\u00a0Var, Provence-Alpes-C\u00f4te d&rsquo;Azur<br \/>\n<strong>Dates<\/strong>\u00a0: du 8 au 19 juin et du 15 au 16 juin 2019<\/p>\n<p style=\"text-align: justify;\"><a href=\"https:\/\/www.moyenagepassion.com\/wp-content\/uploads\/2019\/06\/medievales_bormes-les-mimosas-2019_animations-tournois-Moyen-age-festif_PACA.jpg\"><img decoding=\"async\" class=\"alignleft wp-image-27202\" src=\"https:\/\/www.moyenagepassion.com\/wp-content\/uploads\/2019\/06\/medievales_bormes-les-mimosas-2019_animations-tournois-Moyen-age-festif_PACA.jpg\" alt=\"medievales_bormes-les-mimosas-2019_animations-tournois-Moyen-age-festif_PACA\" width=\"180\" height=\"265\" srcset=\"https:\/\/www.moyenagepassion.com\/wp-content\/uploads\/2019\/06\/medievales_bormes-les-mimosas-2019_animations-tournois-Moyen-age-festif_PACA.jpg 350w, https:\/\/www.moyenagepassion.com\/wp-content\/uploads\/2019\/06\/medievales_bormes-les-mimosas-2019_animations-tournois-Moyen-age-festif_PACA-203x300.jpg 203w\" sizes=\"(max-width: 180px) 100vw, 180px\" \/><\/a>Pour ses 6e M\u00e9di\u00e9vales, Bormes-les-Mimosas a concoct\u00e9 trois jours de f\u00eate, bien remplis. Retraite aux flambeaux processions, et animations m\u00e9di\u00e9vales continues : d\u00e9ambulations,\u00a0 tournois et spectacles, musique et campements sont au programme. Des parcours d&rsquo;initiation \u00e0 la chevalerie sont aussi pr\u00e9vus et on pourra encore fl\u00e2ner sur le march\u00e9 m\u00e9di\u00e9val et ses \u00e9choppes.<\/p>\n<p style=\"text-align: justify;\"><strong>Compagnies m\u00e9di\u00e9vales invit\u00e9es<\/strong> :\u00a0<span style=\"color: #008000;\"><em>Compagnie des seigneurs d&rsquo;Orient &#8211; Cie des Ours noirs &#8211; B\u00e9rangier le b\u00e2tisseur &#8211; L&rsquo;Antre du scribe &#8211; Drakonia &#8211; Les Tirelaines &#8211; Les Compagnons du Gras-Jambon &#8211; Cie Bellarom &#8211; Sonj &#8211;<\/em><\/span><\/p>\n<p style=\"text-align: center;\"><a href=\"https:\/\/www.bormeslesmimosas.com\/fr\/agenda\/les-grands-evenements\/bormes-medieval\" target=\"_blank\">Site officiel<\/a> &#8211; <a href=\"https:\/\/www.bormeslesmimosas.com\/sites\/default\/files\/upload\/Agenda\/Les%20grands%20%C3%A9v%C3%A9nements\/Bormes%20M%C3%A9di%C3%A9val\/programmedieval.pdf\" target=\"_blank\">Programme d\u00e9taill\u00e9<\/a>\u00a0&#8211; <a href=\"https:\/\/www.moyenagepassion.com\/index.php\/2018\/05\/18\/agenda-medieval-moyen-age-festif-en-terres-de-france-pour-la-pentecote\/\" target=\"_blank\">Mention \u00e9dition 2018<\/a><\/p>\n<hr \/>\n<h3>La Pentec\u00f4te du Roi arthur \u00e0 Broceliande<\/h3>\n<p style=\"text-align: justify;\"><strong>Lieu<\/strong> :\u00a0Ch\u00e2teau de Comper-en-Broc\u00e9liande,\u00a0Concoret, Bretagne<br \/>\n<strong>Dates :<\/strong> les 8 et 9 juin 2019<\/p>\n<p style=\"text-align: justify;\"><a href=\"https:\/\/www.moyenagepassion.com\/wp-content\/uploads\/2019\/06\/animations-medievales_legendes-arthuriennes_foret_broceliande_pentecote_roi-arthur_Bretagne.jpg\"><img decoding=\"async\" class=\"alignright wp-image-27198\" src=\"https:\/\/www.moyenagepassion.com\/wp-content\/uploads\/2019\/06\/animations-medievales_legendes-arthuriennes_foret_broceliande_pentecote_roi-arthur_Bretagne.jpg\" alt=\"animations-medievales_legendes-arthuriennes_foret_broceliande_pentecote_roi-arthur_Bretagne\" width=\"180\" height=\"265\" srcset=\"https:\/\/www.moyenagepassion.com\/wp-content\/uploads\/2019\/06\/animations-medievales_legendes-arthuriennes_foret_broceliande_pentecote_roi-arthur_Bretagne.jpg 350w, https:\/\/www.moyenagepassion.com\/wp-content\/uploads\/2019\/06\/animations-medievales_legendes-arthuriennes_foret_broceliande_pentecote_roi-arthur_Bretagne-203x300.jpg 203w\" sizes=\"(max-width: 180px) 100vw, 180px\" \/><\/a>On c\u00e9l\u00e9brera, \u00e0 nouveau, ce week end, \u00e0 Concoret le couronnement du roi Arthur, en pr\u00e9sence de l&rsquo;int\u00e9ress\u00e9, ses chevaliers et ses gens. Sur place, 100 reconstituteurs costum\u00e9s feront revivre des sc\u00e8nes de la l\u00e9gende arthurienne. Un campement m\u00e9di\u00e9val sera \u00e9galement install\u00e9 dans le parc du Ch\u00e2teau de Comper, fief du Centre de l&rsquo;Imaginaire Arthurien.<\/p>\n<p style=\"text-align: justify;\"><strong>R\u00e9constituteurs :\u00a0<\/strong><span style=\"color: #008000;\"><em>La Compagnie Grise &#8211; La Chasse Artus &#8211; Les Chevaliers Pourpres &#8211;\u00a0 La Maisnie de Kistreberh &#8211; La Compagnie de Pontcastel &#8211; La compagnie Kouviadenn &#8211;\u00a0 Les Tard Venus &#8211; La Sainte Hermine de Redon &#8211; Les Tisseurs de Br\u00fbme &#8211;\u00a0Le Centre de l\u2019Imaginaire Arthurien\u00a0<\/em><\/span><\/p>\n<p style=\"text-align: center;\"><em><a href=\"https:\/\/broceliande.guide\/Le-chateau-de-Comper-au-coeur-de-la-legende-arthurienne\" target=\"_blank\">Site officiel de l&rsquo;\u00e9v\u00e9nement<\/a><\/em><\/p>\n<hr \/>\n<h3>La 13\u00e8 M\u00e9di\u00e9vale de Plo\u00ebrdut<\/h3>\n<p><strong>Lieu<\/strong> :\u00a0Plo\u00ebrdut,\u00a0Morbihan &#8211; Bretagne<br \/>\n<strong>Dates<\/strong> : les\u00a08 et 9 juin 2019<\/p>\n<p style=\"text-align: justify;\"><a href=\"https:\/\/www.moyenagepassion.com\/wp-content\/uploads\/2019\/06\/animations-medievales_Ploerdut_Morbihan-Bretagne_campement-medieval_marche_joute.jpg\"><img decoding=\"async\" class=\"alignleft wp-image-27192\" src=\"https:\/\/www.moyenagepassion.com\/wp-content\/uploads\/2019\/06\/animations-medievales_Ploerdut_Morbihan-Bretagne_campement-medieval_marche_joute.jpg\" alt=\"animations-medievales_Ploerdut_Morbihan-Bretagne_campement-medieval_marche_joute\" width=\"181\" height=\"267\" srcset=\"https:\/\/www.moyenagepassion.com\/wp-content\/uploads\/2019\/06\/animations-medievales_Ploerdut_Morbihan-Bretagne_campement-medieval_marche_joute.jpg 350w, https:\/\/www.moyenagepassion.com\/wp-content\/uploads\/2019\/06\/animations-medievales_Ploerdut_Morbihan-Bretagne_campement-medieval_marche_joute-203x300.jpg 203w\" sizes=\"(max-width: 181px) 100vw, 181px\" \/><\/a>Treizi\u00e8me \u00e9dition de cette f\u00eate aux couleurs m\u00e9di\u00e9vales et celtiques, qui propose un voyage au Moyen-\u00e2ge central et au XIIIe si\u00e8cle. Au programme, march\u00e9 artisanal de plus de\u00a0trente exposants, animations, campements, spectacles, banquet anim\u00e9, nombreux ateliers d&rsquo;\u00e9poque, et encore cort\u00e8ge des mari\u00e9s et diverses c\u00e9r\u00e9monies celtiques.<\/p>\n<p style=\"text-align: justify;\"><strong>Troupes \u00a0invit\u00e9es :\u00a0<\/strong><span style=\"color: #008000;\"><em>Waraok &#8211; La Volte Gaillarde &#8211; Ozegan &#8211; La Compagnie du bord des Mondes &#8211; Natacha &#8211; Ars Medica l&rsquo;Officinae &#8211; Confr\u00e9rie du Cerb\u00e8re &#8211; Maisnie Coatanhay &#8211; Compagnie Bro Waroc &#8211; Compagnie Barbetorte &#8211; Guillaume Flamand et Gwen Madrange &#8211; La cit\u00e9 aux besants d&rsquo;or -Association m\u00e9di\u00e9vale de la Petite cit\u00e9 de caract\u00e8re de Malestroit<\/em><\/span><\/p>\n<p style=\"text-align: center;\"><a href=\"https:\/\/www.facebook.com\/events\/1451084968354819\/\" target=\"_blank\">Facebook de l&rsquo;\u00e9v\u00e9nement &#8211;\u00a0<\/a><a href=\"https:\/\/unvillageaumoyenage.jimdo.com\/les-f%C3%AAtes\/2019\/\" target=\"_blank\">Programme d\u00e9taill\u00e9<\/a><\/p>\n<hr \/>\n<h3>Les M\u00e9di\u00e9vales de Bruch<\/h3>\n<p><strong>Lieu<\/strong> : Bruch,\u00a0Lot-et-Garonne,\u00a0Nouvelle-Aquitaine<br \/>\n<strong>Dates<\/strong> : les 8 et\u00a09 juin 2019<\/p>\n<p style=\"text-align: justify;\"><a href=\"https:\/\/www.moyenagepassion.com\/wp-content\/uploads\/2019\/06\/medievales-de-bruch_Lot-et-Garonne_compagnies-medievales-animations_2019.jpg\"><img decoding=\"async\" class=\"alignright wp-image-27196\" src=\"https:\/\/www.moyenagepassion.com\/wp-content\/uploads\/2019\/06\/medievales-de-bruch_Lot-et-Garonne_compagnies-medievales-animations_2019.jpg\" alt=\"medievales-de-bruch_Lot-et-Garonne_compagnies-medievales-animations_2019\" width=\"180\" height=\"265\" srcset=\"https:\/\/www.moyenagepassion.com\/wp-content\/uploads\/2019\/06\/medievales-de-bruch_Lot-et-Garonne_compagnies-medievales-animations_2019.jpg 350w, https:\/\/www.moyenagepassion.com\/wp-content\/uploads\/2019\/06\/medievales-de-bruch_Lot-et-Garonne_compagnies-medievales-animations_2019-203x300.jpg 203w\" sizes=\"(max-width: 180px) 100vw, 180px\" \/><\/a>C&rsquo;est la 12\u00e8me m\u00e9di\u00e9vale organis\u00e9e par l&rsquo;Association <strong>La Compagnie des Tours,<\/strong> au c\u0153ur de ce joli village gascon. Au programme, march\u00e9 m\u00e9di\u00e9val, campement, ateliers d&rsquo;\u00e9poque et combats de chevaliers, danses, musique, etc&#8230; Nocturne avec banquet m\u00e9di\u00e9val et spectacle de feu, le samedi.<\/p>\n<p style=\"text-align: justify;\"><strong>Compagnies\u00a0m\u00e9di\u00e9vales :\u00a0<\/strong><span style=\"color: #008000;\"><em>Les Forges de Carri\u00e9 &#8211; Les Archers du Roy de N\u00e9rac &#8211; La guilde B\u00e2tarde &#8211; Les Compagnons de l&rsquo;Aurore &#8211; Les Sonneurs de Brann &#8211; Battle of color 43 &#8211; Cie Febusiana &#8211; Cie La Herpaille- Cie Les Mortes Payes &#8211; Les Tanneurs de Drac &#8211; La Compagnie des Tours\u00a0<\/em><\/span><\/p>\n<p style=\"text-align: center;\"><a href=\"https:\/\/www.medievales-bruch.fr\/\" target=\"_blank\">Site de l&rsquo;\u00e9v\u00e9nement<\/a> &#8211; <a href=\"https:\/\/www.facebook.com\/Medievalesdebruch\/\" target=\"_blank\">Page Facebook<\/a><\/p>\n<hr \/>\n<h3>La 3eme\u00a0F\u00eate franco-\u00e9cossaise<\/h3>\n<p><strong>Lieu<\/strong> :\u00a0Ch\u00e2tillon-sur-Indre, Indre, Centre-Val de Loire<br \/>\n<strong>Dates<\/strong> : les 8 et 9 juin 2019<\/p>\n<p style=\"text-align: justify;\"><a href=\"https:\/\/www.moyenagepassion.com\/wp-content\/uploads\/2019\/06\/Fete-medievale-franco-\u00e9cossaise_fetes-historiques_Chatillon-sur-Indre_Centre-Val-de-Loire.jpg\"><img decoding=\"async\" class=\"alignleft wp-image-27191\" src=\"https:\/\/www.moyenagepassion.com\/wp-content\/uploads\/2019\/06\/Fete-medievale-franco-\u00e9cossaise_fetes-historiques_Chatillon-sur-Indre_Centre-Val-de-Loire.jpg\" alt=\"Fete-medievale-franco-\u00e9cossaise_fetes-historiques_Chatillon-sur-Indre_Centre-Val-de-Loire\" width=\"180\" height=\"265\" srcset=\"https:\/\/www.moyenagepassion.com\/wp-content\/uploads\/2019\/06\/Fete-medievale-franco-\u00e9cossaise_fetes-historiques_Chatillon-sur-Indre_Centre-Val-de-Loire.jpg 350w, https:\/\/www.moyenagepassion.com\/wp-content\/uploads\/2019\/06\/Fete-medievale-franco-\u00e9cossaise_fetes-historiques_Chatillon-sur-Indre_Centre-Val-de-Loire-203x300.jpg 203w\" sizes=\"(max-width: 180px) 100vw, 180px\" \/><\/a>3\u00e8me \u00e9dition de cette f\u00eate qui propose un retour\u00a0au moyen-Age central. Entre 1419 et 1424, un large d\u00e9tachement de soldats \u00e9cossais venus soutenir Charles VII contre Henri V d&rsquo;Angleterre, s\u00e9journa dans la cit\u00e9 de Ch\u00e2tillon. Le commandant des \u00e9cossais y tint m\u00eame son quartier g\u00e9n\u00e9ral et\u00a0on c\u00e9l\u00e9brera, ce week end, les 600 ans de l&rsquo;\u00e9v\u00e9nement. c\u00e9r\u00e9monies comm\u00e9mo-ratives, campements, march\u00e9 artisanal, banquet m\u00e9di\u00e9val et concert de cornemuses sont au programme de cette f\u00eate franco-\u00e9cossaise.<\/p>\n<p><strong>Compagnies m\u00e9di\u00e9vales et reconstituteurs :\u00a0<\/strong><em><span style=\"color: #008000;\"><strong>\u00a0<\/strong>Highlanders Ecossais &#8211; Troupes de Cl\u00e9ry &#8211; Les Illusions de la Lionge &#8211; L\u2019Ambroisie et son bourreau &#8211; La Neuvi\u00e8me Baronnie &#8211; Les Artisans d\u2019Arroi des Trois noues &#8211; Vol en sc\u00e8ne &#8211; Clan Cameron France<\/span><\/em><\/p>\n<p style=\"text-align: center;\"><a href=\"https:\/\/www.facebook.com\/events\/551659865354816\/\" target=\"_blank\">FB de l&rsquo;\u00e9v\u00e9nement<\/a>\u00a0&#8211; <a href=\"https:\/\/alliance-franco-ecossaise-chatillonnaise-56.webself.net\/actualite\" target=\"_blank\">Site de l&rsquo;organisateur<\/a>\u00a0&#8211; <a href=\"https:\/\/www.moyenagepassion.com\/wp-content\/uploads\/2019\/06\/animations_medievales_historique_programme_f\u00eate_Franco-Ecossaise_2019_Ch\u00e2tillon-sur-Indre.pdf\" target=\"_blank\">lien alternatif pdf<\/a><\/p>\n<hr \/>\n<h3>Le printemps de la Gerb&rsquo;ode<\/h3>\n<p><strong>Lieu<\/strong> : Cadaujac, Gironde, Nouvelle-Aquitaine<br \/>\n<strong>Dates<\/strong> : 8 et 9 juin 2019<\/p>\n<p style=\"text-align: justify;\"><a href=\"https:\/\/www.moyenagepassion.com\/wp-content\/uploads\/2019\/06\/Fete-medievale_Cadaujac_Gerbode_-Gironde_Nouvelle-Aquitaine.jpg\"><img decoding=\"async\" class=\"alignright wp-image-27193\" src=\"https:\/\/www.moyenagepassion.com\/wp-content\/uploads\/2019\/06\/Fete-medievale_Cadaujac_Gerbode_-Gironde_Nouvelle-Aquitaine.jpg\" alt=\"Fete-medievale_Cadaujac_Gerbode_-Gironde_Nouvelle-Aquitaine\" width=\"180\" height=\"265\" srcset=\"https:\/\/www.moyenagepassion.com\/wp-content\/uploads\/2019\/06\/Fete-medievale_Cadaujac_Gerbode_-Gironde_Nouvelle-Aquitaine.jpg 350w, https:\/\/www.moyenagepassion.com\/wp-content\/uploads\/2019\/06\/Fete-medievale_Cadaujac_Gerbode_-Gironde_Nouvelle-Aquitaine-203x300.jpg 203w\" sizes=\"(max-width: 180px) 100vw, 180px\" \/><\/a>Cette 17\u00e8me \u00e9dition aura pour th\u00e8me le port, le fleuve et la vie maritime au XIV\u00e8me si\u00e8cle. Elle proposera des ateliers sur le sujet et on y croisera \u00e9galement nombre des troupes de reconstituteurs venues pour animer l&rsquo;endroit et y faire revivre les temps m\u00e9di\u00e9vaux.<\/p>\n<p style=\"text-align: justify;\"><strong>Compagnies et Mesnies pr\u00e9sentes<br \/>\n<\/strong><em><span style=\"color: #008000;\">Cie Sikinis &#8211; L&rsquo;accrovoile &#8211; Brins de Couleurs &#8211; Menestrel Claudio Quadros &#8211; L\u2019Association Histoire et M\u00e9moire des Graves &#8211; Les Chevaliers Gentilhommes &#8211; les Fines Lames de M\u00e9doc &#8211; Les Univers perch\u00e9s du Bergol &#8211; Les Chevaliers de L\u00e9gendes<\/span>\u00a0\u00a0<\/em><\/p>\n<p style=\"text-align: center;\"><a href=\"https:\/\/gerbode.fr\/\" target=\"_blank\">Visiter le site de l&rsquo;\u00e9v\u00e9nement<\/a><\/p>\n<hr \/>\n<h3>North&rsquo;Fest,\u00a0 f\u00eate viking et festival folk rock<\/h3>\n<p><strong>Lieu<\/strong> : La Chapelle-Saint-Ouen, Seine-Maritime, Normandie.<br \/>\n<strong>Dates<\/strong> : 8 et 9 juin 2019<\/p>\n<p style=\"text-align: justify;\"><a href=\"https:\/\/www.moyenagepassion.com\/wp-content\/uploads\/2019\/06\/fete-medievale_northfrest-monde-viking_Normandie-seine-maritime.jpg\"><img decoding=\"async\" class=\"alignleft wp-image-27197\" src=\"https:\/\/www.moyenagepassion.com\/wp-content\/uploads\/2019\/06\/fete-medievale_northfrest-monde-viking_Normandie-seine-maritime.jpg\" alt=\"fete-medievale_northfrest-monde-viking_Normandie-seine-maritime\" width=\"180\" height=\"265\" srcset=\"https:\/\/www.moyenagepassion.com\/wp-content\/uploads\/2019\/06\/fete-medievale_northfrest-monde-viking_Normandie-seine-maritime.jpg 350w, https:\/\/www.moyenagepassion.com\/wp-content\/uploads\/2019\/06\/fete-medievale_northfrest-monde-viking_Normandie-seine-maritime-203x300.jpg 203w\" sizes=\"(max-width: 180px) 100vw, 180px\" \/><\/a>Cette ann\u00e9e, le plus rock de festival viking f\u00eate ses 20 ans. Au programme, village m\u00e9di\u00e9val, spectacles et jeux aux couleurs viking, march\u00e9 m\u00e9di\u00e9val, spectacle pyrotechnique, ripailles et, bien s\u00fbr, concerts rock, folk, punk et m\u00eame Trash musette !<\/p>\n<p style=\"text-align: justify;\"><strong>Groupes de musique :\u00a0<\/strong><span style=\"color: #008000;\"><em>Pigalle &#8211; Orange Yetie &#8211; Hasta Siempre &#8211; Living West &#8211; Blood Garden &#8211; The others &#8211; Mobil Jam &#8211;<\/em><\/span><\/p>\n<p style=\"text-align: center;\"><a href=\"https:\/\/northfestfeteviking.wixsite.com\/northfest\" target=\"_blank\">Site de North&rsquo;Fest<\/a> &#8211; <a href=\"https:\/\/www.facebook.com\/northfest.feteviking\/\" target=\"_blank\">Facebook de l&rsquo;\u00e9v\u00e9nement<\/a><\/p>\n<hr \/>\n<h3>Le Mus\u00e9e des temps barbares<br \/>\nau temps m\u00e9rovingiens<\/h3>\n<p><strong>Lieu<\/strong> :\u00a0Mus\u00e9e des temps barbares, Marles,\u00a0Aisne, Hauts-de-France<br \/>\n<strong>Dates<\/strong> : les 8,9 et 10 juin 2019<\/p>\n<p style=\"text-align: justify;\"><a href=\"https:\/\/www.moyenagepassion.com\/wp-content\/uploads\/2019\/06\/animations_medievales_2019_haut-moyen-age_merovingiens_musee-temps-barbares_Marle_Hauts-de-France.jpg\"><img decoding=\"async\" class=\"alignright wp-image-27190\" src=\"https:\/\/www.moyenagepassion.com\/wp-content\/uploads\/2019\/06\/animations_medievales_2019_haut-moyen-age_merovingiens_musee-temps-barbares_Marle_Hauts-de-France.jpg\" alt=\"animations_medievales_2019_haut-moyen-age_merovingiens_musee-temps-barbares_Marle_Hauts-de-France\" width=\"180\" height=\"265\" srcset=\"https:\/\/www.moyenagepassion.com\/wp-content\/uploads\/2019\/06\/animations_medievales_2019_haut-moyen-age_merovingiens_musee-temps-barbares_Marle_Hauts-de-France.jpg 350w, https:\/\/www.moyenagepassion.com\/wp-content\/uploads\/2019\/06\/animations_medievales_2019_haut-moyen-age_merovingiens_musee-temps-barbares_Marle_Hauts-de-France-203x300.jpg 203w\" sizes=\"(max-width: 180px) 100vw, 180px\" \/><\/a>Comme chaque ann\u00e9e, l&rsquo;arch\u00e9osite du <strong>Mus\u00e9e des temps barbares<\/strong> organise de nouvelles journ\u00e9es rencontres \u00e0 la d\u00e9couverte du haut moyen-\u00e2ge et des m\u00e9rovingiens.<\/p>\n<p>En plus d&rsquo;y d\u00e9couvrir des savoir-faire artisanaux d&rsquo;\u00e9poque et d&rsquo;y rencontrer des reconstituteurs exp\u00e9riment\u00e9s, une \u00ab\u00a0fausse\u00a0\u00bb fouille arch\u00e9ologique vous permettra m\u00eame de vous initier \u00e0 la discipline.<\/p>\n<p style=\"text-align: center;\"><a href=\"https:\/\/www.museedestempsbarbares.fr\/#\" target=\"_blank\">Site web du mus\u00e9e<\/a>\u00a0&#8211; <a href=\"https:\/\/www.facebook.com\/Mus%C3%A9e-Parc-arch%C3%A9ologique-des-Temps-Barbares-MARLE-Aisne-1452946914936184\/\" target=\"_blank\">Facebook\u00a0<\/a>&#8211; <a href=\"https:\/\/www.moyenagepassion.com\/index.php\/2018\/06\/21\/une-incursion-chez-les-merovingiens-du-haut-moyen-age-au-musee-des-temps-barbares\/\" target=\"_blank\">Article sur l&rsquo;\u00e9dition 2018<\/a><\/p>\n<hr \/>\n<h3>Autres m\u00e9di\u00e9vales<\/h3>\n<table width=\"\u00bb475\u2033\" cellspacing=\"\u00bb0\u2033\" cellpadding=\"\u00bb0\u2033\">\n<tbody>\n<tr>\n<td><a href=\"https:\/\/www.moyenagepassion.com\/wp-content\/uploads\/2019\/06\/fete_medievale_chateau-villebois-lavalette-poitou-charentes_campements-animations.jpg\"><img decoding=\"async\" class=\"alignnone wp-image-27199 size-full\" src=\"https:\/\/www.moyenagepassion.com\/wp-content\/uploads\/2019\/06\/fete_medievale_chateau-villebois-lavalette-poitou-charentes_campements-animations.jpg\" alt=\"fete_medievale_chateau-villebois-lavalette-poitou-charentes_campements-animations\" width=\"350\" height=\"516\" srcset=\"https:\/\/www.moyenagepassion.com\/wp-content\/uploads\/2019\/06\/fete_medievale_chateau-villebois-lavalette-poitou-charentes_campements-animations.jpg 350w, https:\/\/www.moyenagepassion.com\/wp-content\/uploads\/2019\/06\/fete_medievale_chateau-villebois-lavalette-poitou-charentes_campements-animations-203x300.jpg 203w\" sizes=\"(max-width: 350px) 100vw, 350px\" \/><\/a><\/p>\n<p><strong>5 \u00e8me\u00a0 M\u00e9di\u00e9vale au ch\u00e2teau<br \/>\nde Villebois-Lavalette<br \/>\n<\/strong><strong>Lieu<\/strong>\u00a0: Charente,<br \/>\nNouvelle-Aquitaine<br \/>\n<strong>Dates<\/strong>\u00a0: du 8 au 10\u00a0 juin 2019<br \/>\n<a href=\"https:\/\/www.chateaudevilleboislavalette.com\/\" target=\"_blank\">Site du ch\u00e2teau<\/a><\/td>\n<td><a href=\"https:\/\/www.moyenagepassion.com\/wp-content\/uploads\/2019\/06\/medievale-de-melay_marche-animations_Sa\u00f4ne-et-Loire_Bourgogne-Franche-Comt\u00e9.jpg\"><img decoding=\"async\" class=\"alignnone wp-image-27195 size-full\" src=\"https:\/\/www.moyenagepassion.com\/wp-content\/uploads\/2019\/06\/medievale-de-melay_marche-animations_Sa\u00f4ne-et-Loire_Bourgogne-Franche-Comt\u00e9.jpg\" alt=\"medievale-de-melay_marche-animations_Sa\u00f4ne-et-Loire_Bourgogne-Franche-Comt\u00e9\" width=\"350\" height=\"516\" srcset=\"https:\/\/www.moyenagepassion.com\/wp-content\/uploads\/2019\/06\/medievale-de-melay_marche-animations_Sa\u00f4ne-et-Loire_Bourgogne-Franche-Comt\u00e9.jpg 350w, https:\/\/www.moyenagepassion.com\/wp-content\/uploads\/2019\/06\/medievale-de-melay_marche-animations_Sa\u00f4ne-et-Loire_Bourgogne-Franche-Comt\u00e9-203x300.jpg 203w\" sizes=\"(max-width: 350px) 100vw, 350px\" \/><\/a><\/p>\n<p><strong>M\u00e9di\u00e9vale de Melay<br \/>\n<\/strong><strong>Les 1000 ans de la cit\u00e9<br \/>\nLieu<\/strong>\u00a0:\u00a0 Melay, Sa\u00f4ne-et-Loire,<br \/>\nBourgogne-Franche-Comt\u00e9<br \/>\n<strong>Dates<\/strong>\u00a0: du\u00a08 au\u00a09\u00a0juin 2019<br \/>\n<a href=\"https:\/\/www.facebook.com\/milleans.melay.9\" target=\"_blank\">FB de\u00a0l\u2019\u00e9v\u00e9nement<\/a><a href=\"http:\/\/www.bestofmedieval.com\/\" target=\"_blank\">\u00a0\u2013\u00a0<\/a><a href=\"https:\/\/www.chemille-en-anjou.fr\/medias\/2019\/05\/Flyer-1000-ans-Melay.pdf\" target=\"_blank\">Programme<\/a><\/td>\n<\/tr>\n<tr>\n<td><a href=\"https:\/\/www.moyenagepassion.com\/wp-content\/uploads\/2019\/06\/animations-medievales_Ch\u00e2teau-Coudray-Salbart-2019.jpg\"><img decoding=\"async\" class=\"alignnone wp-image-27200 size-full\" src=\"https:\/\/www.moyenagepassion.com\/wp-content\/uploads\/2019\/06\/animations-medievales_Ch\u00e2teau-Coudray-Salbart-2019.jpg\" alt=\"animations-medievales_Ch\u00e2teau-Coudray-Salbart-2019\" width=\"350\" height=\"516\" srcset=\"https:\/\/www.moyenagepassion.com\/wp-content\/uploads\/2019\/06\/animations-medievales_Ch\u00e2teau-Coudray-Salbart-2019.jpg 350w, https:\/\/www.moyenagepassion.com\/wp-content\/uploads\/2019\/06\/animations-medievales_Ch\u00e2teau-Coudray-Salbart-2019-203x300.jpg 203w\" sizes=\"(max-width: 350px) 100vw, 350px\" \/><\/a><\/p>\n<p><strong>Animations m\u00e9di\u00e9vales au ch\u00e2teau de Courdray Salbart<br \/>\n<\/strong><strong>Lieu<\/strong>\u00a0: Echir\u00e9, Deux-S\u00e8vres,<br \/>\nNouvelle-Aquitaine<br \/>\n<strong>Dates<\/strong>\u00a0: du 8\u00a0au\u00a010 juin\u00a02019<br \/>\n<a href=\"http:\/\/www.coudraysalbart.fr\/\" target=\"_blank\">Site du ch\u00e2teau fort<\/a><\/td>\n<td><a href=\"https:\/\/www.moyenagepassion.com\/wp-content\/uploads\/2019\/06\/animations_medievales-chateau-de-Miolans_Savoie_Auvergne-Rhone-Alpes.jpg\"><img decoding=\"async\" class=\"alignnone wp-image-27210 size-full\" src=\"https:\/\/www.moyenagepassion.com\/wp-content\/uploads\/2019\/06\/animations_medievales-chateau-de-Miolans_Savoie_Auvergne-Rhone-Alpes.jpg\" alt=\"animations_medievales-chateau-de-Miolans_Savoie_Auvergne-Rhone-Alpes\" width=\"350\" height=\"516\" srcset=\"https:\/\/www.moyenagepassion.com\/wp-content\/uploads\/2019\/06\/animations_medievales-chateau-de-Miolans_Savoie_Auvergne-Rhone-Alpes.jpg 350w, https:\/\/www.moyenagepassion.com\/wp-content\/uploads\/2019\/06\/animations_medievales-chateau-de-Miolans_Savoie_Auvergne-Rhone-Alpes-203x300.jpg 203w\" sizes=\"(max-width: 350px) 100vw, 350px\" \/><\/a><\/p>\n<p><strong>Grandes m\u00e9di\u00e9vales<br \/>\ndu ch\u00e2teau de Miolans<br \/>\n<\/strong><strong>Lieu<\/strong>\u00a0: Bormes les Mimosas, Var, Provence-Alpes-C\u00f4te d\u2019Azur<br \/>\n<strong>Dates<\/strong>\u00a0: du\u00a019\u00a0au\u00a021 mai 2018<br \/>\n<a href=\"http:\/\/www.chateau-de-miolans.com\/\" target=\"_blank\">Site du ch\u00e2teau<\/a><\/td>\n<\/tr>\n<\/tbody>\n<\/table>\n<p>En vous souhaitant une tr\u00e8s belle journ\u00e9e.<\/p>\n<p>Fr\u00e9d\u00e9ric EFFE<br \/>\nPour moyenagepassion.com<br \/>\n<em><strong>A la d\u00e9couverte du monde m\u00e9di\u00e9val sous toutes ses formes<\/strong><\/em><\/p>\n","protected":false},"excerpt":{"rendered":"<p>Sujet\u00a0:\u00a0 f\u00eates m\u00e9di\u00e9vales,\u00a0 animations, compagnies m\u00e9di\u00e9vales,\u00a0 moyen-\u00e2ge festif,\u00a0 march\u00e9 m\u00e9di\u00e9val Lieu\u00a0: Nouvelle Aquitaine, Bretagne, Normandie,\u00a0 Grand Est, Auvergne-Rh\u00f4ne-Alpes, Val de Loire,\u00a0Hauts-de-France, Bourgogne-Franche-Comt\u00e9 Ev\u00e9nement:\u00a0M\u00e9di\u00e9vales d\u2019ici et d\u2019ailleurs Dates: du\u00a08\u00a0au 10\u00a0 juin 2019 Bonjour \u00e0 tous, \u00a0la faveur de la Pentec\u00f4te, le long week-end en approche va donner l&rsquo;occasion \u00e0 de nombreux m\u00e9di\u00e9vistes d&rsquo;\u00eatre de sortie. Au &hellip; <a href=\"https:\/\/www.moyenagepassion.com\/index.php\/2019\/06\/05\/un-agenda-medieval-weekend-pentecote\/\" class=\"more-link\">Continuer la lecture de <span class=\"screen-reader-text\">Un Agenda m\u00e9di\u00e9val replet \u00e0 la faveur du week end de Pentec\u00f4te<\/span>  <span class=\"meta-nav\">&rarr;<\/span><\/a><\/p>\n","protected":false},"author":2,"featured_media":0,"comment_status":"open","ping_status":"open","sticky":false,"template":"","format":"standard","meta":{"_monsterinsights_skip_tracking":false,"_monsterinsights_sitenote_active":false,"_monsterinsights_sitenote_note":"","_monsterinsights_sitenote_category":0,"footnotes":""},"categories":[11],"tags":[1539,2529,3794,3905,742,4023,3913,212,4564,3861,3982,3885,636,3063,3886,681,3863,3938,2774,2757,1209],"class_list":["post-27187","post","type-post","status-publish","format-standard","hentry","category-fetes-medievales-evenement","tag-agenda-medieval","tag-animations-medievales","tag-auvergne-rhone-alpes","tag-bourgogne-franche-comte","tag-bretagne","tag-centre-val-de-loire","tag-chateaux-en-fete","tag-compagnies-medievales","tag-festival-viking","tag-fete-viking","tag-grand-est","tag-hauts-de-france","tag-marche-medieval","tag-moyen-age-festif","tag-musee-des-temps-barbares","tag-normandie","tag-northfest","tag-nouvelle-aquitaine","tag-pentecote","tag-reconstituteurs","tag-tournoi"],"aioseo_notices":[],"_links":{"self":[{"href":"https:\/\/www.moyenagepassion.com\/index.php\/wp-json\/wp\/v2\/posts\/27187"}],"collection":[{"href":"https:\/\/www.moyenagepassion.com\/index.php\/wp-json\/wp\/v2\/posts"}],"about":[{"href":"https:\/\/www.moyenagepassion.com\/index.php\/wp-json\/wp\/v2\/types\/post"}],"author":[{"embeddable":true,"href":"https:\/\/www.moyenagepassion.com\/index.php\/wp-json\/wp\/v2\/users\/2"}],"replies":[{"embeddable":true,"href":"https:\/\/www.moyenagepassion.com\/index.php\/wp-json\/wp\/v2\/comments?post=27187"}],"version-history":[{"count":0,"href":"https:\/\/www.moyenagepassion.com\/index.php\/wp-json\/wp\/v2\/posts\/27187\/revisions"}],"wp:attachment":[{"href":"https:\/\/www.moyenagepassion.com\/index.php\/wp-json\/wp\/v2\/media?parent=27187"}],"wp:term":[{"taxonomy":"category","embeddable":true,"href":"https:\/\/www.moyenagepassion.com\/index.php\/wp-json\/wp\/v2\/categories?post=27187"},{"taxonomy":"post_tag","embeddable":true,"href":"https:\/\/www.moyenagepassion.com\/index.php\/wp-json\/wp\/v2\/tags?post=27187"}],"curies":[{"name":"wp","href":"https:\/\/api.w.org\/{rel}","templated":true}]}}