{"id":27475,"date":"2019-06-19T16:55:44","date_gmt":"2019-06-19T15:55:44","guid":{"rendered":"https:\/\/www.moyenagepassion.com\/?p=27475"},"modified":"2023-06-26T00:05:53","modified_gmt":"2023-06-25T23:05:53","slug":"au-coeur-du-moyen-age-festif-la-41eme-medievale-de-rodemack","status":"publish","type":"post","link":"https:\/\/www.moyenagepassion.com\/index.php\/2019\/06\/19\/au-coeur-du-moyen-age-festif-la-41eme-medievale-de-rodemack\/","title":{"rendered":"Au coeur du Moyen-\u00e2ge festif, la 41eme M\u00e9di\u00e9vale de Rodemack"},"content":{"rendered":"<div id=\"moyen-600350945\" class=\"moyen-before-content moyen-entity-placement\"><script async src=\"\/\/pagead2.googlesyndication.com\/pagead\/js\/adsbygoogle.js?client=ca-pub-3035390706780632\" crossorigin=\"anonymous\"><\/script><ins class=\"adsbygoogle\" style=\"display:block;\" data-ad-client=\"ca-pub-3035390706780632\" \ndata-ad-slot=\"\" \ndata-ad-format=\"auto\"><\/ins>\n<script> \n(adsbygoogle = window.adsbygoogle || []).push({}); \n<\/script>\n<\/div><p><strong><a href=\"https:\/\/www.moyenagepassion.com\/wp-content\/uploads\/2019\/06\/rodemack-blason-ecu-armoirie.jpg\"><img decoding=\"async\" class=\"alignleft wp-image-27478\" src=\"https:\/\/www.moyenagepassion.com\/wp-content\/uploads\/2019\/06\/rodemack-blason-ecu-armoirie.jpg\" alt=\"rodemack-blason-ecu-armoirie\" width=\"98\" height=\"147\" srcset=\"https:\/\/www.moyenagepassion.com\/wp-content\/uploads\/2019\/06\/rodemack-blason-ecu-armoirie.jpg 226w, https:\/\/www.moyenagepassion.com\/wp-content\/uploads\/2019\/06\/rodemack-blason-ecu-armoirie-201x300.jpg 201w\" sizes=\"(max-width: 98px) 100vw, 98px\" \/><\/a>Sujet<\/strong>\u00a0: f\u00eates, festivit\u00e9s, march\u00e9 m\u00e9di\u00e9val, campements, animations m\u00e9di\u00e9vales, compagnies m\u00e9di\u00e9vales,\u00a0reconstituteurs,\u00a0 moyen-\u00e2ge festif<br \/>\n<strong>Lieu<\/strong> :\u00a0Rodemack, Lorraine, Moselle, Grand Est<br \/>\n<strong>Ev\u00e9nement<\/strong><strong>:\u00a0<\/strong><em>Cit\u00e9 M\u00e9di\u00e9vale en f\u00eate 2019<\/em><br \/>\n<strong>Dates<\/strong>\u00a0:\u00a0du 29 au 30\u00a0 juin 2019<\/p>\n<p>Bonjour \u00e0 tous,<\/p>\n<p style=\"text-align: justify;\"><img decoding=\"async\" class=\"alignleft size-full wp-image-23896\" src=\"https:\/\/www.moyenagepassion.com\/wp-content\/uploads\/2018\/10\/L_lettrine_moyen_age_passion.jpg\" alt=\"L_lettrine_moyen_age_passion\" width=\"84\" height=\"103\" \/>&lsquo;<strong>Association des Amis des Vieilles Pierres<\/strong>\u00a0s&rsquo;est par\u00e9e de ses plus beaux atours et elle est de retour, \u00e0 Rodemack, pour un\u00a0grand voyage dans le temps et une digne c\u00e9l\u00e9bration des temps m\u00e9di\u00e9vaux.<\/p>\n<h3>Au Programme des M\u00e9di\u00e9vales de Rodemack<\/h3>\n<p style=\"text-align: justify;\"><a href=\"https:\/\/www.moyenagepassion.com\/wp-content\/uploads\/2019\/06\/fete-marche-medieval-2019-rodemack-Grand-Est.jpg\"><img decoding=\"async\" class=\"alignright wp-image-27482\" src=\"https:\/\/www.moyenagepassion.com\/wp-content\/uploads\/2019\/06\/fete-marche-medieval-2019-rodemack-Grand-Est.jpg\" alt=\"fete-marche-medieval-2019-rodemack-Grand-Est\" width=\"190\" height=\"280\" srcset=\"https:\/\/www.moyenagepassion.com\/wp-content\/uploads\/2019\/06\/fete-marche-medieval-2019-rodemack-Grand-Est.jpg 350w, https:\/\/www.moyenagepassion.com\/wp-content\/uploads\/2019\/06\/fete-marche-medieval-2019-rodemack-Grand-Est-203x300.jpg 203w\" sizes=\"(max-width: 190px) 100vw, 190px\" \/><\/a>M\u00eame si l&rsquo;organisation de chaque nouvelle f\u00eate est toujours un d\u00e9fi, l&rsquo;exp\u00e9rience est bien rod\u00e9e puisqu&rsquo;il s&rsquo;agira l\u00e0 de la 41\u00e8me \u00e9dition des M\u00e9di\u00e9vales de Rodemack. Pour ce cru 2019, on pourra encore compter sur quantit\u00e9 d&rsquo;animations avec un grand nombre de reconstituteurs, artisans repr\u00e9sentant les savoir-faire m\u00e9di\u00e9vaux, mais encore trouv\u00e8res, jongleurs et conteurs venus \u00e9gayer les rues de la cit\u00e9, pour l&rsquo;occasion. L&rsquo;\u00e9v\u00e9nement laissera\u00a0aussi la place \u00e0 des spectacles animaliers (fauconnerie, dog training, &#8230;) et il sera encore l&rsquo;occasion de d\u00e9couvrir quelques engins de si\u00e8ge, tout droit sortis du Moyen-\u00e2ge. La liste des compagnies m\u00e9di\u00e9vales et artistes invit\u00e9s donne une bonne id\u00e9e de la taille de la f\u00eate et de l&rsquo;ampleur des divertissements pr\u00e9vus.<\/p>\n<h4>Compagnies m\u00e9di\u00e9vales, artisans et jongleurs<\/h4>\n<p style=\"text-align: justify;\"><span style=\"color: #008000;\"><em>Alvodora &#8211; Barbarian Pipe Band &#8211; Bavar, le passeur d&rsquo;Histoires &#8211; Belli Mercator &#8211; Compagnie \u00e0 l&rsquo;Or\u00e9e du Bois, Cornalusa &#8211; Elixir &#8211; Evermerii &#8211; Fabius le Bouffon &#8211; Cie du Lion de Flandre &#8211; Cie du Polisson &#8211; Les Bateleurs de Sire Jean &#8211; Les comm\u00e8res du village &#8211; Les D\u00e9mons de Garotin &#8211; Les Galopins &#8211; Les Gaillards de Rodemack &#8211; Les MoyenAg\u00e9s &#8211; <a href=\"https:\/\/www.moyenagepassion.com\/index.php\/2018\/01\/13\/rose-des-roses-la-cantiga-santa-maria-10-avec-marina-lys-artiste-et-trobairitz-passionnee\/\" target=\"_blank\" rel=\"noopener\">Marina Lys<\/a> &#8211; Le Th\u00e9\u00e2tre de la Mirabelle &#8211; Radondine &#8211; Rh\u00e9sus &#8211; Turdion &#8211; Valt\u00e9ria &#8211; Le Chevalier de la Cailleterie &#8211; Les Chasseurs de Dragons de Sedan &#8211; Pertempus &#8211; Les Couloirs du Temps champenois &#8211; Fauconnerie de l&rsquo;Alta\u00ef &#8211; Dog Trainer &#8211; Ars Fabra &#8211; Association A&rsquo;te&rsquo;lier &#8211; La Mesnie sans terre &#8211; Louis Th\u00e9obald &#8211; Ludotium &#8211; Rires et inquisition<\/em><\/span><\/p>\n<p style=\"text-align: justify;\"><a href=\"https:\/\/www.moyenagepassion.com\/wp-content\/uploads\/2019\/06\/medievales_animations-fete-Rodemack-2019-Lorraine-Grand-Est.jpg\"><img decoding=\"async\" class=\"alignnone size-full wp-image-27484\" src=\"https:\/\/www.moyenagepassion.com\/wp-content\/uploads\/2019\/06\/medievales_animations-fete-Rodemack-2019-Lorraine-Grand-Est.jpg\" alt=\"medievales_animations-fete-Rodemack-2019-Lorraine-Grand-Est\" width=\"600\" height=\"311\" srcset=\"https:\/\/www.moyenagepassion.com\/wp-content\/uploads\/2019\/06\/medievales_animations-fete-Rodemack-2019-Lorraine-Grand-Est.jpg 600w, https:\/\/www.moyenagepassion.com\/wp-content\/uploads\/2019\/06\/medievales_animations-fete-Rodemack-2019-Lorraine-Grand-Est-300x156.jpg 300w\" sizes=\"(max-width: 600px) 100vw, 600px\" \/><\/a><\/p>\n<h4 style=\"text-align: justify;\">March\u00e9 m\u00e9di\u00e9val, nocturne et ripailles<\/h4>\n<p style=\"text-align: justify;\">A l&rsquo;habitude, ces r\u00e9jouissances de Rodemack auront \u00e0 leur programme un march\u00e9 m\u00e9di\u00e9val et artisanal de pr\u00e8s de soixante-dix d&rsquo;exposants. Elles proposeront encore une belle nocturne anim\u00e9e, avec banquet et spectacle de feu, le samedi soir, et, bien entendu, tout au long de l&rsquo;\u00e9v\u00e9nement, les tavernes de la cit\u00e9 ouvriront grand leurs portes aux voyageurs \u00e0 qui ces c\u00e9l\u00e9brations auront donn\u00e9 grand faim et soif.<\/p>\n<p style=\"text-align: center;\"><a href=\"http:\/\/www.avp-rodemack.fr\/site-wp\/2019\/03\/28\/rodemack-cite-medievale-en-fete-2019\/\" target=\"_blank\" rel=\"noopener\">Site officiel<\/a>\u00a0&#8211; <a href=\"https:\/\/www.facebook.com\/events\/rodemack-lorraine-france\/rodemack-cit%C3%A9-m%C3%A9di%C3%A9vale-en-f%C3%AAte-2019\/1692290670818942\/\" target=\"_blank\" rel=\"noopener\">Facebook<\/a> &#8211; <a href=\"http:\/\/www.avp-rodemack.fr\/site-wp\/wp-content\/uploads\/2019\/06\/Livret-RCMF-2019-FINAL-WEB.pdf\" target=\"_blank\" rel=\"noopener\">Programme d\u00e9taill\u00e9<\/a> (<a href=\"https:\/\/www.moyenagepassion.com\/wp-content\/uploads\/2019\/06\/fete-animations-medievales-programme-rodemack-2019-grand-est.pdf\" target=\"_blank\" rel=\"noopener\">lien alternatif<\/a>)<br \/>\nVoir aussi nos articles sur l&rsquo;\u00e9dition pr\u00e9c\u00e9dente : <a href=\"https:\/\/www.moyenagepassion.com\/index.php\/2017\/06\/22\/en-passant-par-la-lorraine-les-medievales-de-rodemack\/\" target=\"_blank\" rel=\"noopener\">2017<\/a> &#8211; <a href=\"https:\/\/www.moyenagepassion.com\/index.php\/2018\/06\/27\/agenda-week-end-le-retour-des-medievales-de-la-cite-lorraine-de-rodemack\/\" target=\"_blank\" rel=\"noopener\">2018<\/a><\/p>\n<p>En vous souhaitant une excellente\u00a0journ\u00e9e.<\/p>\n<p>Fred<br \/>\nPour moyenagepassion.com<br \/>\n<em><strong>A la d\u00e9couverte du monde m\u00e9di\u00e9val sous toutes ses formes.<\/strong><\/em><\/p>\n","protected":false},"excerpt":{"rendered":"<p>Sujet\u00a0: f\u00eates, festivit\u00e9s, march\u00e9 m\u00e9di\u00e9val, campements, animations m\u00e9di\u00e9vales, compagnies m\u00e9di\u00e9vales,\u00a0reconstituteurs,\u00a0 moyen-\u00e2ge festif Lieu :\u00a0Rodemack, Lorraine, Moselle, Grand Est Ev\u00e9nement:\u00a0Cit\u00e9 M\u00e9di\u00e9vale en f\u00eate 2019 Dates\u00a0:\u00a0du 29 au 30\u00a0 juin 2019 Bonjour \u00e0 tous, &lsquo;Association des Amis des Vieilles Pierres\u00a0s&rsquo;est par\u00e9e de ses plus beaux atours et elle est de retour, \u00e0 Rodemack, pour un\u00a0grand voyage dans &hellip; <a href=\"https:\/\/www.moyenagepassion.com\/index.php\/2019\/06\/19\/au-coeur-du-moyen-age-festif-la-41eme-medievale-de-rodemack\/\" class=\"more-link\">Continuer la lecture de <span class=\"screen-reader-text\">Au coeur du Moyen-\u00e2ge festif, la 41eme M\u00e9di\u00e9vale de Rodemack<\/span>  <span class=\"meta-nav\">&rarr;<\/span><\/a><\/p>\n","protected":false},"author":2,"featured_media":0,"comment_status":"open","ping_status":"open","sticky":false,"template":"","format":"standard","meta":{"_monsterinsights_skip_tracking":false,"_monsterinsights_sitenote_active":false,"_monsterinsights_sitenote_note":"","_monsterinsights_sitenote_category":0,"footnotes":""},"categories":[11],"tags":[1780,3687,212,1233,1380,3982,2881,636,1227,182,4725,3063,2757,2879,1831],"class_list":["post-27475","post","type-post","status-publish","format-standard","hentry","category-fetes-medievales-evenement","tag-animations","tag-campements","tag-compagnies-medievales","tag-festivites","tag-fetes","tag-grand-est","tag-lorraine","tag-marche-medieval","tag-medievales","tag-monde-medieval","tag-moselle","tag-moyen-age-festif","tag-reconstituteurs","tag-rodemack","tag-spectacles"],"aioseo_notices":[],"_links":{"self":[{"href":"https:\/\/www.moyenagepassion.com\/index.php\/wp-json\/wp\/v2\/posts\/27475"}],"collection":[{"href":"https:\/\/www.moyenagepassion.com\/index.php\/wp-json\/wp\/v2\/posts"}],"about":[{"href":"https:\/\/www.moyenagepassion.com\/index.php\/wp-json\/wp\/v2\/types\/post"}],"author":[{"embeddable":true,"href":"https:\/\/www.moyenagepassion.com\/index.php\/wp-json\/wp\/v2\/users\/2"}],"replies":[{"embeddable":true,"href":"https:\/\/www.moyenagepassion.com\/index.php\/wp-json\/wp\/v2\/comments?post=27475"}],"version-history":[{"count":1,"href":"https:\/\/www.moyenagepassion.com\/index.php\/wp-json\/wp\/v2\/posts\/27475\/revisions"}],"predecessor-version":[{"id":48498,"href":"https:\/\/www.moyenagepassion.com\/index.php\/wp-json\/wp\/v2\/posts\/27475\/revisions\/48498"}],"wp:attachment":[{"href":"https:\/\/www.moyenagepassion.com\/index.php\/wp-json\/wp\/v2\/media?parent=27475"}],"wp:term":[{"taxonomy":"category","embeddable":true,"href":"https:\/\/www.moyenagepassion.com\/index.php\/wp-json\/wp\/v2\/categories?post=27475"},{"taxonomy":"post_tag","embeddable":true,"href":"https:\/\/www.moyenagepassion.com\/index.php\/wp-json\/wp\/v2\/tags?post=27475"}],"curies":[{"name":"wp","href":"https:\/\/api.w.org\/{rel}","templated":true}]}}