{"id":27544,"date":"2019-07-02T18:41:09","date_gmt":"2019-07-02T17:41:09","guid":{"rendered":"https:\/\/www.moyenagepassion.com\/?p=27544"},"modified":"2019-07-02T21:00:14","modified_gmt":"2019-07-02T20:00:14","slug":"le-moyen-age-festif-a-lassaut-des-vieilles-pierres-du-chateau-de-montaner","status":"publish","type":"post","link":"https:\/\/www.moyenagepassion.com\/index.php\/2019\/07\/02\/le-moyen-age-festif-a-lassaut-des-vieilles-pierres-du-chateau-de-montaner\/","title":{"rendered":"Le Moyen-\u00e2ge festif \u00e0 l&rsquo;assaut des vieilles pierres du ch\u00e2teau de Montaner"},"content":{"rendered":"<div id=\"moyen-3963567718\" class=\"moyen-before-content moyen-entity-placement\"><script async src=\"\/\/pagead2.googlesyndication.com\/pagead\/js\/adsbygoogle.js?client=ca-pub-3035390706780632\" crossorigin=\"anonymous\"><\/script><ins class=\"adsbygoogle\" style=\"display:block;\" data-ad-client=\"ca-pub-3035390706780632\" \ndata-ad-slot=\"\" \ndata-ad-format=\"auto\"><\/ins>\n<script> \n(adsbygoogle = window.adsbygoogle || []).push({}); \n<\/script>\n<\/div><p><strong><a href=\"https:\/\/www.moyenagepassion.com\/wp-content\/uploads\/2019\/07\/montaner-chateau-ecu-armoirie-blason-animations-medievales-aquitaine.jpg\"><img decoding=\"async\" class=\"alignleft wp-image-27545\" src=\"https:\/\/www.moyenagepassion.com\/wp-content\/uploads\/2019\/07\/montaner-chateau-ecu-armoirie-blason-animations-medievales-aquitaine.jpg\" alt=\"montaner-chateau-ecu-armoirie-blason-animations-medievales-aquitaine\" width=\"127\" height=\"189\" srcset=\"https:\/\/www.moyenagepassion.com\/wp-content\/uploads\/2019\/07\/montaner-chateau-ecu-armoirie-blason-animations-medievales-aquitaine.jpg 226w, https:\/\/www.moyenagepassion.com\/wp-content\/uploads\/2019\/07\/montaner-chateau-ecu-armoirie-blason-animations-medievales-aquitaine-201x300.jpg 201w\" sizes=\"(max-width: 127px) 100vw, 127px\" \/><\/a>Sujet<\/strong>\u00a0: f\u00eate m\u00e9di\u00e9vale, march\u00e9 m\u00e9di\u00e9val, animations, compagnies m\u00e9di\u00e9vales, reconstituteurs, histoire vivante<br \/>\n<strong>P\u00e9riode:<\/strong>\u00a0moyen-\u00e2ge\u00a0central, XIVe<br \/>\n<strong>Lieu<\/strong>\u00a0: Ch\u00e2teau de Montaner, Pyr\u00e9n\u00e9es-Atlantiques,\u00a0Nouvelle Aquitaine, B\u00e9arn.<br \/>\n<strong>Ev\u00e9nement<\/strong><strong>:\u00a0L<\/strong><strong>es 17e m\u00e9di\u00e9vales de Montaner<\/strong><br \/>\n<strong>Dates<\/strong>\u00a0:\u00a0du\u00a06 au\u00a07 juillet 2019<\/p>\n<p>Bonjour \u00e0 tous,<\/p>\n<p style=\"text-align: justify;\"><img decoding=\"async\" class=\"alignleft size-full wp-image-23887\" src=\"https:\/\/www.moyenagepassion.com\/wp-content\/uploads\/2018\/10\/C_lettrine_moyen_age_passion.jpg\" alt=\"C_lettrine_moyen_age_passion\" width=\"84\" height=\"103\" \/>e week-end, au c\u0153ur des\u00a0Pyr\u00e9n\u00e9es-Atlantiques, le ch\u00e2teau de Montaner rebroussera le temps pour revenir au temps de <a href=\"https:\/\/www.moyenagepassion.com\/?s=Gaston+F%C3%A9bus\" target=\"_blank\"><strong>Gaston F\u00e9bus<\/strong><\/a> et des glorieuses heures du B\u00e9arn m\u00e9di\u00e9val. Une fois encore, les organisateurs de cette f\u00eate confirment leur ferme intention de faire battre \u00e0 plein les divertissements et animations \u00e9vocatrices du Moyen-\u00e2ge et\u00a0 de nombreux artistes, reconstituteurs et compagnies m\u00e9di\u00e9vales sont attendus pour ces 17e m\u00e9di\u00e9vales.<\/p>\n<h3>Mesnies, troubadours, spectacles,<br \/>\nmarch\u00e9 et grande nocturne<\/h3>\n<p style=\"text-align: justify;\"><a href=\"https:\/\/www.moyenagepassion.com\/wp-content\/uploads\/2019\/07\/fete-animations-medievales-2019-chateau-montaner-pyrenees-atlantique-nouvelle-aquitaine.jpg\"><img decoding=\"async\" class=\"wp-image-27547 alignright\" src=\"https:\/\/www.moyenagepassion.com\/wp-content\/uploads\/2019\/07\/fete-animations-medievales-2019-chateau-montaner-pyrenees-atlantique-nouvelle-aquitaine.jpg\" alt=\"fete-animations-medievales-2019-chateau-montaner-pyrenees-atlantique-nouvelle-aquitaine\" width=\"199\" height=\"293\" srcset=\"https:\/\/www.moyenagepassion.com\/wp-content\/uploads\/2019\/07\/fete-animations-medievales-2019-chateau-montaner-pyrenees-atlantique-nouvelle-aquitaine.jpg 350w, https:\/\/www.moyenagepassion.com\/wp-content\/uploads\/2019\/07\/fete-animations-medievales-2019-chateau-montaner-pyrenees-atlantique-nouvelle-aquitaine-203x300.jpg 203w\" sizes=\"(max-width: 199px) 100vw, 199px\" \/><\/a>On c\u00e9l\u00e9brera ainsi un moyen-\u00e2ge festif et historique, teint\u00e9 de notes fantastiques avec, au programme, d\u00e9fil\u00e9 de troupes, combats \u00e0 la fa\u00e7on m\u00e9di\u00e9vale, sc\u00e9nettes, th\u00e9\u00e2tre, musiques, danses, agr\u00e9ment\u00e9s de temps forts et de nombreux spectacles.<\/p>\n<p style=\"text-align: justify;\">Le samedi soir, une grande nuit m\u00e9di\u00e9vale est \u00e9galement pr\u00e9vue, avec bal, retraite aux flambeaux, spectacles de feu et feu d&rsquo;artifice.\u00a0A l&rsquo;habitude, tout au long de la\u00a0f\u00eate, on pourra fl\u00e2ner entre les \u00e9choppes du march\u00e9 avec ses artisans et exposants d&rsquo;inspiration m\u00e9di\u00e9vale, ses d\u00e9monstrations de savoir-faire d&rsquo;\u00e9poque, et ses \u00e9tals gastronomiques.<\/p>\n<h4>Compagnies m\u00e9di\u00e9vales, reconstituteurs et artistes<\/h4>\n<p style=\"text-align: justify;\"><span style=\"color: #008000;\"><em>Les Tritons Ripailleurs &#8211; Els Berros de la Cort &#8211; Spiritual Season &#8211; Les Tanneurs de Drac &#8211; Belli Mercator &#8211; L&rsquo;art et Creation &#8211; Entre Chien et Jeu &#8211; Opale de Lune &#8211; Guerre et Chevalerie &#8211; La Compagnie Dovahkiin &#8211; Compagnie Febusiana &#8211; La Compagnie du Polisson &#8211; Compagnie les Lions de Guerre &#8211; Compagnie La Mesnie de Barbazan &#8211; Fauconnerie Marche &#8211; La Petite Brigade &#8211; La Forge de l\u2019Osencame &#8211; Empreinte d\u2019histoire &#8211; Association A-Te-Lier &#8211; Les Ateliers de l\u2019Esquielle &#8211; Compagnie les Crinieres d\u2019Evol &#8211; Association les Animaux des R &#8211; Qu\u2019em Biarnes &#8211; Les Berserkrs &#8211; Febus Avan &#8211; La Herpaille et Les Mortes Payes &#8211; Les Archers de Febus &#8211; La Commanderie de Pyrene &#8211; Les Sentinelles de La Guivre &#8211; La Guilde B\u00e2tarde &#8211; Les \u00c9curies des 3 Balzanes &#8211; Les 7 Vall\u00e9es &#8211; Les ribauds de Pacoy &#8211; Nordvegir &#8211; Comp\u00e8res et troubadours<\/em> <\/span><\/p>\n<p style=\"text-align: justify;\"><a href=\"https:\/\/www.moyenagepassion.com\/wp-content\/uploads\/2019\/07\/medievales-2019-fete-chateau-montaner-nouvelle-aquitaine-reconstituteurs.jpg\"><img decoding=\"async\" class=\"alignnone size-full wp-image-27552\" src=\"https:\/\/www.moyenagepassion.com\/wp-content\/uploads\/2019\/07\/medievales-2019-fete-chateau-montaner-nouvelle-aquitaine-reconstituteurs.jpg\" alt=\"medievales-2019-fete-chateau-montaner-nouvelle-aquitaine-reconstituteurs\" width=\"600\" height=\"311\" srcset=\"https:\/\/www.moyenagepassion.com\/wp-content\/uploads\/2019\/07\/medievales-2019-fete-chateau-montaner-nouvelle-aquitaine-reconstituteurs.jpg 600w, https:\/\/www.moyenagepassion.com\/wp-content\/uploads\/2019\/07\/medievales-2019-fete-chateau-montaner-nouvelle-aquitaine-reconstituteurs-300x156.jpg 300w\" sizes=\"(max-width: 600px) 100vw, 600px\" \/><\/a><\/p>\n<p><a href=\"https:\/\/www.facebook.com\/medievalesdemontaner\/\" target=\"_blank\">FB de l&rsquo;\u00e9v\u00e9nement<\/a> &#8211; <a href=\"http:\/\/www.chateau-montaner.info\/index.php?option=com_content&amp;view=category&amp;id=18&amp;Itemid=122\" target=\"_blank\">Site du ch\u00e2teau<\/a> &#8211; <a href=\"https:\/\/www.moyenagepassion.com\/index.php\/2018\/07\/05\/agenda-les-16e-medievales-de-montaner\/\" target=\"_blank\">Notre article sur l&rsquo;\u00e9dition 2018<\/a><\/p>\n<p>En vous souhaitant une belle\u00a0 journ\u00e9e.<\/p>\n<p>Fr\u00e9d\u00e9ric EFFE.<br \/>\nPour moyenagepassion.com<br \/>\n<em>A la d\u00e9couverte du Monde m\u00e9di\u00e9val sous toutes ses formes.<\/em><\/p>\n","protected":false},"excerpt":{"rendered":"<p>Sujet\u00a0: f\u00eate m\u00e9di\u00e9vale, march\u00e9 m\u00e9di\u00e9val, animations, compagnies m\u00e9di\u00e9vales, reconstituteurs, histoire vivante P\u00e9riode:\u00a0moyen-\u00e2ge\u00a0central, XIVe Lieu\u00a0: Ch\u00e2teau de Montaner, Pyr\u00e9n\u00e9es-Atlantiques,\u00a0Nouvelle Aquitaine, B\u00e9arn. Ev\u00e9nement:\u00a0Les 17e m\u00e9di\u00e9vales de Montaner Dates\u00a0:\u00a0du\u00a06 au\u00a07 juillet 2019 Bonjour \u00e0 tous, e week-end, au c\u0153ur des\u00a0Pyr\u00e9n\u00e9es-Atlantiques, le ch\u00e2teau de Montaner rebroussera le temps pour revenir au temps de Gaston F\u00e9bus et des glorieuses heures &hellip; <a href=\"https:\/\/www.moyenagepassion.com\/index.php\/2019\/07\/02\/le-moyen-age-festif-a-lassaut-des-vieilles-pierres-du-chateau-de-montaner\/\" class=\"more-link\">Continuer la lecture de <span class=\"screen-reader-text\">Le Moyen-\u00e2ge festif \u00e0 l&rsquo;assaut des vieilles pierres du ch\u00e2teau de Montaner<\/span>  <span class=\"meta-nav\">&rarr;<\/span><\/a><\/p>\n","protected":false},"author":2,"featured_media":0,"comment_status":"open","ping_status":"open","sticky":false,"template":"","format":"standard","meta":{"_monsterinsights_skip_tracking":false,"_monsterinsights_sitenote_active":false,"_monsterinsights_sitenote_note":"","_monsterinsights_sitenote_category":0,"footnotes":""},"categories":[11],"tags":[1780,4598,212,1826,3827,636,1227,182,3063,3938,4597,2757],"class_list":["post-27544","post","type-post","status-publish","format-standard","hentry","category-fetes-medievales-evenement","tag-animations","tag-chateau-de-montaner","tag-compagnies-medievales","tag-histoire-vivante","tag-marche-artisanal","tag-marche-medieval","tag-medievales","tag-monde-medieval","tag-moyen-age-festif","tag-nouvelle-aquitaine","tag-pyrenees-atlantiques","tag-reconstituteurs"],"aioseo_notices":[],"_links":{"self":[{"href":"https:\/\/www.moyenagepassion.com\/index.php\/wp-json\/wp\/v2\/posts\/27544"}],"collection":[{"href":"https:\/\/www.moyenagepassion.com\/index.php\/wp-json\/wp\/v2\/posts"}],"about":[{"href":"https:\/\/www.moyenagepassion.com\/index.php\/wp-json\/wp\/v2\/types\/post"}],"author":[{"embeddable":true,"href":"https:\/\/www.moyenagepassion.com\/index.php\/wp-json\/wp\/v2\/users\/2"}],"replies":[{"embeddable":true,"href":"https:\/\/www.moyenagepassion.com\/index.php\/wp-json\/wp\/v2\/comments?post=27544"}],"version-history":[{"count":0,"href":"https:\/\/www.moyenagepassion.com\/index.php\/wp-json\/wp\/v2\/posts\/27544\/revisions"}],"wp:attachment":[{"href":"https:\/\/www.moyenagepassion.com\/index.php\/wp-json\/wp\/v2\/media?parent=27544"}],"wp:term":[{"taxonomy":"category","embeddable":true,"href":"https:\/\/www.moyenagepassion.com\/index.php\/wp-json\/wp\/v2\/categories?post=27544"},{"taxonomy":"post_tag","embeddable":true,"href":"https:\/\/www.moyenagepassion.com\/index.php\/wp-json\/wp\/v2\/tags?post=27544"}],"curies":[{"name":"wp","href":"https:\/\/api.w.org\/{rel}","templated":true}]}}