{"id":27575,"date":"2019-07-03T23:38:40","date_gmt":"2019-07-03T22:38:40","guid":{"rendered":"https:\/\/www.moyenagepassion.com\/?p=27575"},"modified":"2020-10-05T01:51:57","modified_gmt":"2020-10-05T00:51:57","slug":"agenda-du-5-au-7-juillet-animations-medievales-du-week-end-lembarras-du-choix","status":"publish","type":"post","link":"https:\/\/www.moyenagepassion.com\/index.php\/2019\/07\/03\/agenda-du-5-au-7-juillet-animations-medievales-du-week-end-lembarras-du-choix\/","title":{"rendered":"Agenda du 5 au 7 juillet : animations m\u00e9di\u00e9vales du week-end, l&#8217;embarras du choix"},"content":{"rendered":"<div id=\"moyen-1343135326\" class=\"moyen-before-content moyen-entity-placement\"><script async src=\"\/\/pagead2.googlesyndication.com\/pagead\/js\/adsbygoogle.js?client=ca-pub-3035390706780632\" crossorigin=\"anonymous\"><\/script><ins class=\"adsbygoogle\" style=\"display:block;\" data-ad-client=\"ca-pub-3035390706780632\" \ndata-ad-slot=\"\" \ndata-ad-format=\"auto\"><\/ins>\n<script> \n(adsbygoogle = window.adsbygoogle || []).push({}); \n<\/script>\n<\/div><p><span style=\"text-decoration: underline;\"><strong><a href=\"https:\/\/www.moyenagepassion.com\/wp-content\/uploads\/2018\/07\/agenda_fetes_festival_animations_medievales_moyen-age_festif.jpg\"><img decoding=\"async\" class=\"alignleft wp-image-22638\" src=\"https:\/\/www.moyenagepassion.com\/wp-content\/uploads\/2018\/07\/agenda_fetes_festival_animations_medievales_moyen-age_festif.jpg\" alt=\"agenda_fetes_festival_animations_medievales_moyen-age_festif\" width=\"94\" height=\"159\" srcset=\"https:\/\/www.moyenagepassion.com\/wp-content\/uploads\/2018\/07\/agenda_fetes_festival_animations_medievales_moyen-age_festif.jpg 332w, https:\/\/www.moyenagepassion.com\/wp-content\/uploads\/2018\/07\/agenda_fetes_festival_animations_medievales_moyen-age_festif-178x300.jpg 178w\" sizes=\"(max-width: 94px) 100vw, 94px\" \/><\/a><\/strong><\/span><strong>Sujet<\/strong>\u00a0:\u00a0 f\u00eates m\u00e9di\u00e9vales,\u00a0 animations, compagnies m\u00e9di\u00e9vales,\u00a0 moyen-\u00e2ge festif,\u00a0 march\u00e9 m\u00e9di\u00e9val<br \/>\n<strong>Lieu<\/strong>\u00a0: Auvergne-Rh\u00f4ne-Alpes, Hauts-de-France, Nouvelle-Aquitaine, Val-de-Loire, Bretagne, Normandie<br \/>\n<strong>Ev\u00e9nement<\/strong><strong>:\u00a0<em>M\u00e9di\u00e9vales d\u2019ici et d\u2019ailleurs<\/em><\/strong><br \/>\n<strong>Dates<\/strong>: du 5 au\u00a07 \u00a0juillet\u00a02019<\/p>\n<p>Bonjour \u00e0 tous,<\/p>\n<p style=\"text-align: justify;\"><img decoding=\"async\" class=\"alignleft size-full wp-image-23896\" src=\"https:\/\/www.moyenagepassion.com\/wp-content\/uploads\/2018\/10\/L_lettrine_moyen_age_passion.jpg\" alt=\"L_lettrine_moyen_age_passion\" width=\"84\" height=\"103\" \/>a saison des animations m\u00e9di\u00e9vales bat son plein et cette fin de semaine, les amateurs du genre n&rsquo;auront que l&#8217;embarras du choix. Voici une s\u00e9lection de certaines d&rsquo;entre elles qui s&rsquo;\u00e9talent, au minimum, sur les deux jours du week end. Il conviendra de leur ajouter les <a href=\"https:\/\/www.moyenagepassion.com\/index.php\/2019\/07\/02\/le-moyen-age-festif-a-lassaut-des-vieilles-pierres-du-chateau-de-montaner\/\" target=\"_blank\" rel=\"noopener noreferrer\">M\u00e9di\u00e9vales du ch\u00e2teau de Montaner <\/a>et la <a href=\"https:\/\/www.moyenagepassion.com\/index.php\/2019\/07\/02\/agenda-chateaudun-fetera-sa-foire-aux-laines\/\" target=\"_blank\" rel=\"noopener noreferrer\">Foire aux Laines de Chateaudun<\/a> auxquelles nous avons d\u00e9j\u00e0 d\u00e9di\u00e9 des articles.<\/p>\n<hr \/>\n<h3 style=\"text-align: justify;\">La 33e \u00e9dition des M\u00e9di\u00e9vales de Bayeux<\/h3>\n<p><strong>Lieu<\/strong> :\u00a0Aure, Normandie<br \/>\n<strong>Dates<\/strong>\u00a0 : les 5, 6 et 7 juillet 2019<\/p>\n<p style=\"text-align: justify;\"><a href=\"https:\/\/www.moyenagepassion.com\/wp-content\/uploads\/2019\/07\/medievales-2019-Bayeux-animations-compagnies-medievales-Aure-Normandie.jpg\"><img decoding=\"async\" class=\"alignright wp-image-27589\" src=\"https:\/\/www.moyenagepassion.com\/wp-content\/uploads\/2019\/07\/medievales-2019-Bayeux-animations-compagnies-medievales-Aure-Normandie.jpg\" alt=\"medievales-2019-Bayeux-animations-compagnies-medievales-Aure-Normandie\" width=\"180\" height=\"265\" srcset=\"https:\/\/www.moyenagepassion.com\/wp-content\/uploads\/2019\/07\/medievales-2019-Bayeux-animations-compagnies-medievales-Aure-Normandie.jpg 350w, https:\/\/www.moyenagepassion.com\/wp-content\/uploads\/2019\/07\/medievales-2019-Bayeux-animations-compagnies-medievales-Aure-Normandie-203x300.jpg 203w\" sizes=\"(max-width: 180px) 100vw, 180px\" \/><\/a>La cit\u00e9\u00a0de Bayeux se drapera, ce week-end, de ses plus belles couleurs m\u00e9di\u00e9vales, avec une claire ouverture sur le th\u00e8me m\u00e9di\u00e9val-fantastique. Les festivit\u00e9s d\u00e9buteront d\u00e8s le vendredi soir, avec une grande parade (500 participants costum\u00e9s) suivie d&rsquo;un spectacle en nocturne (magie et sorcellerie m\u00e9di\u00e9vales au programme). Samedi et dimanche, de nombreuses animations suivront : sc\u00e9nettes, musique, th\u00e9\u00e2tre de rue, chantier m\u00e9di\u00e9val avec ses artisans et b\u00e2tisseurs, campements th\u00e9matiques : le roi Arthur et ses chevaliers, les \u00ab\u00a0barbares\u00a0\u00bb, un comptoir commercial viking, etc&#8230;). Egalement, tout au long de la f\u00eate, se tiendra un salon du livre m\u00e9di\u00e9val fantastique, ainsi qu&rsquo;un march\u00e9 artisanal, autour de la cath\u00e9drale (150 \u00e9choppes),<\/p>\n<h4>Compagnies m\u00e9di\u00e9vales attendues<\/h4>\n<p style=\"text-align: justify;\"><span style=\"color: #008000;\"><em>Compagnie Turdion &#8211; Les contes du graal &#8211; Cie Cowprod &#8211; Gueule de Loup &#8211; Raoul le Chevalier &#8211; Les Monts Rieurs &#8211; Cie Soukha &#8211; le gay s\u00e7avoir &#8211; Cie L\u2019Orph\u00e9on &#8211; Maryna Lys -J\u00e0dys &#8211; La Horde &#8211; Cie R\u00eaves Temporels &#8211; Boendr &#8211; Cit\u00e9 d&rsquo;Antan &#8211; Compagnie Sembadelle &#8211; Abracadabouc &#8211; Le Mestre Dragonnier &#8211; Arte Flammes &#8211; &#8211; ARt6 &#8211; Les Bayeunains &#8211; Sonj\u00e9v\u00e9y\u00e9s &#8211; Compagnie du Bord des Mondes<\/em><\/span><\/p>\n<p style=\"text-align: center;\"><a href=\"http:\/\/lesmedievales.bayeux.fr\/programme\/\" target=\"_blank\" rel=\"noopener noreferrer\">Site\u00a0&amp; programme <\/a>&#8211;\u00a0 <a href=\"https:\/\/www.facebook.com\/MedievalesBayeux\/?ref=br_rs\" target=\"_blank\" rel=\"noopener noreferrer\">FB de l&rsquo;\u00e9v\u00e9nement<\/a>\u00a0&#8211; <a href=\"https:\/\/www.moyenagepassion.com\/index.php\/2018\/07\/03\/agenda-bayeux-la-normande-fete-ses-grandes-medievales\/\" target=\"_blank\" rel=\"noopener noreferrer\">Article \u00e9dition 2018<\/a><\/p>\n<hr \/>\n<h3 style=\"text-align: left;\">Les M\u00e9di\u00e9vales du Blanc Buisson 2019<\/h3>\n<p><strong>Lieu<\/strong>\u00a0: Ch\u00e2teau de Blanc Buisson,\u00a0Saint-Pierre-du-Mesnil,<br \/>\nEure, Normandie<br \/>\n<strong>Dates<\/strong>\u00a0 : les 6 et 7 juillet 2019<\/p>\n<p style=\"text-align: justify;\"><a href=\"https:\/\/www.moyenagepassion.com\/wp-content\/uploads\/2019\/07\/medievales-2019-chateau-blanc-buisson-Eure-Normandie.jpg\"><img decoding=\"async\" class=\"alignleft wp-image-27591\" src=\"https:\/\/www.moyenagepassion.com\/wp-content\/uploads\/2019\/07\/medievales-2019-chateau-blanc-buisson-Eure-Normandie.jpg\" alt=\"medievales-2019-chateau-blanc-buisson-Eure-Normandie\" width=\"170\" height=\"251\" srcset=\"https:\/\/www.moyenagepassion.com\/wp-content\/uploads\/2019\/07\/medievales-2019-chateau-blanc-buisson-Eure-Normandie.jpg 350w, https:\/\/www.moyenagepassion.com\/wp-content\/uploads\/2019\/07\/medievales-2019-chateau-blanc-buisson-Eure-Normandie-203x300.jpg 203w\" sizes=\"(max-width: 170px) 100vw, 170px\" \/><\/a>Il s&rsquo;agit de la 4\u00e8me \u00e9dition de cette f\u00eate m\u00e9di\u00e9vale au ch\u00e2teau de Blanc Buisson,<\/p>\n<p style=\"text-align: justify;\">Un village m\u00e9di\u00e9val sera recr\u00e9\u00e9 pour l&rsquo;occasion auquel viendront s&rsquo;ajouter tournoi de chevalerie, tirs d&rsquo;archerie et combats, ateliers de savoir-faire m\u00e9di\u00e9vaux, trouv\u00e8res et danseurs, spectacles animaliers,&#8230; En nocturne, le samedi, banquet m\u00e9di\u00e9val suivi d&rsquo;un spectacle son &amp; lumi\u00e8re.<\/p>\n<h4 style=\"text-align: justify;\">Compagnies m\u00e9di\u00e9vales\u00a0 et artistes attendus<\/h4>\n<p style=\"text-align: justify;\"><span style=\"color: #008000;\"><em>Equip&rsquo;action &#8211; Les compagnons de Roland &#8211; Jonglerie de contact &#8211; Ulf et ses l\u00e9vriers irlandais &#8211; La Compagnie Versailles Soleil &#8211; Les H\u00e9ritiers ch\u00e2teau Gaillard &#8211; Bric a Brac &#8211; Compagnie Dog trainer<\/em><\/span><\/p>\n<p style=\"text-align: justify;\"><a href=\"https:\/\/www.blancbuisson.com\/fete-medievale\" target=\"_blank\" rel=\"noopener noreferrer\">Site du ch\u00e2teau<\/a> &#8211; <a href=\"https:\/\/www.facebook.com\/blancbuissonspectacles\/\" target=\"_blank\" rel=\"noopener noreferrer\">FB de l&rsquo;\u00e9v\u00e9nement<\/a>\u00a0&#8211;<a href=\"https:\/\/www.moyenagepassion.com\/index.php\/2018\/07\/13\/agenda-week-end-chateaux-en-fete-et-animations-medievales-en-terre-de-france\/\" target=\"_blank\" rel=\"noopener noreferrer\"> Mention \u00e9dition 2018<\/a><\/p>\n<hr \/>\n<h3 style=\"text-align: justify;\">La F\u00eate m\u00e9di\u00e9vale du Grand Escarton<\/h3>\n<p><strong>Lieu<\/strong>\u00a0: Brian\u00e7on, Hautes-Alpes, Provence-Alpes-C\u00f4te d&rsquo;Azur<br \/>\n<strong>Dates<\/strong>\u00a0 : les 6 et 7 juillet 2019<\/p>\n<p style=\"text-align: justify;\"><img decoding=\"async\" class=\"wp-image-27587 alignright\" src=\"https:\/\/www.moyenagepassion.com\/wp-content\/uploads\/2019\/07\/medievales-2019-brian\u00e7on-Provence-Alpes-C\u00f4te-dAzur-animations-moyen-age-festif.jpg\" alt=\"medievales-2019-brian\u00e7on-Provence-Alpes-C\u00f4te-d'Azur-animations-moyen-age-festif\" width=\"180\" height=\"265\" srcset=\"https:\/\/www.moyenagepassion.com\/wp-content\/uploads\/2019\/07\/medievales-2019-brian\u00e7on-Provence-Alpes-C\u00f4te-dAzur-animations-moyen-age-festif.jpg 350w, https:\/\/www.moyenagepassion.com\/wp-content\/uploads\/2019\/07\/medievales-2019-brian\u00e7on-Provence-Alpes-C\u00f4te-dAzur-animations-moyen-age-festif-203x300.jpg 203w\" sizes=\"(max-width: 180px) 100vw, 180px\" \/>Organis\u00e9e par\u00a0l&rsquo;<strong>Association Le C\u0153ur de Vauban<\/strong>, cette M\u00e9di\u00e9vale donnera, cette ann\u00e9e, sa\u00a014\u00e8me \u00e9dition.<\/p>\n<p style=\"text-align: justify;\">Au programme, march\u00e9 m\u00e9di\u00e9val et \u00e9choppe, campements et ateliers, mais encore animations et spectacles vari\u00e9s, th\u00e9\u00e2tre, musique, parades costum\u00e9es, &#8230; Le samedi, en nocturne, un spectacle pyrotechnique sera suivi d&rsquo;un concert du c\u00e9l\u00e8bre\u00a0<strong>Luc Arbogast<\/strong>.<\/p>\n<h4 style=\"text-align: justify;\">Compagnies m\u00e9di\u00e9vales et artistes<\/h4>\n<p style=\"text-align: justify;\"><em><span style=\"color: #008000;\">La Gueusaille &#8211; Arthus Spectacle &#8211; Fichtre Diantre &#8211; Compagnie Alba &#8211; C\u00e9cile Maillard &#8211; Les Milles Diables &#8211; Le Chant de l&rsquo;Ep\u00e9e &#8211; Lancia di San Michele &#8211; L&rsquo;Ost de Roy &#8211; parc Animalier de Serre Pon\u00e7on &#8211; Ferme itin\u00e9rante du Chaineau &#8211; La Chevauch\u00e9e Des Lices &#8211; Sentu Dugilos Forgeron &#8211; La Mesnie Origlia &#8211; Tinel le Surgien &#8211; Luc Arbogast<\/span><\/em><\/p>\n<p style=\"text-align: center;\"><a href=\"https:\/\/www.medievale-briancon.fr\/\" target=\"_blank\" rel=\"noopener noreferrer\">Site officiel de cette f\u00eate m\u00e9di\u00e9vale<\/a>\u00a0&#8211; <a href=\"https:\/\/www.moyenagepassion.com\/index.php\/2018\/06\/28\/agenda-moyen-age-festif-et-animations-medievales-du-week-end\/\" target=\"_blank\" rel=\"noopener noreferrer\">Mention sur l&rsquo;\u00e9dition 2017<\/a><\/p>\n<hr \/>\n<h3>Les M\u00e9di\u00e9vales de Cl\u00e8res en Renaissance<\/h3>\n<p><strong>Lieu<\/strong>\u00a0: Cl\u00e8res, Seine-Maritime, Normandie<br \/>\n<strong>Dates<\/strong>\u00a0 : les 6 et 7 juillet 2019<\/p>\n<p style=\"text-align: justify;\"><img decoding=\"async\" class=\" wp-image-27590 alignleft\" src=\"https:\/\/www.moyenagepassion.com\/wp-content\/uploads\/2019\/07\/medievales-2019-cleres-normandie-animations-marche-moyen-age-festif.jpg\" alt=\"medievales-2019-cleres-normandie-animations-marche-moyen-age-festif\" width=\"180\" height=\"265\" srcset=\"https:\/\/www.moyenagepassion.com\/wp-content\/uploads\/2019\/07\/medievales-2019-cleres-normandie-animations-marche-moyen-age-festif.jpg 350w, https:\/\/www.moyenagepassion.com\/wp-content\/uploads\/2019\/07\/medievales-2019-cleres-normandie-animations-marche-moyen-age-festif-203x300.jpg 203w\" sizes=\"(max-width: 180px) 100vw, 180px\" \/>A l&rsquo;ombre de son ch\u00e2teau du XVIe si\u00e8cle et de son parc animalier, la 6\u00e8me \u00e9dition de cette m\u00e9di\u00e9vale tirera, cette ann\u00e9e, sa th\u00e9matique du cot\u00e9 de la renaissance, On y croisera, tout de m\u00eame, des compagnies, mesnies et artistes d&rsquo;inspiration m\u00e9di\u00e9vale.\u00a0Au programme, village artisanal et march\u00e9 (40 exposants), campement, danses, musique, banquet, spectacles de fauconnerie, tournoi d&rsquo;archerie et autres surprises.<\/p>\n<h4 style=\"text-align: justify;\">Artistes, troupes et Mesnies de reconstituteurs<\/h4>\n<p style=\"text-align: justify;\"><span style=\"color: #008000;\"><em>Les Gardes de Lys &#8211; La Queste Saint Waast &#8211; Arcamuse &#8211; La Carit\u00e9 de Guingamor &#8211; La Paduana &#8211; Les Gambuzinos &#8211; Passetemps et Gaillardises &#8211; Vol en sc\u00e8ne &#8211; Berge Ancestral &#8211; Compagnie des Armoises &#8211; Il Illo Tempore &#8211; Le Pied \u00e0 l&rsquo;Etrier &#8211; L&rsquo;Ost du Caillerbourg &#8211; Les Compagnons de l&rsquo;Art M\u00e9di\u00e9val &#8211; Les Compagnons duellistes &#8211; Les Forges de le Brume &#8211; Les Lions de Monfort\u00a0<\/em><\/span><\/p>\n<p style=\"text-align: center;\"><a href=\"https:\/\/www.foyercleres.fr\/medievales.html\" target=\"_blank\" rel=\"noopener noreferrer\">Site web de la f\u00eate<\/a> &#8211; <a href=\"https:\/\/www.facebook.com\/fetesmedievalesdecleres\/\" target=\"_blank\" rel=\"noopener noreferrer\">FB de l&rsquo;\u00e9v\u00e9nement<\/a><\/p>\n<hr \/>\n<h3>Spectacle historique au Ch\u00e2teau de la Giraudais<\/h3>\n<p><strong>Lieu<\/strong>\u00a0: M\u00e9zi\u00e8res sur Couesnon,\u00a0Ille-et-Vilaine, Bretagne<br \/>\n<strong>Dates<\/strong>\u00a0 : les 4,5, 6 et 7 juillet 2019<\/p>\n<p style=\"text-align: justify;\"><a href=\"https:\/\/www.moyenagepassion.com\/wp-content\/uploads\/2019\/07\/spectacle-historique-animations-moyen-age-Ch\u00e2teau-de-la-Giraudais-M\u00e9zi\u00e8res-sur-Couesnon-Bretagne.jpg\"><img decoding=\"async\" class=\"alignright wp-image-27585\" src=\"https:\/\/www.moyenagepassion.com\/wp-content\/uploads\/2019\/07\/spectacle-historique-animations-moyen-age-Ch\u00e2teau-de-la-Giraudais-M\u00e9zi\u00e8res-sur-Couesnon-Bretagne.jpg\" alt=\"spectacle-historique-animations-moyen-age-Ch\u00e2teau-de-la-Giraudais-M\u00e9zi\u00e8res-sur-Couesnon-Bretagne\" width=\"180\" height=\"265\" srcset=\"https:\/\/www.moyenagepassion.com\/wp-content\/uploads\/2019\/07\/spectacle-historique-animations-moyen-age-Ch\u00e2teau-de-la-Giraudais-M\u00e9zi\u00e8res-sur-Couesnon-Bretagne.jpg 350w, https:\/\/www.moyenagepassion.com\/wp-content\/uploads\/2019\/07\/spectacle-historique-animations-moyen-age-Ch\u00e2teau-de-la-Giraudais-M\u00e9zi\u00e8res-sur-Couesnon-Bretagne-203x300.jpg 203w\" sizes=\"(max-width: 180px) 100vw, 180px\" \/><\/a>Cr\u00e9e et propos\u00e9\u00a0 par l&rsquo;Association 1488, ce spectacle historique se propose de faire revivre, le temps de quatre repr\u00e9sentations nocturnes,\u00a0 la Bataille de Saint-Aubin du Cormier. En l&rsquo;an 1488. cette derni\u00e8re vit s&rsquo;affronter le duc de Bretagne <strong>Fran\u00e7ois II<\/strong>\u00a0et ses nombreux alli\u00e9s \u00e0 la couronne de France.<\/p>\n<p style=\"text-align: justify;\">Avant le spectacle, s&rsquo;ouvrira un village m\u00e9di\u00e9val anim\u00e9 avec ses artisans, son march\u00e9 et ses reconstituteurs d&rsquo;\u00e9poque. Au menu,\u00a0 d\u00e9monstrations de combats, archerie, musique, fest noz, chants et danses, contes, ateliers sur le th\u00e8me du moyen-\u00e2ge et des temps m\u00e9di\u00e9vaux (arch\u00e9ologie, cuisine, etc&#8230;)<\/p>\n<p style=\"text-align: center;\"><a href=\"https:\/\/spectacle1488.bzh\" target=\"_blank\" rel=\"noopener noreferrer\">Site officiel du spectacle<\/a><\/p>\n<hr \/>\n<h3 style=\"text-align: left;\">Autres animations et r\u00e9jouissances m\u00e9di\u00e9vales<\/h3>\n<table width=\"\u00bb475\u2033\" cellspacing=\"\u00bb0\u2033\" cellpadding=\"\u00bb0\u2033\">\n<tbody>\n<tr>\n<td><a href=\"https:\/\/www.moyenagepassion.com\/wp-content\/uploads\/2019\/07\/animations-compagnies-medievales-La-Roche-Posay-Nouvelle-Aquitaine.jpg\"><img decoding=\"async\" class=\"wp-image-27583 size-full alignnone\" src=\"https:\/\/www.moyenagepassion.com\/wp-content\/uploads\/2019\/07\/animations-compagnies-medievales-La-Roche-Posay-Nouvelle-Aquitaine.jpg\" alt=\"animations-compagnies-medievales--La-Roche-Posay-Nouvelle-Aquitaine\" width=\"350\" height=\"516\" srcset=\"https:\/\/www.moyenagepassion.com\/wp-content\/uploads\/2019\/07\/animations-compagnies-medievales-La-Roche-Posay-Nouvelle-Aquitaine.jpg 350w, https:\/\/www.moyenagepassion.com\/wp-content\/uploads\/2019\/07\/animations-compagnies-medievales-La-Roche-Posay-Nouvelle-Aquitaine-203x300.jpg 203w\" sizes=\"(max-width: 350px) 100vw, 350px\" \/><\/a><\/p>\n<p><strong>Les M\u00e9di\u00e9vales de la Roche-Posay<\/strong><br \/>\n<strong>Lieu<\/strong> : La Roche-Posay, Vienne,<br \/>\nNouvelle-Aquitaine<br \/>\n<strong>Dates<\/strong> :\u00a0 6 et 7 juillet 2019<\/p>\n<p>Spectacles, ateliers, banquet<br \/>\nmusique, campement m\u00e9di\u00e9val&#8230;<br \/>\n<a href=\"https:\/\/www.facebook.com\/coeurchevaleresque\/\" target=\"_blank\" rel=\"noopener noreferrer\">Facebook\u00a0<\/a> &#8211; <a href=\"https:\/\/coeurchevaleresque.wordpress.com\/\" target=\"_blank\" rel=\"noopener noreferrer\">Site de l&rsquo;organisateur<\/a><\/td>\n<td><a href=\"https:\/\/www.moyenagepassion.com\/wp-content\/uploads\/2019\/07\/animations-m\u00e9di\u00e9vales-fete-johannique-Sainte-Catherine-de-Fierbois_Val-de-Loire.jpg\"><img decoding=\"async\" class=\"alignnone wp-image-27586 size-full\" src=\"https:\/\/www.moyenagepassion.com\/wp-content\/uploads\/2019\/07\/animations-m\u00e9di\u00e9vales-fete-johannique-Sainte-Catherine-de-Fierbois_Val-de-Loire.jpg\" alt=\"animations-m\u00e9di\u00e9vales--fete-johannique-Sainte-Catherine-de-Fierbois_Val-de-Loire\" width=\"350\" height=\"516\" srcset=\"https:\/\/www.moyenagepassion.com\/wp-content\/uploads\/2019\/07\/animations-m\u00e9di\u00e9vales-fete-johannique-Sainte-Catherine-de-Fierbois_Val-de-Loire.jpg 350w, https:\/\/www.moyenagepassion.com\/wp-content\/uploads\/2019\/07\/animations-m\u00e9di\u00e9vales-fete-johannique-Sainte-Catherine-de-Fierbois_Val-de-Loire-203x300.jpg 203w\" sizes=\"(max-width: 350px) 100vw, 350px\" \/><\/a><\/p>\n<p><strong>Les F\u00eate de Jeanne d&rsquo;Arc<\/strong><br \/>\n<strong>Lieu<\/strong>\u00a0:\u00a0Sainte Catherine de Fierbois<br \/>\nCentre-Val-de-Loire<br \/>\n<strong>Dates<\/strong>\u00a0:\u00a0 6 et 7 juillet 2019<\/p>\n<p>Reconstitutions, animations,<br \/>\n(<a href=\"https:\/\/www.moyenagepassion.com\/index.php\/2018\/02\/07\/patrick-proust-artiste-et-musicien-multifacette-passionne-dhistoire-ancienne\/\" target=\"_blank\" rel=\"noopener noreferrer\">Patrick Proust<\/a>) march\u00e9 m\u00e9di\u00e9val<br \/>\n<a href=\"https:\/\/lepeedejeannedarc.wordpress.com\/\" target=\"_blank\" rel=\"noopener noreferrer\">Site de l&rsquo;organisateur<\/a><\/td>\n<\/tr>\n<tr>\n<td><a href=\"https:\/\/www.moyenagepassion.com\/wp-content\/uploads\/2019\/07\/tournoi-archerie-medievale-Saint-Julien-Montdenis-savoie-Auvergne-Rh\u00f4ne-Alpes.jpg\"><img decoding=\"async\" class=\"alignnone wp-image-27581 size-full\" src=\"https:\/\/www.moyenagepassion.com\/wp-content\/uploads\/2019\/07\/tournoi-archerie-medievale-Saint-Julien-Montdenis-savoie-Auvergne-Rh\u00f4ne-Alpes.jpg\" alt=\"tournoi-archerie-medievale-Saint-Julien-Montdenis-savoie-Auvergne-Rh\u00f4ne-Alpes\" width=\"350\" height=\"516\" srcset=\"https:\/\/www.moyenagepassion.com\/wp-content\/uploads\/2019\/07\/tournoi-archerie-medievale-Saint-Julien-Montdenis-savoie-Auvergne-Rh\u00f4ne-Alpes.jpg 350w, https:\/\/www.moyenagepassion.com\/wp-content\/uploads\/2019\/07\/tournoi-archerie-medievale-Saint-Julien-Montdenis-savoie-Auvergne-Rh\u00f4ne-Alpes-203x300.jpg 203w\" sizes=\"(max-width: 350px) 100vw, 350px\" \/><\/a><\/p>\n<p><strong>Tournoi d&rsquo;Archerie M\u00e9di\u00e9vale<\/strong><br \/>\n<strong>Lieu<\/strong>\u00a0: Saint-Julien-Montdenis,<br \/>\nSavoie, Auvergne-Rh\u00f4ne-Alpes<br \/>\n<strong>Dates<\/strong>\u00a0:\u00a0 6 et 7 juillet 2019<\/p>\n<p>\u00c9preuves sur 2 jours, march\u00e9<br \/>\nartisanal, banquet le samedi<\/p>\n<p><a href=\"https:\/\/www.facebook.com\/events\/tournoi-darcherie-%C3%A0-montdenis\/1735782703416362\/\" target=\"_blank\" rel=\"noopener noreferrer\">Facebook\u00a0<\/a>\u00a0&#8211;\u00a0<a href=\"http:\/\/lescoucous73.canalblog.com\/\" target=\"_blank\" rel=\"noopener noreferrer\">Site de l&rsquo;organisateur<\/a><\/td>\n<td><a href=\"https:\/\/www.moyenagepassion.com\/wp-content\/uploads\/2019\/07\/medievales-2019-Nemours-animations-marche-Seine-et-Marne-\u00cele-de-France.jpg\"><img decoding=\"async\" class=\"alignnone wp-image-27588 size-full\" src=\"https:\/\/www.moyenagepassion.com\/wp-content\/uploads\/2019\/07\/medievales-2019-Nemours-animations-marche-Seine-et-Marne-\u00cele-de-France.jpg\" alt=\"medievales-2019-Nemours-animations-marche-Seine-et-Marne-\u00cele-de-France\" width=\"350\" height=\"516\" srcset=\"https:\/\/www.moyenagepassion.com\/wp-content\/uploads\/2019\/07\/medievales-2019-Nemours-animations-marche-Seine-et-Marne-\u00cele-de-France.jpg 350w, https:\/\/www.moyenagepassion.com\/wp-content\/uploads\/2019\/07\/medievales-2019-Nemours-animations-marche-Seine-et-Marne-\u00cele-de-France-203x300.jpg 203w\" sizes=\"(max-width: 350px) 100vw, 350px\" \/><\/a><\/p>\n<p><strong>Nemous m\u00e9di\u00e9vales\u00a02019<\/strong><br \/>\n<strong>Lieu<\/strong>\u00a0:\u00a0Nemours, Seine-et-Marne<br \/>\n\u00cele-de-France.<br \/>\n<strong>Dates<\/strong>\u00a0:\u00a0 6 et 7 juillet 2019<\/p>\n<p>Troupes et campement<br \/>\nm\u00e9di\u00e9val, animations, march\u00e9<\/p>\n<p><a href=\"https:\/\/www.facebook.com\/events\/ville-nemours\/9e-f%C3%AAte-m%C3%A9di%C3%A9vale-de-nemours\/1065834536957413\/\" target=\"_blank\" rel=\"noopener noreferrer\">Facebook\u00a0<\/a>\u00a0&#8211;\u00a0<a href=\"https:\/\/www.nemours-medieval.fr\/\" target=\"_blank\" rel=\"noopener noreferrer\">Site officiel<\/a><\/td>\n<\/tr>\n<tr>\n<td><a href=\"https:\/\/www.moyenagepassion.com\/wp-content\/uploads\/2019\/07\/animations-medievale-marche-Chateau-de-Pomboz-Saint-Pierre-de-Curtille-Savoie-Auvergne-Rh\u00f4ne-Alpes.jpg\"><img decoding=\"async\" class=\"alignnone wp-image-27582 size-full\" src=\"https:\/\/www.moyenagepassion.com\/wp-content\/uploads\/2019\/07\/animations-medievale-marche-Chateau-de-Pomboz-Saint-Pierre-de-Curtille-Savoie-Auvergne-Rh\u00f4ne-Alpes.jpg\" alt=\"animations-medievale-marche-Chateau-de-Pomboz-Saint-Pierre-de-Curtille-Savoie-Auvergne-Rh\u00f4ne-Alpes\" width=\"350\" height=\"516\" srcset=\"https:\/\/www.moyenagepassion.com\/wp-content\/uploads\/2019\/07\/animations-medievale-marche-Chateau-de-Pomboz-Saint-Pierre-de-Curtille-Savoie-Auvergne-Rh\u00f4ne-Alpes.jpg 350w, https:\/\/www.moyenagepassion.com\/wp-content\/uploads\/2019\/07\/animations-medievale-marche-Chateau-de-Pomboz-Saint-Pierre-de-Curtille-Savoie-Auvergne-Rh\u00f4ne-Alpes-203x300.jpg 203w\" sizes=\"(max-width: 350px) 100vw, 350px\" \/><\/a><\/p>\n<p><strong>M\u00e9di\u00e9vale du Chateau de Pomboz<\/strong><br \/>\n<strong>Lieu<\/strong>\u00a0:\u00a0Saint Pierre de Curtille,<br \/>\nSavoie, Auvergne-Rh\u00f4ne-Alpes<br \/>\n<strong>Dates<\/strong>\u00a0:\u00a0 6 et 7 juillet 2019<\/p>\n<p>Animations avec la Cie<br \/>\nBriselame, march\u00e9 m\u00e9di\u00e9val<br \/>\n<a href=\"https:\/\/www.facebook.com\/events\/saint-pierre-de-curtille-rhone-alpes-france\/f%C3%AAte-m%C3%A9di%C3%A9vale-de-saint-pierre-de-curtille\/926293067405429\/\" target=\"_blank\" rel=\"noopener noreferrer\">\u00a0Facebook<\/a> &#8211;\u00a0<a href=\"https:\/\/www.compagnie-briselame.fr\/agenda\/11eme-medievales-chateau-de-pomboz\/\" target=\"_blank\" rel=\"noopener noreferrer\">Site de l&rsquo;organisateur<\/a><\/td>\n<td><a href=\"https:\/\/www.moyenagepassion.com\/wp-content\/uploads\/2019\/07\/medievale-saint-omer-2019-marche-animation-medieval-fantastique-Hauts-de-France.jpg\"><img decoding=\"async\" class=\"alignnone wp-image-27584 size-full\" src=\"https:\/\/www.moyenagepassion.com\/wp-content\/uploads\/2019\/07\/medievale-saint-omer-2019-marche-animation-medieval-fantastique-Hauts-de-France.jpg\" alt=\"medievale-saint-omer-2019-marche-animation-medieval-fantastique-Hauts-de-France\" width=\"350\" height=\"516\" srcset=\"https:\/\/www.moyenagepassion.com\/wp-content\/uploads\/2019\/07\/medievale-saint-omer-2019-marche-animation-medieval-fantastique-Hauts-de-France.jpg 350w, https:\/\/www.moyenagepassion.com\/wp-content\/uploads\/2019\/07\/medievale-saint-omer-2019-marche-animation-medieval-fantastique-Hauts-de-France-203x300.jpg 203w\" sizes=\"(max-width: 350px) 100vw, 350px\" \/><\/a><\/p>\n<p><strong>Les 5e M\u00e9di\u00e9vale de Saint-Omer<\/strong><br \/>\n<strong>Lieu<\/strong>\u00a0: St-Omer, Pas-de-Calais,<br \/>\nHauts-de-France<br \/>\n<strong>Dates<\/strong>\u00a0:\u00a0 6 et 7 juillet 2019<\/p>\n<p>f\u00eate m\u00e9di\u00e9val-fantastique<br \/>\nDruides, devins et sortil\u00e8ges\u201d<br \/>\n<a href=\"https:\/\/www.facebook.com\/events\/1244167852424387\/\" target=\"_blank\" rel=\"noopener noreferrer\">\u00a0Facebook<\/a>\u00a0&#8211; <a href=\"https:\/\/www.moyenagepassion.com\/index.php\/2018\/06\/28\/agenda-moyen-age-festif-et-animations-medievales-du-week-end\/\" target=\"_blank\" rel=\"noopener noreferrer\">Mention 2018<\/a><\/td>\n<\/tr>\n<tr>\n<td><a href=\"https:\/\/www.moyenagepassion.com\/wp-content\/uploads\/2019\/07\/animations-medievales-2019-Saint-Germer-de-Fly-Oise-Hauts-de-France.jpg\"><img decoding=\"async\" class=\"alignnone size-full wp-image-27601\" src=\"https:\/\/www.moyenagepassion.com\/wp-content\/uploads\/2019\/07\/animations-medievales-2019-Saint-Germer-de-Fly-Oise-Hauts-de-France.jpg\" alt=\"animations-medievales-2019-Saint-Germer-de-Fly-Oise-Hauts-de-France\" width=\"350\" height=\"516\" srcset=\"https:\/\/www.moyenagepassion.com\/wp-content\/uploads\/2019\/07\/animations-medievales-2019-Saint-Germer-de-Fly-Oise-Hauts-de-France.jpg 350w, https:\/\/www.moyenagepassion.com\/wp-content\/uploads\/2019\/07\/animations-medievales-2019-Saint-Germer-de-Fly-Oise-Hauts-de-France-203x300.jpg 203w\" sizes=\"(max-width: 350px) 100vw, 350px\" \/><\/a><\/p>\n<p><strong>M\u00e9di\u00e9vale de Saint Germer de Fly<\/strong><br \/>\n<strong>Lieu<\/strong>\u00a0: Saint Germer de Fly,<br \/>\nOise, Hauts-de-France<br \/>\n<strong>Dates<\/strong>\u00a0:\u00a0 6 et 7 juillet 2019<\/p>\n<p>1\u00e8re \u00e9dition, animations,<br \/>\nmarch\u00e9 campement,\u00a0ateliers,,&#8230;<br \/>\n<a href=\"http:\/\/www.mairie-st-germer.fr\/vie-communale\/manisfestations-communales.html\" target=\"_blank\" rel=\"noopener noreferrer\">\u00a0Site de l&rsquo;organisateur<\/a><\/td>\n<td><a href=\"https:\/\/www.moyenagepassion.com\/wp-content\/uploads\/2019\/07\/animations-medievales-montrichard-Centre-Val-de-Loire.jpg\"><img decoding=\"async\" class=\"alignnone size-full wp-image-27600\" src=\"https:\/\/www.moyenagepassion.com\/wp-content\/uploads\/2019\/07\/animations-medievales-montrichard-Centre-Val-de-Loire.jpg\" alt=\"animations-medievales-montrichard-Centre-Val-de-Loire\" width=\"350\" height=\"516\" srcset=\"https:\/\/www.moyenagepassion.com\/wp-content\/uploads\/2019\/07\/animations-medievales-montrichard-Centre-Val-de-Loire.jpg 350w, https:\/\/www.moyenagepassion.com\/wp-content\/uploads\/2019\/07\/animations-medievales-montrichard-Centre-Val-de-Loire-203x300.jpg 203w\" sizes=\"(max-width: 350px) 100vw, 350px\" \/><\/a><\/p>\n<p><strong>March\u00e9 M\u00e9di\u00e9val de Montrichard<br \/>\n<\/strong><strong>Lieu<\/strong>\u00a0: Montrichard, Loir-et-Cher<br \/>\nCentre-Val de Loire<br \/>\n<strong>Dates<\/strong>\u00a0:\u00a0 6 et 7 juillet 2019<\/p>\n<p>March\u00e9\u00a0m\u00e9di\u00e9val\u00a0anim\u00e9,<br \/>\nmusiciens et troupes m\u00e9di\u00e9vales<br \/>\n<a href=\"https:\/\/www.facebook.com\/events\/448961532174668\/\" target=\"_blank\" rel=\"noopener noreferrer\">\u00a0Facebook de l&rsquo;\u00e9v\u00e9nement<\/a><\/td>\n<\/tr>\n<\/tbody>\n<\/table>\n<p>En vous souhaitant un excellent week end.<\/p>\n<p>Fr\u00e9d\u00e9ric EFFE.<br \/>\nPour moyenagepassion.com<br \/>\n<em>A la d\u00e9couverte du Monde m\u00e9di\u00e9val sous toutes ses formes.<\/em><\/p>\n","protected":false},"excerpt":{"rendered":"<p>Sujet\u00a0:\u00a0 f\u00eates m\u00e9di\u00e9vales,\u00a0 animations, compagnies m\u00e9di\u00e9vales,\u00a0 moyen-\u00e2ge festif,\u00a0 march\u00e9 m\u00e9di\u00e9val Lieu\u00a0: Auvergne-Rh\u00f4ne-Alpes, Hauts-de-France, Nouvelle-Aquitaine, Val-de-Loire, Bretagne, Normandie Ev\u00e9nement:\u00a0M\u00e9di\u00e9vales d\u2019ici et d\u2019ailleurs Dates: du 5 au\u00a07 \u00a0juillet\u00a02019 Bonjour \u00e0 tous, a saison des animations m\u00e9di\u00e9vales bat son plein et cette fin de semaine, les amateurs du genre n&rsquo;auront que l&#8217;embarras du choix. Voici une s\u00e9lection de &hellip; <a href=\"https:\/\/www.moyenagepassion.com\/index.php\/2019\/07\/03\/agenda-du-5-au-7-juillet-animations-medievales-du-week-end-lembarras-du-choix\/\" class=\"more-link\">Continuer la lecture de <span class=\"screen-reader-text\">Agenda du 5 au 7 juillet : animations m\u00e9di\u00e9vales du week-end, l&#8217;embarras du choix<\/span>  <span class=\"meta-nav\">&rarr;<\/span><\/a><\/p>\n","protected":false},"author":2,"featured_media":0,"comment_status":"open","ping_status":"open","sticky":false,"template":"","format":"standard","meta":{"_monsterinsights_skip_tracking":false,"_monsterinsights_sitenote_active":false,"_monsterinsights_sitenote_note":"","_monsterinsights_sitenote_category":0,"footnotes":""},"categories":[11],"tags":[1780,3794,928,742,4603,2840,4602,4605,4604,212,3827,636,1227,3063,681,2757,1833],"class_list":["post-27575","post","type-post","status-publish","format-standard","hentry","category-fetes-medievales-evenement","tag-animations","tag-auvergne-rhone-alpes","tag-bayeux","tag-bretagne","tag-briancon","tag-campements-medievaux","tag-chateau-de-blanc-buisson","tag-chateau-de-la-giraudais","tag-cleres","tag-compagnies-medievales","tag-marche-artisanal","tag-marche-medieval","tag-medievales","tag-moyen-age-festif","tag-normandie","tag-reconstituteurs","tag-spectacles-historiques"],"aioseo_notices":[],"_links":{"self":[{"href":"https:\/\/www.moyenagepassion.com\/index.php\/wp-json\/wp\/v2\/posts\/27575"}],"collection":[{"href":"https:\/\/www.moyenagepassion.com\/index.php\/wp-json\/wp\/v2\/posts"}],"about":[{"href":"https:\/\/www.moyenagepassion.com\/index.php\/wp-json\/wp\/v2\/types\/post"}],"author":[{"embeddable":true,"href":"https:\/\/www.moyenagepassion.com\/index.php\/wp-json\/wp\/v2\/users\/2"}],"replies":[{"embeddable":true,"href":"https:\/\/www.moyenagepassion.com\/index.php\/wp-json\/wp\/v2\/comments?post=27575"}],"version-history":[{"count":1,"href":"https:\/\/www.moyenagepassion.com\/index.php\/wp-json\/wp\/v2\/posts\/27575\/revisions"}],"predecessor-version":[{"id":34710,"href":"https:\/\/www.moyenagepassion.com\/index.php\/wp-json\/wp\/v2\/posts\/27575\/revisions\/34710"}],"wp:attachment":[{"href":"https:\/\/www.moyenagepassion.com\/index.php\/wp-json\/wp\/v2\/media?parent=27575"}],"wp:term":[{"taxonomy":"category","embeddable":true,"href":"https:\/\/www.moyenagepassion.com\/index.php\/wp-json\/wp\/v2\/categories?post=27575"},{"taxonomy":"post_tag","embeddable":true,"href":"https:\/\/www.moyenagepassion.com\/index.php\/wp-json\/wp\/v2\/tags?post=27575"}],"curies":[{"name":"wp","href":"https:\/\/api.w.org\/{rel}","templated":true}]}}