{"id":27765,"date":"2019-07-24T04:08:25","date_gmt":"2019-07-24T03:08:25","guid":{"rendered":"https:\/\/www.moyenagepassion.com\/?p=27765"},"modified":"2020-10-04T23:54:14","modified_gmt":"2020-10-04T22:54:14","slug":"agenda-des-animations-medievales-du-27-juillet-au-31-juillet-2019","status":"publish","type":"post","link":"https:\/\/www.moyenagepassion.com\/index.php\/2019\/07\/24\/agenda-des-animations-medievales-du-27-juillet-au-31-juillet-2019\/","title":{"rendered":"Agenda des animations M\u00e9di\u00e9vales du 27 juillet au 31 Juillet 2019"},"content":{"rendered":"<div id=\"moyen-3383097639\" class=\"moyen-before-content moyen-entity-placement\"><script async src=\"\/\/pagead2.googlesyndication.com\/pagead\/js\/adsbygoogle.js?client=ca-pub-3035390706780632\" crossorigin=\"anonymous\"><\/script><ins class=\"adsbygoogle\" style=\"display:block;\" data-ad-client=\"ca-pub-3035390706780632\" \ndata-ad-slot=\"\" \ndata-ad-format=\"auto\"><\/ins>\n<script> \n(adsbygoogle = window.adsbygoogle || []).push({}); \n<\/script>\n<\/div><header class=\"entry-header\">\n<h1 class=\"entry-title\"><strong><a href=\"https:\/\/www.moyenagepassion.com\/wp-content\/uploads\/2018\/07\/agenda_fetes_festival_animations_medievales_moyen-age_festif.jpg\"><img decoding=\"async\" class=\"alignleft wp-image-22638\" src=\"https:\/\/www.moyenagepassion.com\/wp-content\/uploads\/2018\/07\/agenda_fetes_festival_animations_medievales_moyen-age_festif.jpg\" alt=\"agenda_fetes_festival_animations_medievales_moyen-age_festif\" width=\"102\" height=\"172\" srcset=\"https:\/\/www.moyenagepassion.com\/wp-content\/uploads\/2018\/07\/agenda_fetes_festival_animations_medievales_moyen-age_festif.jpg 332w, https:\/\/www.moyenagepassion.com\/wp-content\/uploads\/2018\/07\/agenda_fetes_festival_animations_medievales_moyen-age_festif-178x300.jpg 178w\" sizes=\"(max-width: 102px) 100vw, 102px\" \/><\/a><\/strong><\/h1>\n<\/header>\n<div class=\"entry-content\">\n<p><strong>Sujet<\/strong>\u00a0:\u00a0 f\u00eates,\u00a0 animations, compagnies m\u00e9di\u00e9vales,\u00a0 moyen-\u00e2ge festif,\u00a0 march\u00e9 m\u00e9di\u00e9val.<br \/>\n<strong>Lieu<\/strong>\u00a0: Normandie, Auvergne-Rh\u00f4ne-Alpes, Occitanie, Nouvelle-Aquitaine, Provence-Alpes-C\u00f4te d\u2019Azur, Bretagne<br \/>\n<strong>Ev\u00e9nement<\/strong><strong>:\u00a0<em>M\u00e9di\u00e9vales d\u2019ici et d\u2019ailleurs<\/em><\/strong><br \/>\n<strong>Dates<\/strong>: du\u00a026 au 31\u00a0 juillet\u00a02019<\/p>\n<\/div>\n<p>Bonjour \u00e0 tous,<\/p>\n<p style=\"text-align: justify;\"><img decoding=\"async\" class=\"alignleft size-full wp-image-24221\" src=\"https:\/\/www.moyenagepassion.com\/wp-content\/uploads\/2015\/12\/A_lettrine_moyen_age_passion1.jpg\" alt=\"A_lettrine_moyen_age_passion\" width=\"84\" height=\"103\" \/>pr\u00e8s un article tout entier d\u00e9di\u00e9 au <a href=\"https:\/\/www.moyenagepassion.com\/index.php\/2019\/07\/23\/ce-week-end-lancement-de-la-26e-edition-du-festival-des-troubadours-et-saltimbanques-de-souvigny\/\" target=\"_blank\" rel=\"noopener noreferrer\">26\u00e8me estival des Troubadours et Saltimbanques de Souvigny<\/a>, voici une s\u00e9lection compl\u00e9mentaires de f\u00eates et d&rsquo;animations m\u00e9di\u00e9vales, pour cette fin de semaine.<\/p>\n<hr \/>\n<h3>Les M\u00e9di\u00e9vales d&rsquo;Entrevaux<\/h3>\n<p><strong>Lieu<\/strong> :\u00a0Entrevaux, Alpes-de-Haute-Provence, PACA<br \/>\n<strong>Dates<\/strong> : les 27 et 28 juillet 2019<\/p>\n<p style=\"text-align: justify;\"><a href=\"https:\/\/www.moyenagepassion.com\/wp-content\/uploads\/2019\/07\/medievales-entrevaux-2019-Haute-Provence-Provence-Alpes-Cote-Azur.jpg\"><img decoding=\"async\" class=\"alignleft wp-image-27773\" src=\"https:\/\/www.moyenagepassion.com\/wp-content\/uploads\/2019\/07\/medievales-entrevaux-2019-Haute-Provence-Provence-Alpes-Cote-Azur.jpg\" alt=\"medievales-entrevaux-2019-Haute-Provence-Provence-Alpes-Cote-Azur\" width=\"180\" height=\"265\" srcset=\"https:\/\/www.moyenagepassion.com\/wp-content\/uploads\/2019\/07\/medievales-entrevaux-2019-Haute-Provence-Provence-Alpes-Cote-Azur.jpg 350w, https:\/\/www.moyenagepassion.com\/wp-content\/uploads\/2019\/07\/medievales-entrevaux-2019-Haute-Provence-Provence-Alpes-Cote-Azur-203x300.jpg 203w\" sizes=\"(max-width: 180px) 100vw, 180px\" \/><\/a>Au programme de ces M\u00e9di\u00e9vales, animations continues tout le week- end, tournois de chevalerie, parades costum\u00e9es, ateliers de vieux m\u00e9tiers, grand campement m\u00e9di\u00e9val,\u00a0march\u00e9 en musique et une belle liste d&rsquo;invit\u00e9s.<\/p>\n<p><strong>Compagnies m\u00e9di\u00e9vales attendues<\/strong><\/p>\n<p style=\"text-align: justify;\"><span style=\"color: #008000;\"><em>La Terra de Miramiris &#8211; Zoolians &#8211; La Guilde de la Grenouille &#8211; Les Chevaliers de la Garde &#8211; L&rsquo;Ost des temps jadis &#8211; Les Filles de Ga\u00efa &#8211; La Cie Les Pies &#8211; Les Blancs chevaliers du Biot &#8211; Les Serres de Fer &#8211; Atelier Vocal Meti Son &#8211; La Garde d&rsquo;Entrevaux -Equid Event &#8211; Fa\u00ebnor Clan Cie &#8211; Jeux d&rsquo;Autrefois &#8211; La Chevauch\u00e9e des Lices &#8211; Tartaruga &#8211; Les Noiseux d&rsquo;Orcanie &#8211; Riberty Family &#8211; Cie du Bor des Monde &#8211; Cie Gaspard et les Siens &#8211; Cie Aragorn &#8211; Artpyroconcept &#8211; Les Archers M\u00e9di\u00e9vaux de Malvan &#8211; Le Chant de l&rsquo;\u00e9p\u00e9e &#8211; Le Lunantroll- La petite faucheuse<\/em><\/span><\/p>\n<p style=\"text-align: center;\"><a href=\"https:\/\/www.entrevaux-evenements.com\/m%C3%A9di%C3%A9vales\/\" target=\"_blank\" rel=\"noopener noreferrer\">Site web de l&rsquo;organisateur<\/a><\/p>\n<hr \/>\n<h3>Village et March\u00e9 viking et Normand<br \/>\n\u00e0 la\u00a0Lucerne d&rsquo;Outremer<\/h3>\n<p><strong>Lieu<\/strong> :\u00a0Abbaye de la Lucerne-d&rsquo;Outremer,\u00a0Manche, Normandie<br \/>\n<strong>Dates<\/strong> : les 27 et\u00a028 juillet 2019<\/p>\n<p style=\"text-align: justify;\"><a href=\"https:\/\/www.moyenagepassion.com\/wp-content\/uploads\/2019\/07\/animations-medievales-monde-viking-Abbaye-Lucerne-Outremer-Normandie.jpg\"><img decoding=\"async\" class=\"wp-image-27771 alignright\" src=\"https:\/\/www.moyenagepassion.com\/wp-content\/uploads\/2019\/07\/animations-medievales-monde-viking-Abbaye-Lucerne-Outremer-Normandie.jpg\" alt=\"animations-medievales-monde-viking-Abbaye-Lucerne-Outremer-Normandie\" width=\"171\" height=\"287\" srcset=\"https:\/\/www.moyenagepassion.com\/wp-content\/uploads\/2019\/07\/animations-medievales-monde-viking-Abbaye-Lucerne-Outremer-Normandie.jpg 250w, https:\/\/www.moyenagepassion.com\/wp-content\/uploads\/2019\/07\/animations-medievales-monde-viking-Abbaye-Lucerne-Outremer-Normandie-179x300.jpg 179w\" sizes=\"(max-width: 171px) 100vw, 171px\" \/><\/a>Il s&rsquo;agira de la 5\u00e8me \u00e9dition de ces animations m\u00e9di\u00e9vales et viking, en c\u00e9l\u00e9bration de la Saint-Olaf. Au programme, march\u00e9, campement viking avec combats, spectacles et prestations \u00e9questres mais aussi d\u00e9monstration d&rsquo;artisanat et reconstituteurs prompts\u00a0 \u00e0 vous faire partager leur passion pour les mondes vikings et pour cette p\u00e9riode de l&rsquo;Histoire. Des conf\u00e9rences sont \u00e9galement pr\u00e9vues sur le m\u00eame th\u00e8me.<\/p>\n<p style=\"text-align: justify;\"><strong>Compagnies\u00a0attendues <\/strong>: <span style=\"color: #008000;\"><em>Clan Kjarrborg &#8211;\u00a0Les Cavaliers Nordiques<\/em><\/span><\/p>\n<p style=\"text-align: center;\"><a href=\"http:\/\/www.abbaye-lucerne.fr\/\" target=\"_blank\" rel=\"noopener noreferrer\">Voir le programme d\u00e9taill\u00e9 sur le site web de l&rsquo;abbaye<\/a><\/p>\n<hr \/>\n<h3 style=\"text-align: left;\">La F\u00eate Historique de Leuc<\/h3>\n<p style=\"text-align: left;\"><strong>Lieu<\/strong> : Leuc, Aude, Occitanie<br \/>\n<strong>Dates<\/strong> : les 27 et 28 juillet 2019<\/p>\n<p style=\"text-align: justify;\"><a href=\"https:\/\/www.moyenagepassion.com\/wp-content\/uploads\/2019\/07\/fete-historique-medievales-de-Leuc-Aude-Occitanie-Mesnies-des-Carcasses.jpg\"><img decoding=\"async\" class=\"wp-image-27767 alignleft\" src=\"https:\/\/www.moyenagepassion.com\/wp-content\/uploads\/2019\/07\/fete-historique-medievales-de-Leuc-Aude-Occitanie-Mesnies-des-Carcasses.jpg\" alt=\"fete-historique-medievales-de-Leuc-Aude-Occitanie-Mesnies-des-Carcasses\" width=\"181\" height=\"267\" srcset=\"https:\/\/www.moyenagepassion.com\/wp-content\/uploads\/2019\/07\/fete-historique-medievales-de-Leuc-Aude-Occitanie-Mesnies-des-Carcasses.jpg 350w, https:\/\/www.moyenagepassion.com\/wp-content\/uploads\/2019\/07\/fete-historique-medievales-de-Leuc-Aude-Occitanie-Mesnies-des-Carcasses-203x300.jpg 203w\" sizes=\"(max-width: 181px) 100vw, 181px\" \/><\/a>A quelques lieues de Carcassonne, il s&rsquo;agira de la 8eme \u00e9dition de cette f\u00eate m\u00e9di\u00e9vale. A tout seigneur, tout honneur, elle est organis\u00e9e par une association de v\u00e9ritables passionn\u00e9s, <em><strong>La Mesnie du Carcass\u00e8s\u00a0<\/strong><\/em>et l&rsquo;on pourra y croiser un bon nombre de compagnies m\u00e9di\u00e9vales. Au programme,\u00a0tournois et combats, campements, ateliers de m\u00e9tier d&rsquo;antan. avec un bal multi-\u00e9poque le samedi soir.<\/p>\n<p style=\"text-align: justify;\"><strong>Compagnies m\u00e9di\u00e9vales &amp; reconstituteurs attendus (hors artisans)<br \/>\n<\/strong><br \/>\n<span style=\"color: #008000;\"><em>Batsarrors &#8211; La Confr\u00e9rie des Crois\u00e9s &#8211; La hanse du loup des steppes &#8211; Les Becuts de Gascogne &#8211; Les Estuves de dame Guillaumette &#8211; Maistre Michel et sa dame &#8211; La Compagnie du Chevalier d\u2019Algues &#8211; Les Corvus Forezis &#8211; Les Saigneurs de guerre &#8211; Les B\u00e2tards d\u2019Occitanie &#8211; La Compagnie Trencavel &#8211; La Garde du Roussillon &#8211; L&rsquo;Archerie du Serpent &#8211; La Hanse du Loup des Steppes -La Mesnies des Carcass\u00e8s<\/em><\/span><\/p>\n<p style=\"text-align: center;\"><a href=\"https:\/\/www.facebook.com\/events\/2243039769357179\/\" target=\"_blank\" rel=\"noopener noreferrer\">Voir le Facebook de l&rsquo;\u00e9v\u00e9nement<\/a><\/p>\n<hr \/>\n<h3>La 3\u00e8me \u00e9dition des M\u00e9di\u00e9vales\u00a0Montcuquoises<\/h3>\n<p><strong>Lieu<\/strong> : Montcuq, Lot, Occitanie<br \/>\n<strong>Dates<\/strong> : les\u00a0 26, 27 et 28 juillet 2019<\/p>\n<p style=\"text-align: justify;\"><a href=\"https:\/\/www.moyenagepassion.com\/wp-content\/uploads\/2019\/07\/medievales-2019-montcuq-Lot-Occitanie.jpg\"><img decoding=\"async\" class=\"wp-image-27780 alignright\" src=\"https:\/\/www.moyenagepassion.com\/wp-content\/uploads\/2019\/07\/medievales-2019-montcuq-Lot-Occitanie.jpg\" alt=\"medievales-2019--montcuq-Lot-Occitanie\" width=\"155\" height=\"229\" \/><\/a>C&rsquo;est la 3\u00e8me \u00e9dition de ces m\u00e9di\u00e9vales. L&rsquo;ouverture de la f\u00eate se fera d\u00e8s le vendredi soir par des concerts vari\u00e9s. Suivront, tout du long week end, diverses animations m\u00e9di\u00e9vales\u00a0: campements d&rsquo;\u00e9poque, parades, musique, march\u00e9 artisanal. Spectacle de feu et concerts nocturnes, le samedi.<\/p>\n<p><strong>Compagnies m\u00e9di\u00e9vales\u00a0&amp; artistes\u00a0 :\u00a0<\/strong><span style=\"color: #008000;\"><em>Les Effiloches &#8211; Les Compagnons du Gras Jambon &#8211; Le ch\u00eane Ardent &#8211; Les Angelina &#8211; Les Tanneurs du Drac<\/em><\/span><\/p>\n<p style=\"text-align: center;\"><span style=\"color: #008000;\"><a style=\"color: #008000;\" href=\"https:\/\/www.facebook.com\/groups\/1769394379988219\/\" target=\"_blank\" rel=\"noopener noreferrer\">Facebook de l&rsquo;organisateur<\/a><\/span><\/p>\n<hr \/>\n<h3>Les M\u00e9di\u00e9vales de Monpazier<\/h3>\n<p><strong>Lieu<\/strong> : Monpazier, Dordogne, Nouvelle-Aquitaine<br \/>\n<strong>Dates<\/strong> : les 27 et 28 juillet 2019<\/p>\n<p style=\"text-align: justify;\"><a href=\"https:\/\/www.moyenagepassion.com\/wp-content\/uploads\/2019\/07\/les-medievales-de-Monpazier-2019-Nouvelle-Aquitaine-reconstitutions-historiques-animations.jpg\"><img decoding=\"async\" class=\"wp-image-27769 alignleft\" src=\"https:\/\/www.moyenagepassion.com\/wp-content\/uploads\/2019\/07\/les-medievales-de-Monpazier-2019-Nouvelle-Aquitaine-reconstitutions-historiques-animations.jpg\" alt=\"les-medievales-de-Monpazier-2019-Nouvelle-Aquitaine-reconstitutions-historiques-animations\" width=\"180\" height=\"265\" srcset=\"https:\/\/www.moyenagepassion.com\/wp-content\/uploads\/2019\/07\/les-medievales-de-Monpazier-2019-Nouvelle-Aquitaine-reconstitutions-historiques-animations.jpg 350w, https:\/\/www.moyenagepassion.com\/wp-content\/uploads\/2019\/07\/les-medievales-de-Monpazier-2019-Nouvelle-Aquitaine-reconstitutions-historiques-animations-203x300.jpg 203w\" sizes=\"(max-width: 180px) 100vw, 180px\" \/><\/a>Une belle c\u00e9l\u00e9bration du Moyen-\u00e2ge vous attend, ce week end,\u00a0 dans cette bastide du XIIIe si\u00e8cle, au coeur du P\u00e9rigord noir.\u00a0Au programme des r\u00e9jouissances, parades en costume, musique,\u00a0 sc\u00e9nettes, campement viking des XIVe et XVe si\u00e8cle, combats en armure, archerie, fauconnerie et spectacles animaliers, spectacle de feu, ateliers d&rsquo;\u00e9poque et march\u00e9 m\u00e9di\u00e9val.<\/p>\n<p><a href=\"https:\/\/www.facebook.com\/pages\/category\/Landmark---Historical-Place\/la-m%C3%A9di%C3%A9vale-de-Monpazier-24-196645617049536\/\" target=\"_blank\" rel=\"noopener noreferrer\">FB de l&rsquo;\u00e9v\u00e9nement<\/a>\u00a0&#8211; <a href=\"https:\/\/www.moyenagepassion.com\/index.php\/2018\/07\/26\/digest-week-end-animations-fetes-medievales-et-moyen-age-festif-a-travers-la-france\/\" target=\"_blank\" rel=\"noopener noreferrer\">Edition 2018<\/a><\/p>\n<hr \/>\n<h3>Les Nocturnes M\u00e9di\u00e9vales de La Garde<\/h3>\n<p><strong>Lieu<\/strong> : La Garde,\u00a0Var, Provence-Alpes-C\u00f4te d&rsquo;Azur<br \/>\n<strong>Dates<\/strong> : du Mercredi 31 juillet au Dimanche 4 ao\u00fbt 2019<\/p>\n<p style=\"text-align: justify;\"><a href=\"https:\/\/www.moyenagepassion.com\/wp-content\/uploads\/2019\/07\/animations-fetes-medievales-nocturne-la-garde-2019-Provence-Alpes-Cote-Azur.jpg\"><img decoding=\"async\" class=\"wp-image-27774 alignright\" src=\"https:\/\/www.moyenagepassion.com\/wp-content\/uploads\/2019\/07\/animations-fetes-medievales-nocturne-la-garde-2019-Provence-Alpes-Cote-Azur.jpg\" alt=\"animations-fetes-medievales-nocturne-la-garde-2019-Provence-Alpes-Cote-Azur\" width=\"180\" height=\"265\" srcset=\"https:\/\/www.moyenagepassion.com\/wp-content\/uploads\/2019\/07\/animations-fetes-medievales-nocturne-la-garde-2019-Provence-Alpes-Cote-Azur.jpg 350w, https:\/\/www.moyenagepassion.com\/wp-content\/uploads\/2019\/07\/animations-fetes-medievales-nocturne-la-garde-2019-Provence-Alpes-Cote-Azur-203x300.jpg 203w\" sizes=\"(max-width: 180px) 100vw, 180px\" \/><\/a>Avec un peu d&rsquo;avance, voici le d\u00e9tail des Nocturnes m\u00e9di\u00e9vales de la Cit\u00e9 de la Garde qui d\u00e9buteront en milieu de semaine prochaine. Au programme, spectacles \u00e9questres, campements (sarrasins, gueux, routiers du XIVe), musique et danses m\u00e9di\u00e9vales, th\u00e9\u00e2tre et spectacles burlesques, ateliers de m\u00e9tiers du\u00a0Moyen-Age. Egalement, processions, jeux de r\u00f4le,\u00a0jeux g\u00e9ants, ferme ancienne, et march\u00e9 \u00ab\u00a0librement inspir\u00e9 du monde m\u00e9di\u00e9val\u00a0\u00bb.<\/p>\n<p style=\"text-align: justify;\"><strong>Compagnies m\u00e9di\u00e9vales :\u00a0<\/strong><span style=\"color: #008000;\"><em>Art Culture &#8211; Chor\u00e9ole &#8211; Pipe Band Breizh Berry &#8211; Jehan Serian &#8211; Dame Ingrassia &#8211; Danseur de Tanours &#8211; Celtic Kanan &#8211; Cie Zouak &#8211; Cie Les Sables d&rsquo;Or &#8211; Les Graaleurs &#8211; Cie Th\u00e9\u00e2tral IL, Artisans de la Vieille Garde, Association Morescarole &#8211; Le Camp des R\u00eaves &#8211; Cie Medio Evo &#8211; Luna Rossa &#8211; Cie Entre Ciel et Terre &#8211; Cie Fous des Jeux<\/em><\/span><\/p>\n<p><a href=\"https:\/\/www.ville-lagarde.fr\/nocturnes-medievales-2019\/ programme\" target=\"_blank\" rel=\"noopener noreferrer\">Site officiel de ces m\u00e9di\u00e9vales<\/a>\u00a0&#8211;\u00a0<a href=\"https:\/\/www.ville-lagarde.fr\/wp-content\/uploads\/2019\/07\/prog-medievales.pdf\" target=\"_blank\" rel=\"noopener noreferrer\">Programme complet<\/a>\u00a0(<a href=\"https:\/\/www.moyenagepassion.com\/wp-content\/uploads\/2019\/07\/animations-programmes-fetes-medievales-la-garde-paca-2019.pdf\" target=\"_blank\" rel=\"noopener noreferrer\">lien alternatif<\/a>)<\/p>\n<hr \/>\n<h3 style=\"text-align: left;\">Autres animations m\u00e9di\u00e9vales<\/h3>\n<table width=\"\u00bb475\u2033\" cellspacing=\"\u00bb0\u2033\" cellpadding=\"\u00bb0\u2033\">\n<tbody>\n<tr>\n<td><a href=\"https:\/\/www.moyenagepassion.com\/wp-content\/uploads\/2019\/07\/tournois-de-chevalerie-animations-medievales-chateau-crevecoeur-en-auge-Normandie.jpg\"><img decoding=\"async\" class=\"size-full wp-image-27775 alignnone\" src=\"https:\/\/www.moyenagepassion.com\/wp-content\/uploads\/2019\/07\/tournois-de-chevalerie-animations-medievales-chateau-crevecoeur-en-auge-Normandie.jpg\" alt=\"tournois-de-chevalerie-animations-medievales-chateau-crevecoeur-en-auge-Normandie\" width=\"350\" height=\"516\" srcset=\"https:\/\/www.moyenagepassion.com\/wp-content\/uploads\/2019\/07\/tournois-de-chevalerie-animations-medievales-chateau-crevecoeur-en-auge-Normandie.jpg 350w, https:\/\/www.moyenagepassion.com\/wp-content\/uploads\/2019\/07\/tournois-de-chevalerie-animations-medievales-chateau-crevecoeur-en-auge-Normandie-203x300.jpg 203w\" sizes=\"(max-width: 350px) 100vw, 350px\" \/><\/a><\/p>\n<p><strong>Tournois de Chevalerie<br \/>\n<\/strong><strong>Lieu<\/strong> : Ch\u00e2teau de Cr\u00e8vecoeur,<br \/>\nCalvados, Normandie<br \/>\n<strong>Dates<\/strong> : 27 &amp;\u00a0 28 juillet, 4 &amp; 5 ao\u00fbt<\/p>\n<p>Dans le cadre du \u00ab\u00a0Moyen-\u00e2ge<br \/>\nen f\u00eate\u00a0\u00bb\u00a0au ch\u00e2teau<br \/>\n<a href=\"https:\/\/www.facebook.com\/chateaudecrevecoeur\/\" target=\"_blank\" rel=\"noopener noreferrer\">Facebook de l&rsquo;\u00e9v\u00e9nement<\/a><\/td>\n<td><a href=\"https:\/\/www.moyenagepassion.com\/wp-content\/uploads\/2019\/07\/animations-medievales-chateau-tonquedec-bretagne-cote-armor-2019.jpg\"><img decoding=\"async\" class=\"size-full wp-image-27776 alignnone\" src=\"https:\/\/www.moyenagepassion.com\/wp-content\/uploads\/2019\/07\/animations-medievales-chateau-tonquedec-bretagne-cote-armor-2019.jpg\" alt=\"animations-medievales-chateau-tonquedec-bretagne-cote-armor-2019\" width=\"350\" height=\"516\" srcset=\"https:\/\/www.moyenagepassion.com\/wp-content\/uploads\/2019\/07\/animations-medievales-chateau-tonquedec-bretagne-cote-armor-2019.jpg 350w, https:\/\/www.moyenagepassion.com\/wp-content\/uploads\/2019\/07\/animations-medievales-chateau-tonquedec-bretagne-cote-armor-2019-203x300.jpg 203w\" sizes=\"(max-width: 350px) 100vw, 350px\" \/><\/a><\/p>\n<p><strong>Animations m\u00e9di\u00e9vales<br \/>\nLieu : <\/strong>Ch\u00e2teau de Tonquedec,<br \/>\nC\u00f4te d&rsquo;Armor, Bretagne<br \/>\n<strong>Dates<\/strong>\u00a0:\u00a027 &amp;\u00a0 28 juillet 2019<\/p>\n<p>Campement du XVe si\u00e8cle<br \/>\nCompagnie\u00a0Kalon Kleze<br \/>\n<a href=\"https:\/\/www.tonquedec.com\/\" target=\"_blank\" rel=\"noopener noreferrer\">Site du\u00a0Ch\u00e2teau de Tonquedec<\/a><\/td>\n<\/tr>\n<tr>\n<td><a href=\"https:\/\/www.moyenagepassion.com\/wp-content\/uploads\/2019\/07\/animations-medievales-2019-occitanie-haute-garonne-Saint-Bertrand-de-Comminges.jpg\"><img decoding=\"async\" class=\"size-full wp-image-27772 alignnone\" src=\"https:\/\/www.moyenagepassion.com\/wp-content\/uploads\/2019\/07\/animations-medievales-2019-occitanie-haute-garonne-Saint-Bertrand-de-Comminges.jpg\" alt=\"animations-medievales-2019-occitanie-haute-garonne-Saint-Bertrand-de-Comminges\" width=\"350\" height=\"516\" srcset=\"https:\/\/www.moyenagepassion.com\/wp-content\/uploads\/2019\/07\/animations-medievales-2019-occitanie-haute-garonne-Saint-Bertrand-de-Comminges.jpg 350w, https:\/\/www.moyenagepassion.com\/wp-content\/uploads\/2019\/07\/animations-medievales-2019-occitanie-haute-garonne-Saint-Bertrand-de-Comminges-203x300.jpg 203w\" sizes=\"(max-width: 350px) 100vw, 350px\" \/><\/a><\/p>\n<p><strong>Itin\u00e9raire et f\u00eate M\u00e9di\u00e9vale<\/strong><br \/>\n<strong>Lieu<\/strong> : St Bertrand de Comminges<br \/>\nHaute-Garonne, Occitanie<br \/>\n<strong>Dates<\/strong> : du 21 au 28 juillet<\/p>\n<p>Caravane m\u00e9di\u00e9vale itin\u00e9rante,<br \/>\nf\u00eate m\u00e9di\u00e9vale le 28 dans la cit\u00e9.<br \/>\n<a href=\"https:\/\/www.facebook.com\/omoyenage\" target=\"_blank\" rel=\"noopener noreferrer\">Facebook de l&rsquo;\u00e9v\u00e9nement<\/a><\/td>\n<td><a href=\"https:\/\/www.moyenagepassion.com\/wp-content\/uploads\/2019\/07\/medievales-2019-grand-camp-morbihan-Bretagne.jpg\"><img decoding=\"async\" class=\"size-full wp-image-27770 alignnone\" src=\"https:\/\/www.moyenagepassion.com\/wp-content\/uploads\/2019\/07\/medievales-2019-grand-camp-morbihan-Bretagne.jpg\" alt=\"medievales-2019-grand-camp-morbihan-Bretagne\" width=\"315\" height=\"440\" srcset=\"https:\/\/www.moyenagepassion.com\/wp-content\/uploads\/2019\/07\/medievales-2019-grand-camp-morbihan-Bretagne.jpg 315w, https:\/\/www.moyenagepassion.com\/wp-content\/uploads\/2019\/07\/medievales-2019-grand-camp-morbihan-Bretagne-215x300.jpg 215w\" sizes=\"(max-width: 315px) 100vw, 315px\" \/><\/a><\/p>\n<p><strong>F\u00eate M\u00e9di\u00e9vale de Grand-Champ<\/strong><br \/>\n<strong>Lieu<\/strong> :\u00a0Grand-Champ,<br \/>\nMorbihan Bretagne<br \/>\n<strong>Dates<\/strong>\u00a0: les 27 et 28 juillet 2019<\/p>\n<p>March\u00e9,\u00a0spectacles, banquet<br \/>\nanimations m\u00e9di\u00e9vales<br \/>\n<a href=\"http:\/\/www.grandchamp.fr\/accueil_grandchamp\/agenda\" target=\"_blank\" rel=\"noopener noreferrer\">Site de la Ville<\/a> &#8211;<a href=\"https:\/\/www.facebook.com\/events\/espace-2000\/f%C3%AAte-m%C3%A9di%C3%A9vale-de-grand-champ\/286518585376972\/\" target=\"_blank\" rel=\"noopener noreferrer\"> FB de l&rsquo;\u00e9v\u00e9nement<\/a><\/td>\n<\/tr>\n<\/tbody>\n<\/table>\n<p>Une belle journ\u00e9e \u00e0 tous.<\/p>\n<p>Fred<br \/>\nPour moyenagepassion.com<br \/>\n<em><strong>A la d\u00e9couverte du moyen-\u00e2ge sous toutes ses formes<\/strong><\/em><\/p>\n","protected":false},"excerpt":{"rendered":"<p>Sujet\u00a0:\u00a0 f\u00eates,\u00a0 animations, compagnies m\u00e9di\u00e9vales,\u00a0 moyen-\u00e2ge festif,\u00a0 march\u00e9 m\u00e9di\u00e9val. Lieu\u00a0: Normandie, Auvergne-Rh\u00f4ne-Alpes, Occitanie, Nouvelle-Aquitaine, Provence-Alpes-C\u00f4te d\u2019Azur, Bretagne Ev\u00e9nement:\u00a0M\u00e9di\u00e9vales d\u2019ici et d\u2019ailleurs Dates: du\u00a026 au 31\u00a0 juillet\u00a02019 Bonjour \u00e0 tous, pr\u00e8s un article tout entier d\u00e9di\u00e9 au 26\u00e8me estival des Troubadours et Saltimbanques de Souvigny, voici une s\u00e9lection compl\u00e9mentaires de f\u00eates et d&rsquo;animations m\u00e9di\u00e9vales, pour cette &hellip; <a href=\"https:\/\/www.moyenagepassion.com\/index.php\/2019\/07\/24\/agenda-des-animations-medievales-du-27-juillet-au-31-juillet-2019\/\" class=\"more-link\">Continuer la lecture de <span class=\"screen-reader-text\">Agenda des animations M\u00e9di\u00e9vales du 27 juillet au 31 Juillet 2019<\/span>  <span class=\"meta-nav\">&rarr;<\/span><\/a><\/p>\n","protected":false},"author":2,"featured_media":0,"comment_status":"open","ping_status":"open","sticky":false,"template":"","format":"standard","meta":{"_monsterinsights_skip_tracking":false,"_monsterinsights_sitenote_active":false,"_monsterinsights_sitenote_note":"","_monsterinsights_sitenote_category":0,"footnotes":""},"categories":[11],"tags":[2529,3687,212,1227,2757],"class_list":["post-27765","post","type-post","status-publish","format-standard","hentry","category-fetes-medievales-evenement","tag-animations-medievales","tag-campements","tag-compagnies-medievales","tag-medievales","tag-reconstituteurs"],"aioseo_notices":[],"_links":{"self":[{"href":"https:\/\/www.moyenagepassion.com\/index.php\/wp-json\/wp\/v2\/posts\/27765"}],"collection":[{"href":"https:\/\/www.moyenagepassion.com\/index.php\/wp-json\/wp\/v2\/posts"}],"about":[{"href":"https:\/\/www.moyenagepassion.com\/index.php\/wp-json\/wp\/v2\/types\/post"}],"author":[{"embeddable":true,"href":"https:\/\/www.moyenagepassion.com\/index.php\/wp-json\/wp\/v2\/users\/2"}],"replies":[{"embeddable":true,"href":"https:\/\/www.moyenagepassion.com\/index.php\/wp-json\/wp\/v2\/comments?post=27765"}],"version-history":[{"count":1,"href":"https:\/\/www.moyenagepassion.com\/index.php\/wp-json\/wp\/v2\/posts\/27765\/revisions"}],"predecessor-version":[{"id":34709,"href":"https:\/\/www.moyenagepassion.com\/index.php\/wp-json\/wp\/v2\/posts\/27765\/revisions\/34709"}],"wp:attachment":[{"href":"https:\/\/www.moyenagepassion.com\/index.php\/wp-json\/wp\/v2\/media?parent=27765"}],"wp:term":[{"taxonomy":"category","embeddable":true,"href":"https:\/\/www.moyenagepassion.com\/index.php\/wp-json\/wp\/v2\/categories?post=27765"},{"taxonomy":"post_tag","embeddable":true,"href":"https:\/\/www.moyenagepassion.com\/index.php\/wp-json\/wp\/v2\/tags?post=27765"}],"curies":[{"name":"wp","href":"https:\/\/api.w.org\/{rel}","templated":true}]}}