{"id":27792,"date":"2019-07-27T18:27:12","date_gmt":"2019-07-27T17:27:12","guid":{"rendered":"https:\/\/www.moyenagepassion.com\/?p=27792"},"modified":"2020-09-21T06:09:12","modified_gmt":"2020-09-21T05:09:12","slug":"soif-daventure-et-de-voyages-sur-les-traces-de-quelques-explorateurs-du-monde-medieval","status":"publish","type":"post","link":"https:\/\/www.moyenagepassion.com\/index.php\/2019\/07\/27\/soif-daventure-et-de-voyages-sur-les-traces-de-quelques-explorateurs-du-monde-medieval\/","title":{"rendered":"Soif d&rsquo;aventure et de voyages ? Sur les traces de quelques explorateurs du monde m\u00e9di\u00e9val"},"content":{"rendered":"<div id=\"moyen-1703220731\" class=\"moyen-before-content moyen-entity-placement\"><script async src=\"\/\/pagead2.googlesyndication.com\/pagead\/js\/adsbygoogle.js?client=ca-pub-3035390706780632\" crossorigin=\"anonymous\"><\/script><ins class=\"adsbygoogle\" style=\"display:block;\" data-ad-client=\"ca-pub-3035390706780632\" \ndata-ad-slot=\"\" \ndata-ad-format=\"auto\"><\/ins>\n<script> \n(adsbygoogle = window.adsbygoogle || []).push({}); \n<\/script>\n<\/div><p lang=\"\"><strong><img decoding=\"async\" class=\"alignleft wp-image-27817\" src=\"https:\/\/www.moyenagepassion.com\/wp-content\/uploads\/2019\/07\/voyages-medievaux-voyages-modernes-explorateurs-moyen-age.jpg\" alt=\"voyages-medievaux-voyages-modernes-explorateurs-moyen-age\" width=\"95\" height=\"153\">Sujet<\/strong> : voyages, voyageur m\u00e9di\u00e9val, voyageur moderne, explorateur m\u00e9di\u00e9val, destinations.<br \/>\n<strong>P\u00e9riode<\/strong> : moyen-\u00e2ge central : du XIIe au XIVe si\u00e8cle.<br \/>\n<strong>Explorateurs<\/strong> : Benjamin de Tud\u00e8le, Ibn Batt\u00fbta, Jean du Plan Carpin,&nbsp;Guillaume de Rubrouck, Andr\u00e9 de Longjumeau.<\/p>\n<p>Bonjour \u00e0 tous,<\/p>\n<p style=\"text-align: justify;\"><img decoding=\"async\" class=\"alignleft wp-image-24221 size-full\" src=\"https:\/\/www.moyenagepassion.com\/wp-content\/uploads\/2015\/12\/A_lettrine_moyen_age_passion1.jpg\" alt=\"A_lettrine_moyen_age_passion\" width=\"84\" height=\"103\">vec les beaux jours, nombreux sont ceux qui profitent de leurs cong\u00e9s pour partir en qu\u00eate de d\u00e9paysement, qu&rsquo;il s&rsquo;agisse de s&rsquo;envoler pour des destinations lointaines ou m\u00eame d&rsquo;aller chercher simplement un peu d&rsquo;air frais dans une autre r\u00e9gion de France, une autre ville, un autre village.&nbsp;Campagne, mer ou montagne, terres inconnues ou plus famili\u00e8res, quoi de mieux qu&rsquo;un voyage ou un s\u00e9jour&nbsp;loin de chez soi&nbsp;pour d\u00e9couvrir de nouveaux horizons et pour se ressourcer ?<\/p>\n<figure id=\"attachment_27802\" aria-describedby=\"caption-attachment-27802\" style=\"width: 193px\" class=\"wp-caption alignright\"><a href=\"https:\/\/www.moyenagepassion.com\/wp-content\/uploads\/2019\/07\/voyageur-medieval-Marco-Polo-enluminures-moyen-age.jpg\"><img decoding=\"async\" class=\"wp-image-27802\" src=\"https:\/\/www.moyenagepassion.com\/wp-content\/uploads\/2019\/07\/voyageur-medieval-Marco-Polo-enluminures-moyen-age.jpg\" alt=\"voyageur-medieval-Marco-Polo-enluminures-moyen-age\" width=\"193\" height=\"161\" srcset=\"https:\/\/www.moyenagepassion.com\/wp-content\/uploads\/2019\/07\/voyageur-medieval-Marco-Polo-enluminures-moyen-age.jpg 349w, https:\/\/www.moyenagepassion.com\/wp-content\/uploads\/2019\/07\/voyageur-medieval-Marco-Polo-enluminures-moyen-age-300x250.jpg 300w\" sizes=\"(max-width: 193px) 100vw, 193px\" \/><\/a><figcaption id=\"caption-attachment-27802\" class=\"wp-caption-text\">Marco, Niccol\u00f2 et Matteo Polo face \u00e0 Kubla\u00ef Khan,&nbsp; MS&nbsp;Bodley 264 (XIVe s)<\/figcaption><\/figure>\n<p style=\"text-align: justify;\">Au Moyen-\u00e2ge, on voyage aussi et pour les raisons les plus vari\u00e9es. Parmi celles qui viennent en premier \u00e0 l&rsquo;esprit, il y a le commerce, les conqu\u00eates, la foi, mais certains homme l&rsquo;ont aussi fait par soif de d\u00e9couvrir le monde, ses richesses et ses myst\u00e8res. Parmi, les grands voyageurs du monde m\u00e9di\u00e9val, tout le monde a en t\u00eate <strong>Marco Polo<\/strong> (1254-1324)&nbsp;et son <em>Livre des merveilles<\/em>.&nbsp; mais nous avons d\u00e9cid\u00e9 de tirer, ici, le portrait de quelques autres explorateurs de cette p\u00e9riode, dont certains l&rsquo;ont m\u00eame pr\u00e9c\u00e9d\u00e9. A la faveur de cette p\u00e9riode estivale, puissent leurs exploits faire souffler sur vos propres voyages et vos futures destinations, le vent de l&rsquo;aventure.<\/p>\n<h2>Quelques grands voyageurs du moyen-\u00e2ge<\/h2>\n<p><em><span style=\"color: #008000;\"><strong>\u00ab Voyager vous laisse d\u2019abord sans voix, avant de vous transformer en conteur. \u00bb<\/strong>&nbsp;<\/span> citation de&nbsp;&nbsp;<\/em><strong>Ibn Batt\u00fbta<\/strong>&nbsp; (1304-1377) &#8211; <em>les voyages.<\/em><\/p>\n<h3>\u201cLe Livre des Voyages\u201d de Benjamin de Tud\u00e8le<\/h3>\n<p style=\"text-align: justify;\">Au XIIe si\u00e8cle <strong>Benjamin de Tud\u00e8le<\/strong> (1130-1173), fils de Rabbin et rabbin lui-m\u00eame, d\u00e9cide de faire le tour des synagogues et des communaut\u00e9s juives du monde pour en conna\u00eetre les m\u0153urs et les pratiques. Il en laissera un r\u00e9cit inachev\u00e9, autour de 1165, connu sous le nom de <em>Sefer massa&rsquo;otl<\/em>, en fran\u00e7ais:&nbsp;&nbsp;<em>La Relation de Voyage<\/em>&nbsp;ou <em>Livre des Voyages<\/em>. Originellement en h\u00e9breu, l&rsquo;ouvrage ne sera traduit en latin, que dans le courant du XVIe si\u00e8cle puis, en fran\u00e7ais, au XVIIe si\u00e8cle.<\/p>\n<p style=\"text-align: justify;\"><img decoding=\"async\" class=\"alignleft wp-image-27815\" src=\"https:\/\/www.moyenagepassion.com\/wp-content\/uploads\/2019\/07\/Benjamin-de-tudele-voyageur-medieval-explorateur-moyen-age.jpg\" alt=\"\" width=\"137\" height=\"149\">D\u00e9but\u00e9 autour de 1165, le p\u00e9riple de ce grand voyageur m\u00e9di\u00e9val part de sa ville natale Tud\u00e8le, dans la province de Navarre, pour se centrer sur le bassin m\u00e9diterran\u00e9en. Il aurait ainsi explor\u00e9 la Catalogne, le Midi de la France, puis Byzance, l&rsquo;Empire du levant, la Perse et l&rsquo;Egypte. La Chine et l&rsquo;Inde font aussi partie des destinations qu&rsquo;il a mentionn\u00e9es. Finalement, son long voyage s&rsquo;ach\u00e8vera par la Sicile, la Rh\u00e9nanie et, \u00e0 nouveau, la France, qu&rsquo;il gagnera par les Alpes. Comme pour tous les voyageurs de son temps, certains d\u00e9tails de son v\u00e9ritable itin\u00e9raire sont sujets \u00e0 d\u00e9bat mais son r\u00e9cit connut un succ\u00e8s retentissant. L&rsquo;homme \u00e9tait un v\u00e9ritable \u00e9rudit, un fin observateur, et il est rest\u00e9,&nbsp; dans l&rsquo;histoire, comme un des grands explorateurs du Moyen-\u00e2ge.<\/p>\n<figure id=\"attachment_27799\" aria-describedby=\"caption-attachment-27799\" style=\"width: 550px\" class=\"wp-caption alignnone\"><a href=\"https:\/\/www.moyenagepassion.com\/wp-content\/uploads\/2019\/07\/voyages-explorateur-moyen-age-monde-medieval-geographie.jpg\" target=\"_blank\" rel=\"noopener noreferrer\"><img decoding=\"async\" class=\"wp-image-27799 size-full\" src=\"https:\/\/www.moyenagepassion.com\/wp-content\/uploads\/2019\/07\/voyages-explorateur-moyen-age-monde-medieval-geographie_inverse.jpg\" alt=\"voyages-explorateur-moyen-age-monde-medieval-geographie_inverse\" width=\"550\" height=\"249\" srcset=\"https:\/\/www.moyenagepassion.com\/wp-content\/uploads\/2019\/07\/voyages-explorateur-moyen-age-monde-medieval-geographie_inverse.jpg 550w, https:\/\/www.moyenagepassion.com\/wp-content\/uploads\/2019\/07\/voyages-explorateur-moyen-age-monde-medieval-geographie_inverse-300x136.jpg 300w\" sizes=\"(max-width: 550px) 100vw, 550px\" \/><\/a><figcaption id=\"caption-attachment-27799\" class=\"wp-caption-text\">Carte du Monde m\u00e9di\u00e9val. Charif Al Idrissi r\u00e9alis\u00e9e pour Roger II de Sicile, Livre de Roger, Tabula Rogeriana, 1154. Retourn\u00e9e pour la lisibilit\u00e9; voir original en cliquant sur l&rsquo;image<\/figcaption><\/figure>\n<h3>Avant Marco Polo, trois voyageurs \u00e0 la rencontre du grand Khan et&nbsp;de la Mongolie<\/h3>\n<p style=\"text-align: justify;\">Dans le courant du&nbsp;XIIIe si\u00e8cle, quelques moines chr\u00e9tiens s&rsquo;aventureront jusqu&rsquo;\u00e0 la Mongolie.&nbsp;Le premier d&rsquo;entre eux <strong>Jean du Plan Carpin <\/strong>(1182-1252) \u00e9tait un franciscain d&rsquo;origine italienne. Apr\u00e8s avoir s\u00e9journ\u00e9 en Hongrie et en Pologne, il fut mandat\u00e9 par le pape Innocent V, aupr\u00e8s des mongols, en temps qu&rsquo;informateur et missionnaire. Son p\u00e9riple d\u00e9buta autour de 1245 et il r\u00e9digea \u00e0 l&rsquo;attention du souverain pontife un r\u00e9cit de voyages.&nbsp;Sous le titre de <em>Historia Mongolorum,<\/em>&nbsp;cette premi\u00e8re chronique europ\u00e9enne sur les mongols re\u00e7ut un&nbsp;bon accueil dans la Chr\u00e9tient\u00e9. D&rsquo;un point de vue diplomatique, la mission \u00e9choua. Il \u00e9tait question \u00e0 la fois de convertir les mongols et de les enjoindre \u00e0 ne plus attaquer les terres europ\u00e9ennes. Rien n&rsquo;y fit et, en retour, ces derniers demand\u00e8rent m\u00eame, la soumission des chr\u00e9tiens \u00e0 leur autorit\u00e9.<\/p>\n<p style=\"text-align: justify;\"><img decoding=\"async\" class=\"alignright wp-image-27810\" src=\"https:\/\/www.moyenagepassion.com\/wp-content\/uploads\/2019\/07\/grand-khan-mongolie-kubilai-khan-moyen-age-voyageurs-monde-medieval.jpg\" alt=\"grand-khan-mongolie-kubilai-khan-moyen-age-voyageurs-monde-medieval\" width=\"143\" height=\"155\">Autour de la m\u00eame p\u00e9riode, en 1244, un dominicain,&nbsp;<strong>Andr\u00e9 de Longjumeau <\/strong>(1200-1271) partit en mission du c\u00f4t\u00e9 du Moyen-orient et de la Syrie. Quelques ann\u00e9es plus tard, en 1249, il gagna, \u00e0 son tour, la Mongolie pour y chercher des renforts susceptibles de se porter&nbsp;au secours de la Terre Sainte. L&rsquo;entreprise connut peu de succ\u00e8s mais&nbsp;le moine convertit au passage, quelques locaux , ouvrant ainsi la voie \u00e0 de futures exp\u00e9ditions.<\/p>\n<p style=\"text-align: justify;\">Un peu moins d&rsquo;une d\u00e9cennie plus tard, en 1254, <strong>Jean du Plan Carpin <\/strong>et<strong>&nbsp;Andr\u00e9 de Longjumeau<\/strong>&nbsp;furent suivis de pr\u00e9s par un autre franciscain d&rsquo;origine flamande : <strong>Guillaume de Rubrouck<\/strong> <strong>(Rubruquis) <\/strong>(1215-1295). Apr\u00e8s avoir suivi le roi Louis IX (Sain-Louis) en terre sainte, ce dernier partit, \u00e0 son tour, en voyage, en direction de Constantinople puis de Karakorum dans le but de repr\u00e9senter la couronne aupr\u00e8s du grand Khan <span style=\"color: #999999;\"><em>(ci-dessus portrait posthume de Kubla\u00ef Khan suppos\u00e9 le repr\u00e9senter en 1260, Araniko, 1294; National Palace Museum in Taipei, Taiwan)<\/em><\/span>. L\u00e0 encore, la mission capota d&rsquo;un point de vue diplomatique mais&nbsp;l&rsquo;homme&nbsp;conta son voyage au roi dans une lettre : <em>Itinerarium ad partes orientales <\/em>ou<em> V<i>oyage dans l&#8217;empire Mongol<\/i>. <\/em>Tout autant que les \u00e9crits de&nbsp; <strong>Jean du Plan Carpin, <\/strong>ce r\u00e9cit&nbsp;fut d&rsquo;une aide pr\u00e9cieuse pour la connaissance des r\u00e9gions travers\u00e9es, mais aussi des us et coutumes et des mentalit\u00e9s mongoles d&rsquo;alors.<\/p>\n<h3>Le grand voyage ou le \u201ccadeau\u201d d&rsquo;Ibn Batt\u00fbta<\/h3>\n<p style=\"text-align: justify;\">Au XIVe si\u00e8cle, du c\u00f4t\u00e9 du monde musulman cette fois, le grand voyageur marocain <strong><a href=\"https:\/\/www.moyenagepassion.com\/index.php\/moyen-age\/ibn-battuta\/\" target=\"_blank\" rel=\"noopener noreferrer\">Ibn Batt\u00fbta<\/a> (Batutah)<\/strong> (1304-1377) passa de nombreuses ann\u00e9es sur les routes, \u00e0 la d\u00e9couverte du monde. A son retour et, \u00e0 la demande du souverain du Maroc, il&nbsp;conta son long voyage et les merveilles qu&rsquo;il avait pu contempler \u00e0 un \u00e9rudit et po\u00e8te du nom de Ibn Juzayy. Cet&nbsp;ouvrage est connu sous le titre <em>Un cadeau pour ceux qui contemplent les splendeurs des cit\u00e9s et les merveilles des voyages <\/em>ou plus simplement&nbsp;: <em>les Voyages<\/em>. Il fallut attendre le XIXe si\u00e8cle pour qu&rsquo;il&nbsp;soit traduit et mis \u00e0 la port\u00e9e des lecteurs occidentaux.<\/p>\n<p style=\"text-align: justify;\"><img decoding=\"async\" class=\"alignleft wp-image-27808 size-full\" src=\"https:\/\/www.moyenagepassion.com\/wp-content\/uploads\/2019\/07\/voyages-destinations-moyen-age-ibn-battuta.jpg\" alt=\"voyages-destinations-moyen-age-ibn-battuta\" width=\"177\" height=\"192\">Avant nombre d&rsquo;explorateurs du monde moderne, le long p\u00e9riple d&rsquo;<strong>Ibn Batt\u00fbta<\/strong>, celui de toute une vie, le fera surnommer \u00ab\u00a0<em>l&rsquo;un des plus grands voyageurs de tous les temps<\/em>\u00ab\u00a0. Il&nbsp;aurait explor\u00e9 l&rsquo;Egypte, la Perse, l&rsquo;Afrique du nord, l&rsquo;Afrique subsaharienne et le Mali, la p\u00e9ninsule arabe et le Kenya, mais encore une partie de la Chine et de l&rsquo;Asie. A l&rsquo;occasion de trois grands voyages, on lui pr\u00eate d&rsquo;avoir parcouru, par terre et mer, pr\u00e8s de 120 000 kilom\u00e8tres. Et m\u00eame si certains experts sont enclins \u00e0 faire quelques coupes dans ce long trajet, ce qu&rsquo;il a accompli dans le contexte de l&rsquo;\u00e9poque, demeure impressionnant ; de quoi susciter quelques envies chez tout voyageur des temps modernes en qu\u00eate d&rsquo;aventure !<\/p>\n<h2>Voyages m\u00e9di\u00e9vaux, voyages modernes<\/h2>\n<p style=\"text-align: justify;\">En dehors de ces quelques noms c\u00e9l\u00e8bres, on pourrait ajouter une foule d&rsquo;autres personnages qui ont voyag\u00e9, au moyen-\u00e2ge, pour des raisons diverses et pas toujours, du reste pour des destinations aussi lointaines : marchands, p\u00e8lerins, crois\u00e9s, clercs et chroniqueurs, ou m\u00eame encore certains po\u00e8tes, troubadours&nbsp;ou trouv\u00e8res.&nbsp;Les conditions \u00e9taient bien s\u00fbr tout autre et, aujourd&rsquo;hui, tout cela nous parait bien lointain quand il suffit d&rsquo;un simple vol d&rsquo;avion pour se rendre, en quelques heures, au bout de la terre.<\/p>\n<p style=\"text-align: justify;\">Autre temps, autres m\u0153urs ! Pour le voyageur moderne, l&rsquo;aventure est d\u00e9sormais \u00e0 port\u00e9e de mains et la difficult\u00e9 n&rsquo;est plus tant la destination et les tr\u00e8s longs p\u00e9riples pour y parvenir, que de trouver une compagnie fiable, un vol \u00e9conomique et aussi les commodit\u00e9s pour s&rsquo;assurer d&rsquo;avoir, une fois sur place, tout le confort voulu.<\/p>\n<hr>\n<h3>Un comparateur de vols&nbsp; pour partir<br \/>\nen France comme \u00e0 l&rsquo;\u00e9tranger<\/h3>\n<p style=\"text-align: justify;\">Aujourd&rsquo;hui, on peut de dire, c\u00f4t\u00e9 voyages, fini le Moyen-\u00e2ge ! Avec la mont\u00e9e en puissance d&rsquo;Internet, de plus en plus d&rsquo;agences de voyages sont devenues virtuelles et les comparateurs de vols sont d\u00e9sormais des points incontournables pour obtenir les meilleurs prix et r\u00e9server les meilleurs vols.<\/p>\n<p style=\"text-align: justify;\"><img decoding=\"async\" class=\"alignleft wp-image-27793\" src=\"https:\/\/www.moyenagepassion.com\/wp-content\/uploads\/2019\/07\/vol-voyages-pas-cher.jpg\" alt=\"vol-voyages-pas-cher\" width=\"168\" height=\"64\" srcset=\"https:\/\/www.moyenagepassion.com\/wp-content\/uploads\/2019\/07\/vol-voyages-pas-cher.jpg 314w, https:\/\/www.moyenagepassion.com\/wp-content\/uploads\/2019\/07\/vol-voyages-pas-cher-300x115.jpg 300w\" sizes=\"(max-width: 168px) 100vw, 168px\" \/>Si le secteur est concurrentiel,&nbsp;certains &nbsp;sites sortent clairement du lot. Il faut, pour cela, \u00eatre capable d&rsquo;associer l&rsquo;excellence technique et la rapidit\u00e9 de traitement, \u00e0 des services attractifs. C&rsquo;est le cas du comparateur de vols&nbsp;<a href=\"https:\/\/www.alibabuy.com\/vol.html\">Alibabuy<\/a>. Sur des destinations int\u00e9rieures comme sur des vols internationaux, plus de 500 compagnies r\u00e9guli\u00e8res ou Low cost et des milliers de vols sont compar\u00e9s en temps r\u00e9el, pour offrir les tarifs les plus bas. Outre ses fonctionnalit\u00e9s avanc\u00e9es pour trouver un vol pas cher et \u00e9conomique, le site permet d&rsquo;ajouter \u00e0 son voyage, toute une panoplie de services additionnels : h\u00f4tels, trajets de train, location de voitures, etc&#8230; Enfin, au titre des points forts, ses d\u00e9veloppeurs ont pris les devants, en ajoutant directement aux prix affich\u00e9s, tous les \u00ab\u00a0faux-frais\u00a0\u00bb et surco\u00fbts (frais de carte bancaire, bagages, &#8230;) qui causent, souvent, des mauvaises surprises quand on ne les d\u00e9couvre qu&rsquo;au moment du r\u00e8glement. Bref, tout est fait pour faciliter grandement l&rsquo;organisation de son voyage et en mati\u00e8re de destinations locales&nbsp;ou plus lointaines, c&rsquo;est un service avec lequel on peut d\u00e9sormais compter.<\/p>\n<hr>\n<p>Une belle journ\u00e9e \u00e0 tous.<\/p>\n<p>Fred<br \/>\nPour moyenagepassion.com<br \/>\n<em><strong>A la d\u00e9couverte du monde m\u00e9di\u00e9val sous toutes ses formes<\/strong><\/em><\/p>\n","protected":false},"excerpt":{"rendered":"<p>Sujet : voyages, voyageur m\u00e9di\u00e9val, voyageur moderne, explorateur m\u00e9di\u00e9val, destinations. P\u00e9riode : moyen-\u00e2ge central : du XIIe au XIVe si\u00e8cle. Explorateurs : Benjamin de Tud\u00e8le, Ibn Batt\u00fbta, Jean du Plan Carpin,&nbsp;Guillaume de Rubrouck, Andr\u00e9 de Longjumeau. Bonjour \u00e0 tous, vec les beaux jours, nombreux sont ceux qui profitent de leurs cong\u00e9s pour partir en qu\u00eate &hellip; <a href=\"https:\/\/www.moyenagepassion.com\/index.php\/2019\/07\/27\/soif-daventure-et-de-voyages-sur-les-traces-de-quelques-explorateurs-du-monde-medieval\/\" class=\"more-link\">Continuer la lecture de <span class=\"screen-reader-text\">Soif d&rsquo;aventure et de voyages ? Sur les traces de quelques explorateurs du monde m\u00e9di\u00e9val<\/span>  <span class=\"meta-nav\">&rarr;<\/span><\/a><\/p>\n","protected":false},"author":2,"featured_media":0,"comment_status":"open","ping_status":"open","sticky":false,"template":"","format":"standard","meta":{"_monsterinsights_skip_tracking":false,"_monsterinsights_sitenote_active":false,"_monsterinsights_sitenote_note":"","_monsterinsights_sitenote_category":0,"footnotes":""},"categories":[4643,16],"tags":[4636,4629,4638,4633,4630,2689,4637,4631,4642,182,4632,18,4639,2765,4634,4635,4640,4641],"class_list":["post-27792","post","type-post","status-publish","format-standard","hentry","category-benjamin-de-tudele","category-sources-et-articles-moyen-age-periode-medievale","tag-andre-de-longjumeau","tag-benjamin-de-tudele","tag-destinations","tag-explorateurs-medievaux","tag-guillaume-de-rubrouck","tag-ibn-battuta","tag-jean-du-plan-carpin","tag-khan","tag-kublai-khan","tag-monde-medieval","tag-mongolie","tag-moyen-age","tag-periples","tag-voyages","tag-voyages-medievaux","tag-voyages-modernes","tag-voyageur-medieval","tag-voyageur-moderne"],"aioseo_notices":[],"_links":{"self":[{"href":"https:\/\/www.moyenagepassion.com\/index.php\/wp-json\/wp\/v2\/posts\/27792"}],"collection":[{"href":"https:\/\/www.moyenagepassion.com\/index.php\/wp-json\/wp\/v2\/posts"}],"about":[{"href":"https:\/\/www.moyenagepassion.com\/index.php\/wp-json\/wp\/v2\/types\/post"}],"author":[{"embeddable":true,"href":"https:\/\/www.moyenagepassion.com\/index.php\/wp-json\/wp\/v2\/users\/2"}],"replies":[{"embeddable":true,"href":"https:\/\/www.moyenagepassion.com\/index.php\/wp-json\/wp\/v2\/comments?post=27792"}],"version-history":[{"count":0,"href":"https:\/\/www.moyenagepassion.com\/index.php\/wp-json\/wp\/v2\/posts\/27792\/revisions"}],"wp:attachment":[{"href":"https:\/\/www.moyenagepassion.com\/index.php\/wp-json\/wp\/v2\/media?parent=27792"}],"wp:term":[{"taxonomy":"category","embeddable":true,"href":"https:\/\/www.moyenagepassion.com\/index.php\/wp-json\/wp\/v2\/categories?post=27792"},{"taxonomy":"post_tag","embeddable":true,"href":"https:\/\/www.moyenagepassion.com\/index.php\/wp-json\/wp\/v2\/tags?post=27792"}],"curies":[{"name":"wp","href":"https:\/\/api.w.org\/{rel}","templated":true}]}}