{"id":27839,"date":"2019-07-28T19:08:56","date_gmt":"2019-07-28T18:08:56","guid":{"rendered":"https:\/\/www.moyenagepassion.com\/?p=27839"},"modified":"2020-10-04T23:04:20","modified_gmt":"2020-10-04T22:04:20","slug":"la-quinte-estampie-reale-par-lensemble-aelis-et-un-portrait-de-cette-formation","status":"publish","type":"post","link":"https:\/\/www.moyenagepassion.com\/index.php\/2019\/07\/28\/la-quinte-estampie-reale-par-lensemble-aelis-et-un-portrait-de-cette-formation\/","title":{"rendered":"La Quinte estampie r\u00e9ale par l&rsquo;ensemble A\u00eblis &#038; un portrait de cette jeune formation"},"content":{"rendered":"<div id=\"moyen-1979646975\" class=\"moyen-before-content moyen-entity-placement\"><script async src=\"\/\/pagead2.googlesyndication.com\/pagead\/js\/adsbygoogle.js?client=ca-pub-3035390706780632\" crossorigin=\"anonymous\"><\/script><ins class=\"adsbygoogle\" style=\"display:block;\" data-ad-client=\"ca-pub-3035390706780632\" \ndata-ad-slot=\"\" \ndata-ad-format=\"auto\"><\/ins>\n<script> \n(adsbygoogle = window.adsbygoogle || []).push({}); \n<\/script>\n<\/div><p><strong><a href=\"https:\/\/www.moyenagepassion.com\/wp-content\/uploads\/2018\/06\/chanson_musique_danse_medievale_manuscriit_ancien_fran%C3%A7ais_844_chansonnier_du_roi_moyen-age.jpg\"><img decoding=\"async\" class=\"wp-image-21910 alignleft\" src=\"https:\/\/www.moyenagepassion.com\/wp-content\/uploads\/2018\/06\/chanson_musique_danse_medievale_manuscriit_ancien_fran%C3%A7ais_844_chansonnier_du_roi_moyen-age.jpg\" alt=\"chanson_musique_danse_medievale_manuscriit_ancien_fran\u00e7ais_844_chansonnier_du_roi_moyen-age\" width=\"100\" height=\"184\" \/><\/a>Sujet :<\/strong>\u00a0 danses m\u00e9di\u00e9vales, musique m\u00e9di\u00e9vale,\u00a0 estampie,\u00a0 manuscrit ancien, chansonnier du Roy,, Fran\u00e7ais 844, chansonnier du Roy.<br \/>\n<strong>P\u00e9riode :<\/strong>\u00a0 moyen-\u00e2ge, \u00a0XIIIe si\u00e8cle.<br \/>\n<strong>Auteur :<\/strong>\u00a0 anonyme<br \/>\n<strong>Titre <\/strong>\u00a0: la quinte estampie royale<br \/>\n<strong>Interpr\u00e8tes\u00a0 \u00a0<\/strong>\u00a0:\u00a0 \u00a0<strong>Ensemble A\u00eblis<\/strong><br \/>\n<strong>Album <\/strong>: A\u00eblis (2015)<\/p>\n<p>Bonjour \u00e0 tous,<\/p>\n<p style=\"text-align: justify;\"><img decoding=\"async\" class=\"alignleft size-full wp-image-23898\" src=\"https:\/\/www.moyenagepassion.com\/wp-content\/uploads\/2018\/10\/N_lettrine_moyen_age_passion.jpg\" alt=\"N_lettrine_moyen_age_passion\" width=\"84\" height=\"103\" \/>ombreuses sont les formations musicales, des plus\u00a0 classiques\u00a0aux plus folk(s), qui se sont frott\u00e9es aux danses m\u00e9di\u00e9vales du XIIIe si\u00e8cle : estampies. saltarelles, ductia, trotto, etc&#8230; autant de m\u00e9lodies mesur\u00e9es ou plus enlev\u00e9es qui \u00e9voquent un certain Moyen-\u00e2ge festif.<\/p>\n<p style=\"text-align: justify;\">Aujourd&rsquo;hui, \u00e0 la faveur d&rsquo;un interlude musical, nous revenons sur une de ces pi\u00e8ces : la <strong>Quinte Estampie Reale (ou royale)<\/strong>. Elle est tir\u00e9e du <a href=\"https:\/\/www.moyenagepassion.com\/index.php\/tag\/francais-844\/\" target=\"_blank\" rel=\"noopener noreferrer\">MS Fran\u00e7ais 844, manuscrit ou Chansonnier du Roy<\/a>. La grande majorit\u00e9 des estampies connues du Moyen-\u00e2ge nous provient de ce manuscrit ancien conserv\u00e9 \u00e0 la<strong> BnF<\/strong>, mais aussi du <a href=\"https:\/\/www.moyenagepassion.com\/index.php\/tag\/add-29987\/\" target=\"_blank\" rel=\"noopener noreferrer\">Add 29987 ou Manuscrit de Londres <\/a>de la <strong>British library<\/strong>.<\/p>\n<p style=\"text-align: justify;\">Cette fois-ci, c&rsquo;est \u00e0 l&rsquo;<strong>Ensemble A\u00eblis,\u00a0 <\/strong>une formation originaire de France que nous devons son\u00a0interpr\u00e9tation et nous profiterons de cet article pour vous la pr\u00e9senter.<\/p>\n<p><span style=\"color: #808080;\"><strong>La quinte estampie par l&rsquo;Ensemble A\u00eblis<\/strong><\/span><code><iframe src=\"https:\/\/www.youtube.com\/embed\/-s_qggmxLKI\" width=\"600\" height=\"333\" frameborder=\"0\" allowfullscreen=\"allowfullscreen\"><\/iframe><\/code><\/p>\n<h2>L&rsquo;ensemble A\u00eblis<\/h2>\n<h3>Des musiques m\u00e9di\u00e9vales et anciennes<br \/>\naux musiques traditionnelles d&rsquo;ici &amp; d&rsquo;ailleurs<\/h3>\n<p style=\"text-align: justify;\">L&rsquo;<strong>ensemble A\u00eblis<\/strong> s&rsquo;est form\u00e9 au d\u00e9but de l&rsquo;ann\u00e9e 2015, autour\u00a0de cinq artistes confirm\u00e9s venus d&rsquo;horizons divers (musique classique, m\u00e9di\u00e9vale, celtique, folk, pop-rock, &#8230;), mais ayant tous en commun un grand int\u00e9r\u00eat\u00a0pour les musiques anciennes et traditionnelles. Cette diversit\u00e9 s&rsquo;est retrouv\u00e9e dans l&rsquo;ambition tr\u00e8s large de la formation ; elle s&rsquo;est ainsi donn\u00e9e le Moyen-\u00e2ge comme une partie seulement de ses terrains d&rsquo;exploration, tout en entendant bien \u00e9largir son r\u00e9pertoire \u00e0 des p\u00e9riodes plus r\u00e9centes, mais aussi \u00e0 d&rsquo;autres horizons culturels.<\/p>\n<p style=\"text-align: justify;\">Aux musiques et chansons de la France m\u00e9di\u00e9vale, A\u00eblis a ainsi ajout\u00e9 \u00e0 son champ des possibles : Cantigas, musiques s\u00e9farades, musiques et chansons de la renaissance, ou m\u00eame encore pi\u00e8ces vocales et instrumentales, en provenance d&rsquo;un registre plus r\u00e9cent et plus folklorique. A tout cela,\u00a0 devaient aussi pouvoir venir s&rsquo;ajouter des compositions originales. Un vaste programme donc.<\/p>\n<p><a href=\"https:\/\/www.moyenagepassion.com\/wp-content\/uploads\/2019\/07\/musiques-medievales-anciennes-ensemble-Aelis.jpg\"><img decoding=\"async\" class=\"size-full wp-image-27847 alignnone\" src=\"https:\/\/www.moyenagepassion.com\/wp-content\/uploads\/2019\/07\/musiques-medievales-anciennes-ensemble-Aelis.jpg\" alt=\"musiques-medievales-anciennes-ensemble-Aelis\" width=\"900\" height=\"606\" srcset=\"https:\/\/www.moyenagepassion.com\/wp-content\/uploads\/2019\/07\/musiques-medievales-anciennes-ensemble-Aelis.jpg 900w, https:\/\/www.moyenagepassion.com\/wp-content\/uploads\/2019\/07\/musiques-medievales-anciennes-ensemble-Aelis-300x202.jpg 300w\" sizes=\"(max-width: 900px) 100vw, 900px\" \/><\/a><\/p>\n<h4 style=\"text-align: justify;\">Activit\u00e9s et actualit\u00e9s<\/h4>\n<p style=\"text-align: justify;\">De 2015\u00a0\u00e0 2017, on retrouve A\u00eblis plut\u00f4t actif sur la sc\u00e8ne musicale et l&rsquo;ensemble a eu l&rsquo;occasion de pr\u00e9senter un \u00e9chantillon de son travail et de son positionnement artistique au public, \u00e0 travers plusieurs programmes : musiques et chansons m\u00e9di\u00e9vales, <em>Carmina Burana<\/em>, chansons traditionnelles fran\u00e7aises,\u00a0m\u00e9lodies et chansons s\u00e9farades,\u00a0 airs anciens de no\u00ebl, etc&#8230;\u00a0Les ann\u00e9es suivantes (fin 2017 et 2018) consacrent une p\u00e9riode o\u00f9 la formation semble nettement moins active c\u00f4t\u00e9 sc\u00e8ne, ou \u00e0 d\u00e9faut, \u00eatre pass\u00e9e sous les radars.<\/p>\n<p style=\"text-align: justify;\">Que son public s&rsquo;en r\u00e9jouisse toutefois, l&rsquo;ensemble s\u2019appr\u00eate \u00e0 donner un concert, preuve qu&rsquo;il est toujours en activit\u00e9. Il sera sur sc\u00e8ne, le 6 ao\u00fbt prochain, au soir, \u00e0 l&rsquo;<strong>Abbaye-<wbr \/>Nouvelle\u00a0 de L\u00e9obard<\/strong>, pour un concert\u00a0 sur le th\u00e8me<em> <i><b>Musiques m\u00e9di\u00e9vales d&rsquo;aujourd\u2019hui\u00a0&amp; d\u2019Ailleurs<\/b><\/i><\/em>\u00a0:\u00a0<a href=\"http:\/\/www.abbaye-nouvelle.fr\/2019\/05\/16\/concert-aux-chandelles-avec-lensemble-aelis-musique-medievale-a-labbaye-nouvelle-le-6-aout-2019-a-21h\/\" target=\"_blank\" rel=\"noopener noreferrer\">Voir le site de l&rsquo;\u00e9v\u00e9nement<\/a>\u00a0&#8211;\u00a0<a href=\"https:\/\/www.facebook.com\/A%C3%8BLIS-1636506979970847\/\" target=\"_blank\" rel=\"noopener noreferrer\">Page FB d&rsquo;A\u00eblis<\/a>\u00a0<span style=\"color: #999999;\">(peu actualis\u00e9e \u00e0 date de cet article)<\/span><\/p>\n<h4>A\u00eblis : l&rsquo;album<\/h4>\n<p style=\"text-align: justify;\"><a href=\"https:\/\/www.moyenagepassion.com\/wp-content\/uploads\/2019\/07\/ensemble-aelis-album-musiques-chansons-medievales-moyen-age-central.jpg\"><img decoding=\"async\" class=\"alignright wp-image-27849\" src=\"https:\/\/www.moyenagepassion.com\/wp-content\/uploads\/2019\/07\/ensemble-aelis-album-musiques-chansons-medievales-moyen-age-central.jpg\" alt=\"ensemble-aelis-album-musiques-chansons-medievales-moyen-age-central\" width=\"201\" height=\"169\" srcset=\"https:\/\/www.moyenagepassion.com\/wp-content\/uploads\/2019\/07\/ensemble-aelis-album-musiques-chansons-medievales-moyen-age-central.jpg 367w, https:\/\/www.moyenagepassion.com\/wp-content\/uploads\/2019\/07\/ensemble-aelis-album-musiques-chansons-medievales-moyen-age-central-300x253.jpg 300w\" sizes=\"(max-width: 201px) 100vw, 201px\" \/><\/a>La formation a produit, d\u00e8s la fin 2015, un album, titr\u00e9 <em>A\u00eblis<\/em>. Avec un total de\u00a012 pi\u00e8ces, ce dernier ouvrait sur\u00a0<em>la chanson de bele Aelis, <\/em>compos\u00e9e par<em> le\u00a0<\/em>trouv\u00e8re <strong>Baude de la Quari\u00e8re<\/strong>, du milieu du XIIIe si\u00e8cle. En plus de l&rsquo;estampie du jour on y retrouvait encore\u00a0d&rsquo;autres pi\u00e8ces en provenance du moyen-\u00e2ge central : \u00ab\u00a0<em><a href=\"https:\/\/www.moyenagepassion.com\/index.php\/2016\/08\/09\/lunicorne-de-thibaut-de-champagne\/\" target=\"_blank\" rel=\"noopener noreferrer\">Aussi comme l&rsquo;unicorne sui<\/a><\/em>\u00a0\u00bb de <strong>Thibaut de Champagne<\/strong>,\u00a0 \u00ab\u00a0<em><a href=\"https:\/\/www.moyenagepassion.com\/index.php\/2016\/12\/26\/la-belle-se-sied-au-pied-de-la-tour-une-chanson-medievale-de-guillaume-dufay\/\" target=\"_blank\" rel=\"noopener noreferrer\">la belle se sied au pied de la tour<\/a><\/em>\u00a0\u00bb\u00a0de <strong>Guillaume Dufay<\/strong>, ou encore pour ne citer que ces trois l\u00e0 <em>La complainte des tisseuses de soie,\u00a0<\/em>tir\u00e9e originellement du chevalier au Lion de <strong>Chr\u00e9tien de Troyes.\u00a0\u00a0<\/strong>Fid\u00e8le \u00e0 l&rsquo;intention du groupe de proposer des titres allant de l&rsquo;ancien au plus folklorique et traditionnel,<strong>\u00a0<\/strong>ses titres m\u00e9di\u00e9vaux c\u00f4toyaient sur l&rsquo;album\u00a0 des chansons plus r\u00e9centes comme<em> la P\u00e9ronnelle<\/em> ou <em>Quand je menai mes chevaux \u00e0 boire <\/em>\u00a0(que l&rsquo;ensemble folk Malicorne avait rendu c\u00e9l\u00e8bres en son temps) ou encore <em>El testament d&rsquo;Am\u00e8lia, <\/em>chanson traditionnelle et folklorique catalane.<\/p>\n<h5>Les membres de la formation A\u00eblis<\/h5>\n<p><strong>Myriam Krivine<\/strong>\u00a0 (chant, riqq, tambour)<br \/>\n<strong>Jean-Michel Deliers<\/strong>\u00a0 (vielle \u00e0 roue, cornemuse, psalt\u00e9rion, chalumeau, percussions, chant)<br \/>\n<strong>Jean-Luc Lenoir<\/strong> (luth, harpe m\u00e9di\u00e9vale, guitare-lyre, chant)<br \/>\n<strong>Aliocha Regnard<\/strong>\u00a0 (vi\u00e8le \u00e0 archet, nyckelharpa, chant)<br \/>\n<strong>Denis Zaidman<\/strong>\u00a0 (fl\u00fbtes, hautbois \u00e0 capsule, chal\u00e9mie, chant)<\/p>\n<p>En vous souhaitant une\u00a0 belle journ\u00e9e.<\/p>\n<p>Fred<br \/>\nPour moyenagepassion.com<br \/>\n<em><strong>A la d\u00e9couverte du Moyen-Age\u00a0 sous toutes ses formes<\/strong><\/em><\/p>\n<hr \/>\n<h5><strong>D\u00e9couvrir d&rsquo;autres <\/strong><strong> Estampies m\u00e9di\u00e9vales<\/strong><\/h5>\n<p><a href=\"https:\/\/www.moyenagepassion.com\/index.php\/2016\/12\/14\/danses-medievales-et-manuscrits-anciens-deux-musiciens-virtuoses-et-belle-une-decouverte-dans-le-registre-des-musiques-anciennes\/\" target=\"_blank\" rel=\"noopener noreferrer\">La Septime estampie Reale et l&rsquo;Istampitta in Pro par\u00a0 Voices of Music<\/a><a href=\"https:\/\/www.moyenagepassion.com\/index.php\/2018\/08\/11\/la-sexte-estampie-par-le-albion-dance-band-et-dans-la-mouvance-folk-rock-des-annees-70\/\" target=\"_blank\" rel=\"noopener noreferrer\"><br \/>\nLa Sexte Estampie par Le Albion Dance Band<\/a><br \/>\n<a href=\"https:\/\/www.moyenagepassion.com\/index.php\/2018\/07\/28\/danses-medievales-la-sexte-estampie-royale-du-manuscrit-du-roy-par-le-eurasia-consort\/\" target=\"_blank\" rel=\"noopener noreferrer\">La Sexte Estampie par le Eurasia Consort<\/a><br \/>\n<a href=\"https:\/\/www.moyenagepassion.com\/index.php\/2019\/05\/09\/la-quinte-estampie-royale-sous-la-direction-de-anne-azema-dans-un-album-dedie-au-miracle-marial\/\" target=\"_blank\" rel=\"noopener noreferrer\">La Quinte Estampie\u00a0 de Anne Azema avec Shira Jammen<\/a><br \/>\n<a href=\"https:\/\/www.moyenagepassion.com\/index.php\/2018\/06\/15\/danse-medievale-la-quinte-estampie-royale-par-le-early-music-consort-de-londres\/\" target=\"_blank\" rel=\"noopener noreferrer\">La Quinte Estampie par le Early Music Consort de Londres\u00a0<\/a><br \/>\n<a href=\"https:\/\/www.moyenagepassion.com\/index.php\/2017\/04\/07\/la-quarte-estampie-royale-du-chansonnier-du-roi-danse-et-musique-du-moyen-age-central\/\" target=\"_blank\" rel=\"noopener noreferrer\">La Quarte estampie Royale par Hesp\u00e8rion XXI<br \/>\n<\/a><a href=\"https:\/\/www.moyenagepassion.com\/index.php\/2017\/11\/27\/danse-medievale-du-xiiie-siecle-la-tierce-estampie-royale-avec-the-dufay-collective\/\" target=\"_blank\" rel=\"noopener noreferrer\">La Tierce Estampie avec le Dufay Collective<br \/>\n<\/a><a href=\"https:\/\/www.moyenagepassion.com\/index.php\/2016\/11\/23\/le-manuscrit-du-roy-et-la-prime-estampie-royale-en-compagnie-dhesperion-xxi\/\" target=\"_blank\" rel=\"noopener noreferrer\">La Prime Estampie Royale du Manuscrit du roy avec Hesp\u00e9rion XXI<br \/>\n<\/a><a href=\"https:\/\/www.moyenagepassion.com\/index.php\/2017\/11\/27\/danse-medievale-du-xiiie-siecle-la-tierce-estampie-royale-avec-the-dufay-collective\/\" target=\"_blank\" rel=\"noopener noreferrer\"><br \/>\n<\/a><a href=\"https:\/\/www.moyenagepassion.com\/index.php\/2019\/02\/01\/danse-medievale-parlamento-un-estampie-du-ms-29987-par-lensemble-artefactum\/\" target=\"_blank\" rel=\"noopener noreferrer\">Parlamento\u00a0; Une Estampie du MS 29987 avec ArteFactum<br \/>\n<\/a><a href=\"https:\/\/www.moyenagepassion.com\/index.php\/2017\/03\/28\/ghaetta-estampie-du-xive-manuscrit-de-londres\/\" target=\"_blank\" rel=\"noopener noreferrer\">Ghaetta, une estampie du Manuscrit de Londres avec ArteFactum<\/a><a href=\"https:\/\/www.moyenagepassion.com\/index.php\/2019\/02\/01\/danse-medievale-parlamento-un-estampie-du-ms-29987-par-lensemble-artefactum\/\" target=\"_blank\" rel=\"noopener noreferrer\"><br \/>\n<\/a><a href=\"https:\/\/www.moyenagepassion.com\/index.php\/2017\/02\/21\/un-anon-estival-du-xiiie-siecle-dans-le-coeur-de-lhiver\/\" target=\"_blank\" rel=\"noopener noreferrer\">La plus vieille chanson anglaise connue, avec l&rsquo;Ensemble Belladonna<\/a><a href=\"https:\/\/www.moyenagepassion.com\/index.php\/2019\/02\/01\/danse-medievale-parlamento-un-estampie-du-ms-29987-par-lensemble-artefactum\/\" target=\"_blank\" rel=\"noopener noreferrer\"><br \/>\n<\/a><a href=\"https:\/\/www.moyenagepassion.com\/index.php\/2017\/02\/09\/estampie-et-danses-toscanes-du-xive-la-complainte-de-tristan\/\" target=\"_blank\" rel=\"noopener noreferrer\"><em>Le Lamento di Tristano e rotta<\/em>\u00a0avec Hesp\u00e9rion XXI<\/a><a href=\"https:\/\/www.moyenagepassion.com\/index.php\/2019\/02\/01\/danse-medievale-parlamento-un-estampie-du-ms-29987-par-lensemble-artefactum\/\" target=\"_blank\" rel=\"noopener noreferrer\"><br \/>\n<\/a><a href=\"https:\/\/www.moyenagepassion.com\/index.php\/2016\/05\/05\/kalenda-maia-ou-kalenda-maya-une-poesie-de-raymond-de-vaqueiras-sur-une-estampie-du-xiie-siecle\/\" target=\"_blank\" rel=\"noopener noreferrer\"><em>Kalenda Maya<\/em>\u00a0sur un air d&rsquo;estampie, avec le Clemencic Consort<\/a><a href=\"https:\/\/www.moyenagepassion.com\/index.php\/2019\/02\/01\/danse-medievale-parlamento-un-estampie-du-ms-29987-par-lensemble-artefactum\/\" target=\"_blank\" rel=\"noopener noreferrer\"><br \/>\n<\/a><\/p>\n<h5><strong>Autres pi\u00e8ces dans\u00e9es du Moyen-\u00e2ge :<br \/>\nductia, saltarelles, trotto, &#8230;<\/strong><\/h5>\n<p><a href=\"https:\/\/www.moyenagepassion.com\/index.php\/2017\/04\/10\/estampie-saltarello-du-manuscrit-ancien-du-xiiie-siecle-add-29987\/\" target=\"_blank\" rel=\"noopener noreferrer\">Un Saltarello du Manuscrit de Londres par Voices of Music<br \/>\n<\/a><a href=\"https:\/\/www.moyenagepassion.com\/index.php\/2016\/09\/08\/quand-le-rock-gothique-et-la-dark-wave-neoclassique-de-dead-can-dance-met-un-pied-dans-le-monde-medieval\/\" target=\"_blank\" rel=\"noopener noreferrer\">Un\u00a0Saltarello du MS 29987 de Londres version Dead Can Dance<br \/>\n<\/a><a href=\"https:\/\/www.moyenagepassion.com\/index.php\/2019\/03\/27\/danse-medievale-saltarello-musica-vagantium-add29987\/\" target=\"_blank\" rel=\"noopener noreferrer\">Le m\u00eame saltarello par l&rsquo;ensemble\u00a0Musica Vagantium<\/a><br \/>\n<a href=\"https:\/\/www.moyenagepassion.com\/index.php\/2017\/07\/17\/estampie-et-danse-medievale-du-xive-siecle-la-rotta-della-manfredina\/\" target=\"_blank\" rel=\"noopener noreferrer\">La\u00a0 \u00a0<em>Rotta della Manfredina<\/em>\u00a0 du Manuscrit de Londres avec Micrologus<\/a><a href=\"https:\/\/www.moyenagepassion.com\/index.php\/2017\/04\/10\/estampie-saltarello-du-manuscrit-ancien-du-xiiie-siecle-add-29987\/\" target=\"_blank\" rel=\"noopener noreferrer\"><br \/>\nUne Ductia du XIIIe si\u00e8cle\u00a0 avec le Dufay Collective<br \/>\n<\/a><a href=\"https:\/\/www.moyenagepassion.com\/index.php\/2016\/09\/01\/une-ductia-medievale-par-les-musiciens-andalous-de-artefactum\/\" target=\"_blank\" rel=\"noopener noreferrer\">Une Ductia Medievale sous la direction des andalous de Artefactum<\/a><a href=\"https:\/\/www.moyenagepassion.com\/index.php\/2017\/04\/10\/estampie-saltarello-du-manuscrit-ancien-du-xiiie-siecle-add-29987\/\" target=\"_blank\" rel=\"noopener noreferrer\"><br \/>\n<\/a><a href=\"https:\/\/www.moyenagepassion.com\/index.php\/2016\/07\/27\/trotto-danse-medievale-du-xive-tiree-du-manuscrit-add-29987-british-museum\/\" target=\"_blank\" rel=\"noopener noreferrer\">Un Trotto du MS 29987 \u00e0 la fa\u00e7on du Lyrebyrd Consort<\/a><\/p>\n","protected":false},"excerpt":{"rendered":"<p>Sujet :\u00a0 danses m\u00e9di\u00e9vales, musique m\u00e9di\u00e9vale,\u00a0 estampie,\u00a0 manuscrit ancien, chansonnier du Roy,, Fran\u00e7ais 844, chansonnier du Roy. P\u00e9riode :\u00a0 moyen-\u00e2ge, \u00a0XIIIe si\u00e8cle. Auteur :\u00a0 anonyme Titre \u00a0: la quinte estampie royale Interpr\u00e8tes\u00a0 \u00a0\u00a0:\u00a0 \u00a0Ensemble A\u00eblis Album : A\u00eblis (2015) Bonjour \u00e0 tous, ombreuses sont les formations musicales, des plus\u00a0 classiques\u00a0aux plus folk(s), qui se sont &hellip; <a href=\"https:\/\/www.moyenagepassion.com\/index.php\/2019\/07\/28\/la-quinte-estampie-reale-par-lensemble-aelis-et-un-portrait-de-cette-formation\/\" class=\"more-link\">Continuer la lecture de <span class=\"screen-reader-text\">La Quinte estampie r\u00e9ale par l&rsquo;ensemble A\u00eblis &#038; un portrait de cette jeune formation<\/span>  <span class=\"meta-nav\">&rarr;<\/span><\/a><\/p>\n","protected":false},"author":2,"featured_media":0,"comment_status":"open","ping_status":"open","sticky":false,"template":"","format":"standard","meta":{"_monsterinsights_skip_tracking":false,"_monsterinsights_sitenote_active":false,"_monsterinsights_sitenote_note":"","_monsterinsights_sitenote_category":0,"footnotes":""},"categories":[4753,9],"tags":[1374,4648,1287,912,4647,1200,142,3790,1010,1983,1283,18,79,990,883,3864,595],"class_list":["post-27839","post","type-post","status-publish","format-standard","hentry","category-auteur-anonyme","category-musique-medieval-historique-fantaisie-celtique","tag-add-29987","tag-aelis","tag-chansonnier-du-roy","tag-danses-medievales","tag-ensemble-aelis","tag-estampie","tag-folk","tag-francais-844","tag-manuscrit-ancien","tag-manuscrit-de-londres","tag-manuscrit-du-roy","tag-moyen-age","tag-musique-medievale","tag-musique-traditionnelle","tag-musiques-anciennes","tag-quinte-estampie-royale","tag-xiiie-siecle"],"aioseo_notices":[],"_links":{"self":[{"href":"https:\/\/www.moyenagepassion.com\/index.php\/wp-json\/wp\/v2\/posts\/27839"}],"collection":[{"href":"https:\/\/www.moyenagepassion.com\/index.php\/wp-json\/wp\/v2\/posts"}],"about":[{"href":"https:\/\/www.moyenagepassion.com\/index.php\/wp-json\/wp\/v2\/types\/post"}],"author":[{"embeddable":true,"href":"https:\/\/www.moyenagepassion.com\/index.php\/wp-json\/wp\/v2\/users\/2"}],"replies":[{"embeddable":true,"href":"https:\/\/www.moyenagepassion.com\/index.php\/wp-json\/wp\/v2\/comments?post=27839"}],"version-history":[{"count":1,"href":"https:\/\/www.moyenagepassion.com\/index.php\/wp-json\/wp\/v2\/posts\/27839\/revisions"}],"predecessor-version":[{"id":34680,"href":"https:\/\/www.moyenagepassion.com\/index.php\/wp-json\/wp\/v2\/posts\/27839\/revisions\/34680"}],"wp:attachment":[{"href":"https:\/\/www.moyenagepassion.com\/index.php\/wp-json\/wp\/v2\/media?parent=27839"}],"wp:term":[{"taxonomy":"category","embeddable":true,"href":"https:\/\/www.moyenagepassion.com\/index.php\/wp-json\/wp\/v2\/categories?post=27839"},{"taxonomy":"post_tag","embeddable":true,"href":"https:\/\/www.moyenagepassion.com\/index.php\/wp-json\/wp\/v2\/tags?post=27839"}],"curies":[{"name":"wp","href":"https:\/\/api.w.org\/{rel}","templated":true}]}}