{"id":28033,"date":"2019-08-15T03:11:59","date_gmt":"2019-08-15T02:11:59","guid":{"rendered":"https:\/\/www.moyenagepassion.com\/?p=28033"},"modified":"2025-08-20T22:35:59","modified_gmt":"2025-08-20T21:35:59","slug":"saint-louis-de-retour-a-aigues-mortes-pour-une-grande-fete-medievale","status":"publish","type":"post","link":"https:\/\/www.moyenagepassion.com\/index.php\/2019\/08\/15\/saint-louis-de-retour-a-aigues-mortes-pour-une-grande-fete-medievale\/","title":{"rendered":"Saint-Louis de retour \u00e0 Aigues-Mortes pour une grande f\u00eate m\u00e9di\u00e9vale"},"content":{"rendered":"<div id=\"moyen-789136468\" class=\"moyen-before-content moyen-entity-placement\"><script async src=\"\/\/pagead2.googlesyndication.com\/pagead\/js\/adsbygoogle.js?client=ca-pub-3035390706780632\" crossorigin=\"anonymous\"><\/script><ins class=\"adsbygoogle\" style=\"display:block;\" data-ad-client=\"ca-pub-3035390706780632\" \ndata-ad-slot=\"\" \ndata-ad-format=\"auto\"><\/ins>\n<script> \n(adsbygoogle = window.adsbygoogle || []).push({}); \n<\/script>\n<\/div><p><strong><a href=\"https:\/\/www.moyenagepassion.com\/wp-content\/uploads\/2016\/08\/heraldique_aigues_mortes_camargues_ville_medievale_saint_martin.jpg\"><img decoding=\"async\" class=\"alignleft wp-image-5908\" src=\"https:\/\/www.moyenagepassion.com\/wp-content\/uploads\/2016\/08\/heraldique_aigues_mortes_camargues_ville_medievale_saint_martin-300x296.jpg\" alt=\"heraldique_aigues_mortes_camargues_ville_medievale_saint_martin\" width=\"165\" height=\"163\" srcset=\"https:\/\/www.moyenagepassion.com\/wp-content\/uploads\/2016\/08\/heraldique_aigues_mortes_camargues_ville_medievale_saint_martin-300x296.jpg 300w, https:\/\/www.moyenagepassion.com\/wp-content\/uploads\/2016\/08\/heraldique_aigues_mortes_camargues_ville_medievale_saint_martin.jpg 566w\" sizes=\"(max-width: 165px) 100vw, 165px\" \/><\/a>Sujet<\/strong>\u00a0 : f\u00eates, animations m\u00e9di\u00e9vales, Saint-Louis, festival, f\u00eates\u00a0 historiques, compagnies m\u00e9di\u00e9vales, cit\u00e9 m\u00e9di\u00e9vale.<br \/>\n<strong>Ev\u00e9nement <\/strong>\u00a0: 34e f\u00eate de la Saint-Louis,<br \/>\n<strong>P\u00e9riode<\/strong> : Moyen \u00c2ge central, XIIIe si\u00e8cle.<br \/>\n<strong>Lieu<\/strong>\u00a0 : Aigues-Mortes (Gard, Occitanie)<br \/>\n<strong>Dates <\/strong>: du 23\u00a0 au\u00a0 25 ao\u00fbt 2019<\/p>\n<p>Bonjour \u00e0 tous,<\/p>\n<p style=\"text-align: justify;\"><img decoding=\"async\" class=\"alignleft size-full wp-image-23887\" src=\"https:\/\/www.moyenagepassion.com\/wp-content\/uploads\/2018\/10\/C_lettrine_moyen_age_passion.jpg\" alt=\"C_lettrine_moyen_age_passion\" width=\"84\" height=\"103\" \/>omme chaque ann\u00e9e, autour de la fin ao\u00fbt, le bon ro\u00e9 Saint Louis sera de retour du 23 au 25 de ce mois,\u00a0 \u00e0\u00a0Aigues-Mortes pour de grandes r\u00e9jouissances m\u00e9di\u00e9vales et historiques.<\/p>\n<h2 style=\"text-align: justify;\">Temps forts, tournoi, animations et march\u00e9<\/h2>\n<p style=\"text-align: justify;\"><img decoding=\"async\" class=\"wp-image-28037 alignright\" src=\"https:\/\/www.moyenagepassion.com\/wp-content\/uploads\/2019\/08\/fete-saint-louis-aigues-mortes-2019-animations-historiques-medievales.jpg\" alt=\"fete-saint-louis-aigues-mortes-2019-animations-historiques-medievales\" width=\"186\" height=\"279\" srcset=\"https:\/\/www.moyenagepassion.com\/wp-content\/uploads\/2019\/08\/fete-saint-louis-aigues-mortes-2019-animations-historiques-medievales.jpg 350w, https:\/\/www.moyenagepassion.com\/wp-content\/uploads\/2019\/08\/fete-saint-louis-aigues-mortes-2019-animations-historiques-medievales-200x300.jpg 200w\" sizes=\"(max-width: 186px) 100vw, 186px\" \/>La f\u00eate ouvrira d\u00e8s le vendredi soir avec l&rsquo;inauguration du march\u00e9 m\u00e9di\u00e9val et ses \u00e9choppes. Elle se poursuivra, dans la soir\u00e9e, par un tournoi de chevaliers, accompagn\u00e9 de jongleries et de spectacle de feu. Le samedi, elle proposera, d\u00e9s la fin de matin\u00e9e, un d\u00e9fil\u00e9 historique suivi de la traditionnelle remise de cl\u00e9s de la\u00a0cit\u00e9 au c\u00e9l\u00e8bre Louis IX r\u00e9incarn\u00e9 pour l&rsquo;occasion.<\/p>\n<p style=\"text-align: justify;\">Durant tout le jour, suivront des animations m\u00e9di\u00e9vales continues au sein des campements m\u00e9di\u00e9vaux install\u00e9s pour l&rsquo;occasion : sc\u00e9nettes, musique, th\u00e9\u00e2tre de rue, escrime ancienne, archerie, mais aussi de nombreux ateliers tout droit venus du Moyen \u00c2ge (\u00e9tuves, calligraphie, cuisine m\u00e9di\u00e9vale, etc..). Un peu plus tard dans la journ\u00e9e, \u00ab\u00a0le myst\u00e8re de Saint louis\u00a0\u00bb sera \u00e9galement jou\u00e9 par la et un nouveau tournoi de chevalerie sera donn\u00e9. Le samedi se cl\u00f4turera par un nouveau d\u00e9fil\u00e9 historique.<\/p>\n<p style=\"text-align: justify;\"><a href=\"https:\/\/www.moyenagepassion.com\/wp-content\/uploads\/2019\/08\/fete-medievale-saint-louis-2019-aigues-mortes-occitanie.jpg\"><img decoding=\"async\" class=\"alignnone size-full wp-image-28041\" src=\"https:\/\/www.moyenagepassion.com\/wp-content\/uploads\/2019\/08\/fete-medievale-saint-louis-2019-aigues-mortes-occitanie.jpg\" alt=\"fete-medievale-saint-louis-2019-aigues-mortes-occitanie\" width=\"600\" height=\"316\" srcset=\"https:\/\/www.moyenagepassion.com\/wp-content\/uploads\/2019\/08\/fete-medievale-saint-louis-2019-aigues-mortes-occitanie.jpg 600w, https:\/\/www.moyenagepassion.com\/wp-content\/uploads\/2019\/08\/fete-medievale-saint-louis-2019-aigues-mortes-occitanie-300x158.jpg 300w\" sizes=\"(max-width: 600px) 100vw, 600px\" \/><\/a><\/p>\n<p style=\"text-align: justify;\">Le dimanche proposera un programme similaire avec quelques variantes\u00a0: notamment, une c\u00e9l\u00e9bration eucharistique, en fin de matin\u00e9e, en l&rsquo;honneur du grand souverain en l&rsquo;\u00e9glise Notre Dame des Sablons. Mais on pourra aussi y assister, bien s\u00fbr, \u00e0 un des temps forts habituel de cette f\u00eate m\u00e9di\u00e9vale, sa cl\u00f4ture avec l&#8217;embarquement de Saint-Louis pour les croisades, suivie d&rsquo;un grand feu d&rsquo;artifice pour c\u00e9l\u00e9brer la fin de ces r\u00e9jouissances.<\/p>\n<p style=\"text-align: justify;\"><strong>Compagnies m\u00e9di\u00e9vales pr\u00e9sentes<\/strong><\/p>\n<p style=\"text-align: justify;\"><span style=\"color: #008000;\"><em>Les Compagnons d&rsquo;Ancellin &#8211; La Dame de Aigues &#8211; Les Djinjols &#8211; Douves &amp; Donjons &#8211; Drakonia &#8211; Les Gueux de Volonne &#8211; <a href=\"https:\/\/www.moyenagepassion.com\/index.php\/2017\/04\/28\/agenda-les-medievales-de-saint-jean-de-maruejols-et-avejan-et-la-guilde-de-la-grenouille\/\" target=\"_blank\" rel=\"noopener noreferrer\">la Guilde de la Grenouille<\/a> &#8211; Merces &#8211; Les Monts Rieurs &#8211; Osco Musique &#8211; Pescaluna<\/em><\/span><\/p>\n<p><a href=\"http:\/\/www.ville-aigues-mortes.fr\/image\/PUBLICATIONS\/fly_saint_louis_2019_net.pdf?fbclid=IwAR2LF2nGq_cPQv1vSH_Bq9C56ENpgCM0tUZN6XWDUr61XeMFHFhSVlPhAOg\" target=\"_blank\" rel=\"noopener noreferrer\">Le programme en pdf<\/a>\u00a0 (<a href=\"https:\/\/www.moyenagepassion.com\/wp-content\/uploads\/2019\/08\/fete-medievale-saint-louis-2019-aigues-mortes-occitanie.pdf\" target=\"_blank\" rel=\"noopener noreferrer\">lien alternatif<\/a>) &#8211; <a href=\"https:\/\/ot-aiguesmortes.com\/fete-de-la-saint-louis\" target=\"_blank\" rel=\"noopener noreferrer\">Le site de l&rsquo;office du\u00a0tourisme<\/a><\/p>\n<p style=\"text-align: justify;\">Voir nos articles pr\u00e9c\u00e9dents sur la F\u00eate de Saint-Louis \u00e0 Aigues-mortes\u00a0 :\u00a0 <a href=\"https:\/\/www.moyenagepassion.com\/index.php\/2018\/08\/22\/la-33e-edition-de-la-fete-de-la-saint-louis-daigues-mortes-la-camarguaise\/\" target=\"_blank\" rel=\"noopener noreferrer\">Edition 2018<\/a> &#8211; <a href=\"https:\/\/www.moyenagepassion.com\/index.php\/2017\/08\/24\/saint-louis-revient-a-aigues-mortes-pour-la-32e-edition-dune-grande-fete-medievale\/\" target=\"_blank\" rel=\"noopener noreferrer\">Edition 2017<\/a> &#8211; <a href=\"https:\/\/www.moyenagepassion.com\/index.php\/2016\/08\/26\/celebration-et-festivites-medievales-aigues-mortes-fete-saint-louis\/\" target=\"_blank\" rel=\"noopener noreferrer\">Edition 2016 avec suppl\u00e9ment sur l&rsquo;histoire m\u00e9di\u00e9vale d&rsquo;Aigues-Mortes<\/a><\/p>\n<p>En vous souhaitant une tr\u00e8s belle journ\u00e9e.<br \/>\nFred<br \/>\nPour Moyenagepassion.com<br \/>\n<em><strong>A la d\u00e9couverte du monde m\u00e9di\u00e9val sous toutes ses formes.<\/strong><\/em><\/p>\n","protected":false},"excerpt":{"rendered":"<p>Sujet\u00a0 : f\u00eates, animations m\u00e9di\u00e9vales, Saint-Louis, festival, f\u00eates\u00a0 historiques, compagnies m\u00e9di\u00e9vales, cit\u00e9 m\u00e9di\u00e9vale. Ev\u00e9nement \u00a0: 34e f\u00eate de la Saint-Louis, P\u00e9riode : Moyen \u00c2ge central, XIIIe si\u00e8cle. Lieu\u00a0 : Aigues-Mortes (Gard, Occitanie) Dates : du 23\u00a0 au\u00a0 25 ao\u00fbt 2019 Bonjour \u00e0 tous, omme chaque ann\u00e9e, autour de la fin ao\u00fbt, le bon ro\u00e9 Saint &hellip; <a href=\"https:\/\/www.moyenagepassion.com\/index.php\/2019\/08\/15\/saint-louis-de-retour-a-aigues-mortes-pour-une-grande-fete-medievale\/\" class=\"more-link\">Continuer la lecture de <span class=\"screen-reader-text\">Saint-Louis de retour \u00e0 Aigues-Mortes pour une grande f\u00eate m\u00e9di\u00e9vale<\/span>  <span class=\"meta-nav\">&rarr;<\/span><\/a><\/p>\n","protected":false},"author":2,"featured_media":0,"comment_status":"open","ping_status":"open","sticky":false,"template":"","format":"standard","meta":{"_monsterinsights_skip_tracking":false,"_monsterinsights_sitenote_active":false,"_monsterinsights_sitenote_note":"","_monsterinsights_sitenote_category":0,"footnotes":""},"categories":[11],"tags":[1486,2529,2874,212,136,1380,1339,2962,636,182,1369,167,4666],"class_list":["post-28033","post","type-post","status-publish","format-standard","hentry","category-fetes-medievales-evenement","tag-aigues-mortes","tag-animations-medievales","tag-cite-medievale","tag-compagnies-medievales","tag-festival","tag-fetes","tag-fetes-historiques","tag-gard","tag-marche-medieval","tag-monde-medieval","tag-occitanie","tag-saint-louis","tag-tournoi-de-chevaliers"],"aioseo_notices":[],"_links":{"self":[{"href":"https:\/\/www.moyenagepassion.com\/index.php\/wp-json\/wp\/v2\/posts\/28033"}],"collection":[{"href":"https:\/\/www.moyenagepassion.com\/index.php\/wp-json\/wp\/v2\/posts"}],"about":[{"href":"https:\/\/www.moyenagepassion.com\/index.php\/wp-json\/wp\/v2\/types\/post"}],"author":[{"embeddable":true,"href":"https:\/\/www.moyenagepassion.com\/index.php\/wp-json\/wp\/v2\/users\/2"}],"replies":[{"embeddable":true,"href":"https:\/\/www.moyenagepassion.com\/index.php\/wp-json\/wp\/v2\/comments?post=28033"}],"version-history":[{"count":1,"href":"https:\/\/www.moyenagepassion.com\/index.php\/wp-json\/wp\/v2\/posts\/28033\/revisions"}],"predecessor-version":[{"id":52130,"href":"https:\/\/www.moyenagepassion.com\/index.php\/wp-json\/wp\/v2\/posts\/28033\/revisions\/52130"}],"wp:attachment":[{"href":"https:\/\/www.moyenagepassion.com\/index.php\/wp-json\/wp\/v2\/media?parent=28033"}],"wp:term":[{"taxonomy":"category","embeddable":true,"href":"https:\/\/www.moyenagepassion.com\/index.php\/wp-json\/wp\/v2\/categories?post=28033"},{"taxonomy":"post_tag","embeddable":true,"href":"https:\/\/www.moyenagepassion.com\/index.php\/wp-json\/wp\/v2\/tags?post=28033"}],"curies":[{"name":"wp","href":"https:\/\/api.w.org\/{rel}","templated":true}]}}