{"id":28147,"date":"2019-08-21T20:13:24","date_gmt":"2019-08-21T19:13:24","guid":{"rendered":"https:\/\/www.moyenagepassion.com\/?p=28147"},"modified":"2019-08-21T20:30:47","modified_gmt":"2019-08-21T19:30:47","slug":"agenda-animations-medievales-et-moyen-age-festif-week-end-du-22-au-25-aout-2019","status":"publish","type":"post","link":"https:\/\/www.moyenagepassion.com\/index.php\/2019\/08\/21\/agenda-animations-medievales-et-moyen-age-festif-week-end-du-22-au-25-aout-2019\/","title":{"rendered":"Agenda animations m\u00e9di\u00e9vales et Moyen-\u00e2ge festif : week end du 22 au 25 ao\u00fbt 2019"},"content":{"rendered":"<div id=\"moyen-2000873012\" class=\"moyen-before-content moyen-entity-placement\"><script async src=\"\/\/pagead2.googlesyndication.com\/pagead\/js\/adsbygoogle.js?client=ca-pub-3035390706780632\" crossorigin=\"anonymous\"><\/script><ins class=\"adsbygoogle\" style=\"display:block;\" data-ad-client=\"ca-pub-3035390706780632\" \ndata-ad-slot=\"\" \ndata-ad-format=\"auto\"><\/ins>\n<script> \n(adsbygoogle = window.adsbygoogle || []).push({}); \n<\/script>\n<\/div><p><a href=\"https:\/\/www.moyenagepassion.com\/wp-content\/uploads\/2018\/07\/agenda_fetes_festival_animations_medievales_moyen-age_festif.jpg\"><img decoding=\"async\" class=\"alignleft wp-image-22638\" src=\"https:\/\/www.moyenagepassion.com\/wp-content\/uploads\/2018\/07\/agenda_fetes_festival_animations_medievales_moyen-age_festif.jpg\" alt=\"agenda_fetes_festival_animations_medievales_moyen-age_festif\" width=\"105\" height=\"178\" srcset=\"https:\/\/www.moyenagepassion.com\/wp-content\/uploads\/2018\/07\/agenda_fetes_festival_animations_medievales_moyen-age_festif.jpg 332w, https:\/\/www.moyenagepassion.com\/wp-content\/uploads\/2018\/07\/agenda_fetes_festival_animations_medievales_moyen-age_festif-178x300.jpg 178w\" sizes=\"(max-width: 105px) 100vw, 105px\" \/><\/a><strong>Sujet<\/strong>\u00a0:\u00a0 f\u00eates,\u00a0 animations m\u00e9di\u00e9vales, compagnies m\u00e9di\u00e9vales,\u00a0 moyen-\u00e2ge festif,\u00a0 march\u00e9 m\u00e9di\u00e9val.<br \/>\n<strong>Lieu<\/strong>\u00a0: Normandie,\u00a0 Occitanie, Provence-Alpes-C\u00f4te d\u2019Azur,\u00a0Auvergne-Rh\u00f4ne-Alpes, Pays-de-la-Loire, Centre-Val de Loire,\u00a0Bourgogne-Franche-Comt\u00e9,\u00a0Hauts-de-France<br \/>\n<strong>Ev\u00e9nement<\/strong><strong>:\u00a0<em>M\u00e9di\u00e9vales d\u2019ici et d\u2019ailleurs<\/em><\/strong><br \/>\n<strong>Dates<\/strong>: du\u00a022 au\u00a025 \u00a0ao\u00fbt 2019<\/p>\n<p>Bonjour \u00e0 tous,<\/p>\n<p><a href=\"https:\/\/www.moyenagepassion.com\/wp-content\/uploads\/2018\/10\/V_lettrine_moyen_age_passion-copia.jpg\"><img decoding=\"async\" class=\"alignleft size-full wp-image-23907\" src=\"https:\/\/www.moyenagepassion.com\/wp-content\/uploads\/2018\/10\/V_lettrine_moyen_age_passion-copia.jpg\" alt=\"V_lettrine_moyen_age_passion-copia\" width=\"96\" height=\"103\" \/><\/a>oici un r\u00e9capitulatif de quelques animations m\u00e9di\u00e9vales qui vous entendent, ce week end, sur les terres de France. Il conviendra de leur ajouter les <a href=\"https:\/\/www.moyenagepassion.com\/index.php\/2019\/08\/15\/saint-louis-de-retour-a-aigues-mortes-pour-une-grande-fete-medievale\/\" target=\"_blank\">f\u00eates de la Saint-Louis 2019 d&rsquo;Aigues Mortes<\/a> auxquelles nous avons d\u00e9j\u00e0 consacr\u00e9 un article.<\/p>\n<hr \/>\n<h2>9\u00e8me f\u00eate m\u00e9di\u00e9vale d&rsquo;Embrun<\/h2>\n<p><strong>Lieu<\/strong> :\u00a0Embrun, Hautes-Alpes, Provence-Alpes-C\u00f4te d&rsquo;Azur<br \/>\n<strong>Dates<\/strong> : les 22 et 23 ao\u00fbt 2019<\/p>\n<p><a href=\"https:\/\/www.moyenagepassion.com\/wp-content\/uploads\/2019\/08\/fete-medievale-embrun-2019.jpg\" target=\"_blank\"><img decoding=\"async\" class=\"alignleft wp-image-28156 size-full\" src=\"https:\/\/www.moyenagepassion.com\/wp-content\/uploads\/2019\/08\/fete-medievale-embrun-2019_s.jpg\" alt=\"fete-medievale-embrun-2019_s\" width=\"180\" height=\"265\" \/><\/a>Foire m\u00e9di\u00e9vale (40 exposants), nombreuses animations, artisanat, combat, feu, jeux, banquet, campement m\u00e9di\u00e9val.\u00a0Nocturne, le jeudi et le vendredi.<\/p>\n<p>Compagnies m\u00e9di\u00e9vales :\u00a0<span style=\"color: #008000;\"><em>Compagnie Fa\u00ef &#8211; Les Pies-Treries &#8211; De Mal en Pies &#8211; Cie Artem &#8211; Cie les Boulegans &#8211; Cie Baladeux &#8211; L&rsquo;Ost des Temps Jadis &#8211; Les Archers d&rsquo;Embrun &#8211; Chevauch\u00e9e des Lices\u00a0<\/em><\/span><\/p>\n<p style=\"text-align: center;\"><a href=\"http:\/\/www.ville-embrun.fr\/evenements\/8eme-fete-medievale-embrun\" target=\"_blank\">Site de l&rsquo;organisateur<\/a>\u00a0&#8211; <a href=\"http:\/\/www.ville-embrun.fr\/sites\/communo-senso.com\/files\/8\/fiche_doc\/29795\/programmemedievalesembrun2019.pdf\" target=\"_blank\">Programme d\u00e9taill\u00e9<\/a><\/p>\n<hr \/>\n<h2>Grande foire m\u00e9di\u00e9vale de la Saint-Louis<\/h2>\n<p><strong>Lieu<\/strong> :\u00a0Cr\u00e9cy en Ponthieux,\u00a0 Somme, Hauts-de-France<br \/>\n<strong>Dates<\/strong> :\u00a0 les\u00a0 24 et 25 ao\u00fbt 2019<\/p>\n<p><a href=\"https:\/\/www.moyenagepassion.com\/wp-content\/uploads\/2019\/08\/Fete-medievale-saint-louis-Crecy-en-Ponthieux-Somme-Hauts-de-france.jpg\" target=\"_blank\"><img decoding=\"async\" class=\"alignleft wp-image-28158 size-full\" src=\"https:\/\/www.moyenagepassion.com\/wp-content\/uploads\/2019\/08\/Fete-medievale-saint-louis-Crecy-en-Ponthieux-Somme-Hauts-de-france_s.jpg\" alt=\"Fete-medievale-saint-louis-Crecy-en-Ponthieux-Somme-Hauts-de-france_s\" width=\"180\" height=\"265\" \/><\/a>En c\u00e9l\u00e9bration du 673e anniversaire de la bataille de Cr\u00e9cy (1346, victoire fran\u00e7aise sur les arm\u00e9es anglaises d&rsquo;Edouard III). Au programme, 250 reconstituteurs et m\u00e9di\u00e9vistes en costume.\u00a0 Foire m\u00e9di\u00e9vale anim\u00e9e avec campements, d\u00e9ambulations et spectacles, Banquet avec spectacle m\u00e9di\u00e9val, le samedi soir.\u00a0Le mus\u00e9e de Cr\u00e9cy d\u00e9di\u00e9 lui aussi \u00e0 cette bataille proposera \u00e9galement son propre programme d&rsquo;animations.<\/p>\n<p>Troupes et compagnies m\u00e9di\u00e9vales attendues :\u00a0\u00a0<span style=\"color: #008000;\"><em>Sikinis &#8211; The Lions &amp; Lilies &#8211; Medieval Combat Society &#8211; Les Lions Rampants &#8211; La Guilde M\u00e9di\u00e9vale &#8211; Au fil de l&rsquo;Aiguille et de l&rsquo;\u00e9p\u00e9e &#8211; Feal Troppelte &#8211; La Confr\u00e9rie du Cerb\u00e8re &#8211; Les Chevaliers du Roc Blanc &#8211; La Guilde du Lys d&rsquo;Or &#8211; Lagarrai Dragonis &#8211;<\/em> <\/span><\/p>\n<p style=\"text-align: center;\"><a href=\"https:\/\/www.facebook.com\/SaintLouisCrecy\/\" target=\"_blank\">Page Facebook officielle\u00a0<\/a>\u00a0&#8211; <a href=\"https:\/\/www.medievale-crecy.fr\/\" target=\"_blank\">Site de l&rsquo;\u00e9v\u00e9nement<\/a><\/p>\n<hr \/>\n<h2>Le Festival du Roi Arthur<\/h2>\n<p><strong>Lieu<\/strong> : Br\u00e9al-sous-Montfort,\u00a0Ille-et-Vilaine, Bretagne<br \/>\n<strong>Dates<\/strong> : des 23 au\u00a025 ao\u00fbt 2019<\/p>\n<p style=\"text-align: justify;\"><a href=\"https:\/\/www.moyenagepassion.com\/wp-content\/uploads\/2019\/08\/festival-roi-arthur-2019-Bretagne-Breal-sous-Montfort.jpg\" target=\"_blank\"><img decoding=\"async\" class=\"alignleft wp-image-28151 size-full\" src=\"https:\/\/www.moyenagepassion.com\/wp-content\/uploads\/2019\/08\/festival-roi-arthur-2019-Bretagne-Breal-sous-Montfort_s.jpg\" alt=\"festival-roi-arthur-2019-Bretagne-Breal-sous-Montfort_s\" width=\"180\" height=\"265\" \/><\/a>Malgr\u00e9 son nom, ce festival se pr\u00e9sente plus comme un \u00e9v\u00e9nement festif et musical. Sa programmation est, du reste, totalement ind\u00e9pendante de tout aspect m\u00e9di\u00e9val. Il propose de nombreux concerts en plein air, mais aussi un grand village anim\u00e9.<\/p>\n<p style=\"text-align: justify;\"><strong>Concerts<\/strong> : <span style=\"color: #008000;\"><em>Supr\u00eame NTM &#8211; Ang\u00e8le &#8211; The Avener &#8211; Skip The Use &#8211; Caravan Palace &#8211; Jungle &#8211; Bon Entendeur Show &#8211; Fakear &#8211; Triggerfinger &#8211; Youssoupha &#8211; \u00c9mir Kusturica &amp; TNSO &#8211; Trois Caf\u00e9s Gourmands &#8211; J\u00e9r\u00e9my Fr\u00e9rot &#8211; Danakil &#8211; Airnadette &#8211; Koba LaD &#8211; Tshegue &#8211; The Rumpled &#8211; Contrefa\u00e7on &#8211; Jupiter &amp; Okwess &#8211; Born Idiot &#8211; Voyou &#8211; The Loire Valley Calypsos &#8211; Gad Zukes &#8211; Aguamadera &#8211; Pumpkin &amp; Vin\u2019S da Cuero &#8211; Good Bad &amp; Young &#8211; Two Roots &#8211; Kalon Lane &#8211;\u00a0<\/em><\/span><strong>Art de rues, animations :<\/strong> <em><span style=\"color: #008000;\">Bohemian Karavan &#8211; Compagnie Dro Lig &#8211; La Jaupitre<\/span><\/em><\/p>\n<p style=\"text-align: center;\"><a href=\"https:\/\/www.festivalduroiarthur.fr\/presentation-festival\/\" target=\"_blank\">Site web du festival du Roi Arthur<\/a><\/p>\n<hr \/>\n<h2>Les Cochons de Cr\u00e9py<\/h2>\n<p><strong>Lieu<\/strong> :\u00a0Cr\u00e9py-en-Valois,\u00a0Oise Hauts-de-France<br \/>\n<strong>Dates<\/strong> : les\u00a024 et 25 ao\u00fbt 2019<\/p>\n<p><a href=\"https:\/\/www.moyenagepassion.com\/wp-content\/uploads\/2019\/08\/fete-medievale-du-cochon-2019-Crepy-en-Valois-Oise-Hauts-de-France.jpg\" target=\"_blank\"><img decoding=\"async\" class=\"alignleft wp-image-28155 size-full\" src=\"https:\/\/www.moyenagepassion.com\/wp-content\/uploads\/2019\/08\/fete-medievale-du-cochon-2019-Crepy-en-Valois-Oise-Hauts-de-France_s.jpg\" alt=\"fete-medievale-du-cochon-2019-Crepy-en-Valois-Oise-Hauts-de-France_s\" width=\"180\" height=\"265\" \/><\/a>Retour annuel \u00e0 Cr\u00e9py de cette f\u00eate qui m\u00eale tradition, humour et monde m\u00e9di\u00e9val. Au programme, ateliers d&rsquo;artisanat du Moyen-\u00e2ge (vannerie, forge, cierge, tissage, orf\u00e8vrerie, torchis, reliure, &#8230;), Egalement, campement m\u00e9di\u00e9val, th\u00e9\u00e2tre de rue, musiques et\u00a0 animations diverses.\u00a0 Samedi soir nocturne avec concert et spectacle de Feu.\u00a0Le dimanche sera le grand jour de l&rsquo;incontournable concours du cri du cochon !<\/p>\n<p><strong>Compagnies m\u00e9di\u00e9vales et artistes attendus<\/strong>\u00a0:\u00a0<span style=\"color: #008000;\"><em>Compagnie du Polisson &#8211; Ferme itin\u00e9rante &#8211; Cirque Pouce &#8211; Cie Ragondine &#8211; L&rsquo;Artilleur du roi<\/em><\/span><\/p>\n<p style=\"text-align: center;\"><a href=\"http:\/\/www.cochons-crepy.com\/les_cochons_de_crepy.html\" target=\"_blank\">Site officiel de cette f\u00eate m\u00e9di\u00e9vale<\/a><\/p>\n<hr \/>\n<h2>Les M\u00e9di\u00e9vales de Miramas<\/h2>\n<p><strong>Lieu<\/strong> :\u00a0Miramas,\u00a0Bouches-du-Rh\u00f4ne, Provence-Alpes-C\u00f4te d&rsquo;Azur,<br \/>\n<strong>Dates<\/strong> : les\u00a024 et 25 ao\u00fbt 2019<\/p>\n<p><a href=\"https:\/\/www.moyenagepassion.com\/wp-content\/uploads\/2019\/08\/fetes-animations-medievales-Miramas-2019-Bouches-du-Rh\u00f4ne-Provence-Alpes-Cote-Azur.jpg\" target=\"_blank\"><img decoding=\"async\" class=\"alignleft wp-image-28160 size-full\" src=\"https:\/\/www.moyenagepassion.com\/wp-content\/uploads\/2019\/08\/fetes-animations-medievales-Miramas-2019-Bouches-du-Rh\u00f4ne-Provence-Alpes-Cote-Azur_s.jpg\" alt=\"fetes-animations-medievales-Miramas-2019-Bouches-du-Rh\u00f4ne-Provence-Alpes-Cote-Azur_s\" width=\"180\" height=\"265\" \/><\/a>De nombreuses compagnies invit\u00e9es et animations pr\u00e9vues pour cette 7\u00e8me \u00e9dition de la M\u00e9di\u00e9vale de Miramas. Au programme, parades costum\u00e9es, ferme p\u00e9dagogique, jeux m\u00e9di\u00e9vaux, campements (joutes, combats,etc&#8230;), fauconnerie, concerts de musique m\u00e9di\u00e9vale. Une nocturne est \u00e9galement programm\u00e9e, le samedi avec animations dans les rues de la ville et grands spectacles.<\/p>\n<p><strong>Compagnies m\u00e9di\u00e9vales<\/strong> :\u00a0<span style=\"color: #008000;\"><em>Drakonia &#8211; Les Compagnons du ch\u00eane ardent\u00a0&#8211;\u00a0La Porte des \u00e9toiles\u00a0&#8211; Les Compagnons de l\u2019ordre noir\u00a0&#8211;\u00a0Le Chant de l\u2019\u00e9p\u00e9e\u00a0&#8211;\u00a0Les Cabris d\u2019Argent\u00a0&#8211;\u00a0Prince des Dombes\u00a0&#8211;\u00a0Les Gueux de Volonne\u00a0&#8211;\u00a0Bestiaire d\u2019Alta\u00efr\u00a0&#8211;\u00a0Confr\u00e9rie des Dragonniers du temps\u00a0&#8211;\u00a0Zorn l\u2019alchimiste\u00a0&#8211;\u00a0La Petite Flambe\u00a0&#8211;\u00a0Turdion\u00a0&#8211;\u00a0Les Vaguabondes\u00a0&#8211;\u00a0Les faiseurs de couleurs\u00a0&#8211;\u00a0l&rsquo;Association Laissa Dire<\/em><\/span><\/p>\n<p style=\"text-align: center;\"><a href=\"https:\/\/www.facebook.com\/events\/316891149230879\/\" target=\"_blank\">Page Facebook de cette m\u00e9di\u00e9vale<\/a>\u00a0&#8211; <a href=\"https:\/\/www.moyenagepassion.com\/index.php\/2018\/08\/23\/agenda-medieval-et-moyen-age-festif-du-dernier-week-end-daout\/\" target=\"_blank\">Mention de l&rsquo;\u00e9dition 2018<\/a><\/p>\n<hr \/>\n<h2>C\u00e9l\u00e9bration des 900 ans<br \/>\nde l&rsquo;abbaye de\u00a0Cirey-les-Bellevaux<\/h2>\n<p><strong>Lieu<\/strong> :\u00a0Cirey-les-Bellevaux,\u00a0\u00a0Haute-Sa\u00f4ne, Bourgogne-Franche-Comt\u00e9<br \/>\n<strong>Dates<\/strong> : les 24 et 25 ao\u00fbt 2019<\/p>\n<p><a href=\"https:\/\/www.moyenagepassion.com\/wp-content\/uploads\/2019\/08\/fete-medievale-animations-2019-Cirey-les-Bellevaux-Bourgogne-Franche-Comt\u00e9.jpg\" target=\"_blank\"><img decoding=\"async\" class=\"alignleft wp-image-28154 size-full\" src=\"https:\/\/www.moyenagepassion.com\/wp-content\/uploads\/2019\/08\/fete-medievale-animations-2019-Cirey-les-Bellevaux-Bourgogne-Franche-Comt\u00e9_s.jpg\" alt=\"fete-medievale-animations-2019-Cirey-les-Bellevaux-Bourgogne-Franche-Comt\u00e9_s\" width=\"180\" height=\"265\" \/><\/a>Organis\u00e9e en c\u00e9l\u00e9bration de la cr\u00e9ation de l&rsquo;Abbaye, cette f\u00eate historique et m\u00e9di\u00e9vale s&rsquo;\u00e9talera sur les 2 jours du week-end. A\u00a0son programme, lectures et fresque historique ( Bernard Petit), march\u00e9 m\u00e9di\u00e9val, ateliers de savoir-faire d&rsquo;\u00e9poque, fauconnerie, campement (combats, tir \u00e0 l&rsquo;arc, d\u00e9monstration de tirs d&rsquo;artillerie). Du point de vue musical, chants religieux, troubadours et chants monacaux sont pr\u00e9vus.<\/p>\n<p><strong>Quelques troupes attendues<\/strong> :\u00a0<em><span style=\"color: #008000;\">Mesnie de la Comt\u00e9 &#8211; Impulsion &#8211; Les Archers du Val d&rsquo;Oye &#8211; Hippogriffe<\/span>\u00a0<\/em><\/p>\n<p style=\"text-align: center;\"><a href=\"https:\/\/www.bellevaux2019.com\/\" target=\"_blank\">Site de cette f\u00eate historique<\/a><\/p>\n<hr \/>\n<h2>La F\u00eate viking de\u00a0Saint-Evroult<\/h2>\n<p><strong>Lieu<\/strong> :\u00a0Saint-Evroult-Notre-Dame-Du-Bois,\u00a0Orne, Normandie<br \/>\n<strong>Dates<\/strong> : les 24 et\u00a025 ao\u00fbt 2019<\/p>\n<p><a href=\"https:\/\/www.moyenagepassion.com\/wp-content\/uploads\/2019\/08\/fete-medievale-viking-Saint-Evroult-Notre-Dame-Du-Bois-Normandie.jpg\" target=\"_blank\"><img decoding=\"async\" class=\"alignleft wp-image-28159\" src=\"https:\/\/www.moyenagepassion.com\/wp-content\/uploads\/2019\/08\/fete-medievale-viking-Saint-Evroult-Notre-Dame-Du-Bois-Normandie_s.jpg\" alt=\"fete-medievale-viking-Saint-Evroult-Notre-Dame-Du-Bois-Normandie_s\" width=\"234\" height=\"117\" \/><\/a>Il s&rsquo;agit de la deuxi\u00e8me \u00e9dition de cette f\u00eate viking. L&rsquo;ann\u00e9e derni\u00e8re, sa premi\u00e8re a connu un franc succ\u00e8s avec pr\u00e8s de 3000 visiteurs. L&rsquo;\u00e9v\u00e9nement est organis\u00e9 par l&rsquo;Association pour\u00a0la Sauvegarde de l&rsquo;abbaye de Saint-Evroult en collaboration avec la compagnie m\u00e9di\u00e9vale et viking\u00a0<span style=\"color: #008000;\"><em>Normanni\u00e6 dracones. <\/em><span style=\"color: #000000;\">Au programme, combats, sc\u00e9nettes, exposition et conf\u00e9rences, march\u00e9 m\u00e9di\u00e9val et artisanal, banquet.<\/span><\/span><\/p>\n<p style=\"text-align: center;\"><a href=\"https:\/\/www.facebook.com\/events\/saint-evroult-notre-dame-du-bois\/les-vikings-d%C3%A9barquent-%C3%A0-labbaye-de-st-%C3%A9vroult\/336932613459628\/\" target=\"_blank\">Page Facebook de l&rsquo;\u00e9v\u00e9nement<\/a><\/p>\n<hr \/>\n<h2>La M\u00e9di\u00e9vale de Contamine Sarzin<\/h2>\n<p><strong>Lieu :<\/strong> Contamine Sarzin,\u00a0Haute-Savoie, Auvergne-Rh\u00f4ne-Alpes<br \/>\n<strong>Dates<\/strong> : les\u00a0 24 et 25 ao\u00fbt 2019<\/p>\n<p><a href=\"https:\/\/www.moyenagepassion.com\/wp-content\/uploads\/2019\/08\/fete-medievale-2019-marche-animations-Contamine-Sarzin-Auvergne-Rhone-Alpes.jpg\" target=\"_blank\"><img decoding=\"async\" class=\"alignleft wp-image-28153 size-full\" src=\"https:\/\/www.moyenagepassion.com\/wp-content\/uploads\/2019\/08\/fete-medievale-2019-marche-animations-Contamine-Sarzin-Auvergne-Rhone-Alpes_s.jpg\" alt=\"fete-medievale-2019-marche-animations-Contamine-Sarzin-Auvergne-Rhone-Alpes_s\" width=\"180\" height=\"265\" \/><\/a>C&rsquo;est la 5\u00e8me \u00e9dition de cette f\u00eate de village aux couleurs m\u00e9di\u00e9vales. Elle proposera un march\u00e9 artisanal, des ateliers, des jeux et d\u00e9monstrations d&rsquo;archerie et de combats, et, en autres surprises pr\u00e9vues, elle devrait m\u00eame faire tourner pour l&rsquo;occasion\u00a0un four \u00e0 pain comme aux temps anciens.\u00a0 La liste des compagnies invit\u00e9es promet un beau divertissement et prouve bien que l&rsquo;\u00e9chelle d&rsquo;une commune ne d\u00e9termine pas n\u00e9cessairement la qualit\u00e9 de ses animations culturelles. Il suffit souvent de quelques acteurs motiv\u00e9s pour soulever des montagnes.<\/p>\n<p><strong>Compagnies invit\u00e9es<\/strong> :<em><span style=\"color: #008000;\">\u00a0Au Temps des Croisades &#8211; Les Voyageurs de Sleipnir &#8211; La Guilde des Loups d\u2019Almyr &#8211; La Compagnie de Saint-Romain &#8211; La Confr\u00e9rie des centaures &#8211; Les Loups de Midgard &#8211; L\u2019Herpaille de Saint-Martin &#8211; M\u00e9nestrels -Association Cont&rsquo;Anim<\/span><\/em><\/p>\n<p style=\"text-align: center;\"><span style=\"color: #008000;\"><a style=\"color: #008000;\" href=\"http:\/\/www.contamine-sarzin.fr\/Comite-des-fetes-de-Contamine-468\" target=\"_blank\">Site de cette animation m\u00e9di\u00e9vale<\/a><\/span><\/p>\n<hr \/>\n<h2>F\u00e9te m\u00e9di\u00e9vale de Lauzerte<\/h2>\n<p><strong>Lieu<\/strong> :\u00a0Lauzerte,\u00a0Tarn-et-Garonne, Occitanie.<br \/>\n<strong>Dates<\/strong> : les 24 et\u00a0<span style=\"color: #333333;\">25 ao\u00fbt 2019\u00a0<\/span><\/p>\n<p><span style=\"color: #333333;\"><a href=\"https:\/\/www.moyenagepassion.com\/wp-content\/uploads\/2019\/08\/fete-medievale-marche-animations-lauzerte-Occitanie_s.jpg\" target=\"_blank\"><img decoding=\"async\" class=\"alignleft wp-image-28157\" src=\"https:\/\/www.moyenagepassion.com\/wp-content\/uploads\/2019\/08\/fete-medievale-marche-animations-lauzerte-Occitanie_s.jpg\" alt=\"fete-medievale-marche-animations-lauzerte-Occitanie_s\" width=\"180\" height=\"265\" srcset=\"https:\/\/www.moyenagepassion.com\/wp-content\/uploads\/2019\/08\/fete-medievale-marche-animations-lauzerte-Occitanie_s.jpg 350w, https:\/\/www.moyenagepassion.com\/wp-content\/uploads\/2019\/08\/fete-medievale-marche-animations-lauzerte-Occitanie_s-203x300.jpg 203w\" sizes=\"(max-width: 180px) 100vw, 180px\" \/><\/a>Comme un grand nombre de f\u00eates m\u00e9di\u00e9vales, voil\u00e0 un \u00e9v\u00e9nement qui se positionne entre moyen-\u00e2ge historique et moyen-\u00e2ge\u00a0imaginaire\u00a0et fantastique. On pourra y trouver un march\u00e9 m\u00e9di\u00e9val artisanal, ainsi que de nombreuses autres animations :, musique et concerts, th\u00e9\u00e2tre de rue, ateliers, campement \u00e0 la d\u00e9couverte de la vie m\u00e9di\u00e9vale. Le samedi soir, une nocturne avec concert, bal\u00a0\u00a0et spectacles vous y attend.<\/span><\/p>\n<p><strong>Compagnies m\u00e9di\u00e9vales :\u00a0<\/strong><span style=\"color: #008000;\"><em>Deck Project &#8211; La Troupa\u00ef Compagnie &#8211; Les Fr\u00e8res du Feu Sacr\u00e9 &#8211; Les Faunes de la Compagnie Arteflammes &#8211; Les Arpenteurs de Guldrasyl\u00a0<\/em><\/span><\/p>\n<p style=\"text-align: center;\"><a href=\"http:\/\/association-acal-lauzerte.blogspot.com\/p\/medievales.html\" target=\"_blank\">Site de l&rsquo;organisateur<\/a><\/p>\n<hr \/>\n<h2><span style=\"color: #333333;\">Rassemblement multi-\u00e9poques \u00e0 Herb\u00e9viller<\/span><\/h2>\n<p><span style=\"color: #333333;\"><strong>Lieu<\/strong> : Herb\u00e9viller,\u00a0\u00a0Meurthe-et-Moselle, Grand Est<br \/>\n<strong>Dates<\/strong> : les 24 et 2<\/span>5 ao\u00fbt 2019<\/p>\n<p><a href=\"https:\/\/www.moyenagepassion.com\/wp-content\/uploads\/2019\/08\/fete-historique-2019-herbeviller-Meurthe-et-Moselle-Grand-Est.jpg\" target=\"_blank\"><img decoding=\"async\" class=\"alignleft wp-image-28152 size-full\" src=\"https:\/\/www.moyenagepassion.com\/wp-content\/uploads\/2019\/08\/fete-historique-2019-herbeviller-Meurthe-et-Moselle-Grand-Est_s.jpg\" alt=\"fete-historique-2019-herbeviller-Meurthe-et-Moselle-Grand-Est_s\" width=\"180\" height=\"265\" \/><\/a><\/p>\n<p>Voil\u00e0 une f\u00eate plus historique que strictement m\u00e9di\u00e9vale, mais dans laquelle vous pourrez trouver \u00e9galement des compagnies sp\u00e9cialis\u00e9es sur le Moyen-Age.\u00a0 Au programme, bal folk, march\u00e9 artisanal, d\u00e9fil\u00e9s de troupes et d\u00e9monstrations, \u00e9changes avec des reconstituteurs passionn\u00e9s. Les invit\u00e9s et la tr\u00e8s riche programmation de cette f\u00eate devraient ravir les amateurs de divertissements et d&rsquo;histoire au sens large.<\/p>\n<p><strong>Compagnies historiques attendues <\/strong><\/p>\n<p><span style=\"color: #008000;\"><strong>\u00a0<\/strong><em>Historica Tempus &#8211; Amici d&rsquo;Orbais &#8211; Les amis des l\u00e9vriers &#8211; Alsace45 &#8211; Les Noirs Chardons &#8211; Les Fantassins de Lorraine &#8211; Sons of Midgard &#8211; Les Arquesbusiers de l&rsquo;Est &#8211; Danceries Thibaud de Champagne &#8211; Compagnie M\u00e9di\u00e9vale de Lorraine &#8211; Bellatores Hospitalis &#8211; Ludus Augusta Raurica &#8211; Corps d&rsquo;observation du Rhin &#8211; V\u00e9hicules Militaires &#8211; L&rsquo;Ost Lorrain &#8211; L&rsquo;Ost du Lapin Noir &#8211; Free Folk Quartet &#8211; Association Yutopia &#8211; Communaut\u00e9 d&rsquo;Aristogame &#8211;\u00a0<\/em><em>Les Leuki &#8211; 23e r\u00e9giment\u00a0 de dragons \u00e0 pieds<\/em><\/span><\/p>\n<p style=\"text-align: center;\"><a href=\"https:\/\/herbeviller-multiepoques.jimdo.com\/\" target=\"_blank\">Site de l&rsquo;organisateur<\/a><\/p>\n<hr \/>\n<p>En vous souhaitant une tr\u00e8s belle journ\u00e9e.<\/p>\n<p>Fr\u00e9d\u00e9ric EFFE<br \/>\nPour moyenagepassion.com<br \/>\n<em><strong>A la d\u00e9couverte du monde m\u00e9di\u00e9val sous toutes ses formes<\/strong><\/em><\/p>\n","protected":false},"excerpt":{"rendered":"<p>Sujet\u00a0:\u00a0 f\u00eates,\u00a0 animations m\u00e9di\u00e9vales, compagnies m\u00e9di\u00e9vales,\u00a0 moyen-\u00e2ge festif,\u00a0 march\u00e9 m\u00e9di\u00e9val. Lieu\u00a0: Normandie,\u00a0 Occitanie, Provence-Alpes-C\u00f4te d\u2019Azur,\u00a0Auvergne-Rh\u00f4ne-Alpes, Pays-de-la-Loire, Centre-Val de Loire,\u00a0Bourgogne-Franche-Comt\u00e9,\u00a0Hauts-de-France Ev\u00e9nement:\u00a0M\u00e9di\u00e9vales d\u2019ici et d\u2019ailleurs Dates: du\u00a022 au\u00a025 \u00a0ao\u00fbt 2019 Bonjour \u00e0 tous, oici un r\u00e9capitulatif de quelques animations m\u00e9di\u00e9vales qui vous entendent, ce week end, sur les terres de France. Il conviendra de leur ajouter les &hellip; <a href=\"https:\/\/www.moyenagepassion.com\/index.php\/2019\/08\/21\/agenda-animations-medievales-et-moyen-age-festif-week-end-du-22-au-25-aout-2019\/\" class=\"more-link\">Continuer la lecture de <span class=\"screen-reader-text\">Agenda animations m\u00e9di\u00e9vales et Moyen-\u00e2ge festif : week end du 22 au 25 ao\u00fbt 2019<\/span>  <span class=\"meta-nav\">&rarr;<\/span><\/a><\/p>\n","protected":false},"author":2,"featured_media":0,"comment_status":"open","ping_status":"open","sticky":false,"template":"","format":"standard","meta":{"_monsterinsights_skip_tracking":false,"_monsterinsights_sitenote_active":false,"_monsterinsights_sitenote_note":"","_monsterinsights_sitenote_category":0,"footnotes":""},"categories":[11],"tags":[2529,3794,3905,4023,212,1380,3885,636,3063,681,1369,3983,3962,2757],"class_list":["post-28147","post","type-post","status-publish","format-standard","hentry","category-fetes-medievales-evenement","tag-animations-medievales","tag-auvergne-rhone-alpes","tag-bourgogne-franche-comte","tag-centre-val-de-loire","tag-compagnies-medievales","tag-fetes","tag-hauts-de-france","tag-marche-medieval","tag-moyen-age-festif","tag-normandie","tag-occitanie","tag-pays-de-la-loire","tag-provence-alpes-cote-dazur","tag-reconstituteurs"],"aioseo_notices":[],"_links":{"self":[{"href":"https:\/\/www.moyenagepassion.com\/index.php\/wp-json\/wp\/v2\/posts\/28147"}],"collection":[{"href":"https:\/\/www.moyenagepassion.com\/index.php\/wp-json\/wp\/v2\/posts"}],"about":[{"href":"https:\/\/www.moyenagepassion.com\/index.php\/wp-json\/wp\/v2\/types\/post"}],"author":[{"embeddable":true,"href":"https:\/\/www.moyenagepassion.com\/index.php\/wp-json\/wp\/v2\/users\/2"}],"replies":[{"embeddable":true,"href":"https:\/\/www.moyenagepassion.com\/index.php\/wp-json\/wp\/v2\/comments?post=28147"}],"version-history":[{"count":0,"href":"https:\/\/www.moyenagepassion.com\/index.php\/wp-json\/wp\/v2\/posts\/28147\/revisions"}],"wp:attachment":[{"href":"https:\/\/www.moyenagepassion.com\/index.php\/wp-json\/wp\/v2\/media?parent=28147"}],"wp:term":[{"taxonomy":"category","embeddable":true,"href":"https:\/\/www.moyenagepassion.com\/index.php\/wp-json\/wp\/v2\/categories?post=28147"},{"taxonomy":"post_tag","embeddable":true,"href":"https:\/\/www.moyenagepassion.com\/index.php\/wp-json\/wp\/v2\/tags?post=28147"}],"curies":[{"name":"wp","href":"https:\/\/api.w.org\/{rel}","templated":true}]}}