{"id":28361,"date":"2019-08-31T01:35:45","date_gmt":"2019-08-31T00:35:45","guid":{"rendered":"https:\/\/www.moyenagepassion.com\/?p=28361"},"modified":"2023-09-07T23:24:31","modified_gmt":"2023-09-07T22:24:31","slug":"un-week-end-au-moyen-age-avec-les-medievales-2019-de-cremieu","status":"publish","type":"post","link":"https:\/\/www.moyenagepassion.com\/index.php\/2019\/08\/31\/un-week-end-au-moyen-age-avec-les-medievales-2019-de-cremieu\/","title":{"rendered":"Un Week end au Moyen \u00c2ge avec les M\u00e9di\u00e9vales 2019 de Cr\u00e9mieu"},"content":{"rendered":"<div id=\"moyen-3503069245\" class=\"moyen-before-content moyen-entity-placement\"><script async src=\"\/\/pagead2.googlesyndication.com\/pagead\/js\/adsbygoogle.js?client=ca-pub-3035390706780632\" crossorigin=\"anonymous\"><\/script><ins class=\"adsbygoogle\" style=\"display:block;\" data-ad-client=\"ca-pub-3035390706780632\" \ndata-ad-slot=\"\" \ndata-ad-format=\"auto\"><\/ins>\n<script> \n(adsbygoogle = window.adsbygoogle || []).push({}); \n<\/script>\n<\/div><p><strong><a href=\"https:\/\/www.moyenagepassion.com\/wp-content\/uploads\/2019\/09\/blason-ecu-armoirie-Cremieu-Auvergne-rhone-alpes.jpg\"><img decoding=\"async\" class=\"alignleft wp-image-28362\" src=\"https:\/\/www.moyenagepassion.com\/wp-content\/uploads\/2019\/09\/blason-ecu-armoirie-Cremieu-Auvergne-rhone-alpes.jpg\" alt=\"blason-ecu-armoirie-Cremieu-Auvergne-rhone-alpes\" width=\"103\" height=\"154\" srcset=\"https:\/\/www.moyenagepassion.com\/wp-content\/uploads\/2019\/09\/blason-ecu-armoirie-Cremieu-Auvergne-rhone-alpes.jpg 226w, https:\/\/www.moyenagepassion.com\/wp-content\/uploads\/2019\/09\/blason-ecu-armoirie-Cremieu-Auvergne-rhone-alpes-201x300.jpg 201w\" sizes=\"(max-width: 103px) 100vw, 103px\" \/><\/a>Sujet<\/strong> : agenda, f\u00eates m\u00e9di\u00e9vales, Moyen \u00c2ge festif, animations, campement, march\u00e9 artisanal. compagnies m\u00e9di\u00e9vales, fauconnerie<br \/>\n<strong>Lieu<\/strong>\u00a0: Cr\u00e9mieu, Is\u00e8re, Auvergne-Rh\u00f4ne-Alpes<br \/>\n<strong>Ev\u00e9nement<\/strong><strong>: Les 17e\u00a0<em>M\u00e9di\u00e9vales de Cr\u00e9mieu<\/em><\/strong><br \/>\n<strong>Dates<\/strong>: du\u00a07 au\u00a08 septembre\u00a02019<\/p>\n<p>Bonjour \u00e0 tous,<\/p>\n<p style=\"text-align: justify;\"><img decoding=\"async\" class=\"alignleft size-full wp-image-23887\" src=\"https:\/\/www.moyenagepassion.com\/wp-content\/uploads\/2018\/10\/C_lettrine_moyen_age_passion.jpg\" alt=\"C_lettrine_moyen_age_passion\" width=\"84\" height=\"103\" \/>e week-end, sur l&rsquo;agenda des \u00e9v\u00e9nements festifs, le Moyen \u00c2ge s&rsquo;invitera, comme \u00e0 chaque d\u00e9but du mois de septembre, en la belle cit\u00e9 is\u00e9roise de Cr\u00e9mieu. La r\u00e9putation de ces M\u00e9di\u00e9vales n&rsquo;est plus \u00e0 faire et il s&rsquo;agira, cette ann\u00e9e, de leur 17\u00e8me \u00e9dition. En plus de leur belle programmation, elles b\u00e9n\u00e9ficieront, \u00e0 l&rsquo;habitude, d&rsquo;un cadre particuli\u00e8rement privil\u00e9gi\u00e9 et adapt\u00e9 \u00e0 leur th\u00e9matique. Pour qui ne conna\u00eet pas Cr\u00e9mieu, cette ville a, en effet,\u00a0 pour elle, un tr\u00e8s joli patrimoine h\u00e9rit\u00e9 du Moyen \u00c2ge qu&rsquo;elle a su conserver et mettre en valeur.<\/p>\n<h2 style=\"text-align: justify;\">Au programme des m\u00e9di\u00e9vales 2019<\/h2>\n<p style=\"text-align: justify;\"><img decoding=\"async\" class=\"alignnone size-full wp-image-28377\" src=\"https:\/\/www.moyenagepassion.com\/wp-content\/uploads\/2019\/09\/medievales-cremieu-2019-animations-compagnies-medievales-moyen-age-festif_002.jpg\" alt=\"medievales-cremieu-2019-animations-compagnies-medievales-moyen-age-festif_002\" width=\"794\" height=\"186\" srcset=\"https:\/\/www.moyenagepassion.com\/wp-content\/uploads\/2019\/09\/medievales-cremieu-2019-animations-compagnies-medievales-moyen-age-festif_002.jpg 794w, https:\/\/www.moyenagepassion.com\/wp-content\/uploads\/2019\/09\/medievales-cremieu-2019-animations-compagnies-medievales-moyen-age-festif_002-300x70.jpg 300w\" sizes=\"(max-width: 794px) 100vw, 794px\" \/><\/p>\n<h3>D\u00e9ambulations, campements, fauconnerie, tournois de chevalerie<\/h3>\n<p style=\"text-align: justify;\">Musique, d\u00e9ambulations, th\u00e9\u00e2tre de rue et sc\u00e9nettes, les compagnies m\u00e9di\u00e9vales invit\u00e9es animeront les rues de Cr\u00e9mieu de leur pr\u00e9sence et de leur bonne humeur tout au long du week-end.\u00a0 Le nombre significatif de troupes de musiciens attendus promet une ambiance festive et joyeuse et les mesnies de reconstituteurs, venus les compl\u00e9ter, pr\u00e9sagent aussi de palpitantes d\u00e9monstrations de combats d&rsquo;\u00e9poque et d&rsquo;escrime ancienne.<\/p>\n<p style=\"text-align: justify;\"><a href=\"https:\/\/www.moyenagepassion.com\/wp-content\/uploads\/2019\/09\/medievales-2019-cremieu-isere-auvergne-rhone-alpes-animations-compagnies-moyen-age-festif.jpg\"><img decoding=\"async\" class=\"alignright wp-image-28365\" src=\"https:\/\/www.moyenagepassion.com\/wp-content\/uploads\/2019\/09\/medievales-2019-cremieu-isere-auvergne-rhone-alpes-animations-compagnies-moyen-age-festif.jpg\" alt=\"medievales-2019-cremieu-isere-auvergne-rhone-alpes-animations-compagnies-moyen-age-festif\" width=\"215\" height=\"304\" srcset=\"https:\/\/www.moyenagepassion.com\/wp-content\/uploads\/2019\/09\/medievales-2019-cremieu-isere-auvergne-rhone-alpes-animations-compagnies-moyen-age-festif.jpg 250w, https:\/\/www.moyenagepassion.com\/wp-content\/uploads\/2019\/09\/medievales-2019-cremieu-isere-auvergne-rhone-alpes-animations-compagnies-moyen-age-festif-212x300.jpg 212w\" sizes=\"(max-width: 215px) 100vw, 215px\" \/><\/a>Pour parfaire le programme de ces animations, les campements install\u00e9s sur place, permettront de mieux d\u00e9couvrir la vie m\u00e9di\u00e9vale, son quotidien, son artisanat mais aussi sa vie militaire. Des ateliers de savoir-faire en provenance du Moyen \u00c2ge viendront encore y contribuer.<\/p>\n<p style=\"text-align: justify;\">Du point de vue th\u00e9matique, ces M\u00e9di\u00e9vales de Cr\u00e9mieu 2019 ont aussi tenu \u00e0 mettre \u00e0 l&rsquo;honneur les rapaces et on pourra donc y assister \u00e0 de nombreux spectacles de fauconnerie. Ces derniers alterneront avec un grand tournoi de chevalerie.<\/p>\n<h4>Compagnies m\u00e9di\u00e9vales et artistes invit\u00e9s<\/h4>\n<p style=\"text-align: justify;\"><span style=\"color: #008000;\"><em>Gueule de Loup &#8211; Les Aboyeurs &#8211; Gaspard et les Siens &#8211; Ragondine et sa charrette &#8211; Castiglio Florantino &#8211; Breizh Berry Band Pipe &#8211; Compagnie Medio &#8211; Songe d&rsquo;un nuit d&rsquo;\u00e9p\u00e9es &#8211;\u00a0 La Petite Flambe &#8211; Clayveson Cantores &#8211; Troupe Marazula &#8211; La Nef des Fous &#8211; Compagnie Chantelame &#8211; Les Mercenaires du Lion &#8211; Waraok &#8211; Caminaire &#8211; Bouche \u00e0 Oreille &#8211; Noir Cr\u00e9mu &#8211; Merlenchanteuse &#8211; Esprit Fauconnerie &#8211;\u00a0l&rsquo;Ost du Temps Jadis<\/em><\/span><\/p>\n<p style=\"text-align: justify;\">On ajoutera \u00e0 cette liste les nombreux b\u00e9n\u00e9voles et commer\u00e7ants qui rendent possible la tenue de cette grand f\u00eate.<\/p>\n<p style=\"text-align: justify;\"><a href=\"https:\/\/www.moyenagepassion.com\/wp-content\/uploads\/2019\/09\/medievales-cremieu-2019-animations-compagnies-medievales-moyen-age-festif.jpg\"><img decoding=\"async\" class=\"alignnone wp-image-28375 size-full\" src=\"https:\/\/www.moyenagepassion.com\/wp-content\/uploads\/2019\/09\/medievales-cremieu-2019-animations-compagnies-medievales-moyen-age-festif.jpg\" alt=\"medievales-cremieu-2019-animations-compagnies-medievales-moyen-age-festif\" width=\"794\" height=\"329\" srcset=\"https:\/\/www.moyenagepassion.com\/wp-content\/uploads\/2019\/09\/medievales-cremieu-2019-animations-compagnies-medievales-moyen-age-festif.jpg 794w, https:\/\/www.moyenagepassion.com\/wp-content\/uploads\/2019\/09\/medievales-cremieu-2019-animations-compagnies-medievales-moyen-age-festif-300x124.jpg 300w\" sizes=\"(max-width: 794px) 100vw, 794px\" \/><\/a><\/p>\n<h3 style=\"text-align: justify;\">March\u00e9 d&rsquo;inspiration m\u00e9di\u00e9vale<br \/>\net banquet spectacle sous la halle<\/h3>\n<p style=\"text-align: justify;\"><span style=\"color: #2b2b2b;\"><span style=\"font-family: Lato, sans-serif;\"><span style=\"font-size: medium;\">\u00c0\u00a0<\/span><\/span><\/span>l&rsquo;habitude un grand march\u00e9 artisanal d&rsquo;inspiration m\u00e9di\u00e9vale, proposera ses \u00e9choppes. Pr\u00e8s de cent exposants y sont attendus, cette ann\u00e9e.\u00a0Enfin, c\u00f4t\u00e9 temps forts et ripailles, on ajoutera le banquet spectacle du samedi soir.\u00a0 Tradition oblige, il se tiendra sous la magnifique halle m\u00e9di\u00e9vale qui a fait, entre autres monuments, la r\u00e9putation de la cit\u00e9 de Cr\u00e9mieu (<a href=\"https:\/\/www.moyenagepassion.com\/index.php\/2016\/01\/05\/les-halles-de-marche-heritage-de-larchitecture-et-de-la-charpenterie-medievale\/\" target=\"_blank\" rel=\"noopener noreferrer\">voir notre article sur cette halle m\u00e9di\u00e9vale<\/a>).\u00a0Pour plus de d\u00e9tails sur le programme, <a href=\"https:\/\/www.facebook.com\/medievalesdecremieu\/\" target=\"_blank\" rel=\"noopener noreferrer\">voir la page Facebook de ces M\u00e9di\u00e9vales<\/a><\/p>\n<p>Retrouvez tous nos articles sur les \u00e9ditions pr\u00e9c\u00e9dentes de cet \u00e9v\u00e9nement : <a href=\"https:\/\/www.moyenagepassion.com\/index.php\/2016\/09\/09\/idees-sortie-les-medievales-de-cremieu-sous-le-signe-du-loup\/\" target=\"_blank\" rel=\"noopener noreferrer\">Edition 2016<\/a> &#8211; <a href=\"https:\/\/www.moyenagepassion.com\/index.php\/2017\/09\/07\/les-medievales-de-cremieu-fetent-leurs-15-ans\/\" target=\"_blank\" rel=\"noopener noreferrer\">Edition 2017<\/a> &#8211; <a href=\"https:\/\/www.moyenagepassion.com\/index.php\/2018\/09\/05\/agenda-week-end-les-16e-medievales-de-cremieu\/\" target=\"_blank\" rel=\"noopener noreferrer\">Edition 2018<\/a><\/p>\n<p>En vous souhaitant une tr\u00e8s belle journ\u00e9e.<\/p>\n<p>Fr\u00e9d\u00e9ric EFFE<br \/>\nPour moyenagepassion.com<br \/>\n<em><strong>A la d\u00e9couverte du monde m\u00e9di\u00e9val\u00a0sous toutes ses formes.<\/strong><\/em><\/p>\n","protected":false},"excerpt":{"rendered":"<p>Sujet : agenda, f\u00eates m\u00e9di\u00e9vales, Moyen \u00c2ge festif, animations, campement, march\u00e9 artisanal. compagnies m\u00e9di\u00e9vales, fauconnerie Lieu\u00a0: Cr\u00e9mieu, Is\u00e8re, Auvergne-Rh\u00f4ne-Alpes Ev\u00e9nement: Les 17e\u00a0M\u00e9di\u00e9vales de Cr\u00e9mieu Dates: du\u00a07 au\u00a08 septembre\u00a02019 Bonjour \u00e0 tous, e week-end, sur l&rsquo;agenda des \u00e9v\u00e9nements festifs, le Moyen \u00c2ge s&rsquo;invitera, comme \u00e0 chaque d\u00e9but du mois de septembre, en la belle cit\u00e9 is\u00e9roise &hellip; <a href=\"https:\/\/www.moyenagepassion.com\/index.php\/2019\/08\/31\/un-week-end-au-moyen-age-avec-les-medievales-2019-de-cremieu\/\" class=\"more-link\">Continuer la lecture de <span class=\"screen-reader-text\">Un Week end au Moyen \u00c2ge avec les M\u00e9di\u00e9vales 2019 de Cr\u00e9mieu<\/span>  <span class=\"meta-nav\">&rarr;<\/span><\/a><\/p>\n","protected":false},"author":2,"featured_media":0,"comment_status":"open","ping_status":"open","sticky":false,"template":"","format":"standard","meta":{"_monsterinsights_skip_tracking":false,"_monsterinsights_sitenote_active":false,"_monsterinsights_sitenote_note":"","_monsterinsights_sitenote_category":0,"footnotes":""},"categories":[11],"tags":[1391,1780,3794,2840,212,1533,2743,1683,3827,182,3063,2757,3961],"class_list":["post-28361","post","type-post","status-publish","format-standard","hentry","category-fetes-medievales-evenement","tag-agenda","tag-animations","tag-auvergne-rhone-alpes","tag-campements-medievaux","tag-compagnies-medievales","tag-cremieu","tag-fauconnerie","tag-isere","tag-marche-artisanal","tag-monde-medieval","tag-moyen-age-festif","tag-reconstituteurs","tag-tournoi-de-chevalerie"],"aioseo_notices":[],"_links":{"self":[{"href":"https:\/\/www.moyenagepassion.com\/index.php\/wp-json\/wp\/v2\/posts\/28361"}],"collection":[{"href":"https:\/\/www.moyenagepassion.com\/index.php\/wp-json\/wp\/v2\/posts"}],"about":[{"href":"https:\/\/www.moyenagepassion.com\/index.php\/wp-json\/wp\/v2\/types\/post"}],"author":[{"embeddable":true,"href":"https:\/\/www.moyenagepassion.com\/index.php\/wp-json\/wp\/v2\/users\/2"}],"replies":[{"embeddable":true,"href":"https:\/\/www.moyenagepassion.com\/index.php\/wp-json\/wp\/v2\/comments?post=28361"}],"version-history":[{"count":2,"href":"https:\/\/www.moyenagepassion.com\/index.php\/wp-json\/wp\/v2\/posts\/28361\/revisions"}],"predecessor-version":[{"id":48993,"href":"https:\/\/www.moyenagepassion.com\/index.php\/wp-json\/wp\/v2\/posts\/28361\/revisions\/48993"}],"wp:attachment":[{"href":"https:\/\/www.moyenagepassion.com\/index.php\/wp-json\/wp\/v2\/media?parent=28361"}],"wp:term":[{"taxonomy":"category","embeddable":true,"href":"https:\/\/www.moyenagepassion.com\/index.php\/wp-json\/wp\/v2\/categories?post=28361"},{"taxonomy":"post_tag","embeddable":true,"href":"https:\/\/www.moyenagepassion.com\/index.php\/wp-json\/wp\/v2\/tags?post=28361"}],"curies":[{"name":"wp","href":"https:\/\/api.w.org\/{rel}","templated":true}]}}