{"id":28683,"date":"2019-09-22T17:58:46","date_gmt":"2019-09-22T16:58:46","guid":{"rendered":"https:\/\/www.moyenagepassion.com\/?p=28683"},"modified":"2020-10-05T01:50:45","modified_gmt":"2020-10-05T00:50:45","slug":"brecheliant-ou-les-chants-de-troubadours-de-bretagne-au-theatre-du-nord-ouest","status":"publish","type":"post","link":"https:\/\/www.moyenagepassion.com\/index.php\/2019\/09\/22\/brecheliant-ou-les-chants-de-troubadours-de-bretagne-au-theatre-du-nord-ouest\/","title":{"rendered":"En Octobre, Br\u00e9ch\u00e9liant ou les chants de troubadours de Bretagne, au Th\u00e9\u00e2tre du Nord-Ouest"},"content":{"rendered":"<div id=\"moyen-2690191867\" class=\"moyen-before-content moyen-entity-placement\"><script async src=\"\/\/pagead2.googlesyndication.com\/pagead\/js\/adsbygoogle.js?client=ca-pub-3035390706780632\" crossorigin=\"anonymous\"><\/script><ins class=\"adsbygoogle\" style=\"display:block;\" data-ad-client=\"ca-pub-3035390706780632\" \ndata-ad-slot=\"\" \ndata-ad-format=\"auto\"><\/ins>\n<script> \n(adsbygoogle = window.adsbygoogle || []).push({}); \n<\/script>\n<\/div><p><strong><a href=\"https:\/\/www.moyenagepassion.com\/wp-content\/uploads\/2019\/09\/brecheliant-roman-Annick-Le-Scoezec-troubadours-moyen-age-broceliande.jpg\"><img decoding=\"async\" class=\"alignleft size-full wp-image-28688\" src=\"https:\/\/www.moyenagepassion.com\/wp-content\/uploads\/2019\/09\/brecheliant-roman-Annick-Le-Scoezec-troubadours-moyen-age-broceliande.jpg\" alt=\"brecheliant-roman-Annick-Le-Scoezec-troubadours-moyen-age-broceliande\" width=\"108\" height=\"198\" \/><\/a>Sujet<\/strong>\u00a0: Broc\u00e9liande, l\u00e9gendes bretonnes,\u00a0 lyrique courtoise, lecture po\u00e9tique, spectacle.<br \/>\n<strong>P\u00e9riode<\/strong>\u00a0: Moyen-\u00e2ge central (XIIe, XIIIe si\u00e8cle)<br \/>\n<strong>Ev\u00e9nement<\/strong>\u00a0:\u00a0 <em>Br\u00e9ch\u00e9liant ou les chants de troubadours de Bretagne<\/em><br \/>\n<strong>Auteur<\/strong>\u00a0:\u00a0Annick Le Sco\u00ebzec Masson<br \/>\n<strong>Date<\/strong>\u00a0: le dimanche\u00a013\u00a0octobre 2019, \u00e0 14h30<br \/>\n<strong>Lieu<\/strong>\u00a0;\u00a0Th\u00e9\u00e2tre du Nord-Ouest<br \/>\n13, Rue du Faubourg Montmartre, Paris 9e<\/p>\n<p><span style=\"color: #008000;\"><em><strong>\u00ab Au c\u0153ur du Moyen \u00c2ge, en lisi\u00e8re de la for\u00eat de Broc\u00e9liande, l\u2019arriv\u00e9e d\u2019un insolite po\u00e8te p\u00e8lerin bouleverse l\u2019\u00e9quilibre pr\u00e9caire de la vie au ch\u00e2teau\u2026 \u00bb\u00a0\u00a0<\/strong><\/em><\/span><\/p>\n<p>Bonjour \u00e0 tous,<\/p>\n<p style=\"text-align: justify;\"><img decoding=\"async\" class=\"alignleft size-full wp-image-23898\" src=\"https:\/\/www.moyenagepassion.com\/wp-content\/uploads\/2018\/10\/N_lettrine_moyen_age_passion.jpg\" alt=\"N_lettrine_moyen_age_passion\" width=\"84\" height=\"103\" \/>ous avions d\u00e9j\u00e0 d\u00e9di\u00e9 un article \u00e0 ce spectacle bas\u00e9 sur l&rsquo;ouvrage <strong><em>Br\u00e9ch\u00e9liant<\/em><\/strong> de <strong>Annick Le Sco\u00ebzec Masson\u00a0<\/strong>et\u00a0il sera de retour au <strong>Th\u00e9\u00e2tre du Nord-Ouest<\/strong>, \u00e0 Paris, le 13 octobre prochain.<\/p>\n<p style=\"text-align: justify;\"><a href=\"https:\/\/www.moyenagepassion.com\/wp-content\/uploads\/2019\/09\/brecheliant-spectacle-lecture-poesie-medievale-broceliande-moyen-age-central.jpg\"><img decoding=\"async\" class=\"wp-image-28687 alignright\" src=\"https:\/\/www.moyenagepassion.com\/wp-content\/uploads\/2019\/09\/brecheliant-spectacle-lecture-poesie-medievale-broceliande-moyen-age-central.jpg\" alt=\"brecheliant-spectacle-lecture-poesie-medievale-broceliande-moyen-age-central\" width=\"180\" height=\"255\" srcset=\"https:\/\/www.moyenagepassion.com\/wp-content\/uploads\/2019\/09\/brecheliant-spectacle-lecture-poesie-medievale-broceliande-moyen-age-central.jpg 400w, https:\/\/www.moyenagepassion.com\/wp-content\/uploads\/2019\/09\/brecheliant-spectacle-lecture-poesie-medievale-broceliande-moyen-age-central-211x300.jpg 211w\" sizes=\"(max-width: 180px) 100vw, 180px\" \/><\/a>A l&rsquo;image du roman, l&rsquo;univers de cette lecture \u00e0 plusieurs voix, avec chants et accompagnement musical, est celui d&rsquo;un ch\u00e2teau fort imaginaire, au c\u0153ur de la c\u00e9l\u00e8bre for\u00eat. Dans ce\u00a0 voyage au temps du moyen-\u00e2ge des l\u00e9gendes bretonnes et des troubadours, il est question de myst\u00e8re, d&rsquo;attente, de d\u00e9sir et, plus que tout, de po\u00e9sie, entre \u00e9vocation des lais de <strong>Marie de France<\/strong> et l&rsquo;<em>Amour de loin<\/em> de <strong>Jauffre Raudel<\/strong>.<\/p>\n<p style=\"text-align: justify;\"><strong>Distribution<\/strong> : avec\u00a0<span style=\"color: #333333;\">Anne Langlois, Caroline Duchenne,\u00a0Claire Patoyt, Yannick Barne, Annick Le Sco\u00ebzec, Fr\u00e9d\u00e9ric Ligier (arrangements musicaux) et\u00a0Antoine\u00a0Desmard \u00a0(violoncelle).<\/span><\/p>\n<p style=\"text-align: center;\"><a href=\"https:\/\/www.facebook.com\/theatredunordouest\/\" target=\"_blank\" rel=\"noopener noreferrer\">Facebook Th\u00e9\u00e2tre du Nord-Ouest <\/a>&#8211;\u00a0\u00a0<a href=\"https:\/\/www.moyenagepassion.com\/wp-content\/uploads\/2019\/09\/brecheliant-spectacle-lecture-poesie-medievale-broceliande-moyen-age-central.pdf\" target=\"_blank\" rel=\"noopener noreferrer\">T\u00e9l\u00e9chargez le programme<br \/>\n<\/a><a href=\"https:\/\/www.moyenagepassion.com\/index.php\/2019\/03\/05\/printemps-de-poetes-2019-brecheliant-lecture-spectacle-autour-des-legendes-bretonnes-et-de-la-lyrique-courtoise\/\" target=\"_blank\" rel=\"noopener noreferrer\">Voir notre article pr\u00e9c\u00e9dent sur ce spectacle<\/a><\/p>\n<p>En vous souhaitant une belle journ\u00e9e.<\/p>\n<p>Fred<br \/>\nPour moyenagepassion.com<br \/>\n<em><strong>A la d\u00e9couverte du monde m\u00e9di\u00e9val sous toutes ses formes<\/strong><\/em><\/p>\n<p><a href=\"https:\/\/www.moyenagepassion.com\/index.php\/2017\/11\/28\/beau-livre-et-legendes-arthuriennes-la-magie-de-broceliande-sous-loeil-de-philippe-manguin\/\" target=\"_blank\" rel=\"noopener noreferrer\">Au sujet de la for\u00eat de Broc\u00e9liande, voir \u00e9galement l\u2019article suivant<\/a>.<\/p>\n","protected":false},"excerpt":{"rendered":"<p>Sujet\u00a0: Broc\u00e9liande, l\u00e9gendes bretonnes,\u00a0 lyrique courtoise, lecture po\u00e9tique, spectacle. P\u00e9riode\u00a0: Moyen-\u00e2ge central (XIIe, XIIIe si\u00e8cle) Ev\u00e9nement\u00a0:\u00a0 Br\u00e9ch\u00e9liant ou les chants de troubadours de Bretagne Auteur\u00a0:\u00a0Annick Le Sco\u00ebzec Masson Date\u00a0: le dimanche\u00a013\u00a0octobre 2019, \u00e0 14h30 Lieu\u00a0;\u00a0Th\u00e9\u00e2tre du Nord-Ouest 13, Rue du Faubourg Montmartre, Paris 9e \u00ab Au c\u0153ur du Moyen \u00c2ge, en lisi\u00e8re de la for\u00eat &hellip; <a href=\"https:\/\/www.moyenagepassion.com\/index.php\/2019\/09\/22\/brecheliant-ou-les-chants-de-troubadours-de-bretagne-au-theatre-du-nord-ouest\/\" class=\"more-link\">Continuer la lecture de <span class=\"screen-reader-text\">En Octobre, Br\u00e9ch\u00e9liant ou les chants de troubadours de Bretagne, au Th\u00e9\u00e2tre du Nord-Ouest<\/span>  <span class=\"meta-nav\">&rarr;<\/span><\/a><\/p>\n","protected":false},"author":2,"featured_media":0,"comment_status":"open","ping_status":"open","sticky":false,"template":"","format":"standard","meta":{"_monsterinsights_skip_tracking":false,"_monsterinsights_sitenote_active":false,"_monsterinsights_sitenote_note":"","_monsterinsights_sitenote_category":0,"footnotes":""},"categories":[11],"tags":[4754,3779,67,1053,4755,4356,3029,18,80,280,1831,138],"class_list":["post-28683","post","type-post","status-publish","format-standard","hentry","category-fetes-medievales-evenement","tag-annick-le-scoezec-masson","tag-brecheliant","tag-broceliande","tag-lecture-poetique","tag-lecture-spectacle","tag-legendes-bretonnes","tag-lyrique-courtoise","tag-moyen-age","tag-poesie","tag-roman","tag-spectacles","tag-troubadour"],"aioseo_notices":[],"_links":{"self":[{"href":"https:\/\/www.moyenagepassion.com\/index.php\/wp-json\/wp\/v2\/posts\/28683"}],"collection":[{"href":"https:\/\/www.moyenagepassion.com\/index.php\/wp-json\/wp\/v2\/posts"}],"about":[{"href":"https:\/\/www.moyenagepassion.com\/index.php\/wp-json\/wp\/v2\/types\/post"}],"author":[{"embeddable":true,"href":"https:\/\/www.moyenagepassion.com\/index.php\/wp-json\/wp\/v2\/users\/2"}],"replies":[{"embeddable":true,"href":"https:\/\/www.moyenagepassion.com\/index.php\/wp-json\/wp\/v2\/comments?post=28683"}],"version-history":[{"count":1,"href":"https:\/\/www.moyenagepassion.com\/index.php\/wp-json\/wp\/v2\/posts\/28683\/revisions"}],"predecessor-version":[{"id":34812,"href":"https:\/\/www.moyenagepassion.com\/index.php\/wp-json\/wp\/v2\/posts\/28683\/revisions\/34812"}],"wp:attachment":[{"href":"https:\/\/www.moyenagepassion.com\/index.php\/wp-json\/wp\/v2\/media?parent=28683"}],"wp:term":[{"taxonomy":"category","embeddable":true,"href":"https:\/\/www.moyenagepassion.com\/index.php\/wp-json\/wp\/v2\/categories?post=28683"},{"taxonomy":"post_tag","embeddable":true,"href":"https:\/\/www.moyenagepassion.com\/index.php\/wp-json\/wp\/v2\/tags?post=28683"}],"curies":[{"name":"wp","href":"https:\/\/api.w.org\/{rel}","templated":true}]}}