{"id":29039,"date":"2019-10-18T19:37:56","date_gmt":"2019-10-18T18:37:56","guid":{"rendered":"https:\/\/www.moyenagepassion.com\/?p=29039"},"modified":"2020-10-04T23:54:14","modified_gmt":"2020-10-04T22:54:14","slug":"sur-lagenda-festif-la-6eme-medievale-du-chateau-de-merville","status":"publish","type":"post","link":"https:\/\/www.moyenagepassion.com\/index.php\/2019\/10\/18\/sur-lagenda-festif-la-6eme-medievale-du-chateau-de-merville\/","title":{"rendered":"Sur l&rsquo;agenda festif, la 6\u00e8me m\u00e9di\u00e9vale du ch\u00e2teau de Merville"},"content":{"rendered":"<div id=\"moyen-3894312452\" class=\"moyen-before-content moyen-entity-placement\"><script async src=\"\/\/pagead2.googlesyndication.com\/pagead\/js\/adsbygoogle.js?client=ca-pub-3035390706780632\" crossorigin=\"anonymous\"><\/script><ins class=\"adsbygoogle\" style=\"display:block;\" data-ad-client=\"ca-pub-3035390706780632\" \ndata-ad-slot=\"\" \ndata-ad-format=\"auto\"><\/ins>\n<script> \n(adsbygoogle = window.adsbygoogle || []).push({}); \n<\/script>\n<\/div><p><strong><img decoding=\"async\" class=\"alignleft wp-image-24066 size-full\" src=\"https:\/\/www.moyenagepassion.com\/wp-content\/uploads\/2018\/10\/blason_armoirie_ecu_merville_haute_garonne_chateau.jpg\" alt=\"\" width=\"151\" height=\"168\" \/>Sujet<\/strong>\u00a0 : agenda m\u00e9di\u00e9val, animations\u00a0 m\u00e9di\u00e9vales,\u00a0 campement, m\u00e9di\u00e9val.\u00a0 ateliers<br \/>\n<strong>P\u00e9riode<\/strong>\u00a0 : moyen-\u00e2ge tardif, XVe si\u00e8cle<br \/>\n<strong>Ev\u00e9nement<\/strong>\u00a0 : Les 6e m\u00e9di\u00e9vales du ch\u00e2teau de Merville<br \/>\n<strong>Lieu\u00a0 \u00a0<\/strong>\u00a0: Labyrinthe de Merville,\u00a0 Haute-Garonne, Occitanie.<br \/>\n<strong>Date<\/strong>\u00a0: les\u00a0 19 et\u00a0 20\u00a0 \u00a0\u00a0octobre 2019<\/p>\n<p>Bonjour \u00e0 tous,<\/p>\n<p style=\"text-align: justify;\"><img decoding=\"async\" class=\"alignleft size-full wp-image-23887\" src=\"https:\/\/www.moyenagepassion.com\/wp-content\/uploads\/2018\/10\/C_lettrine_moyen_age_passion.jpg\" alt=\"C_lettrine_moyen_age_passion\" width=\"84\" height=\"103\" \/>e week end, le labyrinthe du ch\u00e2teau de Merville en Occitanie, accueillera, \u00e0 nouveau, en son sein, des animations\u00a0 directement inspir\u00e9es du Moyen-\u00e2ge. Il\u00a0 s&rsquo;agira de la 6\u00e8me \u00e9dition de ces m\u00e9di\u00e9vales et c&rsquo;est plus particuli\u00e8rement le XIVe si\u00e8cle qui y sera mis \u00e0 l&rsquo;honneur tout au long du samedi et du dimanche.<\/p>\n<h2>Campement militaire, vie m\u00e9di\u00e9vale et ateliers d&rsquo;\u00e9poque<\/h2>\n<p style=\"text-align: justify;\"><a href=\"https:\/\/www.moyenagepassion.com\/wp-content\/uploads\/2019\/10\/medievale-2019-campement-animations-chateau-de-merville-occitanie.jpg\"><img decoding=\"async\" class=\"wp-image-29046 alignright\" src=\"https:\/\/www.moyenagepassion.com\/wp-content\/uploads\/2019\/10\/medievale-2019-campement-animations-chateau-de-merville-occitanie.jpg\" alt=\"medievale-2019-campement-animations-chateau-de-merville-occitanie\" width=\"211\" height=\"280\" srcset=\"https:\/\/www.moyenagepassion.com\/wp-content\/uploads\/2019\/10\/medievale-2019-campement-animations-chateau-de-merville-occitanie.jpg 350w, https:\/\/www.moyenagepassion.com\/wp-content\/uploads\/2019\/10\/medievale-2019-campement-animations-chateau-de-merville-occitanie-227x300.jpg 227w\" sizes=\"(max-width: 211px) 100vw, 211px\" \/><\/a>Sur place on trouvera un village m\u00e9di\u00e9val avec ses artisans, mais aussi un campement militaire avec ses armes, ses armures, ses entra\u00eenements au combat et son quotidien. C&rsquo;est la compagnie m\u00e9di\u00e9vale\u00a0 <strong><em>La Mesnie de Barbazan\u00a0 <\/em><\/strong>qui\u00a0 aura en charge ces derniers aspects.\u00a0 Les disciplines martiales et m\u00e9di\u00e9vales propos\u00e9es allieront le maniement de la lance, de l&rsquo;\u00e9p\u00e9e et du bouclier,\u00a0 \u00a0en armure,\u00a0 \u00a0au tir \u00e0 l&rsquo;arc et \u00e0 l&rsquo;arbalestrie.<\/p>\n<p style=\"text-align: justify;\">Du c\u00f4t\u00e9 des ateliers d&rsquo;\u00e9poque, on pourra s&rsquo;initier \u00e0 la gastronomie et la cuisine m\u00e9di\u00e9vale et leurs ustensiles.\u00a0 \u00a0La\u00a0 \u00a0confection de cottes de mailles est \u00e9galement au programme, ainsi que la frappe de monnaie.<\/p>\n<p><a href=\"https:\/\/www.facebook.com\/labyrinthedemerville\/\" target=\"_blank\" rel=\"noopener noreferrer\">Le Facebook de l\u2019organisateur\u00a0\u00a0<\/a>\u2013\u00a0<a href=\"http:\/\/www.labyrinthedemerville.com\/\" target=\"_blank\" rel=\"noopener noreferrer\">Site du labyrinthe de Merville<\/a><\/p>\n<p><a href=\"https:\/\/www.moyenagepassion.com\/index.php\/tag\/labyrinthe-de-merville\/\" target=\"_blank\" rel=\"noopener noreferrer\">Voir notre article sur l&rsquo;\u00e9dition 2018 de cette m\u00e9di\u00e9vale<\/a><\/p>\n<p>En vous souhaitant une tr\u00e8s belle journ\u00e9e.<\/p>\n<p>Fr\u00e9d\u00e9ric EFFE<br \/>\nPour moyenagepassion.com<br \/>\n<em><strong>A la d\u00e9couverte du monde m\u00e9di\u00e9val sous toutes ses formes.<\/strong><\/em><\/p>\n","protected":false},"excerpt":{"rendered":"<p>Sujet\u00a0 : agenda m\u00e9di\u00e9val, animations\u00a0 m\u00e9di\u00e9vales,\u00a0 campement, m\u00e9di\u00e9val.\u00a0 ateliers P\u00e9riode\u00a0 : moyen-\u00e2ge tardif, XVe si\u00e8cle Ev\u00e9nement\u00a0 : Les 6e m\u00e9di\u00e9vales du ch\u00e2teau de Merville Lieu\u00a0 \u00a0\u00a0: Labyrinthe de Merville,\u00a0 Haute-Garonne, Occitanie. Date\u00a0: les\u00a0 19 et\u00a0 20\u00a0 \u00a0\u00a0octobre 2019 Bonjour \u00e0 tous, e week end, le labyrinthe du ch\u00e2teau de Merville en Occitanie, accueillera, \u00e0 nouveau, &hellip; <a href=\"https:\/\/www.moyenagepassion.com\/index.php\/2019\/10\/18\/sur-lagenda-festif-la-6eme-medievale-du-chateau-de-merville\/\" class=\"more-link\">Continuer la lecture de <span class=\"screen-reader-text\">Sur l&rsquo;agenda festif, la 6\u00e8me m\u00e9di\u00e9vale du ch\u00e2teau de Merville<\/span>  <span class=\"meta-nav\">&rarr;<\/span><\/a><\/p>\n","protected":false},"author":2,"featured_media":0,"comment_status":"open","ping_status":"open","sticky":false,"template":"","format":"standard","meta":{"_monsterinsights_skip_tracking":false,"_monsterinsights_sitenote_active":false,"_monsterinsights_sitenote_note":"","_monsterinsights_sitenote_category":0,"footnotes":""},"categories":[11],"tags":[1539,2529,4729,3687,4110,212,22,3844,182,18,1369,1585],"class_list":["post-29039","post","type-post","status-publish","format-standard","hentry","category-fetes-medievales-evenement","tag-agenda-medieval","tag-animations-medievales","tag-ateliers","tag-campements","tag-chateau-de-merville","tag-compagnies-medievales","tag-medievale","tag-metiers-medievaux","tag-monde-medieval","tag-moyen-age","tag-occitanie","tag-week-end"],"aioseo_notices":[],"_links":{"self":[{"href":"https:\/\/www.moyenagepassion.com\/index.php\/wp-json\/wp\/v2\/posts\/29039"}],"collection":[{"href":"https:\/\/www.moyenagepassion.com\/index.php\/wp-json\/wp\/v2\/posts"}],"about":[{"href":"https:\/\/www.moyenagepassion.com\/index.php\/wp-json\/wp\/v2\/types\/post"}],"author":[{"embeddable":true,"href":"https:\/\/www.moyenagepassion.com\/index.php\/wp-json\/wp\/v2\/users\/2"}],"replies":[{"embeddable":true,"href":"https:\/\/www.moyenagepassion.com\/index.php\/wp-json\/wp\/v2\/comments?post=29039"}],"version-history":[{"count":1,"href":"https:\/\/www.moyenagepassion.com\/index.php\/wp-json\/wp\/v2\/posts\/29039\/revisions"}],"predecessor-version":[{"id":34223,"href":"https:\/\/www.moyenagepassion.com\/index.php\/wp-json\/wp\/v2\/posts\/29039\/revisions\/34223"}],"wp:attachment":[{"href":"https:\/\/www.moyenagepassion.com\/index.php\/wp-json\/wp\/v2\/media?parent=29039"}],"wp:term":[{"taxonomy":"category","embeddable":true,"href":"https:\/\/www.moyenagepassion.com\/index.php\/wp-json\/wp\/v2\/categories?post=29039"},{"taxonomy":"post_tag","embeddable":true,"href":"https:\/\/www.moyenagepassion.com\/index.php\/wp-json\/wp\/v2\/tags?post=29039"}],"curies":[{"name":"wp","href":"https:\/\/api.w.org\/{rel}","templated":true}]}}