{"id":29586,"date":"2020-01-17T23:09:16","date_gmt":"2020-01-17T22:09:16","guid":{"rendered":"https:\/\/www.moyenagepassion.com\/?p=29586"},"modified":"2022-06-01T05:35:43","modified_gmt":"2022-06-01T04:35:43","slug":"bande-dessinee-a-la-poursuite-de-la-legende-doree-avec-jean-pierre-joblin","status":"publish","type":"post","link":"https:\/\/www.moyenagepassion.com\/index.php\/2020\/01\/17\/bande-dessinee-a-la-poursuite-de-la-legende-doree-avec-jean-pierre-joblin\/","title":{"rendered":"Bande dessin\u00e9e : \u00e0 la poursuite de la L\u00e9gende Dor\u00e9e avec Jean-Pierre Joblin &#038; Olivier le Discot"},"content":{"rendered":"<div id=\"moyen-1203212306\" class=\"moyen-before-content moyen-entity-placement\"><script async src=\"\/\/pagead2.googlesyndication.com\/pagead\/js\/adsbygoogle.js?client=ca-pub-3035390706780632\" crossorigin=\"anonymous\"><\/script><ins class=\"adsbygoogle\" style=\"display:block;\" data-ad-client=\"ca-pub-3035390706780632\" \ndata-ad-slot=\"\" \ndata-ad-format=\"auto\"><\/ins>\n<script> \n(adsbygoogle = window.adsbygoogle || []).push({}); \n<\/script>\n<\/div><p><strong><a href=\"https:\/\/www.moyenagepassion.com\/wp-content\/uploads\/2020\/01\/legende-doree-bande-dessinee-financement-participatif.jpg\"><img decoding=\"async\" class=\"alignleft wp-image-29604\" src=\"https:\/\/www.moyenagepassion.com\/wp-content\/uploads\/2020\/01\/legende-doree-bande-dessinee-financement-participatif.jpg\" alt=\"legende-doree-bande-dessinee-financement-participatif\" width=\"99\" height=\"141\" srcset=\"https:\/\/www.moyenagepassion.com\/wp-content\/uploads\/2020\/01\/legende-doree-bande-dessinee-financement-participatif.jpg 250w, https:\/\/www.moyenagepassion.com\/wp-content\/uploads\/2020\/01\/legende-doree-bande-dessinee-financement-participatif-211x300.jpg 211w\" sizes=\"(max-width: 99px) 100vw, 99px\" \/><\/a>Sujet<\/strong> :\u00a0 \u00a0bande dessin\u00e9e, humour,\u00a0 \u00a0monde m\u00e9di\u00e9val, financement participatif,\u00a0 \u00a0Jacques de Voragine<br \/>\n<strong>P\u00e9riode<\/strong> : Moyen \u00c2ge, XIIIe si\u00e8cle.<br \/>\n<strong>Auteur<\/strong> : JP Joblin,\u00a0 Olivier le Discot<br \/>\n<strong>Titre<\/strong> : la\u00a0 l\u00e9gende dor\u00e9e<br \/>\n<strong>Sortie pr\u00e9vue :\u00a0 \u00a02020<\/strong><\/p>\n<p>Bonjour \u00e0 tous<\/p>\n<p style=\"text-align: justify;\"><img decoding=\"async\" class=\"alignleft size-full wp-image-23906\" src=\"https:\/\/www.moyenagepassion.com\/wp-content\/uploads\/2018\/10\/U_lettrine_moyen_age_passion.jpg\" alt=\"U_lettrine_moyen_age_passion\" width=\"84\" height=\"103\" \/>ne fois n&rsquo;est pas coutume, nous vous pr\u00e9sentons une op\u00e9ration de financement participatif en faveur d&rsquo;une Bande dessin\u00e9e humoristique, sur fond de XIIIe si\u00e8cle mais surtout de m\u00e9di\u00e9val fantasy.<\/p>\n<p style=\"text-align: justify;\">\u00a0 \u00a0Nous\u00a0 vous avions d\u00e9j\u00e0 parl\u00e9 ici d&rsquo;un de ses auteurs, <strong>Jean-Pierre Joblin<\/strong>, \u00e0 l&rsquo;occasion d&rsquo;un excellent spectacle et d&rsquo;<a href=\"https:\/\/www.moyenagepassion.com\/index.php\/2018\/10\/13\/grand-art-villon-en-scene-et-en-chanson-spectacle-vivant-de-jean-pierre-joblin\/\" target=\"_blank\" rel=\"noopener noreferrer\">un livre album autour de Fran\u00e7ois\u00a0 Villon<\/a>.\u00a0 Cette fois-ci, Joblin, qui partage ses talents entre l&rsquo;\u00e9criture et l&rsquo;illustration, se range uniquement du c\u00f4t\u00e9 du sc\u00e9nario.\u00a0 \u00a0Du point de vue des th\u00e8mes, il r\u00e9cidive aussi avec le Moyen \u00c2ge et l&rsquo;humour qui lui sont tous les deux chers. C\u00f4t\u00e9 illustration, il retrouve, dans ce projet, son complice <strong>Olivier le Discot. <\/strong>Tous deux\u00a0 avaient, en effet,\u00a0 publi\u00e9, \u00e0 partir de 2008 et chez <strong>Vents d&rsquo;Ouest, <\/strong>une trilogie dont la BD du jour est une nouvel opus.<\/p>\n<h2 style=\"text-align: left;\">De\u00a0 \u00a0\u00a0la l\u00e9gende Dor\u00e9e\u00a0 de Jacques de Voragine \u00e0 la BD et Fr\u00e8re Boulu<\/h2>\n<p style=\"text-align: justify;\"><a href=\"https:\/\/www.moyenagepassion.com\/wp-content\/uploads\/2020\/01\/couverture-bande-dessinee-moyen-age-legende-doree-joblin.jpg\" target=\"_blank\" rel=\"noopener noreferrer\"><img decoding=\"async\" class=\"alignnone wp-image-29591 size-full\" src=\"https:\/\/www.moyenagepassion.com\/wp-content\/uploads\/2020\/01\/couverture-bande-dessinee-moyen-age-legende-doree-joblin-s.jpg\" alt=\"couverture-bande-dessinee-moyen-age-legende-doree-joblin-s\" width=\"600\" height=\"272\" srcset=\"https:\/\/www.moyenagepassion.com\/wp-content\/uploads\/2020\/01\/couverture-bande-dessinee-moyen-age-legende-doree-joblin-s.jpg 600w, https:\/\/www.moyenagepassion.com\/wp-content\/uploads\/2020\/01\/couverture-bande-dessinee-moyen-age-legende-doree-joblin-s-300x136.jpg 300w\" sizes=\"(max-width: 600px) 100vw, 600px\" \/><\/a><\/p>\n<p style=\"text-align: justify;\">Dans le courant du XIIIe si\u00e8cle, le\u00a0 dominicain\u00a0 et archev\u00eaque g\u00e9nois\u00a0 <strong>Jacques de Voragine<\/strong> r\u00e9digea un ouvrage liturgique qui allait devenir l&rsquo;un des plus lus du\u00a0 Moyen \u00c2ge. On le sait par le nombre impressionnant de copie manuscrites et de traduction qui en furent faites. Sorte de compilation hagiographique, l&rsquo;ouvrage conte la vie de pr\u00e8s de 150 saints\u00a0 et martyrs chr\u00e9tiens.\u00a0 Il\u00a0\u00a0se fera\u00a0 bient\u00f4t conna\u00eetre sous le nom de <span class=\"lang-la\" lang=\"la\"><strong>Legenda aurea<\/strong><\/span><i><span class=\"lang-la\" lang=\"la\"> (<\/span><\/i><span class=\"lang-la\" lang=\"la\">soit L\u00e9gende dor\u00e9e)\u00a0 \u00a0et aura une v\u00e9ritable\u00a0 \u00a0<\/span>\u00a0influence sur la chr\u00e9tient\u00e9 m\u00e9di\u00e9vale\u00a0 \u00a0\u00a0et sa mythologie.<\/p>\n<p style=\"text-align: justify;\"><a href=\"https:\/\/www.moyenagepassion.com\/wp-content\/uploads\/2020\/01\/moine-humour-medieval-moyen-age-legende-doree-joblin-le-discot.jpg\"><img decoding=\"async\" class=\"alignright wp-image-29596\" src=\"https:\/\/www.moyenagepassion.com\/wp-content\/uploads\/2020\/01\/moine-humour-medieval-moyen-age-legende-doree-joblin-le-discot.jpg\" alt=\"moine-humour-medieval-moyen-age-legende-doree-joblin-le-discot\" width=\"224\" height=\"224\" srcset=\"https:\/\/www.moyenagepassion.com\/wp-content\/uploads\/2020\/01\/moine-humour-medieval-moyen-age-legende-doree-joblin-le-discot.jpg 800w, https:\/\/www.moyenagepassion.com\/wp-content\/uploads\/2020\/01\/moine-humour-medieval-moyen-age-legende-doree-joblin-le-discot-150x150.jpg 150w, https:\/\/www.moyenagepassion.com\/wp-content\/uploads\/2020\/01\/moine-humour-medieval-moyen-age-legende-doree-joblin-le-discot-300x300.jpg 300w\" sizes=\"(max-width: 224px) 100vw, 224px\" \/><\/a>On l&rsquo;aura compris, la bande dessin\u00e9e qui fait l&rsquo;objet de l&rsquo;op\u00e9ration de financement participatif s&rsquo;inspire de l&rsquo;histoire et des\u00a0 Saints, d\u00e9crits\u00a0 par Voragine, mais avec un sc\u00e9nario tout \u00e0 fait original et sur le ton de l&rsquo;humour. Ainsi,\u00a0cette <strong>L\u00e9gende Dor\u00e9e <\/strong>illustr\u00e9e conte les aventures d&rsquo;un petit moine replet\u00a0 :\u00a0 <strong>Fr\u00e8re Boulu.\u00a0\u00a0 <\/strong>Bon vivant, \u00e9pris de bonne ch\u00e8re et\u00a0 dot\u00e9 du don rare, celui de pouvoir invoquer les Saints, il se\u00a0 retrouvera, une fois de plus, entra\u00een\u00e9 dans de folles aventures.\u00a0 \u00a0Pour ce nouvel album, elles seront l&rsquo;occasion de voir d\u00e9filer une galerie de truculents personnages entre lesquels on reconna\u00eetra quelques\u00a0 t\u00eates inspir\u00e9s du monde r\u00e9el, <strong>\u00a0<\/strong>dont\u00a0 Jean Lassale : le\u00a0 grandiloquent d\u00e9put\u00e9 des Pyr\u00e9n\u00e9es atlantiques qui s&rsquo;\u00e9tait fait remarquer, en 2017, par sa marche \u00e0 travers la France et sa candidature \u00e0 la pr\u00e9sidence de la r\u00e9publique.\u00a0Encore tout r\u00e9cemment, il avait aussi investi l&rsquo;Assembl\u00e9e Nationale v\u00eatu d&rsquo;un gilet jaune, en solidarit\u00e9 au mouvement populaire du m\u00eame nom, ce qui avait aussi fait grand bruit dans la presse.<\/p>\n<p style=\"text-align: justify;\">Quoiqu&rsquo;il en soit, nous laissons ici la place aux deux comp\u00e8res de cette <em><strong>L\u00e9gende dor\u00e9e <\/strong><\/em>moderne\u00a0 pour vous pr\u00e9senter leur op\u00e9ration de financement en\u00a0 textes et en images.<\/p>\n<hr \/>\n<h2><strong>SAINTE ULULE, PRIEZ POUR NOUS\u00a0!<br \/>\n<\/strong>par Jean-Pierre\u00a0 Joblin<\/h2>\n<p style=\"text-align: justify;\"><a href=\"https:\/\/www.moyenagepassion.com\/wp-content\/uploads\/2020\/01\/couverture-legende-doree-bande-dessinee-s.jpg\"><img decoding=\"async\" class=\"alignleft wp-image-29593\" src=\"https:\/\/www.moyenagepassion.com\/wp-content\/uploads\/2020\/01\/couverture-legende-doree-bande-dessinee-s.jpg\" alt=\"couverture-legende-doree-bande-dessinee-s\" width=\"197\" height=\"279\" srcset=\"https:\/\/www.moyenagepassion.com\/wp-content\/uploads\/2020\/01\/couverture-legende-doree-bande-dessinee-s.jpg 250w, https:\/\/www.moyenagepassion.com\/wp-content\/uploads\/2020\/01\/couverture-legende-doree-bande-dessinee-s-212x300.jpg 212w\" sizes=\"(max-width: 197px) 100vw, 197px\" \/><\/a>\u00ab\u00a0Il y a bien longtemps, en l\u2019abbaye de Saint-Bibin-l\u2019Imbib\u00e9, un jeune moine vivait dans l\u2019amour de Dieu et \u2026 du gras de canard.\u00a0 Non seulement, ce jeune moine pouvait adresser ses pri\u00e8res au saint dont la sp\u00e9cialit\u00e9 correspondait \u00e0 la nature du probl\u00e8me qui se posait \u00e0 lui, mais les saints se mat\u00e9rialisaient et venaient l\u2019aider physiquement.\u00a0 C\u2019est \u00e0 croire qu\u2019il disposait des pages jaunes de l\u2019annuaire paradisiaque\u2026 \u00e0 moins qu\u2019elles ne fussent\u2026 dor\u00e9es\u00a0 ! \u00bb<\/p>\n<p style=\"text-align: justify;\">&#8211; \u00ab Alors ?\u2026 Quand est-ce qu\u2019il repart vers de nouvelles aventures votre fr\u00e8re Boulu ? \u00bb<\/p>\n<p style=\"font-weight: 400; text-align: justify;\">&#8211; \u00ab \u00c0 quand un nouvel album de <em><strong>La L\u00e9gende Dor\u00e9e<\/strong> <\/em>?\u2026 \u00bb<\/p>\n<p style=\"font-weight: 400; text-align: justify;\">Ces questions de lecteurs, combien de fois ne les avons-nous pas entendues dans les festivals, lors de rencontres, de d\u00e9dicaces ?\u2026<\/p>\n<h2 style=\"font-weight: 400; text-align: justify;\">Enfin, une suite<\/h2>\n<p style=\"font-weight: 400; text-align: justify;\"><a href=\"https:\/\/www.moyenagepassion.com\/wp-content\/uploads\/2020\/01\/bande-dessinee-legende-doree-frere-boulu-humour.jpg\" target=\"_blank\" rel=\"noopener noreferrer\"><img decoding=\"async\" class=\"alignright wp-image-29602\" src=\"https:\/\/www.moyenagepassion.com\/wp-content\/uploads\/2020\/01\/bande-dessinee-legende-doree-frere-boulu-humour-s.jpg\" alt=\"bande-dessinee-legende-doree-frere-boulu-humour-s\" width=\"253\" height=\"358\" srcset=\"https:\/\/www.moyenagepassion.com\/wp-content\/uploads\/2020\/01\/bande-dessinee-legende-doree-frere-boulu-humour-s.jpg 350w, https:\/\/www.moyenagepassion.com\/wp-content\/uploads\/2020\/01\/bande-dessinee-legende-doree-frere-boulu-humour-s-212x300.jpg 212w\" sizes=\"(max-width: 253px) 100vw, 253px\" \/><\/a>H\u00e9 bien, cette fois, apr\u00e8s que les planches aient \u00e9t\u00e9 expos\u00e9es au <strong>Scriptorial du Mont Saint-Michel<\/strong>, apr\u00e8s avoir obtenu le prix \u00ab\u00a0Jeune bulle pour le sc\u00e9nario\u00a0\u00bb au <strong>Festival Atlantis de Nantes<\/strong>, nous souhaitons remettre la machine en marche et nous redorer la l\u00e9gende !<\/p>\n<p style=\"font-weight: 400; text-align: justify;\">L\u2019\u00e9diteur d\u2019origine n\u2019ayant pas imagin\u00e9 publier autre chose qu\u2019un triptyque et le paysage \u00e9ditorial \u00e9tant ce qu\u2019il est, nous avons d\u00e9cid\u00e9 de prendre le d\u00e9mon par les cornes.\u00a0 \u00a0 \u00a0Depuis des ann\u00e9es, nous avons gard\u00e9 le lien avec un grand nombre de lecteurs enthousiastes. Et c\u2019est pourquoi nous communiquons \u00e0 ceux qui souhaiteraient participer avec eux \u00e0 la r\u00e9surrection de fr\u00e8re Boulu, le lien du financement participatif qui nous permettra de sortir un gros album de 54 pages intitul\u00e9 \u00ab <strong>LE VAMPIRE DES KUKULESCHKU<\/strong> \u00bb (voir lien en pied d&rsquo;article).<\/p>\n<p style=\"font-weight: 400;\"><strong><em>\u00a0<a href=\"https:\/\/www.moyenagepassion.com\/wp-content\/uploads\/2020\/01\/bande-dessinee-monde-medieval-humour-legende-doree-joblin-nouvel-album-vampire.jpg\"><img decoding=\"async\" class=\"alignnone size-full wp-image-29597\" src=\"https:\/\/www.moyenagepassion.com\/wp-content\/uploads\/2020\/01\/bande-dessinee-monde-medieval-humour-legende-doree-joblin-nouvel-album-vampire.jpg\" alt=\"bande-dessinee-monde-medieval-humour-legende-doree-joblin-nouvel-album-vampire\" width=\"1800\" height=\"1233\" srcset=\"https:\/\/www.moyenagepassion.com\/wp-content\/uploads\/2020\/01\/bande-dessinee-monde-medieval-humour-legende-doree-joblin-nouvel-album-vampire.jpg 1800w, https:\/\/www.moyenagepassion.com\/wp-content\/uploads\/2020\/01\/bande-dessinee-monde-medieval-humour-legende-doree-joblin-nouvel-album-vampire-300x206.jpg 300w, https:\/\/www.moyenagepassion.com\/wp-content\/uploads\/2020\/01\/bande-dessinee-monde-medieval-humour-legende-doree-joblin-nouvel-album-vampire-1024x701.jpg 1024w\" sizes=\"(max-width: 1800px) 100vw, 1800px\" \/><\/a><\/em><\/strong><\/p>\n<p style=\"font-weight: 400; text-align: justify;\">Fr\u00e8re Boulu, la Matago, l\u2019abb\u00e9 Retzina, fr\u00e8re Bruno, fr\u00e8re Aimable, la bande des coquillards et cette vieille carne \u00e9piscopale d\u2019Archinaze de Tarabisco vont \u00e0 nouveau tr\u00e9pigner, glisser, mordre, se bastonner, fr\u00e9mir, bondir, voltiger, festoyer, rigoler, s\u2019empiffrer de gras de canard\u2026 et vider des tonneaux de bibinictine !\u00a0 Il y aura aussi de nouveaux personnages comme Monseigneur Mosquito (inspir\u00e9 d\u2019un certain Jean Lassale),\u00a0 \u00a0 Saint Janvier et sa ni\u00e8ce, une d\u00e9licieuse t\u00eate \u00e0 <a href=\"https:\/\/www.moyenagepassion.com\/wp-content\/uploads\/2020\/01\/bande-dessinee-jean-lassale-humour-joblin-monde-medieval.jpg\"><img decoding=\"async\" class=\"alignleft wp-image-29600\" src=\"https:\/\/www.moyenagepassion.com\/wp-content\/uploads\/2020\/01\/bande-dessinee-jean-lassale-humour-joblin-monde-medieval.jpg\" alt=\"bande-dessinee-jean-lassale-humour-joblin-monde-medieval\" width=\"208\" height=\"198\" \/><\/a>claques nomm\u00e9e sainte Sanguine\u2026\u00a0 Sans compter le comte et la comtesse Kukuleschku entour\u00e9s d\u2019une nu\u00e9e de vampires dans le lointain comt\u00e9 de Bellalugozie. Nous r\u00e9v\u00e9lerons m\u00eame le nom du v\u00e9ritable inventeur du boudin !\u00a0<span style=\"color: #999999;\">\u00a0<\/span><\/p>\n<p style=\"font-weight: 400; text-align: justify;\">C\u2019est avec d\u00e9lectation que nous nous sommes replong\u00e9s dans l\u2019univers de \u00ab <strong>La L\u00e9gende Dor\u00e9e<\/strong> \u00bb\u00a0 \u2026 Nous esp\u00e9rons, dans l\u2019avenir, cr\u00e9er beaucoup de nouvelles aventures ! Aussi, vous qu\u2019un Moyen \u00c2ge loufoque ne saurait effrayer, vous qui appr\u00e9ciez Rabelais, Villon, \u00ab Ast\u00e9rix \u00bb, \u00ab Les Tontons flingueurs \u00bb, \u00ab Le nom de la Rose \u00bb, \u00ab Kaamelott \u00bb, \u00ab Sacr\u00e9 Graal \u00bb et \u00ab Le bal des vampires \u00bb \u2026\u00a0 \u00a0Vous, lecteurs de fabliaux, vous, qui vous enflammez \u00e0 la lecture de maintes fantaisies h\u00e9ro\u00efques, vous qui appr\u00e9ciez les enluminures et le beau dessin, vous devriez jeter un coup d\u2019\u0153il sur ce que nous proposons\u2026<\/p>\n<p style=\"font-weight: 400; text-align: justify;\"><strong>Andr\u00e9 May<\/strong>, notre coloriste, qui a d\u00e9j\u00e0 \u0153uvr\u00e9 sur deux de nos albums sous le pseudo de \u00ab<strong>\u00a0Searus\u00a0<\/strong>\u00bb a d\u00e9ploy\u00e9 tout son savoir-faire pour servir au mieux le dessin virevoltant et si expressif d\u2019<strong>Olivier Le Discot<\/strong>.<\/p>\n<p style=\"font-weight: 400; text-align: justify;\"><a href=\"https:\/\/www.moyenagepassion.com\/wp-content\/uploads\/2020\/01\/legende-doree-bande-dessinee-ulule-humour-moyen-age.jpg\"><img decoding=\"async\" class=\"alignnone wp-image-29599 size-full\" src=\"https:\/\/www.moyenagepassion.com\/wp-content\/uploads\/2020\/01\/legende-doree-bande-dessinee-ulule-humour-moyen-age.jpg\" alt=\"legende-doree-bande-dessinee-ulule-humour-moyen-age\" width=\"886\" height=\"664\" srcset=\"https:\/\/www.moyenagepassion.com\/wp-content\/uploads\/2020\/01\/legende-doree-bande-dessinee-ulule-humour-moyen-age.jpg 886w, https:\/\/www.moyenagepassion.com\/wp-content\/uploads\/2020\/01\/legende-doree-bande-dessinee-ulule-humour-moyen-age-300x225.jpg 300w\" sizes=\"(max-width: 886px) 100vw, 886px\" \/><\/a><\/p>\n<h3 style=\"font-weight: 400;\">Lancement de l&rsquo;album<\/h3>\n<p style=\"font-weight: 400; text-align: justify;\">En cas de succ\u00e8s de l\u2019op\u00e9ration Ulule, nous nous emploierons \u00e0 sortir ce tout nouvel album pour No\u00ebl 2020.\u00a0 \u00a0D\u00e9j\u00e0 nous pr\u00e9voyons un gros \u00e9v\u00e9nementiel dans les rues de Bourges\u00a0 : d\u00e9fil\u00e9 de moines bibinictins, personnages de la s\u00e9rie en chair et en costumes, chant de leur hymne :\u00a0 \u00ab\u00a0D\u00a0\u00a0inn&rsquo;gueu di-diding diing diing\u00a0 dingue dong<strong>\u00a0<\/strong>\u00bb.\u00a0 \u00a0Il est interpr\u00e9t\u00e9, ci-dessous, par les petits chanteurs \u00e0 la gueule de bois emmen\u00e9s par un certain <strong>Bruno Daraquy<\/strong> que certains ont d\u00e9j\u00e0 peut-\u00eatre vu sous les hardes du Fran\u00e7ois Villon surgit de mon livre-CD \u00ab\u00a0<strong>Fran\u00e7ois Villon, corps \u00e0 c\u0153ur<\/strong>\u00a0\u00bb (musique Malto \u2013 Yil \u00e9dition).<\/p>\n<p><code><iframe src=\"https:\/\/www.youtube.com\/embed\/vn9j2q-xUq0\" width=\"560\" height=\"315\" frameborder=\"0\" allowfullscreen=\"allowfullscreen\"><\/iframe><\/code><\/p>\n<p style=\"text-align: justify;\">Mais, pour l\u2019heure, il importe de se rendre en p\u00e8lerinage sur la page\u00a0 de <a href=\"https:\/\/fr.ulule.com\/le-vampire-des-kukuleschku\/\" target=\"_blank\" rel=\"noopener noreferrer\">l&rsquo;op\u00e9ration de financement du\u00a0Vampire des Kukuleschku<\/a>.\u00a0 Les collectionneurs pourront m\u00eame acqu\u00e9rir des planches originales et une \u00e9dition luxueuse de l\u2019album.<\/p>\n<p style=\"text-align: justify;\"><strong>Joblin<\/strong><\/p>\n","protected":false},"excerpt":{"rendered":"<p>Sujet :\u00a0 \u00a0bande dessin\u00e9e, humour,\u00a0 \u00a0monde m\u00e9di\u00e9val, financement participatif,\u00a0 \u00a0Jacques de Voragine P\u00e9riode : Moyen \u00c2ge, XIIIe si\u00e8cle. Auteur : JP Joblin,\u00a0 Olivier le Discot Titre : la\u00a0 l\u00e9gende dor\u00e9e Sortie pr\u00e9vue :\u00a0 \u00a02020 Bonjour \u00e0 tous ne fois n&rsquo;est pas coutume, nous vous pr\u00e9sentons une op\u00e9ration de financement participatif en faveur d&rsquo;une Bande dessin\u00e9e &hellip; <a href=\"https:\/\/www.moyenagepassion.com\/index.php\/2020\/01\/17\/bande-dessinee-a-la-poursuite-de-la-legende-doree-avec-jean-pierre-joblin\/\" class=\"more-link\">Continuer la lecture de <span class=\"screen-reader-text\">Bande dessin\u00e9e : \u00e0 la poursuite de la L\u00e9gende Dor\u00e9e avec Jean-Pierre Joblin &#038; Olivier le Discot<\/span>  <span class=\"meta-nav\">&rarr;<\/span><\/a><\/p>\n","protected":false},"author":2,"featured_media":0,"comment_status":"open","ping_status":"open","sticky":false,"template":"","format":"standard","meta":{"_monsterinsights_skip_tracking":false,"_monsterinsights_sitenote_active":false,"_monsterinsights_sitenote_note":"","_monsterinsights_sitenote_category":0,"footnotes":""},"categories":[16],"tags":[3406,4834,304,779,4835,4093,5771,207,3795,41,182,18,4836,595],"class_list":["post-29586","post","type-post","status-publish","format-standard","hentry","category-sources-et-articles-moyen-age-periode-medievale","tag-bande-dessinee","tag-financement-participatif","tag-hagiographie","tag-humour","tag-jacques-de-voragine","tag-jean-pierre-joblin","tag-legende-doree","tag-medieval-fantaisie","tag-medieval-fantasy","tag-moine","tag-monde-medieval","tag-moyen-age","tag-olivier-le-discot","tag-xiiie-siecle"],"aioseo_notices":[],"_links":{"self":[{"href":"https:\/\/www.moyenagepassion.com\/index.php\/wp-json\/wp\/v2\/posts\/29586"}],"collection":[{"href":"https:\/\/www.moyenagepassion.com\/index.php\/wp-json\/wp\/v2\/posts"}],"about":[{"href":"https:\/\/www.moyenagepassion.com\/index.php\/wp-json\/wp\/v2\/types\/post"}],"author":[{"embeddable":true,"href":"https:\/\/www.moyenagepassion.com\/index.php\/wp-json\/wp\/v2\/users\/2"}],"replies":[{"embeddable":true,"href":"https:\/\/www.moyenagepassion.com\/index.php\/wp-json\/wp\/v2\/comments?post=29586"}],"version-history":[{"count":3,"href":"https:\/\/www.moyenagepassion.com\/index.php\/wp-json\/wp\/v2\/posts\/29586\/revisions"}],"predecessor-version":[{"id":44578,"href":"https:\/\/www.moyenagepassion.com\/index.php\/wp-json\/wp\/v2\/posts\/29586\/revisions\/44578"}],"wp:attachment":[{"href":"https:\/\/www.moyenagepassion.com\/index.php\/wp-json\/wp\/v2\/media?parent=29586"}],"wp:term":[{"taxonomy":"category","embeddable":true,"href":"https:\/\/www.moyenagepassion.com\/index.php\/wp-json\/wp\/v2\/categories?post=29586"},{"taxonomy":"post_tag","embeddable":true,"href":"https:\/\/www.moyenagepassion.com\/index.php\/wp-json\/wp\/v2\/tags?post=29586"}],"curies":[{"name":"wp","href":"https:\/\/api.w.org\/{rel}","templated":true}]}}