{"id":29700,"date":"2020-01-31T19:11:20","date_gmt":"2020-01-31T18:11:20","guid":{"rendered":"https:\/\/www.moyenagepassion.com\/?p=29700"},"modified":"2022-05-22T18:51:30","modified_gmt":"2022-05-22T17:51:30","slug":"a-la-mi-fevrier-retour-du-salon-medieval-fantastique-normannia-au-parc-expo-de-rouen","status":"publish","type":"post","link":"https:\/\/www.moyenagepassion.com\/index.php\/2020\/01\/31\/a-la-mi-fevrier-retour-du-salon-medieval-fantastique-normannia-au-parc-expo-de-rouen\/","title":{"rendered":"A la mi-f\u00e9vrier, retour du salon m\u00e9di\u00e9val fantastique Normannia au Parc Expo de Rouen"},"content":{"rendered":"<div id=\"moyen-3148257269\" class=\"moyen-before-content moyen-entity-placement\"><script async src=\"\/\/pagead2.googlesyndication.com\/pagead\/js\/adsbygoogle.js?client=ca-pub-3035390706780632\" crossorigin=\"anonymous\"><\/script><ins class=\"adsbygoogle\" style=\"display:block;\" data-ad-client=\"ca-pub-3035390706780632\" \ndata-ad-slot=\"\" \ndata-ad-format=\"auto\"><\/ins>\n<script> \n(adsbygoogle = window.adsbygoogle || []).push({}); \n<\/script>\n<\/div><p><strong><a href=\"https:\/\/www.moyenagepassion.com\/wp-content\/uploads\/2018\/02\/agenda_salon_animations_medieval_fantastique_normannia_rouen_normandie.jpg\"><img decoding=\"async\" class=\"wp-image-19529 alignleft\" src=\"https:\/\/www.moyenagepassion.com\/wp-content\/uploads\/2018\/02\/agenda_salon_animations_medieval_fantastique_normannia_rouen_normandie.jpg\" alt=\"agenda_salon_animations_medieval_fantastique_normannia_rouen_normandie\" width=\"172\" height=\"173\" srcset=\"https:\/\/www.moyenagepassion.com\/wp-content\/uploads\/2018\/02\/agenda_salon_animations_medieval_fantastique_normannia_rouen_normandie.jpg 742w, https:\/\/www.moyenagepassion.com\/wp-content\/uploads\/2018\/02\/agenda_salon_animations_medieval_fantastique_normannia_rouen_normandie-150x150.jpg 150w, https:\/\/www.moyenagepassion.com\/wp-content\/uploads\/2018\/02\/agenda_salon_animations_medieval_fantastique_normannia_rouen_normandie-300x300.jpg 300w\" sizes=\"(max-width: 172px) 100vw, 172px\" \/><\/a>Sujet<\/strong>&nbsp;:&nbsp; &nbsp; agenda, salon m\u00e9di\u00e9val, animations, m\u00e9di\u00e9val-fantastique, reconstituteurs,&nbsp;march\u00e9 inspiration m\u00e9di\u00e9vale, steampunk, combat viking<br \/>\n<strong>Nom&nbsp; &nbsp;<\/strong>&nbsp;:&nbsp; &nbsp; &nbsp;<strong>Normannia 2020<\/strong><br \/>\n<strong>Lieu :&nbsp; &nbsp;<\/strong>Parc expo Rouen,<br \/>\nSeine-maritime, Normandie,&nbsp;<strong><br \/>\nDates :&nbsp; &nbsp;<\/strong>les&nbsp; 15&nbsp; et&nbsp; 16 f\u00e9vrier 2020<\/p>\n<p>Bonjour&nbsp; \u00e0 tous,<\/p>\n<p style=\"text-align: justify;\"><img decoding=\"async\" class=\"alignleft size-full wp-image-24221\" src=\"https:\/\/www.moyenagepassion.com\/wp-content\/uploads\/2015\/12\/A_lettrine_moyen_age_passion1.jpg\" alt=\"A_lettrine_moyen_age_passion\" width=\"84\" height=\"103\">vec un peu d&rsquo;avance, nous vous annon\u00e7ons le retour prochain du&nbsp;grand Salon <strong>Normannia<\/strong> de Rouen. Organis\u00e9 par la <strong>F\u00e9d\u00e9ration Fran\u00e7aise&nbsp; M\u00e9di\u00e9vale<\/strong>, l&rsquo;\u00e9v\u00e9nement connait, d&rsquo;ann\u00e9e en ann\u00e9e, un succ\u00e8s grandissant. Il&nbsp;s&rsquo;agira l\u00e0 de sa 4\u00e8me \u00e9dition. L&rsquo;an pass\u00e9,&nbsp; Normannia avait accueilli&nbsp; &nbsp;plus de 10 000 visiteurs. Au vue des efforts d\u00e9ploy\u00e9s et de la qualit\u00e9 de la programmation,&nbsp; nous lui souhaitons, de tout c\u0153ur, de d\u00e9passer ce succ\u00e8s pour cette \u00e9dition 2020.<\/p>\n<h2>Programme, animations et temps forts<\/h2>\n<p style=\"text-align: justify;\"><a href=\"https:\/\/www.moyenagepassion.com\/wp-content\/uploads\/2020\/01\/salon-medieval-fantastique-normandie-normannia-2020-rouen-monde-medieval.jpg\"><img decoding=\"async\" class=\"alignright wp-image-29708\" src=\"https:\/\/www.moyenagepassion.com\/wp-content\/uploads\/2020\/01\/salon-medieval-fantastique-normandie-normannia-2020-rouen-monde-medieval.jpg\" alt=\"salon-medieval-fantastique-normandie-normannia-2020-rouen-monde-medieval\" width=\"192\" height=\"272\" srcset=\"https:\/\/www.moyenagepassion.com\/wp-content\/uploads\/2020\/01\/salon-medieval-fantastique-normandie-normannia-2020-rouen-monde-medieval.jpg 350w, https:\/\/www.moyenagepassion.com\/wp-content\/uploads\/2020\/01\/salon-medieval-fantastique-normandie-normannia-2020-rouen-monde-medieval-212x300.jpg 212w\" sizes=\"(max-width: 192px) 100vw, 192px\" \/><\/a>D\u00e9monstrations&nbsp; de B\u00e9hourd et fer crois\u00e9 en armure d&rsquo;\u00e9poque, concours de costumes, musique, danses, concerts, parades joyeuses et d\u00e9ambulations fantastiques,&nbsp; contes, farces et humour :&nbsp; &nbsp;les compagnies, com\u00e9diens et reconstituteurs seront nombreux, cette ann\u00e9e encore, au Parc expo de Rouen, pour animer de leur bonne humeur et de leurs fac\u00e9ties le parterre du salon.&nbsp; Bien entendu, le savant m\u00e9lange de m\u00e9di\u00e9val, de fantastique et de steampunk qui est devenu la marque de fabrique de Normannia et qui a fait le succ\u00e8s de ses moutures pr\u00e9c\u00e9dentes, sera&nbsp; encore au rendez-vous&nbsp; de cette nouvelle \u00e9dition.<\/p>\n<h3>Compagnies m\u00e9di\u00e9vales et baladins<\/h3>\n<p style=\"text-align: justify;\"><span style=\"color: #008000;\"><em>Celestiaes &#8211; Galitrappe &#8211; Les Pies &#8211; Spatha &#8211;&nbsp; L&rsquo;\u00e9quipe Diex A\u00efe de B\u00e9hourd &#8211;&nbsp; Bohemian Karavan &#8211; <a href=\"https:\/\/www.moyenagepassion.com\/index.php\/2016\/08\/02\/medieval-fantastique-en-musique-une-gigue-traditionnelle-irlandaise-revisitee-par-les-joyeux-drilles-de-naheulband\/\" target=\"_blank\" rel=\"noopener noreferrer\">Naheulband<\/a> &#8211;&nbsp; Le Mus\u00e9e Itin\u00e9rant &#8211;&nbsp; &nbsp;Ad Tempus &#8211; La Cabane du lanceur &#8211;&nbsp; R\u00e9cr\u00e9ation pour tous &#8211;&nbsp; &nbsp;Luc Arbogast &#8211; Les&nbsp; Geekstoriens &#8211;&nbsp; Fanfinon&nbsp;<\/em><\/span><\/p>\n<p style=\"text-align: justify;\">A l&rsquo;habitude, de nombreux exposants viendront aussi pr\u00e9senter leurs productions d&rsquo;inspiration m\u00e9di\u00e9vale ou plus fantastiques.&nbsp; La liste en affiche d\u00e9j\u00e0 plus de 170, mais nous vous conseillons de consulter la page Facebook officielle de l&rsquo;organisateur pour&nbsp; &nbsp;des chiffres plus actualis\u00e9s.<\/p>\n<p><a href=\"https:\/\/www.parcexporouen.com\/\" target=\"_blank\" rel=\"noopener noreferrer\">Lieu d\u2019exposition<\/a>&nbsp; \u2013&nbsp; &nbsp;<a href=\"https:\/\/www.federation-francaise-medievale.fr\/normannia\" target=\"_blank\" rel=\"noopener noreferrer\">Site de l\u2019organisateur<\/a>&nbsp;\u2013&nbsp; &nbsp;<a href=\"https:\/\/www.facebook.com\/normannia.rouen\" target=\"_blank\" rel=\"noopener noreferrer\">FB de l\u2019\u00e9v\u00e9nement&nbsp;<\/a><\/p>\n<p style=\"text-align: justify;\">Pour conclure,&nbsp; si vous \u00eates en Normandie ce week end,&nbsp; ne manquez pas de faire un tour \u00e0 ce bel \u00e9v\u00e9nement qui ouvre, \u00e0 sa mani\u00e8re, la saison m\u00e9di\u00e9vale 2020&nbsp;: divertissement, d\u00e9paysement et d\u00e9tente assur\u00e9s !<\/p>\n<p style=\"text-align: justify;\">Voir nos articles sur les \u00e9ditions pr\u00e9c\u00e9dentes de Normannia&nbsp; :&nbsp; &nbsp;<a href=\"https:\/\/www.moyenagepassion.com\/index.php\/2018\/02\/21\/salon-normannia-ce-week-end-rouen-se-met-a-lheure-du-medieval-fantastique\/\" target=\"_blank\" rel=\"noopener noreferrer\">Edition&nbsp; 2018 <\/a>&#8211;&nbsp; <a href=\"https:\/\/www.moyenagepassion.com\/index.php\/2019\/01\/23\/normannia-2019-le-grand-salon-medieval-fantastique-est-de-retour-a-rouen\/\" target=\"_blank\" rel=\"noopener noreferrer\">Edition 2019<\/a><\/p>\n<p>En vous souhaitant une excellente journ\u00e9e.<\/p>\n<div class=\"ltf\">\n<p>Fred<br \/>\nPour moyenagepassion.com<br \/>\n<em><strong>A la d\u00e9couverte du monde m\u00e9di\u00e9val sous toutes ses formes.<\/strong><\/em><\/p>\n<\/div>\n","protected":false},"excerpt":{"rendered":"<p>Sujet&nbsp;:&nbsp; &nbsp; agenda, salon m\u00e9di\u00e9val, animations, m\u00e9di\u00e9val-fantastique, reconstituteurs,&nbsp;march\u00e9 inspiration m\u00e9di\u00e9vale, steampunk, combat viking Nom&nbsp; &nbsp;&nbsp;:&nbsp; &nbsp; &nbsp;Normannia 2020 Lieu :&nbsp; &nbsp;Parc expo Rouen, Seine-maritime, Normandie,&nbsp; Dates :&nbsp; &nbsp;les&nbsp; 15&nbsp; et&nbsp; 16 f\u00e9vrier 2020 Bonjour&nbsp; \u00e0 tous, vec un peu d&rsquo;avance, nous vous annon\u00e7ons le retour prochain du&nbsp;grand Salon Normannia de Rouen. Organis\u00e9 par la F\u00e9d\u00e9ration &hellip; <a href=\"https:\/\/www.moyenagepassion.com\/index.php\/2020\/01\/31\/a-la-mi-fevrier-retour-du-salon-medieval-fantastique-normannia-au-parc-expo-de-rouen\/\" class=\"more-link\">Continuer la lecture de <span class=\"screen-reader-text\">A la mi-f\u00e9vrier, retour du salon m\u00e9di\u00e9val fantastique Normannia au Parc Expo de Rouen<\/span>  <span class=\"meta-nav\">&rarr;<\/span><\/a><\/p>\n","protected":false},"author":2,"featured_media":0,"comment_status":"open","ping_status":"open","sticky":false,"template":"","format":"standard","meta":{"_monsterinsights_skip_tracking":false,"_monsterinsights_sitenote_active":false,"_monsterinsights_sitenote_note":"","_monsterinsights_sitenote_category":0,"footnotes":""},"categories":[11],"tags":[1391,1780,1891,1886,4297,212,636,262,681,3578,4845,2757,3309,2154],"class_list":["post-29700","post","type-post","status-publish","format-standard","hentry","category-fetes-medievales-evenement","tag-agenda","tag-animations","tag-behourd","tag-combat-medieval","tag-combats-viking","tag-compagnies-medievales","tag-marche-medieval","tag-medieval-fantastique","tag-normandie","tag-normannia","tag-normannia-2020","tag-reconstituteurs","tag-salon-medieval","tag-steampunk"],"aioseo_notices":[],"_links":{"self":[{"href":"https:\/\/www.moyenagepassion.com\/index.php\/wp-json\/wp\/v2\/posts\/29700"}],"collection":[{"href":"https:\/\/www.moyenagepassion.com\/index.php\/wp-json\/wp\/v2\/posts"}],"about":[{"href":"https:\/\/www.moyenagepassion.com\/index.php\/wp-json\/wp\/v2\/types\/post"}],"author":[{"embeddable":true,"href":"https:\/\/www.moyenagepassion.com\/index.php\/wp-json\/wp\/v2\/users\/2"}],"replies":[{"embeddable":true,"href":"https:\/\/www.moyenagepassion.com\/index.php\/wp-json\/wp\/v2\/comments?post=29700"}],"version-history":[{"count":2,"href":"https:\/\/www.moyenagepassion.com\/index.php\/wp-json\/wp\/v2\/posts\/29700\/revisions"}],"predecessor-version":[{"id":44185,"href":"https:\/\/www.moyenagepassion.com\/index.php\/wp-json\/wp\/v2\/posts\/29700\/revisions\/44185"}],"wp:attachment":[{"href":"https:\/\/www.moyenagepassion.com\/index.php\/wp-json\/wp\/v2\/media?parent=29700"}],"wp:term":[{"taxonomy":"category","embeddable":true,"href":"https:\/\/www.moyenagepassion.com\/index.php\/wp-json\/wp\/v2\/categories?post=29700"},{"taxonomy":"post_tag","embeddable":true,"href":"https:\/\/www.moyenagepassion.com\/index.php\/wp-json\/wp\/v2\/tags?post=29700"}],"curies":[{"name":"wp","href":"https:\/\/api.w.org\/{rel}","templated":true}]}}