{"id":30077,"date":"2020-03-28T18:20:01","date_gmt":"2020-03-28T17:20:01","guid":{"rendered":"https:\/\/www.moyenagepassion.com\/?p=30077"},"modified":"2023-10-28T20:24:38","modified_gmt":"2023-10-28T19:24:38","slug":"conference-monde-medieval-les-proces-faits-aux-animaux-avec-michel-pastoureau","status":"publish","type":"post","link":"https:\/\/www.moyenagepassion.com\/index.php\/2020\/03\/28\/conference-monde-medieval-les-proces-faits-aux-animaux-avec-michel-pastoureau\/","title":{"rendered":"Conf\u00e9rence monde m\u00e9di\u00e9val : les proc\u00e8s faits aux animaux avec Michel Pastoureau"},"content":{"rendered":"<div id=\"moyen-622767424\" class=\"moyen-before-content moyen-entity-placement\"><script async src=\"\/\/pagead2.googlesyndication.com\/pagead\/js\/adsbygoogle.js?client=ca-pub-3035390706780632\" crossorigin=\"anonymous\"><\/script><ins class=\"adsbygoogle\" style=\"display:block;\" data-ad-client=\"ca-pub-3035390706780632\" \ndata-ad-slot=\"\" \ndata-ad-format=\"auto\"><\/ins>\n<script> \n(adsbygoogle = window.adsbygoogle || []).push({}); \n<\/script>\n<\/div><p><strong><a href=\"https:\/\/www.moyenagepassion.com\/wp-content\/uploads\/2020\/03\/conference-moyen-age-monde-medieval-proces-animaux.jpg\"><img decoding=\"async\" class=\"alignleft wp-image-30083\" src=\"https:\/\/www.moyenagepassion.com\/wp-content\/uploads\/2020\/03\/conference-moyen-age-monde-medieval-proces-animaux.jpg\" alt=\"conference-moyen-age-monde-medieval-proces-animaux\" width=\"121\" height=\"199\"><\/a>Sujet&nbsp;&nbsp; :<\/strong> proc\u00e8s, animaux, monde m\u00e9di\u00e9val, anthropologie histoire, histoire m\u00e9di\u00e9vale, Moyen \u00c2ge chr\u00e9tien<br><strong>P\u00e9riode<\/strong> : Moyen \u00c2ge et&nbsp; si\u00e8cle suivants<br><strong>Vid\u00e9o-conf\u00e9rence<\/strong> : Les proc\u00e8s faits aux animaux (du XIIIe au XVIIe si\u00e8cle)<br><strong>Intervenant :<\/strong> Michel Pastoureau<br><strong>Conf\u00e9rence :<\/strong> Archives d\u00e9partementales de la Vienne,&nbsp; &nbsp;&nbsp;avril 2019<\/p>\n<p>Bonjour \u00e0 tous,<\/p>\n<p style=\"text-align: justify;\"><img decoding=\"async\" class=\"alignleft size-full wp-image-24221\" src=\"https:\/\/www.moyenagepassion.com\/wp-content\/uploads\/2015\/12\/A_lettrine_moyen_age_passion1.jpg\" alt=\"A_lettrine_moyen_age_passion\" width=\"84\" height=\"103\">mateur d&rsquo;histoires insolites, cette vid\u00e9o-conf\u00e9rence de <strong>Michel Pastoureau<\/strong> sur les proc\u00e8s faits aux animaux, du Moyen \u00c2ge central aux si\u00e8cles suivants, pourraient bien vous distraire. Attention, toutefois, l&rsquo;historien donne&nbsp; tr\u00e8s vite le ton ici : s&rsquo;il peut nous faire sourire, le sujet doit \u00eatre pris tr\u00e8s au s\u00e9rieux.&nbsp; Il fait partie, des mots m\u00eame du m\u00e9di\u00e9viste, de la grande Histoire et, sous l&rsquo;apparente trivialit\u00e9, pas question de laisser l&rsquo;anecdotique, ou pire,&nbsp; un <img decoding=\"async\" class=\"wp-image-30080 alignright\" src=\"https:\/\/www.moyenagepassion.com\/wp-content\/uploads\/2020\/03\/deco-medievale-enluminures-proces-animaux-cochons.jpg\" alt=\"deco-medievale-enluminures-proces-animaux-cochons\" width=\"77\" height=\"332\">sensationnalisme \u00e0 la mode,&nbsp; prendre le pas.&nbsp;Ces questions interrogent, en profondeur, les soci\u00e9t\u00e9s m\u00e9di\u00e9vales et renaissantes dans leurs rapports \u00e0 la justice, dans leurs rapports homme animal et dans leurs repr\u00e9sentations, ,&#8230;<\/p>\n<p style=\"text-align: justify;\">Vous l&rsquo;aurez compris, nous sommes bien au c\u0153ur d&rsquo;une anthropologie historique et culturelle moderne qui vise \u00e0 approcher le monde m\u00e9di\u00e9val et ses mentalit\u00e9s dans toute leur complexit\u00e9. Bien s\u00fbr,&nbsp; nous l&rsquo;avons dit, le sujet autorise tout de m\u00eame, quelques sourires entendus dont l&rsquo;historien lui-m\u00eame, qui ne manque pas d&rsquo;humour, ne se privera pas au long de sa conf\u00e9rence.&nbsp; Voici un digest de cette derni\u00e8re.<\/p>\n<h2>Les proc\u00e8s faits aux animaux.<\/h2>\n<p style=\"text-align: justify;\">Du XIIIe au XVIIe si\u00e8cle (de 1250 \u00e0 1650), on juge les animaux pour divers crimes en France. Selon <strong>Michel Pastoureau<\/strong>, cette vague de proc\u00e8s pourrait correspondrait, en partie, au d\u00e9veloppement d&rsquo;une forme de justice eccl\u00e9siastique&nbsp; ayant tendance \u00e0 se g\u00e9n\u00e9raliser \u00e0 la m\u00eame \u00e9poque. Dans le m\u00eame temps,&nbsp; il reconnait, toutefois, que cette derni\u00e8re n&rsquo;est alors pas la seule&nbsp; \u00e0 rendre des jugements :&nbsp; durant la m\u00eame p\u00e9riode, les justices royales et civiles en produisent aussi.<\/p>\n<p style=\"text-align: justify;\">Pour ce qui est de la fin du ph\u00e9nom\u00e8ne, dans le courant du XVIIe si\u00e8cle,&nbsp;elle&nbsp;&nbsp;semble toucher, tout \u00e0 la fois, le souci d&rsquo;optimiser l&rsquo;utilit\u00e9 des actions de justice (en les r\u00e9servant aux hommes), mais encore des raisons ayant trait aux repr\u00e9sentations concernant les animaux (non souffrance, inutilit\u00e9 des supplices, &#8230;).<\/p>\n<p style=\"text-align: justify;\"><span style=\"color: #808080;\">Vid\u00e9o-conf\u00e9rence de <strong>Michel Pastoureau<\/strong>&nbsp; &#8211; les proc\u00e8s aux animaux<\/span><br><code><iframe src=\"https:\/\/www.youtube.com\/embed\/Di3j2HoU3KA\" width=\"600\" height=\"333\" frameborder=\"0\" allowfullscreen=\"allowfullscreen\"><\/iframe><\/code><\/p>\n<h3>Diff\u00e9rentes cat\u00e9gories de proc\u00e8s<\/h3>\n<p>Le chercheur m\u00e9di\u00e9val distingue&nbsp; &nbsp;diff\u00e9rentes cat\u00e9gories de proc\u00e8s men\u00e9s a l&rsquo;encontre des b\u00eates.<\/p>\n<h4>1\/ Les proc\u00e8s faits aux animaux pris en groupe,<br>principalement par la justice eccl\u00e9siastique<\/h4>\n<p style=\"text-align: justify;\"><a href=\"https:\/\/www.moyenagepassion.com\/wp-content\/uploads\/2020\/03\/proces-hanneton-moyen-age-chretien-excommunication-monde-medieval.jpg\"><img decoding=\"async\" class=\" wp-image-30086 alignleft\" src=\"https:\/\/www.moyenagepassion.com\/wp-content\/uploads\/2020\/03\/proces-hanneton-moyen-age-chretien-excommunication-monde-medieval.jpg\" alt=\"proces-hanneton-moyen-age-chretien-excommunication-monde-medieval\" width=\"137\" height=\"189\"><\/a>Rongeurs, batraciens, vermine, insectes, &#8230; Dans cette premi\u00e8re cat\u00e9gorie, se&nbsp; rangent&nbsp; principalement les petits animaux, comme ces hannetons que l\u2019\u00e9v\u00eaque de Troie sommera, en 1516, de quitter son dioc\u00e8se sous peine d&rsquo;excommunication ou encore, quelques ann\u00e9es plus t\u00f4t, ces anguilles du lac L\u00e9man ayant eu l&rsquo;outrecuidance de se reproduire \u00e0 l&rsquo;exc\u00e8s. C&rsquo;est, cette fois, l\u2019\u00e9v\u00eaque de Lausanne qui s&rsquo;en m\u00ealera pour tenter de ramener les anguilles \u00e0 la raison. Que les b\u00eates laissent un peu de place aux feras,&nbsp; perches et autres blancs dont vivent les hommes et les p\u00e9cheurs autour du lac ! Peine perdue. Ce sera l&rsquo;escalade&#8230; Et comme les anguilles resteront sourdes aux demandes de l&rsquo;homme d&rsquo;\u00e9glise, il se verra lui aussi contraint de les excommunier,&nbsp; les expulsant ainsi et sans d\u00e9lai, de la communaut\u00e9 chr\u00e9tienne.<\/p>\n<h4>2\/ Les proc\u00e8s faits aux animaux domestiques et de plus grande taille par la justice royale ou civile<\/h4>\n<p style=\"text-align: justify;\">Ici, les animaux jug\u00e9s seront de plus grande taille : cochons (en quantit\u00e9), \u00e2nes, b\u0153ufs ou chiens, ayant caus\u00e9 des accidents ou s&rsquo;\u00e9tant rendus outrageusement coupables de vandalisme&nbsp;ou autres crimes et d\u00e9lits.&nbsp; Dans quelques cas, il semble qu&rsquo;ils puissent&nbsp; \u00eatre simplement coupables de ne pas avoir accept\u00e9, de bonne gr\u00e2ce, la charge de travail qui leur incombait ? Et on aura peut-\u00eatre, une pens\u00e9e (moderne)&nbsp; \u00e9mue pour ce b\u0153uf de Toulouse qu&rsquo;on&nbsp; d\u00e9capita, en 1415, pour avoir \u00ab\u00a0d\u00e9m\u00e9rit\u00e9\u00a0\u00bb. Quoiqu&rsquo;il en soit et pour divers motifs, on conduit ces animaux,&nbsp;individuellement, aux tribunaux civils et, une fois leur cause \u00ab\u00a0entendue\u00a0\u00bb et jug\u00e9e, on les ch\u00e2tie : on peut les ex\u00e9cuter sans ambages ou m\u00eame d&rsquo;autres fois, les gracier.<\/p>\n<h4 style=\"text-align: justify;\">3\/Les proc\u00e8s en h\u00e9r\u00e9sie, sorcellerie et bestialit\u00e9<\/h4>\n<p style=\"text-align: justify;\">Comme on le sait (ou comme on l&rsquo;ignore), la sorcellerie et les proc\u00e8s dans cette mati\u00e8re sont des affaires bien plus renaissantes que m\u00e9di\u00e9vales : sabbats, histoires d&rsquo;adoration d&rsquo;animaux en mani\u00e8re d&rsquo;adoration du diable, mais encore bestialit\u00e9 et commerce contre-nature entre hommes et b\u00eates, tout cela donnera lieu \u00e0 des condamnations qui frappent les uns et les autres, hommes et b\u00eates&nbsp; (fr\u00e9quemment sous couvert de d\u00e9lation).&nbsp;Ces affaires forment le dernier type de proc\u00e8s faits aux animaux que <strong>Michel Pastoureau<\/strong> identifie sur la partie la plus tardive de la p\u00e9riode \u00e9tudi\u00e9e.<\/p>\n<h3>G\u00e9ographie et fr\u00e9quence<\/h3>\n<p style=\"text-align: justify;\"><a href=\"https:\/\/www.moyenagepassion.com\/wp-content\/uploads\/2020\/03\/deco-medievale-enluminures-proces-animaux-cochons.jpg\"><img decoding=\"async\" class=\"wp-image-30080 alignright\" src=\"https:\/\/www.moyenagepassion.com\/wp-content\/uploads\/2020\/03\/deco-medievale-enluminures-proces-animaux-cochons.jpg\" alt=\"deco-medievale-enluminures-proces-animaux-cochons\" width=\"77\" height=\"332\"><\/a>Apr\u00e8s nous avoir pr\u00e9sent\u00e9 ces cat\u00e9gories, l&rsquo;historien d\u00e9taillera ses sources, du c\u00f4te de leur r\u00e9partition g\u00e9ographique. Les Alpes semblent alors un foyer privil\u00e9gi\u00e9 bien que non exclusif de ces actes judiciaires qui peuvent nous para\u00eetre, aujourd&rsquo;hui, si \u00e9tranges. \u00c9tonnamment, on notera que, quelque temps plus tard, les proc\u00e8s en sorcellerie suivront, en partie, cette m\u00eame g\u00e9ographie en s&rsquo;accrochant aux montagnes et aux m\u00eames provinces.<\/p>\n<p style=\"text-align: justify;\">Contrairement aux id\u00e9es re\u00e7ues pourtant, en nombre, ces&nbsp; proc\u00e8s faits&nbsp;aux animaux resteront relativement rares. En suivant le chercheur, peut-\u00eatre faudrait-il y voir une d\u00e9monstration symbolique ? Entendons, une forme de th\u00e9\u00e2tralisation de l&rsquo;action judiciaire ou, au moins, la volont\u00e9 de mettre en sc\u00e8ne une justice toute puissante qui s&rsquo;exercerait, sur tous, avec une \u00e9gale magnanimit\u00e9.<\/p>\n<h3>Le porcs au c\u0153ur&nbsp; &nbsp;des proc\u00e8s<\/h3>\n<p style=\"text-align: justify;\">Neuf fois sur dix, les animaux concern\u00e9s sont des porcs. Ils sont alors nombreux \u00e0 vaquer dans les villes comme dans les campagnes, glanant leur nourriture, en semi-libert\u00e9. En milieu urbain, ils aident aussi \u00e0 \u00e9liminer les ordures et les d\u00e9tritus. De fait par cette omnipr\u00e9sence, autant que par leur nature fouineuse et leur r\u00e9gime omnivore, ils finissent fatalement par commettre plus d&rsquo;actes de vandalisme et sont la cause d&rsquo;incidents plus fr\u00e9quents. <strong>Michel Pastoureau<\/strong> \u00e9tendra son raisonnement de la simple statistique \u00e0 la proximit\u00e9 anatomique et biologique entre le porc et l&rsquo;homme. Selon lui, le porc aurait \u00e9t\u00e9 \u00e9galement victime de ce cousinage avec les humains et c&rsquo;est aussi cela qui lui aurait ouvert la porte des tribunaux. N&rsquo;\u00e9tant pas si \u00e9loign\u00e9 de la gente humaine, on&nbsp; aurait&nbsp; ainsi pu trouver acceptable qu&rsquo;il fut jug\u00e9.<\/p>\n<h3>La&nbsp; Truie de Falaise<\/h3>\n<figure id=\"attachment_30084\" aria-describedby=\"caption-attachment-30084\" style=\"width: 650px\" class=\"wp-caption alignnone\"><a href=\"https:\/\/www.moyenagepassion.com\/wp-content\/uploads\/2020\/03\/proces-animaux-monde-medieval-conference-michel-pastoureau-moyen-age.jpg\"><img decoding=\"async\" class=\"wp-image-30084 size-full\" src=\"https:\/\/www.moyenagepassion.com\/wp-content\/uploads\/2020\/03\/proces-animaux-monde-medieval-conference-michel-pastoureau-moyen-age.jpg\" alt=\"proces-animaux-monde-medieval-conference-michel-pastoureau-moyen-age\" width=\"650\" height=\"414\" srcset=\"https:\/\/www.moyenagepassion.com\/wp-content\/uploads\/2020\/03\/proces-animaux-monde-medieval-conference-michel-pastoureau-moyen-age.jpg 650w, https:\/\/www.moyenagepassion.com\/wp-content\/uploads\/2020\/03\/proces-animaux-monde-medieval-conference-michel-pastoureau-moyen-age-300x191.jpg 300w\" sizes=\"(max-width: 650px) 100vw, 650px\" \/><\/a><figcaption id=\"caption-attachment-30084\" class=\"wp-caption-text\">Illustration repr\u00e9sentant l&rsquo;affaire de la truie de Lavegny, en 1457, qui, avec ses 6 porcelets, aurait d\u00e9vor\u00e9 un enfant \u00ab\u00a0The book of days: a miscellany of popular antiquities ( 1869)<\/figcaption><\/figure>\n<p style=\"text-align: justify;\">Suivant encore, de pr\u00e8s, le fil de cette conf\u00e9rence, l&rsquo;historien nous contera l&rsquo;histoire, plut\u00f4t&nbsp;&nbsp; gore, de&nbsp; cette truie de Falaise qui, en&nbsp; 1386,&nbsp; renversa le&nbsp; &nbsp;berceau de deux enfants en bas \u00e2ge, en les tuant sur le coup. Non contente de son forfait, l&rsquo;animal d\u00e9vora,&nbsp; en partie, le cadavre du plus jeune. Condamn\u00e9e \u00e0 mort par le bailli de Falaise, apr\u00e8s une proc\u00e8s en bonne et due forme, la truie fut tra\u00een\u00e9e par les rues, pendue, puis br\u00fbl\u00e9e, ses cendres dispers\u00e9es. \u00c9trangement, le supplice lui fut administr\u00e9 apr\u00e8s qu&rsquo;on l&rsquo;ait v\u00eatu d&rsquo;habits f\u00e9minins, sous l\u2019\u0153il d&rsquo;une foule, sans doute, venue nombreuse y assister. On aurait m\u00eame alors demand\u00e9 aux paysans pr\u00e9sents \u00e0 l&rsquo;\u00e9v\u00e9nement de s&rsquo;y pr\u00e9senter avec leurs propres cochons, afin que ceux-ci retiennent \u00e0 plein la le\u00e7on.<\/p>\n<h3>Les rapports hommes animaux en tension<br>dans le Moyen \u00c2ge chr\u00e9tien<\/h3>\n<p style=\"text-align: justify;\">Pour conclure ce riche tour d&rsquo;horizon de son sujet, <strong>Michel Pastoureau&nbsp;<\/strong>se penchera sur la, ou plut\u00f4t les, pens\u00e9es chr\u00e9tiennes et m\u00e9di\u00e9vales r\u00e9gissant les repr\u00e9sentations homme\/animal. Deux courants th\u00e9ologiques et philosophiques coexistent en effet. Le premier diff\u00e9rencie clairement le r\u00e8gne de l&rsquo;homme et de l&rsquo;animal. C&rsquo;est le plus classique. Face \u00e0 lui, un autre courant pr\u00f4ne l&rsquo;id\u00e9e d&rsquo;une \u00ab\u00a0communaut\u00e9 des \u00eatres vivants\u00a0\u00bb et celle d&rsquo;un animal \u00ab\u00a0enfant de Dieu\u00a0\u00bb. Selon le chercheur, ces deux conceptions auraient anim\u00e9 les d\u00e9bats entre juristes et th\u00e9ologiens autour de ces proc\u00e8s&nbsp; : les animaux peuvent-ils souffrir ? Ont-il une \u00e2me semblable \u00e0 la notre ? <img decoding=\"async\" class=\"wp-image-30080 alignleft\" src=\"https:\/\/www.moyenagepassion.com\/wp-content\/uploads\/2020\/03\/deco-medievale-enluminures-proces-animaux-cochons.jpg\" alt=\"deco-medievale-enluminures-proces-animaux-cochons\" width=\"77\" height=\"332\">Peuvent-ils diff\u00e9rencier le bien du mal ? Y-a-t-il des animaux sup\u00e9rieurs ?<\/p>\n<p style=\"text-align: justify;\">Toutes ces questions vont \u00eatre en opposition jusque dans les id\u00e9es d&rsquo;animaux machines&nbsp; et il faudra attendre le XVIIIe si\u00e8cle et l&rsquo;Ecosse pour voir la naissance des premi\u00e8res soci\u00e9t\u00e9s protectrices d&rsquo;animaux de l&rsquo;histoire. Ce sera pourtant loin de consacrer nos vues modernes sur ces questions qui, disons le, demeurent, dans la pratique, toujours contradictoires. D&rsquo;ailleurs, en creusant un peu, cette duplicit\u00e9 de vue m\u00e9di\u00e9val pourrait tr\u00e8s bien y&nbsp; \u00eatre encore&nbsp; &nbsp;\u00e0 l&rsquo;oeuvre, soit qu&rsquo;on consid\u00e8re l&rsquo;homme comme faisant partie du r\u00e8gne animal, soit qu&rsquo;on le place largement au dessus.<\/p>\n<h3 style=\"text-align: justify;\">Notion de responsabilit\u00e9 juridique<\/h3>\n<p style=\"text-align: justify;\">A d\u00e9faut de vues philosophiques partag\u00e9es sur ces questions dans nos soci\u00e9t\u00e9s, la seule chose sur laquelle on semble \u00eatre parvenu \u00e0 un consensus est juridique et l\u00e9gale. Elle concerne la responsabilit\u00e9 directe du propri\u00e9taire de l&rsquo;animal sur les d\u00e9g\u00e2ts que ce dernier pourrait occasionner. Comme on l&rsquo;aura remarqu\u00e9, elle&nbsp; n&rsquo;est&nbsp; pas&nbsp; en question dans ces proc\u00e8s des temps anciens que nous pouvons, aujourd&rsquo;hui, trouver insolites. Du reste, une certaine litt\u00e9rature satirique d&rsquo;\u00e9poque en avait d\u00e9j\u00e0 relev\u00e9 la nature cocasse et ne s&rsquo;est pas priv\u00e9e de moquer ces actions en justice&nbsp;.&nbsp; <strong>Michel Pastoureau<\/strong> nous le rappellera, ici, en \u00e9voquant&nbsp; le go\u00fbt du public m\u00e9di\u00e9val pour les fables ou les&nbsp; &nbsp;<a href=\"https:\/\/www.moyenagepassion.com\/?s=ysopets\" target=\"_blank\" rel=\"noopener noreferrer\">ysopets<\/a>, mais aussi&nbsp; le proc\u00e8s fait \u00e0 Goupil dans le&nbsp; &nbsp;<em>Roman de Renard<\/em>.<\/p>\n<p style=\"text-align: justify;\">De nos jours, il arrive encore que la justice juge et condamne des animaux.<\/p>\n<p style=\"text-align: justify;\"><a href=\"https:\/\/www.moyenagepassion.com\/index.php\/tag\/michel-pastoureau\/\" target=\"_blank\" rel=\"noopener noreferrer\">Voir nos autre articles au sujet de Michel Pastoureau<\/a>.<\/p>\n<p>En vous souhaitant une excellente journ\u00e9e.<\/p>\n<p>Fr\u00e9d\u00e9ric EFFE<br>Pour moyenagepassion.com<br><em>A la d\u00e9couverte du monde m\u00e9di\u00e9val sous toutes ses formes.<\/em><\/p>\n\n\n<p><\/p>\n","protected":false},"excerpt":{"rendered":"<p>Sujet&nbsp;&nbsp; : proc\u00e8s, animaux, monde m\u00e9di\u00e9val, anthropologie histoire, histoire m\u00e9di\u00e9vale, Moyen \u00c2ge chr\u00e9tienP\u00e9riode : Moyen \u00c2ge et&nbsp; si\u00e8cle suivantsVid\u00e9o-conf\u00e9rence : Les proc\u00e8s faits aux animaux (du XIIIe au XVIIe si\u00e8cle)Intervenant : Michel PastoureauConf\u00e9rence : Archives d\u00e9partementales de la Vienne,&nbsp; &nbsp;&nbsp;avril 2019 Bonjour \u00e0 tous, mateur d&rsquo;histoires insolites, cette vid\u00e9o-conf\u00e9rence de Michel Pastoureau sur les proc\u00e8s &hellip; <a href=\"https:\/\/www.moyenagepassion.com\/index.php\/2020\/03\/28\/conference-monde-medieval-les-proces-faits-aux-animaux-avec-michel-pastoureau\/\" class=\"more-link\">Continuer la lecture de <span class=\"screen-reader-text\">Conf\u00e9rence monde m\u00e9di\u00e9val : les proc\u00e8s faits aux animaux avec Michel Pastoureau<\/span>  <span class=\"meta-nav\">&rarr;<\/span><\/a><\/p>\n","protected":false},"author":2,"featured_media":0,"comment_status":"open","ping_status":"open","sticky":false,"template":"","format":"standard","meta":{"_monsterinsights_skip_tracking":false,"_monsterinsights_sitenote_active":false,"_monsterinsights_sitenote_note":"","_monsterinsights_sitenote_category":0,"footnotes":""},"categories":[1275],"tags":[4886,2416,1422,520,2415,1943,182,677,4885,4517,1504],"class_list":["post-30077","post","type-post","status-publish","format-standard","hentry","category-conference","tag-animaux","tag-anthropologie-historique","tag-bestiaire-medieval","tag-histoire-medievale","tag-mentalites-medievales","tag-michel-pastoureau","tag-monde-medieval","tag-moyen-age-chretien","tag-proces","tag-representations-medievales","tag-video-conference"],"aioseo_notices":[],"_links":{"self":[{"href":"https:\/\/www.moyenagepassion.com\/index.php\/wp-json\/wp\/v2\/posts\/30077"}],"collection":[{"href":"https:\/\/www.moyenagepassion.com\/index.php\/wp-json\/wp\/v2\/posts"}],"about":[{"href":"https:\/\/www.moyenagepassion.com\/index.php\/wp-json\/wp\/v2\/types\/post"}],"author":[{"embeddable":true,"href":"https:\/\/www.moyenagepassion.com\/index.php\/wp-json\/wp\/v2\/users\/2"}],"replies":[{"embeddable":true,"href":"https:\/\/www.moyenagepassion.com\/index.php\/wp-json\/wp\/v2\/comments?post=30077"}],"version-history":[{"count":4,"href":"https:\/\/www.moyenagepassion.com\/index.php\/wp-json\/wp\/v2\/posts\/30077\/revisions"}],"predecessor-version":[{"id":49294,"href":"https:\/\/www.moyenagepassion.com\/index.php\/wp-json\/wp\/v2\/posts\/30077\/revisions\/49294"}],"wp:attachment":[{"href":"https:\/\/www.moyenagepassion.com\/index.php\/wp-json\/wp\/v2\/media?parent=30077"}],"wp:term":[{"taxonomy":"category","embeddable":true,"href":"https:\/\/www.moyenagepassion.com\/index.php\/wp-json\/wp\/v2\/categories?post=30077"},{"taxonomy":"post_tag","embeddable":true,"href":"https:\/\/www.moyenagepassion.com\/index.php\/wp-json\/wp\/v2\/tags?post=30077"}],"curies":[{"name":"wp","href":"https:\/\/api.w.org\/{rel}","templated":true}]}}