{"id":30198,"date":"2020-04-10T19:32:06","date_gmt":"2020-04-10T18:32:06","guid":{"rendered":"https:\/\/www.moyenagepassion.com\/?p=30198"},"modified":"2022-05-30T23:24:33","modified_gmt":"2022-05-30T22:24:33","slug":"la-lyre-dhesperie-ii-et-larchet-du-talentueux-jordi-savall-accompagne-de-pedro-estavan","status":"publish","type":"post","link":"https:\/\/www.moyenagepassion.com\/index.php\/2020\/04\/10\/la-lyre-dhesperie-ii-et-larchet-du-talentueux-jordi-savall-accompagne-de-pedro-estavan\/","title":{"rendered":"La lyre d&rsquo;Hesp\u00e9rie II et l&rsquo;archet du talentueux Jordi Savall, accompagn\u00e9 de Pedro Estavan"},"content":{"rendered":"<div id=\"moyen-2155489792\" class=\"moyen-before-content moyen-entity-placement\"><script async src=\"\/\/pagead2.googlesyndication.com\/pagead\/js\/adsbygoogle.js?client=ca-pub-3035390706780632\" crossorigin=\"anonymous\"><\/script><ins class=\"adsbygoogle\" style=\"display:block;\" data-ad-client=\"ca-pub-3035390706780632\" \ndata-ad-slot=\"\" \ndata-ad-format=\"auto\"><\/ins>\n<script> \n(adsbygoogle = window.adsbygoogle || []).push({}); \n<\/script>\n<\/div><p><strong><a href=\"https:\/\/www.moyenagepassion.com\/wp-content\/uploads\/2020\/03\/rebec-musique-medievale-jordi-savall-liria-esperia.jpg\"><img decoding=\"async\" class=\"alignleft wp-image-30009\" src=\"https:\/\/www.moyenagepassion.com\/wp-content\/uploads\/2020\/03\/rebec-musique-medievale-jordi-savall-liria-esperia.jpg\" alt=\"rebec-musique-medievale-jordi-savall-liria-esperia\" width=\"67\" height=\"184\" \/><\/a>Sujet<\/strong>\u00a0 : musique m\u00e9di\u00e9vale, danse,\u00a0 \u00a0 vi\u00e8le, rebec,\u00a0 \u00a0Galice m\u00e9di\u00e9vale,\u00a0 \u00a0Cantiga de Santa Maria,\u00a0 instruments anciens, musiques anciennes, inspirations celtiques.<br \/>\n<strong>P\u00e9riode <\/strong>: Moyen \u00c2ge central, XIIIe si\u00e8cle<br \/>\n<strong>Titre<\/strong> : \u00ab\u00a0danses,\u00a0 cantigas &amp; chants de la terre <span style=\"color: #808080;\">\u00a0\u00ab\u00a0<\/span><em><br \/>\n<\/em><strong>Auteurs\u00a0 <\/strong>\u00a0:\u00a0 Anonymes, Alphone X de Castille, Jordi Savall<br \/>\n<strong>Interpr\u00e8te <\/strong>\u00a0: Jordi Savall,\u00a0 Pedro Estavan<br \/>\n<strong>Album <\/strong>:\u00a0 <em>La lira d\u2019Esp\u00e9ria\u00a0 II<\/em>\u00a0,\u00a0 Allia Vox\u00a0 (\u00a02014)<\/p>\n<p>Bonjour \u00e0 tous,<\/p>\n<p style=\"text-align: justify;\"><img decoding=\"async\" class=\"alignleft size-full wp-image-23889\" src=\"https:\/\/www.moyenagepassion.com\/wp-content\/uploads\/2018\/10\/E_lettrine_moyen_age_passion.jpg\" alt=\"E_lettrine_moyen_age_passion\" width=\"84\" height=\"103\" \/>n 1994-96, Jordi Savall partait sur les traces de la m\u00e9diterran\u00e9e m\u00e9di\u00e9vale et de ses musiques anciennes.\u00a0 L&rsquo;album, intitul\u00e9\u00a0 \u00a0\u00a0<em><strong><a href=\"https:\/\/www.moyenagepassion.com\/index.php\/2020\/03\/21\/lexploration-de-la-viele-medievale-avec-jordi-savall-et-sa-lira-desperia\/\" target=\"_blank\" rel=\"noopener noreferrer\">La Liria d&rsquo;Esp\u00e9ria<\/a><\/strong><\/em>\u00a0 (la lyre d&rsquo;Hesp\u00e9rie), faisait r\u00e9f\u00e9rence\u00a0\u00e0 cette r\u00e9gion qui d\u00e9signait, pour les grecs antiques, les p\u00e9ninsules italiennes et ib\u00e9riques. Quant au\u00a0 voyage musical, il passait de sonorit\u00e9s espagnoles \u00e0 des danses italiennes d&rsquo;\u00e9poque pour encore faire des incursions du c\u00f4t\u00e9 andalous et proche-oriental, avec des <img decoding=\"async\" class=\"wp-image-30206 alignright\" src=\"https:\/\/www.moyenagepassion.com\/wp-content\/uploads\/2020\/04\/jordi-savall-maitre-de-musique-medievale.jpg\" alt=\"jordi-savall-maitre-de-musique-medievale\" width=\"170\" height=\"300\" srcset=\"https:\/\/www.moyenagepassion.com\/wp-content\/uploads\/2020\/04\/jordi-savall-maitre-de-musique-medievale.jpg 320w, https:\/\/www.moyenagepassion.com\/wp-content\/uploads\/2020\/04\/jordi-savall-maitre-de-musique-medievale-170x300.jpg 170w\" sizes=\"(max-width: 170px) 100vw, 170px\" \/>compositions\u00a0 venues d&rsquo;Afrique du nord et m\u00eame encore de la culture juive s\u00e9farade.<\/p>\n<p style=\"text-align: justify;\">Accompagn\u00e9 du percussionniste\u00a0 <strong>Pedro Estevan, <\/strong>le ma\u00eetre de musique<strong>\u00a0 <\/strong>catalan<strong>\u00a0 <\/strong>s&rsquo;\u00e9tait, ici, dot\u00e9 pour seuls instruments, d&rsquo;une vi\u00e8le t\u00e9nor,\u00a0 d&rsquo;un rebec et\u00a0 d&rsquo;un rabab. Un choix de formation audacieux et minimaliste qui allait lui permettre de marier l&rsquo;essentiel \u00e0 la puret\u00e9 dans un album superbe et sans artifice. La critique, comme le public, ne s&rsquo;y est d&rsquo;ailleurs pas tromp\u00e9e en r\u00e9servant un bel accueil \u00e0\u00a0 ce premier opus de\u00a0 la\u00a0 \u00a0<strong><em>Liria d&rsquo;Esperia<\/em><\/strong>.<\/p>\n<p class=\"title style-scope ytd-video-primary-info-renderer\"><span style=\"color: #999999;\">Danses, cantigas &amp; chants de la terre\u00a0<\/span><span style=\"color: #808080;\"> sous l&rsquo;archet de <strong>Jordi Savall,<\/strong><strong><br \/>\n<\/strong><\/span><code><iframe src=\"https:\/\/www.youtube.com\/embed\/ulPZpH3NHCw\" width=\"600\" height=\"333\" allowfullscreen=\"allowfullscreen\"><\/iframe><\/code><\/p>\n<h2>La lira d&rsquo;Esperia II Galicia<\/h2>\n<p style=\"text-align: justify;\"><a href=\"https:\/\/www.moyenagepassion.com\/wp-content\/uploads\/2020\/04\/jordi-savall-pedro-estevan-la-liria-d-esperia-II-musique-medievale.jpg\"><img decoding=\"async\" class=\"alignleft wp-image-30210\" src=\"https:\/\/www.moyenagepassion.com\/wp-content\/uploads\/2020\/04\/jordi-savall-pedro-estevan-la-liria-d-esperia-II-musique-medievale.jpg\" alt=\"jordi-savall-pedro-estevan-la-liria-d-esperia-II-musique-medievale\" width=\"168\" height=\"297\" srcset=\"https:\/\/www.moyenagepassion.com\/wp-content\/uploads\/2020\/04\/jordi-savall-pedro-estevan-la-liria-d-esperia-II-musique-medievale.jpg 320w, https:\/\/www.moyenagepassion.com\/wp-content\/uploads\/2020\/04\/jordi-savall-pedro-estevan-la-liria-d-esperia-II-musique-medievale-170x300.jpg 170w\" sizes=\"(max-width: 168px) 100vw, 168px\" \/><\/a>Pour le plus grand plaisir des amateurs de musique m\u00e9di\u00e9vale et de voyages sonores dans le temps,\u00a0 <strong>Jordi Savall<\/strong> allait reprendre, un peu plus tard, le m\u00eame concept et le m\u00eame complice pour poursuivre son exploration. Ainsi, en 2014, un deuxi\u00e8me opus intitul\u00e9 <strong>La Lira d&rsquo;Esperia II<\/strong> allait\u00a0 na\u00eetre, d&rsquo;un niveau de qualit\u00e9 \u00e9gale au premier.<\/p>\n<p style=\"text-align: justify;\">Avec\u00a0vingt-trois\u00a0pi\u00e8ces pour pr\u00e8s d&rsquo;un heure quinze d&rsquo;\u00e9coute, comme son titre l&rsquo;indique, un accent particulier serait mis, dans ce deuxi\u00e8me album, sur les musiques de la Galice m\u00e9di\u00e9vale et ancienne,\u00a0 province la plus \u00ab\u00a0celtique\u00a0\u00bb de l&rsquo;Espagne d&rsquo;alors, selon les propres mots de <strong>Jordi Savall<\/strong>.<\/p>\n<h3 style=\"text-align: justify;\">Sonorit\u00e9s celtiques et envol\u00e9es uniques sur fond de Galice m\u00e9di\u00e9vale \u00e0 la main d&rsquo;Alphonse le sage<\/h3>\n<p style=\"text-align: justify;\">Dans cette nouvelle pi\u00e8ce d\u2019orf\u00e8vrerie musicale, on reconna\u00eetra, plus encore que dans le premier opus, l&rsquo;influence directe\u00a0 et pr\u00e9gnante du r\u00e8gne d&rsquo;<strong>Alphonse le Sage\u00a0<\/strong>; aux c\u00f4t\u00e9s de pi\u00e8ces anciennes et traditionnelles de Galice, plus de dix\u00a0compositions sont, en effet, issues des <strong>Cantigas de Santa Maria <\/strong>du souverain de Castille<strong>. <\/strong>Nous vous avions d\u00e9j\u00e0 pr\u00e9sent\u00e9, ici, la tr\u00e8s belle ductia, librement inspir\u00e9e de la <a href=\"https:\/\/www.moyenagepassion.com\/index.php\/2016\/06\/03\/les-cantigas-santa-maria-cantiga-248-un-musicien-de-talent-pour-un-roi-erudit-et-poete\/\" target=\"_blank\" rel=\"noopener noreferrer\">Cantiga de Santa Maria 248<\/a>, qui ouvrait cet album<a href=\"https:\/\/www.moyenagepassion.com\/index.php\/2016\/06\/03\/les-cantigas-santa-maria-cantiga-248-un-musicien-de-talent-pour-un-roi-erudit-et-poete\/\" target=\"_blank\" rel=\"noopener noreferrer\">.<\/a>\u00a0 Sous le jeu d&rsquo;archet\u00a0 du musicien catalan et ses sonorit\u00e9s instrumentales si particuli\u00e8res, elle nous entra\u00eenait dans une atmosph\u00e8re toute \u00e0 fait nouvelle, \u00e0 des lieux des ex\u00e9cutions classiques\u00a0 habituelles.<\/p>\n<p style=\"text-align: justify;\"><a href=\"https:\/\/www.amazon.fr\/gp\/product\/B00P7R0AWY\/ref=as_li_tl?ie=UTF8&amp;camp=1642&amp;creative=6746&amp;creativeASIN=B00P7R0AWY&amp;linkCode=as2&amp;tag=f1266-21&amp;linkId=2efc874a2428877d7e25d6514802ff71\" target=\"_blank\" rel=\"noopener noreferrer\"><img decoding=\"async\" class=\"alignright wp-image-30208\" src=\"https:\/\/www.moyenagepassion.com\/wp-content\/uploads\/2020\/04\/musique-medievale-album-jordi-savall-liria-esperia-II-moyen-\u00e2ge-central-viele.jpg\" alt=\"musique-medievale-album-jordi-savall-liria-esperia-II-moyen-\u00e2ge-central-viele\" width=\"263\" height=\"230\" srcset=\"https:\/\/www.moyenagepassion.com\/wp-content\/uploads\/2020\/04\/musique-medievale-album-jordi-savall-liria-esperia-II-moyen-\u00e2ge-central-viele.jpg 335w, https:\/\/www.moyenagepassion.com\/wp-content\/uploads\/2020\/04\/musique-medievale-album-jordi-savall-liria-esperia-II-moyen-\u00e2ge-central-viele-300x262.jpg 300w\" sizes=\"(max-width: 263px) 100vw, 263px\" \/><\/a>Aujourd&rsquo;hui, c&rsquo;est une vid\u00e9o produite en 2014 par Allia-Vox (la soci\u00e9t\u00e9 d&rsquo;\u00e9dition de Jordi Savall), que nous partageons avec vous. Elle donne un\u00a0bel aper\u00e7u de la puissance de cette production et, on a, en prime, le plaisir d&rsquo;y retrouver des extraits d&rsquo;interviews du talentueux directeur musical.<strong>\u00a0<\/strong>Pour le reste, on trouve\u00a0 toujours ce bel album r\u00e9cent \u00e0 la vente, sous forme de CD ou m\u00eame\u00a0 au d\u00e9tail et par fichier, au format MP3 : <a href=\"https:\/\/www.amazon.fr\/gp\/product\/B00P7R0AWY\/ref=as_li_tl?ie=UTF8&amp;camp=1642&amp;creative=6746&amp;creativeASIN=B00P7R0AWY&amp;linkCode=as2&amp;tag=f1266-21&amp;linkId=2efc874a2428877d7e25d6514802ff71\" target=\"_blank\" rel=\"noopener noreferrer\">La Lira d&rsquo;Esperia II &#8211; Galicia<\/a>.<\/p>\n<p style=\"text-align: justify;\">En vous souhaitant une\u00a0 belle journ\u00e9e.<\/p>\n<p>Fred<br \/>\nPour moyenagepassion.com<br \/>\n<em><strong>A la d\u00e9couverte du Moyen \u00c2ge \u00a0sous toutes ses formes<\/strong><\/em><\/p>\n","protected":false},"excerpt":{"rendered":"<p>Sujet\u00a0 : musique m\u00e9di\u00e9vale, danse,\u00a0 \u00a0 vi\u00e8le, rebec,\u00a0 \u00a0Galice m\u00e9di\u00e9vale,\u00a0 \u00a0Cantiga de Santa Maria,\u00a0 instruments anciens, musiques anciennes, inspirations celtiques. P\u00e9riode : Moyen \u00c2ge central, XIIIe si\u00e8cle Titre : \u00ab\u00a0danses,\u00a0 cantigas &amp; chants de la terre \u00a0\u00ab\u00a0 Auteurs\u00a0 \u00a0:\u00a0 Anonymes, Alphone X de Castille, Jordi Savall Interpr\u00e8te \u00a0: Jordi Savall,\u00a0 Pedro Estavan Album :\u00a0 La &hellip; <a href=\"https:\/\/www.moyenagepassion.com\/index.php\/2020\/04\/10\/la-lyre-dhesperie-ii-et-larchet-du-talentueux-jordi-savall-accompagne-de-pedro-estavan\/\" class=\"more-link\">Continuer la lecture de <span class=\"screen-reader-text\">La lyre d&rsquo;Hesp\u00e9rie II et l&rsquo;archet du talentueux Jordi Savall, accompagn\u00e9 de Pedro Estavan<\/span>  <span class=\"meta-nav\">&rarr;<\/span><\/a><\/p>\n","protected":false},"author":2,"featured_media":0,"comment_status":"open","ping_status":"open","sticky":false,"template":"","format":"standard","meta":{"_monsterinsights_skip_tracking":false,"_monsterinsights_sitenote_active":false,"_monsterinsights_sitenote_note":"","_monsterinsights_sitenote_category":0,"footnotes":""},"categories":[3306,9],"tags":[1402,4902,911,4901,4903,914,1173,18,5587,79,883,5432,4877,1320,595],"class_list":["post-30198","post","type-post","status-publish","format-standard","hentry","category-alphonse-x-de-castille","category-musique-medieval-historique-fantaisie-celtique","tag-alphonse-le-sage","tag-cantiga-de-santa-maria","tag-danse","tag-galice-medievale","tag-inspirations-celtiques","tag-instruments-anciens","tag-jordi-savall","tag-moyen-age","tag-moyen-age-2","tag-musique-medievale","tag-musiques-anciennes","tag-pedro-estevan","tag-rebec","tag-viele","tag-xiiie-siecle"],"aioseo_notices":[],"_links":{"self":[{"href":"https:\/\/www.moyenagepassion.com\/index.php\/wp-json\/wp\/v2\/posts\/30198"}],"collection":[{"href":"https:\/\/www.moyenagepassion.com\/index.php\/wp-json\/wp\/v2\/posts"}],"about":[{"href":"https:\/\/www.moyenagepassion.com\/index.php\/wp-json\/wp\/v2\/types\/post"}],"author":[{"embeddable":true,"href":"https:\/\/www.moyenagepassion.com\/index.php\/wp-json\/wp\/v2\/users\/2"}],"replies":[{"embeddable":true,"href":"https:\/\/www.moyenagepassion.com\/index.php\/wp-json\/wp\/v2\/comments?post=30198"}],"version-history":[{"count":2,"href":"https:\/\/www.moyenagepassion.com\/index.php\/wp-json\/wp\/v2\/posts\/30198\/revisions"}],"predecessor-version":[{"id":44531,"href":"https:\/\/www.moyenagepassion.com\/index.php\/wp-json\/wp\/v2\/posts\/30198\/revisions\/44531"}],"wp:attachment":[{"href":"https:\/\/www.moyenagepassion.com\/index.php\/wp-json\/wp\/v2\/media?parent=30198"}],"wp:term":[{"taxonomy":"category","embeddable":true,"href":"https:\/\/www.moyenagepassion.com\/index.php\/wp-json\/wp\/v2\/categories?post=30198"},{"taxonomy":"post_tag","embeddable":true,"href":"https:\/\/www.moyenagepassion.com\/index.php\/wp-json\/wp\/v2\/tags?post=30198"}],"curies":[{"name":"wp","href":"https:\/\/api.w.org\/{rel}","templated":true}]}}