{"id":3040,"date":"2016-04-01T03:05:25","date_gmt":"2016-04-01T02:05:25","guid":{"rendered":"http:\/\/www.moyenagepassion.com\/?p=3040"},"modified":"2020-10-04T19:57:32","modified_gmt":"2020-10-04T18:57:32","slug":"orbis-factor-tire-du-graduel-de-fontevrault-dit-graduel-d-alienor-de-bretagne","status":"publish","type":"post","link":"https:\/\/www.moyenagepassion.com\/index.php\/2016\/04\/01\/orbis-factor-tire-du-graduel-de-fontevrault-dit-graduel-d-alienor-de-bretagne\/","title":{"rendered":"Orbis factor, un chant gr\u00e9gorien tir\u00e9 du Graduel de Fontevrault et interpr\u00e9t\u00e9 par l&rsquo;ensemble organum"},"content":{"rendered":"<div id=\"moyen-3048769100\" class=\"moyen-before-content moyen-entity-placement\"><script async src=\"\/\/pagead2.googlesyndication.com\/pagead\/js\/adsbygoogle.js?client=ca-pub-3035390706780632\" crossorigin=\"anonymous\"><\/script><ins class=\"adsbygoogle\" style=\"display:block;\" data-ad-client=\"ca-pub-3035390706780632\" \ndata-ad-slot=\"\" \ndata-ad-format=\"auto\"><\/ins>\n<script> \n(adsbygoogle = window.adsbygoogle || []).push({}); \n<\/script>\n<\/div><p><strong><a href=\"https:\/\/www.moyenagepassion.com\/wp-content\/uploads\/2016\/04\/enluminures_graduel_alienor_Fontevrault_chants_gregorien_sacres_moyen-age.jpg\"><img decoding=\"async\" class=\"alignleft wp-image-3074\" src=\"https:\/\/www.moyenagepassion.com\/wp-content\/uploads\/2016\/04\/enluminures_graduel_alienor_Fontevrault_chants_gregorien_sacres_moyen-age-268x300.jpg\" alt=\"enluminures_graduel_alienor_Fontevrault_chants_gregorien_sacres_moyen-age\" width=\"154\" height=\"172\" srcset=\"https:\/\/www.moyenagepassion.com\/wp-content\/uploads\/2016\/04\/enluminures_graduel_alienor_Fontevrault_chants_gregorien_sacres_moyen-age-268x300.jpg 268w, https:\/\/www.moyenagepassion.com\/wp-content\/uploads\/2016\/04\/enluminures_graduel_alienor_Fontevrault_chants_gregorien_sacres_moyen-age.jpg 301w\" sizes=\"(max-width: 154px) 100vw, 154px\" \/><\/a>Sujet :\u00a0<\/strong>Graduel de Fontevrault, chants liturgiques, musique m\u00e9di\u00e9vale<br \/>\n<strong>P\u00e9riode :<\/strong> \u00a0XIIIe, moyen-\u00e2ge central<br \/>\n<strong>Conserv\u00e9 \u00e0 :<\/strong> Biblioth\u00e8que de Limoges<br \/>\n<strong>Type :<\/strong>\u00a0chants polyphoniques et gr\u00e9goriens.<br \/>\n<strong>Titre:<\/strong> \u00ab\u00a0Kyrie: Orbis factor\u00a0\u00bb<br \/>\n<strong>Interpr\u00e8tes:<\/strong> Ensemble Organum<br \/>\n<strong>Album:<\/strong> \u00ab\u00a0Le chant de la M\u00e9moire\u00a0\u00bb<\/p>\n<p><code><iframe src=\"https:\/\/www.youtube.com\/embed\/xmkhk9Z8Lu4\" width=\"420\" height=\"315\" frameborder=\"0\" allowfullscreen=\"allowfullscreen\"><\/iframe><\/code><\/p>\n<h2>Un Codex exceptionnel du XIIIe si\u00e8cle<\/h2>\n<p style=\"text-align: justify;\"><img decoding=\"async\" class=\"alignleft size-full wp-image-59\" src=\"https:\/\/www.moyenagepassion.com\/wp-content\/uploads\/2015\/12\/A_lettrine_moyen_age_passion.jpg\" alt=\"A_lettrine_moyen_age_passion\" width=\"84\" height=\"103\" \/>ujourd&rsquo;hui, nous publions un\u00a0chant gr\u00e9gorien qui a donn\u00e9 des frissons \u00e0 plus d&rsquo;un. Il est tir\u00e9 d&rsquo;un ouvrage m\u00e9di\u00e9val : \u00a0le\u00a0Graduel de Fontevrault. C&rsquo;est un codex de plus de trois cent feuillets qui est,\u00a0<img decoding=\"async\" class=\"alignright wp-image-3076 \" src=\"https:\/\/www.moyenagepassion.com\/wp-content\/uploads\/2016\/04\/enluminures_graduel_alienor_Fontevrault_chants_gregorien_sacres_monde_medieval-229x1024.jpg\" alt=\"enluminures_graduel_alienor_Fontevrault_chants_gregorien_sacres_monde_medieval\" width=\"110\" height=\"492\" srcset=\"https:\/\/www.moyenagepassion.com\/wp-content\/uploads\/2016\/04\/enluminures_graduel_alienor_Fontevrault_chants_gregorien_sacres_monde_medieval-229x1024.jpg 229w, https:\/\/www.moyenagepassion.com\/wp-content\/uploads\/2016\/04\/enluminures_graduel_alienor_Fontevrault_chants_gregorien_sacres_monde_medieval-67x300.jpg 67w, https:\/\/www.moyenagepassion.com\/wp-content\/uploads\/2016\/04\/enluminures_graduel_alienor_Fontevrault_chants_gregorien_sacres_monde_medieval-343x1536.jpg 343w, https:\/\/www.moyenagepassion.com\/wp-content\/uploads\/2016\/04\/enluminures_graduel_alienor_Fontevrault_chants_gregorien_sacres_monde_medieval.jpg 438w\" sizes=\"(max-width: 110px) 100vw, 110px\" \/>comme tous les graduels, un livre de chant de messes et un guide pour les messes au quotidien sur une ann\u00e9e enti\u00e8re. La copie de l&rsquo;ouvrage\u00a0date du XIIIe si\u00e8cle mais il aurait \u00e9t\u00e9 l\u00e9gu\u00e9 au XIVe si\u00e8cle \u00e0 l&rsquo;\u00e9glise de Saint-Junien, situ\u00e9e dans la Haute Vienne (Limousin)\u00a0et\u00a0se trouve maintenant conserv\u00e9 \u00e0 la biblioth\u00e8que de Limoges.<\/p>\n<p style=\"text-align: justify;\">Par son contenu iconographique et musical unique, \u00a0ce codex reste, encore \u00e0 ce jour, une source exceptionnelle pour l&rsquo;\u00e9tude de la pratique liturgique et des chants gr\u00e9goriens du moyen-\u00e2ge central.\u00a0Il est encore connu sous le nom de Graduel d&rsquo;Alienor de Bretagne du nom de l&rsquo;abbesse de Fontevrault (1302-1342) dont le blason figurait sur la tranche de l&rsquo;ouvrage. Les \u00e9tudes ont toutefois permis de montrer depuis que le codex avait \u00e9t\u00e9 copi\u00e9 autour du milieu du XIIIe si\u00e8cle dans un atelier de Paris.<\/p>\n<h2 style=\"text-align: justify;\">Consulter l&rsquo;ouvrage en ligne<\/h2>\n<p style=\"text-align: justify;\"><img decoding=\"async\" class=\"alignleft size-full wp-image-153\" src=\"https:\/\/www.moyenagepassion.com\/wp-content\/uploads\/2015\/12\/L_lettrine_moyen_age_passion.jpg\" alt=\"L_lettrine_moyen_age_passion\" width=\"84\" height=\"103\" \/>a biblioth\u00e8que municipale de Limoges nous a fait la gr\u00e2ce de l&rsquo;avoir mis en ligne afin que nous puissions appr\u00e9cier la qualit\u00e9 de sa conservation autant que l&rsquo;iconographie de ce manuscrit et pour ceux qui savent lire la musique \u00a0pouvoir la d\u00e9crypter. En voici les liens :<\/p>\n<p><a href=\"http:\/\/www.bm-limoges.fr\/graduel\/ms\/index.html\" target=\"_blank\" rel=\"noopener noreferrer\"><img decoding=\"async\" class=\"alignnone wp-image-3069 size-full\" src=\"https:\/\/www.moyenagepassion.com\/wp-content\/uploads\/2016\/04\/Graduel_de_Fontevrault_chants_sacres_monde_medieval_moyen-age_central.jpg\" alt=\"Graduel_de_Fontevrault_chants_sacres_monde_medieval_moyen-age_central\" width=\"496\" height=\"377\" srcset=\"https:\/\/www.moyenagepassion.com\/wp-content\/uploads\/2016\/04\/Graduel_de_Fontevrault_chants_sacres_monde_medieval_moyen-age_central.jpg 496w, https:\/\/www.moyenagepassion.com\/wp-content\/uploads\/2016\/04\/Graduel_de_Fontevrault_chants_sacres_monde_medieval_moyen-age_central-300x228.jpg 300w\" sizes=\"(max-width: 496px) 100vw, 496px\" \/><\/a><\/p>\n<p style=\"text-align: center;\"><a href=\"http:\/\/www.bm-limoges.fr\/graduel\/ms\/index.html\" target=\"_blank\" rel=\"noopener noreferrer\">http:\/\/www.bm-limoges.fr\/graduel\/ms\/index.html<\/a><\/p>\n<h2>L&rsquo;ensemble \u00ab\u00a0Organum\u00a0\u00bb,<br \/>\n\u00e0 la recherche des musiques anciennes<\/h2>\n<p><strong><em><span style=\"color: #008000;\">\u00ab\u00a0Il ne s\u2019agit pas seulement de prendre une partition et de la jouer, il faut comprendre aussi le monde auquel cette musique fait r\u00e9f\u00e9rence\u00a0\u00bb<\/span><br \/>\n<\/em>Marcel P\u00e9r\u00e8s<\/strong>\u00a0 &#8211;\u00a0 <em>Le chant de la m\u00e9moire<\/em><\/p>\n<p style=\"text-align: justify;\">Sous la f\u00e9rule de Marcel P\u00e9r\u00e8s, l&rsquo;ensemble Organum , qui interpr\u00e8te ce chant gr\u00e9gorien ici, fait partie de ces groupes qui sont \u00e0 la fois en qu\u00eate de musique et d&rsquo;histoire. Depuis 30 ans, ils fouillent, cherchent, s&rsquo;interrogent et finalement livrent au public autant leur interpr\u00e9tation que le fruit de leurs recherches artistiques sur l&rsquo;histoire des musiques anciennes et \u00e0 travers elle, sur l&rsquo;art et le sacr\u00e9. C&rsquo;est un long travail, ambitieux et patient, celui d&rsquo;artistes anim\u00e9s par\u00a0 la passion de tenter de \u00ab\u00a0<span style=\"color: #008000;\"><em><strong>reconstruire l&rsquo;histoire du chant sacr\u00e9<\/strong><\/em><\/span>\u00ab\u00a0, comme ils le disent eux-m\u00eame,\u00a0Pour en savoir plus et\u00a0mesurer toute leur ambition dans ce champ des musiques anciennes et sacr\u00e9es, autant que pour en savoir plus sur leurs concerts, leurs productions<img decoding=\"async\" class=\"alignright wp-image-3078 \" src=\"https:\/\/www.moyenagepassion.com\/wp-content\/uploads\/2016\/04\/ensemble_organum_musiques_anciennes_chant_sacre_graduel_alienor_Fontevrault-300x222.jpg\" alt=\"ensemble_organum_musiques_anciennes_chant_sacre_graduel_alienor_Fontevrault\" width=\"229\" height=\"170\" srcset=\"https:\/\/www.moyenagepassion.com\/wp-content\/uploads\/2016\/04\/ensemble_organum_musiques_anciennes_chant_sacre_graduel_alienor_Fontevrault-300x222.jpg 300w, https:\/\/www.moyenagepassion.com\/wp-content\/uploads\/2016\/04\/ensemble_organum_musiques_anciennes_chant_sacre_graduel_alienor_Fontevrault.jpg 599w\" sizes=\"(max-width: 229px) 100vw, 229px\" \/>\u00a0et les encourager, je vous invite \u00e0 visiter leur site web qui se trouve ici: : <a href=\"http:\/\/organumcirma.com\/\" target=\"_blank\" rel=\"noopener noreferrer\">organumcirma.com<\/a><\/p>\n<p style=\"text-align: justify;\">Pour le reste, le myst\u00e8re d&rsquo;une musique qui vous touche ou ne vous touche point, quelque soit son origine, son \u00e9poque, les croyances qui la font na\u00eetre o\u00f9 les instruments dont elle use, \u00a0reste et restera toujours entier. Il ne me semble pas en tout cas qu&rsquo;il faille n\u00e9cessairement \u00eatre\u00a0chr\u00e9tien, ni m\u00eame peut-\u00eatre croyant, pour se laisser transporter par ce chant gr\u00e9gorien et par son interpr\u00e9tation par les tr\u00e8s belles voix de l&rsquo;ensemble Organum.<\/p>\n<h2>Le Kirie \u00ab\u00a0Orbis factor\u00a0\u00bb<\/h2>\n<p style=\"text-align: justify;\">Du point de vue de son contenu, le Orbis Factor est \u00a0une pri\u00e8re appelant la mis\u00e9ricorde divine et la lumi\u00e8re christique. Comme toutes les litanies religieuses, qu&rsquo;elles soient chr\u00e9tiennes, juives, musulmanes, bouddhistes, etc, etc, les paroles de cet orbis factor font appel \u00e0 la r\u00e9p\u00e9tition, en l&rsquo;occurrence ici \u00ab\u00a0eleison\u00a0\u00bb \u00a0(Kirie Eleison : \u00ab\u00a0Seigneur aie piti\u00e9\u00a0\u00bb) qui traduit l&rsquo;insistance dans l&rsquo;\u00e9vocation. Il y a sans nul doute \u00e9galement dans la force vibratoire m\u00eame du chant et de cette<img decoding=\"async\" class=\"alignright wp-image-3083\" src=\"https:\/\/www.moyenagepassion.com\/wp-content\/uploads\/2016\/04\/Graduel_de_Fontevrault_chants_sacres_musique_medieval_moyen-age_central.jpg\" alt=\"Graduel_de_Fontevrault_chants_sacres_musique_medieval_moyen-age_central\" width=\"134\" height=\"240\" srcset=\"https:\/\/www.moyenagepassion.com\/wp-content\/uploads\/2016\/04\/Graduel_de_Fontevrault_chants_sacres_musique_medieval_moyen-age_central.jpg 253w, https:\/\/www.moyenagepassion.com\/wp-content\/uploads\/2016\/04\/Graduel_de_Fontevrault_chants_sacres_musique_medieval_moyen-age_central-167x300.jpg 167w\" sizes=\"(max-width: 134px) 100vw, 134px\" \/> r\u00e9p\u00e9tition, la recherche d&rsquo;une \u00e9l\u00e9vation comme d&rsquo;une purification.\u00a0C&rsquo;est une technique\u00a0que les indiens et les bouddhistes connaissent bien aussi et pratiquent \u00e0 travers le \u00ab\u00a0mantra\u00a0\u00bb.<\/p>\n<p><span style=\"color: #008000;\"><strong><em>Orbis factor rex aeterne, eleison<\/em><\/strong><\/span><br \/>\n<span style=\"color: #008000;\"><strong><em> Pietatis fons immense, eleison<\/em><\/strong><\/span><br \/>\n<span style=\"color: #008000;\"><strong><em> Noxas omnes nostras pelle, eleison<\/em><\/strong><\/span><br \/>\n<span style=\"color: #008000;\"><strong><em> Christe qui lux es mundi dator vitae, eleison<\/em><\/strong><\/span><br \/>\n<span style=\"color: #008000;\"><strong><em> Arte laesos daemonis intuere, eleison<\/em><\/strong><\/span><br \/>\n<span style=\"color: #008000;\"><strong><em> Conservans te credentes confirmansque, eleison<\/em><\/strong><\/span><br \/>\n<span style=\"color: #008000;\"><strong><em> Patrem tuum teque flamen utrorumque, eleison<\/em><\/strong><\/span><br \/>\n<span style=\"color: #008000;\"><strong><em> Deum scimus unum atque trinum esse, eleison<\/em><\/strong><\/span><br \/>\n<span style=\"color: #008000;\"><strong><em> Clemens nobis adsis paraclite ut vivamus in te, eleison.<\/em><\/strong><\/span><\/p>\n<p>Une belle journ\u00e9e \u00e0 vous!<br \/>\nFred<br \/>\nPour moyenagepassion.com<br \/>\n<em><strong>\u00ab\u00a0A la recherche du monde m\u00e9di\u00e9val sous toutes ses formes\u00a0\u00bb<\/strong><\/em><\/p>\n","protected":false},"excerpt":{"rendered":"<p>Sujet :\u00a0Graduel de Fontevrault, chants liturgiques, musique m\u00e9di\u00e9vale P\u00e9riode : \u00a0XIIIe, moyen-\u00e2ge central Conserv\u00e9 \u00e0 : Biblioth\u00e8que de Limoges Type :\u00a0chants polyphoniques et gr\u00e9goriens. Titre: \u00ab\u00a0Kyrie: Orbis factor\u00a0\u00bb Interpr\u00e8tes: Ensemble Organum Album: \u00ab\u00a0Le chant de la M\u00e9moire\u00a0\u00bb Un Codex exceptionnel du XIIIe si\u00e8cle ujourd&rsquo;hui, nous publions un\u00a0chant gr\u00e9gorien qui a donn\u00e9 des frissons \u00e0 plus &hellip; <a href=\"https:\/\/www.moyenagepassion.com\/index.php\/2016\/04\/01\/orbis-factor-tire-du-graduel-de-fontevrault-dit-graduel-d-alienor-de-bretagne\/\" class=\"more-link\">Continuer la lecture de <span class=\"screen-reader-text\">Orbis factor, un chant gr\u00e9gorien tir\u00e9 du Graduel de Fontevrault et interpr\u00e9t\u00e9 par l&rsquo;ensemble organum<\/span>  <span class=\"meta-nav\">&rarr;<\/span><\/a><\/p>\n","protected":false},"author":2,"featured_media":0,"comment_status":"open","ping_status":"open","sticky":false,"template":"","format":"standard","meta":{"_monsterinsights_skip_tracking":false,"_monsterinsights_sitenote_active":false,"_monsterinsights_sitenote_note":"","_monsterinsights_sitenote_category":0,"footnotes":""},"categories":[9,3],"tags":[881,875,879,882,874,156,880,871,885,876,877,872,884,870,22,182,18,85,78,79,878,883,873],"class_list":["post-3040","post","type-post","status-publish","format-standard","hentry","category-musique-medieval-historique-fantaisie-celtique","category-livre-moyen-age-medieval-fantaisie","tag-alienor-de-bretagne","tag-chant-gregorien","tag-chant-sacre","tag-chants-de-messe","tag-chants-liturgiques","tag-chretien","tag-codex","tag-ensemble-organum","tag-fontevrault","tag-graduel-dalienor-de-bretagne","tag-graduel-de-fontevault","tag-kirie","tag-kirie-eleison","tag-marcel-peres","tag-medievale","tag-monde-medieval","tag-moyen-age","tag-moyen-age-central","tag-musique","tag-musique-medievale","tag-musique-sacre","tag-musiques-anciennes","tag-orbis-factor"],"aioseo_notices":[],"_links":{"self":[{"href":"https:\/\/www.moyenagepassion.com\/index.php\/wp-json\/wp\/v2\/posts\/3040"}],"collection":[{"href":"https:\/\/www.moyenagepassion.com\/index.php\/wp-json\/wp\/v2\/posts"}],"about":[{"href":"https:\/\/www.moyenagepassion.com\/index.php\/wp-json\/wp\/v2\/types\/post"}],"author":[{"embeddable":true,"href":"https:\/\/www.moyenagepassion.com\/index.php\/wp-json\/wp\/v2\/users\/2"}],"replies":[{"embeddable":true,"href":"https:\/\/www.moyenagepassion.com\/index.php\/wp-json\/wp\/v2\/comments?post=3040"}],"version-history":[{"count":1,"href":"https:\/\/www.moyenagepassion.com\/index.php\/wp-json\/wp\/v2\/posts\/3040\/revisions"}],"predecessor-version":[{"id":34599,"href":"https:\/\/www.moyenagepassion.com\/index.php\/wp-json\/wp\/v2\/posts\/3040\/revisions\/34599"}],"wp:attachment":[{"href":"https:\/\/www.moyenagepassion.com\/index.php\/wp-json\/wp\/v2\/media?parent=3040"}],"wp:term":[{"taxonomy":"category","embeddable":true,"href":"https:\/\/www.moyenagepassion.com\/index.php\/wp-json\/wp\/v2\/categories?post=3040"},{"taxonomy":"post_tag","embeddable":true,"href":"https:\/\/www.moyenagepassion.com\/index.php\/wp-json\/wp\/v2\/tags?post=3040"}],"curies":[{"name":"wp","href":"https:\/\/api.w.org\/{rel}","templated":true}]}}