{"id":30462,"date":"2020-05-10T21:08:30","date_gmt":"2020-05-10T20:08:30","guid":{"rendered":"https:\/\/www.moyenagepassion.com\/?p=30462"},"modified":"2022-05-30T23:04:32","modified_gmt":"2022-05-30T22:04:32","slug":"conference-la-legende-noire-de-linquisition-medievale-avec-laurent-albaret","status":"publish","type":"post","link":"https:\/\/www.moyenagepassion.com\/index.php\/2020\/05\/10\/conference-la-legende-noire-de-linquisition-medievale-avec-laurent-albaret\/","title":{"rendered":"Conf\u00e9rence : la l\u00e9gende noire de l&rsquo;inquisition m\u00e9di\u00e9vale avec Laurent Albaret"},"content":{"rendered":"<div id=\"moyen-2176479408\" class=\"moyen-before-content moyen-entity-placement\"><script async src=\"\/\/pagead2.googlesyndication.com\/pagead\/js\/adsbygoogle.js?client=ca-pub-3035390706780632\" crossorigin=\"anonymous\"><\/script><ins class=\"adsbygoogle\" style=\"display:block;\" data-ad-client=\"ca-pub-3035390706780632\" \ndata-ad-slot=\"\" \ndata-ad-format=\"auto\"><\/ins>\n<script> \n(adsbygoogle = window.adsbygoogle || []).push({}); \n<\/script>\n<\/div><p><strong><a href=\"https:\/\/www.moyenagepassion.com\/wp-content\/uploads\/2020\/05\/video_conference_histoire_medievale_ecole_nationale_des_chartes-s.jpg\"><img decoding=\"async\" class=\"alignleft wp-image-30605 size-full\" src=\"https:\/\/www.moyenagepassion.com\/wp-content\/uploads\/2020\/05\/video_conference_histoire_medievale_ecole_nationale_des_chartes-s.jpg\" alt=\"\" width=\"80\" height=\"144\" \/><\/a>Sujet :<\/strong>\u00a0 \u00a0inquisition, l\u00e9gende noire, id\u00e9es re\u00e7ues, d\u00e9finition. monde m\u00e9di\u00e9val, Languedoc,\u00a0 \u00a0Provence<br \/>\n<strong>P\u00e9riode<\/strong>\u00a0: moyen-\u00e2ge central,\u00a0 XIIIe et XIVe si\u00e8cle<br \/>\n<strong>M\u00e9dia \u00a0<\/strong>: vid\u00e9o-conf\u00e9rence, livres.<br \/>\n<strong>Titre<\/strong>\u00a0:\u00a0 \u00a0<em><strong>L&rsquo;inquisition m\u00e9di\u00e9vale<\/strong><\/em><br \/>\n<strong>Conf\u00e9rencier<\/strong>\u00a0:\u00a0 Laurent Albaret,\u00a0 \u00a0 historien m\u00e9di\u00e9viste<br \/>\n<strong>Lieu<\/strong>\u00a0 :\u00a0 \u00a0<a href=\"http:\/\/www.enc-sorbonne.fr\/\" target=\"_blank\" rel=\"noopener noreferrer\">Ecole nationale des chartes\u00a0<\/a>\u00a0 (2019)<\/p>\n<p>Bonjour \u00e0 tous,<\/p>\n<p style=\"text-align: justify;\"><a href=\"https:\/\/www.moyenagepassion.com\/wp-content\/uploads\/2018\/10\/S_lettrine_moyen_age_passion.jpg\"><img decoding=\"async\" class=\"alignleft size-full wp-image-23904\" src=\"https:\/\/www.moyenagepassion.com\/wp-content\/uploads\/2018\/10\/S_lettrine_moyen_age_passion.jpg\" alt=\"S_lettrine_moyen_age_passion\" width=\"84\" height=\"103\" \/><\/a>&lsquo;il y a bien une chose \u00e0 laquelle l&rsquo;imaginaire populaire li\u00e9 au moyen-\u00e2ge aime \u00e0 s&rsquo;accrocher, c&rsquo;est cette vision d&rsquo;une p\u00e9riode m\u00e9di\u00e9vale peupl\u00e9e de b\u00fbchers, sur lesquels quelques fr\u00e8res dominicains fanatis\u00e9s, grillent, \u00e0 tour de bras et apr\u00e8s force tortures, d&rsquo;ing\u00e9nus contradicteurs : du bonhomme cathare au gu\u00e9risseur de campagne, jusqu&rsquo;\u00e0 une pauvre marginale d\u00e9nonc\u00e9e par son voisin comme suspecte de commerce avec le diable.<\/p>\n<p style=\"text-align: justify;\">Dans cette construction\/reconstitution, aussi effrayante que spectaculaire, l&rsquo;apparition\u00a0 d&rsquo;un <strong>Bernard Gui<\/strong>,\u00a0<strong>\u00a0 <\/strong>glac\u00e9 et\u00a0 sanguinaire, tout droit\u00a0 sorti\u00a0 du film\u00a0 <em>Le\u00a0\u00a0<\/em>\u00a0<em>Nom de la Rose (\u00a0<\/em>r\u00e9alis\u00e9 par\u00a0 <strong>Jean-Jacques Annaud<\/strong>\u00a0sur la base du roman d&rsquo;<strong>Umberto Eco)<\/strong>\u00a0tomberait \u00e0 point nomm\u00e9. Pour un peu, elle cristalliserait m\u00eame tr\u00e8s exactement (tout en l&rsquo;alimentant),\u00a0 une\u00a0 \u00ab\u00a0l\u00e9gende noire de l&rsquo;inquisition\u00a0\u00bb qui\u00a0 se tenait, depuis longtemps, cach\u00e9e dans les replis\u00a0 de notre imaginaire et qui ne demandait qu&rsquo;\u00e0 en sortir.<\/p>\n<p style=\"text-align: justify;\"><a href=\"https:\/\/www.moyenagepassion.com\/wp-content\/uploads\/2020\/05\/inquisition-medievale-conference-histoire-moyen-age-legende-noire-bernard-gui.jpg\"><img decoding=\"async\" class=\"aligncenter wp-image-30503 size-full\" src=\"https:\/\/www.moyenagepassion.com\/wp-content\/uploads\/2020\/05\/inquisition-medievale-conference-histoire-moyen-age-legende-noire-bernard-gui.jpg\" alt=\"inquisition-medievale-conference-histoire-moyen-age-legende-noire-bernard-gui\" width=\"617\" height=\"363\" srcset=\"https:\/\/www.moyenagepassion.com\/wp-content\/uploads\/2020\/05\/inquisition-medievale-conference-histoire-moyen-age-legende-noire-bernard-gui.jpg 617w, https:\/\/www.moyenagepassion.com\/wp-content\/uploads\/2020\/05\/inquisition-medievale-conference-histoire-moyen-age-legende-noire-bernard-gui-300x176.jpg 300w\" sizes=\"(max-width: 617px) 100vw, 617px\" \/><\/a><\/p>\n<h2>M\u00e9thode historique\u00a0 vs\u00a0 \u00a0\u00a0sensationnalisme<\/h2>\n<p style=\"text-align: justify;\"><span style=\"font-size: 16px; font-weight: 400;\">Pour faire un peu le tri dans tout cela, plusieurs historiens m\u00e9di\u00e9vistes se sont pench\u00e9s,\u00a0jusqu&rsquo;\u00e0 r\u00e9cemment, sur le sujet de l&rsquo;inquisition et des h\u00e9r\u00e9sies m\u00e9di\u00e9vales.\u00a0 Ils\u00a0 l&rsquo;ont fait avec beaucoup de m\u00e9thode et de s\u00e9rieux et nous avons d\u00e9j\u00e0 eu l&rsquo;occasion d&rsquo;\u00e9voquer quelques-uns d&rsquo;entre eux ici :\u00a0<\/span><a style=\"font-size: 16px; font-weight: 400;\" href=\"https:\/\/www.moyenagepassion.com\/index.php\/2017\/03\/26\/vers-une-historiographie-de-lheresie-avec-lhistorien-medieviste-andre-vauchez\/\" target=\"_blank\" rel=\"noopener noreferrer\">Andre Vauchez et son histoire des h\u00e9r\u00e9sies m\u00e9di\u00e9vales<\/a><span style=\"font-size: 16px; font-weight: 400;\">\u00a0(2014) ou encore <strong>Jean-Louis Biget\u00a0<\/strong> avec son\u00a0 \u00a0<\/span><em style=\"font-size: 16px; font-weight: 400;\">H\u00e9r\u00e9sie et inquisition dans le midi de la France <\/em>(2007)<span style=\"font-size: 16px; font-weight: 400;\">.\u00a0 \u00a0\u00a0<\/span><span style=\"font-size: 16px; font-weight: 400;\">Aujourd&rsquo;hui et pour le dire trivialement, c&rsquo;est au tour de\u00a0 <\/span><strong style=\"font-size: 16px;\">Laurent Albaret\u00a0<\/strong><span style=\"font-size: 16px; font-weight: 400;\">\u00a0 de s&rsquo;y coller.\u00a0 Cet historien,\u00a0 actif dans de nombreux domaines, a \u00e9galement fait de l&rsquo;inquisition un de ses sujets de recherche, notamment celle des XIIIe et XIVe si\u00e8cles en Languedoc et dans le midi de la France.\u00a0 \u00a0Ainsi, en septembre 2019, il \u00e9tait accueilli dans le cadre prestigieux de l&rsquo;<\/span><strong style=\"font-size: 16px;\">Ecole Nationale des Chartes<\/strong><span style=\"font-size: 16px; font-weight: 400;\"> pour y donner une conf\u00e9rence sur ce th\u00e8me que nous avons le plaisir\u00a0 de partager, plus bas dans cet article.<\/span><\/p>\n<h3>Des documents et des faits<\/h3>\n<p style=\"text-align: justify;\"><img decoding=\"async\" class=\"alignright wp-image-8222\" src=\"https:\/\/www.moyenagepassion.com\/wp-content\/uploads\/2016\/11\/deco_cathare_monde_medieval_moyen-age_croisade_albigeois_inquisition_histoire_feodal_languedoc.jpg\" alt=\"deco_cathare_monde_medieval_moyen-age_croisade_albigeois_inquisition_histoire_feodal_languedoc\" width=\"80\" height=\"418\" \/>Pour autant qu&rsquo;il soit devenu presque banal de\u00a0 charger l&rsquo;Eglise\u00a0 catholique romaine\u00a0 \u00e0 tout propos,\u00a0 sur le sujet de l&rsquo;inquisition au moyen-\u00e2ge,\u00a0 \u00a0il\u00a0 faut s&rsquo;atteler \u00e0 d\u00e9tricoter certaines id\u00e9es re\u00e7ues pour r\u00e9tablir un semblant d&rsquo;objectivit\u00e9.\u00a0 Cela tombe bien puisque, la conf\u00e9rence du jour se propose justement de r\u00e9introduire des \u00e9l\u00e9ments factuels sur ce terrain conquis de longue date par un imaginaire d\u00e9bordant. Bien s\u00fbr, \u00e0 travers cela, il s&rsquo;agira aussi de rendre justice \u00e0 l&rsquo;Histoire. A l&rsquo;attention de ceux qui, pour des biais id\u00e9ologiques ou des croyances personnelles, pourraient \u00eatre tent\u00e9s d&rsquo;y voir une fa\u00e7on de \u00ab\u00a0trouver des justifications\u00a0\u00bb ou de \u00ab\u00a0fournir des excuses\u00a0\u00bb\u00a0 aux proc\u00e9d\u00e9s questionn\u00e9s, la m\u00e9thodologie historique n&rsquo;aura\u00a0 \u00a0qu&rsquo;une chose \u00e0 opposer : le principe de r\u00e9alit\u00e9, la froideur des\u00a0 chiffres et des faits, et,\u00a0 plus que tout cela encore, des r\u00e9serves prudentes \u00e0 l&rsquo;\u00e9gard de tout jugement.<\/p>\n<p style=\"text-align: justify;\">Une fois le\u00a0 tableau\u00a0 restaur\u00e9, si l&rsquo;inquisition m\u00e9di\u00e9vale et les acteurs impliqu\u00e9s s&rsquo;en tirent plut\u00f4t plus favorablement, dans leurs m\u00e9thodes et leurs statistiques, que l&rsquo;imagerie populaire et litt\u00e9raire moderne ne l&rsquo;avaient jusque l\u00e0 supput\u00e9, c&rsquo;est simplement que les historiens (celui du jour et d&rsquo;autres avant lui), ont fait parler les sources manuscrites d&rsquo;\u00e9poque : soit, principalement, les documents juridiques issus des tribunaux inquisitoriaux, avec leurs minutes, leurs sanctions, leurs relaxes et leurs chiffres.<\/p>\n<figure id=\"attachment_30507\" aria-describedby=\"caption-attachment-30507\" style=\"width: 650px\" class=\"wp-caption alignnone\"><a href=\"https:\/\/www.moyenagepassion.com\/wp-content\/uploads\/2020\/05\/ms-0609-toulouse-manuscrit-medieval-tribunaux-inquisition-languedoc-moyen-age.jpg\" target=\"_blank\" rel=\"noopener noreferrer\"><img decoding=\"async\" class=\"wp-image-30507 size-full\" src=\"https:\/\/www.moyenagepassion.com\/wp-content\/uploads\/2020\/05\/ms-0609-toulouse-manuscrit-medieval-tribunaux-inquisition-languedoc-moyen-age_s.jpg\" alt=\"ms-0609-manuscrit-medieval-tribunaux-inquisition-languedoc-moyen-age\" width=\"650\" height=\"514\" srcset=\"https:\/\/www.moyenagepassion.com\/wp-content\/uploads\/2020\/05\/ms-0609-toulouse-manuscrit-medieval-tribunaux-inquisition-languedoc-moyen-age_s.jpg 650w, https:\/\/www.moyenagepassion.com\/wp-content\/uploads\/2020\/05\/ms-0609-toulouse-manuscrit-medieval-tribunaux-inquisition-languedoc-moyen-age_s-300x237.jpg 300w\" sizes=\"(max-width: 650px) 100vw, 650px\" \/><\/a><figcaption id=\"caption-attachment-30507\" class=\"wp-caption-text\">Ms 0609, Registrum inquisitorum Tholosanorum (1245-1253) Biblioth\u00e8que municipale de Toulouse &#8211; <a href=\"https:\/\/bvmm.irht.cnrs.fr\/consult\/consult.php?reproductionId=620\" target=\"_blank\" rel=\"noopener noreferrer\">Biblioth\u00e8que Virtuelle des manuscrits m\u00e9di\u00e9vaux CNRS<\/a><\/figcaption><\/figure>\n<h3 style=\"text-align: justify;\">Une \u00ab\u00a0l\u00e9gende noire\u00a0\u00bb pour des \u00ab\u00a0Dark Ages\u00a0\u00bb<\/h3>\n<p style=\"text-align: justify;\">Pour le reste, pas plus que <strong>Laurent Albaret<\/strong> ne le fait dans cette conf\u00e9rence, nous n&rsquo;allons pr\u00e9tendre d\u00e9cortiquer, ici, les raisons complexes (historiques, id\u00e9ologiques, litt\u00e9raires, &#8230;) ayant favoris\u00e9\u00a0 la promotion (sensationnaliste) d&rsquo;une inquisition m\u00e9di\u00e9vale essentiellement\u00a0 aveugle et massivement \u00ab\u00a0meurtricide\u00a0\u00bb, au point de forger \u00e0 son \u00e9gard, ce que l&rsquo;on a pu quelquefois appeler \u00ab\u00a0une l\u00e9gende noire\u00a0\u00bb.<\/p>\n<p style=\"text-align: justify;\"><img decoding=\"async\" class=\"wp-image-8222 alignleft\" src=\"https:\/\/www.moyenagepassion.com\/wp-content\/uploads\/2016\/11\/deco_cathare_monde_medieval_moyen-age_croisade_albigeois_inquisition_histoire_feodal_languedoc.jpg\" alt=\"deco_cathare_monde_medieval_moyen-age_croisade_albigeois_inquisition_histoire_feodal_languedoc\" width=\"80\" height=\"418\" \/>Sans entrer dans le d\u00e9tail, on pourrait s&rsquo;en tirer avec une g\u00e9n\u00e9ralit\u00e9. A l&rsquo;image de la notion anglaise de \u00ab\u00a0Dark Ages\u00a0\u00bb, un voile\u00a0 noir \u00e0 \u00e9t\u00e9 jet\u00e9 sur les 1000 ans du moyen-\u00e2ge propice \u00e0\u00a0 bien des fantasmes et des instrumentalisations : plus sales, plus m\u00e9chants, plus ignorants, plus barbares, plus fanatiques,\u00a0 plus injustes\u00a0 et, finalement, moins \u00ab\u00a0civilis\u00e9s\u00a0\u00bb. Notre\u00a0 belle modernit\u00e9 rationaliste, mat\u00e9rialiste et progressiste brille de mille feux en comparaison de cette ombre tremblante, peupl\u00e9e de\u00a0 tristes fant\u00f4mes, que nous avons form\u00e9e\u00a0 au sujet des temps m\u00e9di\u00e9vaux. Gr\u00e2ce \u00e0 elle, nous pouvons occulter, un peu plus ais\u00e9ment,\u00a0 le fait que ce si\u00e8cle et le pr\u00e9c\u00e9dent ont emport\u00e9 dans leur barbarie, des dizaines de millions d&rsquo;hommes, de femmes et d&rsquo;enfants pour des raisons g\u00e9o-politiques, \u00e9conomiques, religieuses m\u00eame, et\u00a0 souvent, tr\u00e8s cyniquement pour des vis\u00e9es d&rsquo;appropriation.<\/p>\n<p style=\"text-align: justify;\">Sur le sujet de l&rsquo;inquisition m\u00e9di\u00e9vale, si, \u00e0 bien des \u00e9gards, les morts \u00a0\u00e0 compter pourront toujours nous sembler de trop, remis dans leur contexte, les chiffres sont tr\u00e8s loin d&rsquo;\u00e9galer d&rsquo;autres massacres perp\u00e9tr\u00e9s dans l&rsquo;histoire. Quant \u00e0 l&rsquo;arbitraire et la barbarie suppos\u00e9s des m\u00e9thodes et des sanctions, jusqu&rsquo;\u00e0\u00a0 ce jour\u00a0 et en accord avec l&rsquo;historiographie\u00a0 r\u00e9cente, l&rsquo;examen des faits et des statistiques semble plaider en leur d\u00e9faveur.<\/p>\n<h3 style=\"text-align: justify;\">Des confusions \u00ab\u00a0classiques\u00a0\u00bb<\/h3>\n<p style=\"text-align: justify;\">Pour finir cette introduction\u00a0 sur\u00a0 les repr\u00e9sentations autour de l&rsquo;inquisition m\u00e9di\u00e9vale, notons que de nombreuses choses sont venues s&rsquo;y m\u00ealer dans une sorte de confusion g\u00e9n\u00e9rale : 1\/ Les p\u00e9riodes\u00a0 : l&rsquo;inquisition du moyen-\u00e2ge n&rsquo;est pas celle des si\u00e8cles suivants,\u00a0 2\/\u00a0Les \u00ab\u00a0justices\u00a0\u00bb et les tribunaux concern\u00e9s :\u00a0 les tribunaux inquisitoriaux et le\u00a0 bras s\u00e9culier (justice royale, seigneurial, civile, politique) sont deux choses diff\u00e9rentes. Les enjeux politiques et \u00e9conomiques sont souvent \u00e0 d\u00e9m\u00ealer (proc\u00e8s des templiers, m\u00e9andres de l&rsquo;affaire Gille de Rais, etc&#8230;) 3\/ Il faut encore dissiper les confusions qui planent entre l&rsquo;histoire de l&rsquo;inquisition fran\u00e7aise des XIIIe et XIVe si\u00e8cles et celle de l&rsquo;inquisition espagnole de la fin du XVe si\u00e8cle.<\/p>\n<p style=\"text-align: justify;\">Enfin, il faut aussi le comprendre, bien souvent, c&rsquo;est l&rsquo;ignorance qui nous fait \u00ab\u00a0tout mettre dans le m\u00eame sac\u00a0\u00bb, comme on le dit l&rsquo;expression populaire. Quand on s&rsquo;approche avec s\u00e9rieux et\u00a0 \u00a0m\u00e9thode de la r\u00e9alit\u00e9, en g\u00e9n\u00e9ral, les\u00a0 visions grossi\u00e8res et sans nuance fondent comme neige au soleil. Demandez-le \u00e0 quiconque est engag\u00e9 dans des recherches\u00a0 de haut vol.\u00a0\u00a0Quelque soit sa mati\u00e8re scientifique, la premi\u00e8re chose qu&rsquo;il fera est de border tr\u00e8s pr\u00e9cis\u00e9ment son sujet et son champ d&rsquo;observation.\u00a0Tout en le faisant, vous verrez qu&rsquo;il vous parlera\u00a0 d&rsquo;humilit\u00e9, bien avant de vous parler de certitudes. Tout cela bien compris,\u00a0\u00a0nous vous souhaitons une excellente conf\u00e9rence.<\/p>\n<p style=\"text-align: justify;\"><span style=\"color: #808080;\">La conf\u00e9rence\u00a0 de <strong>Laurent Albaret<\/strong> sur l&rsquo;inquisition m\u00e9di\u00e9vale<\/span><strong><br \/>\n<\/strong><code><iframe src=\"https:\/\/www.youtube.com\/embed\/5g-Z0lpXBYI\" width=\"600\" height=\"333\" allowfullscreen=\"allowfullscreen\"><\/iframe><\/code><\/p>\n<h2>Laurent Albaret :\u00a0 esquisse de Biographie<\/h2>\n<p style=\"text-align: justify;\">Apr\u00e8s une formation en histoire\u00a0 et une sp\u00e9cialisation dans le domaine des Inquisitions m\u00e9di\u00e9vales dans le Sud de la France,\u00a0 <strong>Laurent Albaret<\/strong> a enseign\u00e9 plus d&rsquo;une dizaine d&rsquo;ann\u00e9es dans le secondaire (1991-2002),\u00a0 puis dans le monde universitaire (2002-2006), avant de voguer vers d&rsquo;autres horizons.<\/p>\n<h3 style=\"text-align: justify;\">Sur le terrain de l&rsquo;Histoire et de la Culture<\/h3>\n<p style=\"text-align: justify;\"><img decoding=\"async\" class=\" wp-image-30471 alignright\" src=\"https:\/\/www.moyenagepassion.com\/wp-content\/uploads\/2020\/05\/laurent-albaret-conference-histoire-inquisition-medievale-medieviste-moyen-age.jpg\" alt=\"laurent-albaret-conference-histoire-inquisition-medievale-medieviste-moyen-age\" width=\"146\" height=\"224\" \/>Ayant laiss\u00e9 derri\u00e8re lui sa carri\u00e8re dans l&rsquo;enseignement, on le retrouvera bient\u00f4t tr\u00e8s impliqu\u00e9 dans le secteur de la culture,\u00a0 du patrimoine et de la mus\u00e9ographie. Dans le m\u00eame temps, il restera fortement pr\u00e9sent dans le domaine de l&rsquo;Histoire.\u00a0 A\u00a0 ce titre, et\u00a0 pour ne citer que ces deux charges, il est de longue date membre associ\u00e9 de la <em>Soci\u00e9t\u00e9 des Historiens M\u00e9di\u00e9vistes de l\u2019enseignement sup\u00e9rieur public<\/em>,\u00a0 ou encore\u00a0 administrateur de la <em>Soci\u00e9t\u00e9 des\u00a0 Amis du Mus\u00e9e de Cluny<\/em>.\u00a0 Actuellement, il\u00a0 termine\u00a0 un doctorat \u00e0\u00a0 l&rsquo;<strong>Ecole des Hautes Etudes en Sciences Sociales<\/strong> sous la direction de <strong>Jacques Chiffoleau<\/strong>. Notons qu&rsquo;il avait effectu\u00e9 son DEA sous la direction\u00a0de <strong>Andr\u00e9 Vauchez<\/strong> (directeur de l&rsquo;<em>Ecole Fran\u00e7aise de Rome,<\/em>\u00a0sp\u00e9cialis\u00e9\u00a0 dans les h\u00e9r\u00e9sies m\u00e9di\u00e9vales).<\/p>\n<h3 style=\"text-align: justify;\">Histoire contemporaine &amp; pr\u00e9sence m\u00e9diatique<\/h3>\n<p style=\"text-align: justify;\">Les ann\u00e9es 2010-2020\u00a0 \u00a0verront\u00a0 <strong>Laurent Albaret<\/strong>\u00a0 investi du c\u00f4t\u00e9 de l&rsquo;Histoire\u00a0 postale\u00a0 (conservateur au<em> Mus\u00e9e de la poste<\/em>) mais aussi de l&rsquo;Histoire de l&rsquo;Aviation (secr\u00e9taire g\u00e9n\u00e9ral et secr\u00e9taire de la commission Histoire, Arts &amp; Lettres de l\u2019<em>A\u00e9ro-Club de France)<\/em>. A c\u00f4t\u00e9 de cela, il lancera \u00e9galement des op\u00e9rations dans le domaine culturel et patrimonial (<em>Association Parix Louxor<\/em> ou encore <em>Un soir, un mus\u00e9e, un verre<\/em>) auxquelles viendront s&rsquo;ajouter des activit\u00e9s dans le monde de la presse au sein de divers magazines.\u00a0 \u00a0 Aujourd&rsquo;hui, dans le champ de l&rsquo;Histoire m\u00e9di\u00e9vale ou plus contemporaine, on le trouve tr\u00e8s actif sur de nombreux m\u00e9dias : conf\u00e9rences, interviews, podcasts, publications diverses. Il intervient m\u00eame, \u00e0 titre de conseiller historique, aupr\u00e8s d&rsquo;\u00e9missions t\u00e9l\u00e9visuelles (<a href=\"http:\/\/laurentalbaret.fr\/\" target=\"_blank\" rel=\"noopener noreferrer\">voir son site web pour plus de d\u00e9tails<\/a>).<\/p>\n<h3 style=\"text-align: justify;\">Pr\u00e9sence dans le domaine du consulting digital<\/h3>\n<p style=\"text-align: justify;\">A ces nombreuses activit\u00e9s, <strong>Laurent Albaret<\/strong>\u00a0a encore ajout\u00e9,\u00a0 derni\u00e8rement,\u00a0 \u00a0une pr\u00e9sence dans le\u00a0 secteur de la cr\u00e9ation et de la communication digitale. En 2016, il a, en effet, cr\u00e9\u00e9,\u00a0 une\u00a0 agence\u00a0 web baptis\u00e9e\u00a0<em>Le doigt sur le truc<\/em>. C&rsquo;est en occupant divers postes\u00a0\u00e0 responsabilit\u00e9\u00a0 au sein de p\u00f4les num\u00e9riques et m\u00e9dias sociaux\u00a0 de diverses filiales\u00a0 du groupe <strong>La poste<\/strong> (2010-2015), qu&rsquo;il s&rsquo;est forg\u00e9 des comp\u00e9tences dans cette mati\u00e8re. Il y a, depuis, ajout\u00e9 de nombreuses autres r\u00e9f\u00e9rences.<\/p>\n<hr \/>\n<h2>Deux ouvrages de Laurent Albaret pour en savoir plus\u00a0 sur l&rsquo;inquisition m\u00e9di\u00e9vale<\/h2>\n<p style=\"text-align: justify;\">Pour approcher de plus pr\u00e8s les \u00e9l\u00e9ments abord\u00e9s dans cette conf\u00e9rence, voici deux ouvrages de Laurent Albaret sur le sujet de l&rsquo;Inquisition m\u00e9di\u00e9vale.<\/p>\n<table width=\"\u00bb475\u2033\" cellspacing=\"\u00bb0\u2033\" cellpadding=\"\u00bb0\u2033\">\n<tbody>\n<tr>\n<td>\u00a0<a href=\"https:\/\/www.amazon.fr\/gp\/product\/2708975218\/ref=as_li_tl?ie=UTF8&amp;camp=1642&amp;creative=6746&amp;creativeASIN=2708975218&amp;linkCode=as2&amp;tag=f1266-21&amp;linkId=9dbabeaccffe19927462e8f9ca44aec8\" target=\"_blank\" rel=\"noopener noreferrer\"><img decoding=\"async\" class=\"alignnone wp-image-30474 size-full\" src=\"https:\/\/www.moyenagepassion.com\/wp-content\/uploads\/2020\/05\/inquisition-legende-noire-livre-laurent-albaret-moyen-age.jpg\" alt=\"inquisition-legende-noire-livre-laurent-albaret-moyen-age\" width=\"350\" height=\"468\" srcset=\"https:\/\/www.moyenagepassion.com\/wp-content\/uploads\/2020\/05\/inquisition-legende-noire-livre-laurent-albaret-moyen-age.jpg 350w, https:\/\/www.moyenagepassion.com\/wp-content\/uploads\/2020\/05\/inquisition-legende-noire-livre-laurent-albaret-moyen-age-224x300.jpg 224w\" sizes=\"(max-width: 350px) 100vw, 350px\" \/><\/a><\/td>\n<td><a href=\"https:\/\/www.amazon.fr\/gp\/product\/2070534588\/ref=as_li_tl?ie=UTF8&amp;camp=1642&amp;creative=6746&amp;creativeASIN=2070534588&amp;linkCode=as2&amp;tag=f1266-21&amp;linkId=ad91791b86a71aa075e62a51b178b5ff\" target=\"_blank\" rel=\"noopener noreferrer\"><img decoding=\"async\" class=\"alignnone wp-image-30475 size-full\" src=\"https:\/\/www.moyenagepassion.com\/wp-content\/uploads\/2020\/05\/inquisition-moyen-age-livre-Laurent-Albaret-historien-medieviste.jpg\" alt=\"inquisition--moyen-age-livre-Laurent-Albaret-historien-medieviste\" width=\"350\" height=\"468\" srcset=\"https:\/\/www.moyenagepassion.com\/wp-content\/uploads\/2020\/05\/inquisition-moyen-age-livre-Laurent-Albaret-historien-medieviste.jpg 350w, https:\/\/www.moyenagepassion.com\/wp-content\/uploads\/2020\/05\/inquisition-moyen-age-livre-Laurent-Albaret-historien-medieviste-224x300.jpg 224w\" sizes=\"(max-width: 350px) 100vw, 350px\" \/><\/a><\/td>\n<\/tr>\n<tr>\n<td><strong>\u00a0Les Inquisiteurs : portraits de<\/strong><br \/>\n<strong>d\u00e9fenseurs de la foi en Languedoc<\/strong><br \/>\nPrivat\u00a0 (2001) &#8211; <a href=\"https:\/\/www.amazon.fr\/gp\/product\/2708975218\/ref=as_li_tl?ie=UTF8&amp;camp=1642&amp;creative=6746&amp;creativeASIN=2708975218&amp;linkCode=as2&amp;tag=f1266-21&amp;linkId=9dbabeaccffe19927462e8f9ca44aec8\" target=\"_blank\" rel=\"noopener noreferrer\">Acheter en ligne<\/a><\/td>\n<td><strong>\u00a0<\/strong><span id=\"productTitle\" class=\"a-size-extra-large\"><strong>L&rsquo;Inquisition : Rempart de la foi\u00a0<\/strong><br \/>\nFormat poche &#8211;\u00a0 Gallimard (1998)<br \/>\n<a href=\"https:\/\/www.amazon.fr\/gp\/product\/2070534588\/ref=as_li_tl?ie=UTF8&amp;camp=1642&amp;creative=6746&amp;creativeASIN=2070534588&amp;linkCode=as2&amp;tag=f1266-21&amp;linkId=ad91791b86a71aa075e62a51b178b5ff\" target=\"_blank\" rel=\"noopener noreferrer\">Acheter l&rsquo;ouvrage en ligne\u00a0<\/a><\/span><\/td>\n<\/tr>\n<\/tbody>\n<\/table>\n<p>En vous souhaitant une tr\u00e8s belle journ\u00e9e.<\/p>\n<p>Fr\u00e9d\u00e9ric\u00a0 Effe<br \/>\nPour moyenagepassion.com<br \/>\n<em><strong>A la d\u00e9couverte du moyen-\u00e2ge sous toutes ses formes<\/strong><\/em><\/p>\n","protected":false},"excerpt":{"rendered":"<p>Sujet :\u00a0 \u00a0inquisition, l\u00e9gende noire, id\u00e9es re\u00e7ues, d\u00e9finition. monde m\u00e9di\u00e9val, Languedoc,\u00a0 \u00a0Provence P\u00e9riode\u00a0: moyen-\u00e2ge central,\u00a0 XIIIe et XIVe si\u00e8cle M\u00e9dia \u00a0: vid\u00e9o-conf\u00e9rence, livres. Titre\u00a0:\u00a0 \u00a0L&rsquo;inquisition m\u00e9di\u00e9vale Conf\u00e9rencier\u00a0:\u00a0 Laurent Albaret,\u00a0 \u00a0 historien m\u00e9di\u00e9viste Lieu\u00a0 :\u00a0 \u00a0Ecole nationale des chartes\u00a0\u00a0 (2019) Bonjour \u00e0 tous, &lsquo;il y a bien une chose \u00e0 laquelle l&rsquo;imaginaire populaire li\u00e9 au moyen-\u00e2ge &hellip; <a href=\"https:\/\/www.moyenagepassion.com\/index.php\/2020\/05\/10\/conference-la-legende-noire-de-linquisition-medievale-avec-laurent-albaret\/\" class=\"more-link\">Continuer la lecture de <span class=\"screen-reader-text\">Conf\u00e9rence : la l\u00e9gende noire de l&rsquo;inquisition m\u00e9di\u00e9vale avec Laurent Albaret<\/span>  <span class=\"meta-nav\">&rarr;<\/span><\/a><\/p>\n","protected":false},"author":2,"featured_media":0,"comment_status":"open","ping_status":"open","sticky":false,"template":"","format":"standard","meta":{"_monsterinsights_skip_tracking":false,"_monsterinsights_sitenote_active":false,"_monsterinsights_sitenote_note":"","_monsterinsights_sitenote_category":0,"footnotes":""},"categories":[1275],"tags":[1219,2470,525,1248,2926,4927,2327,4928,4929,1146,2895,2489,182,18,5587,595,3267],"class_list":["post-30462","post","type-post","status-publish","format-standard","hentry","category-conference","tag-bernard-gui","tag-ecole-nationale-des-chartes","tag-historien","tag-historien-medieviste","tag-idees-recues","tag-inquisition-medievale","tag-languedoc-medieval","tag-laurent-albaret","tag-legende-noire","tag-livres","tag-medievalisme","tag-medieviste","tag-monde-medieval","tag-moyen-age","tag-moyen-age-2","tag-xiiie-siecle","tag-xive-siecle"],"aioseo_notices":[],"_links":{"self":[{"href":"https:\/\/www.moyenagepassion.com\/index.php\/wp-json\/wp\/v2\/posts\/30462"}],"collection":[{"href":"https:\/\/www.moyenagepassion.com\/index.php\/wp-json\/wp\/v2\/posts"}],"about":[{"href":"https:\/\/www.moyenagepassion.com\/index.php\/wp-json\/wp\/v2\/types\/post"}],"author":[{"embeddable":true,"href":"https:\/\/www.moyenagepassion.com\/index.php\/wp-json\/wp\/v2\/users\/2"}],"replies":[{"embeddable":true,"href":"https:\/\/www.moyenagepassion.com\/index.php\/wp-json\/wp\/v2\/comments?post=30462"}],"version-history":[{"count":4,"href":"https:\/\/www.moyenagepassion.com\/index.php\/wp-json\/wp\/v2\/posts\/30462\/revisions"}],"predecessor-version":[{"id":44517,"href":"https:\/\/www.moyenagepassion.com\/index.php\/wp-json\/wp\/v2\/posts\/30462\/revisions\/44517"}],"wp:attachment":[{"href":"https:\/\/www.moyenagepassion.com\/index.php\/wp-json\/wp\/v2\/media?parent=30462"}],"wp:term":[{"taxonomy":"category","embeddable":true,"href":"https:\/\/www.moyenagepassion.com\/index.php\/wp-json\/wp\/v2\/categories?post=30462"},{"taxonomy":"post_tag","embeddable":true,"href":"https:\/\/www.moyenagepassion.com\/index.php\/wp-json\/wp\/v2\/tags?post=30462"}],"curies":[{"name":"wp","href":"https:\/\/api.w.org\/{rel}","templated":true}]}}