{"id":30739,"date":"2020-06-14T00:36:54","date_gmt":"2020-06-13T23:36:54","guid":{"rendered":"https:\/\/www.moyenagepassion.com\/?p=30739"},"modified":"2025-03-02T03:51:33","modified_gmt":"2025-03-02T02:51:33","slug":"en-tos-tens-que-vente-bise-une-chanson-medievale-courtoise-de-blondel-de-nesle","status":"publish","type":"post","link":"https:\/\/www.moyenagepassion.com\/index.php\/2020\/06\/14\/en-tos-tens-que-vente-bise-une-chanson-medievale-courtoise-de-blondel-de-nesle\/","title":{"rendered":"En tos tens que vente bise, une chanson m\u00e9di\u00e9vale courtoise de Blondel de Nesle"},"content":{"rendered":"<div id=\"moyen-3280577888\" class=\"moyen-before-content moyen-entity-placement\"><script async src=\"\/\/pagead2.googlesyndication.com\/pagead\/js\/adsbygoogle.js?client=ca-pub-3035390706780632\" crossorigin=\"anonymous\"><\/script><ins class=\"adsbygoogle\" style=\"display:block;\" data-ad-client=\"ca-pub-3035390706780632\" \ndata-ad-slot=\"\" \ndata-ad-format=\"auto\"><\/ins>\n<script> \n(adsbygoogle = window.adsbygoogle || []).push({}); \n<\/script>\n<\/div><p><strong><a href=\"https:\/\/www.moyenagepassion.com\/wp-content\/uploads\/2018\/04\/trouvere_chevalier_croise_poesie_chanson_musique_medievale_moyen-age_central.jpg\"><img decoding=\"async\" class=\"wp-image-20805 alignleft\" src=\"https:\/\/www.moyenagepassion.com\/wp-content\/uploads\/2018\/04\/trouvere_chevalier_croise_poesie_chanson_musique_medievale_moyen-age_central.jpg\" alt=\"trouvere_chevalier_croise_poesie_chanson_musique_medievale_moyen-age_central\" width=\"114\" height=\"173\" \/><\/a>Sujet :\u00a0 \u00a0<\/strong>musique, po\u00e9sie, chanson m\u00e9di\u00e9vale, amour courtois, trouv\u00e8re, vieux-fran\u00e7ais, langue d\u2019oil, fine amor.<br \/>\n<strong><strong>P\u00e9riode :<\/strong>\u00a0<\/strong>\u00a0 XIIe si\u00e8cle,\u00a0 XIIIe, Moyen \u00c2ge central<strong><br \/>\n<strong>Titre :<\/strong>\u00a0 \u00a0<\/strong><em>En tos tens que vente bise<\/em><strong><em><br \/>\n<\/em><strong>Auteur :\u00a0<\/strong>\u00a0 \u00a0<\/strong>Blondel de Nesle (1155 \u2013 1202)<strong><br \/>\n<strong>Manuscrit : <\/strong><\/strong>MS Fran\u00e7ais 844, Manuscrit du roi (<a href=\"https:\/\/gallica.bnf.fr\/ark:\/12148\/btv1b84192440\/f2.item\" target=\"_blank\" rel=\"noopener noreferrer\">BnF d\u00e9partements des manuscrits<\/a>)<\/p>\n<p>Bonjour \u00e0 tous,<\/p>\n<p style=\"text-align: justify;\"><img decoding=\"async\" class=\"alignleft size-full wp-image-24221\" src=\"https:\/\/www.moyenagepassion.com\/wp-content\/uploads\/2015\/12\/A_lettrine_moyen_age_passion1.jpg\" alt=\"A_lettrine_moyen_age_passion\" width=\"84\" height=\"103\" \/>u coeur du XIIe si\u00e8cle, \u00e0 l&rsquo;unisson des premiers trouv\u00e8res,\u00a0<strong>Blondel de Nesle<\/strong> chante la courtoisie en tout temps. Dans ce nouvel \u00e9chantillon de sa po\u00e9sie, il nous entra\u00eenera, en effet, loin du \u00ab\u00a0renouvel\u00a0\u00bb printanier, au c\u0153ur de la saison froide et sous le souffle du vent. Pour le reste : souffrance, affres du doute et douleur du rejet, un bon nombre d&rsquo;ingr\u00e9dients habituels de la lyrique courtoise seront au rendez-vous pour accorder l&rsquo;humeur du trouv\u00e8re avec ce climat\u00a0 hostile. On y trouvera aussi\u00a0 la dimension sociale ascendante\u00a0 qui traverse, plus souvent qu&rsquo;\u00e0 son tour,\u00a0 l&rsquo;amour courtois ; le po\u00e8te nous\u00a0 l&rsquo;affirmera, la dame vis\u00e9e par sa flamme est de meilleure lignage et de plus haute condition que lui.<\/p>\n<h2 style=\"text-align: justify;\">Aux sources\u00a0 historiques\u00a0 \u00a0de cette chanson<\/h2>\n<p style=\"text-align: justify;\"><a href=\"https:\/\/www.moyenagepassion.com\/wp-content\/uploads\/2020\/06\/Blondel-de-Nesle-poesie-chanson-medievale-MS-francais-844-BnF.jpg\" target=\"_blank\" rel=\"noopener noreferrer\"><img decoding=\"async\" class=\"alignright wp-image-30745\" src=\"https:\/\/www.moyenagepassion.com\/wp-content\/uploads\/2020\/06\/Blondel-de-Nesle-poesie-chanson-medievale-MS-francais-844-BnF_s.jpg\" alt=\"Blondel-de-Nesle-poesie-chanson-medievale-MS-francais-844-BnF_s\" width=\"214\" height=\"337\" srcset=\"https:\/\/www.moyenagepassion.com\/wp-content\/uploads\/2020\/06\/Blondel-de-Nesle-poesie-chanson-medievale-MS-francais-844-BnF_s.jpg 250w, https:\/\/www.moyenagepassion.com\/wp-content\/uploads\/2020\/06\/Blondel-de-Nesle-poesie-chanson-medievale-MS-francais-844-BnF_s-190x300.jpg 190w\" sizes=\"(max-width: 214px) 100vw, 214px\" \/><\/a>Cette chanson m\u00e9di\u00e9vale est attribu\u00e9e \u00e0 <strong>Blondel de Nesle<\/strong> dans un certain nombre de manuscrits. Nous avons choisi de vous faire d\u00e9couvrir, ci-contre, la version du <a href=\"https:\/\/www.moyenagepassion.com\/?s=fran%C3%A7ais+844\" target=\"_blank\" rel=\"noopener noreferrer\">MS Fran\u00e7ais 844<\/a> de la Bnf,\u00a0 \u00a0plus\u00a0 connu\u00a0 encore sous le nom de\u00a0<strong>Manuscrit ou Chansonnier du Roi<\/strong>. Dat\u00e9 du XIIIe si\u00e8cle,\u00a0 sous\u00a0 la plume de <strong>Lambert l&rsquo;Aveugle<\/strong>, ce pr\u00e9cieux t\u00e9moin de la po\u00e9sie et de la musique du Moyen \u00c2ge central contient pr\u00e8s de\u00a0 225\u00a0 feuillets pour un large nombre d&rsquo;auteurs et de chansons annot\u00e9es. On y retrouve p\u00e8le-m\u00eale troubadours\u00a0 et trouv\u00e8res c\u00e9l\u00e8bres mais aussi auteurs anonymes, pour un total de pr\u00e8s de 600 pi\u00e8ces.<\/p>\n<p style=\"text-align: justify;\">Pour la transcription moderne de la pi\u00e8ce du jour, nous\u00a0 avons suivi\u00a0 la version de <strong>Prosper Tarb\u00e9<\/strong>\u00a0 \u00a0dans son ouvrage\u00a0 <em>Les \u0153uvres de Blondel de\u00a0 N\u00e9ele,\u00a0<\/em>collection <em>les po\u00e8tes de Champagne ant\u00e9rieurs au XVIe si\u00e8cle (\u00a0\u00a0<\/em>1862). Quant \u00e0 son interpr\u00e9tation moderne, nous nous sommes laiss\u00e9s entra\u00een\u00e9s outre-manche \u00e0 la d\u00e9couverte d&rsquo;une formation exceptionnelle : les <strong>Gothic Voices<\/strong>.\u00a0 Une fois n&rsquo;est pas coutume, il s&rsquo;agit d&rsquo;un extrait.<\/p>\n<p style=\"text-align: center;\"><span style=\"color: #999999;\"><em>Un extrait de cette chanson\u00a0 \u00a0\u00a0de Blondel par l&rsquo;ensemble Gothic Voices<\/em><\/span><\/p>\n<!--[if lt IE 9]><script>document.createElement('audio');<\/script><![endif]-->\n<audio class=\"wp-audio-shortcode\" id=\"audio-30739-1\" preload=\"none\" style=\"width: 100%;\" controls=\"controls\"><source type=\"audio\/wav\" src=\"https:\/\/www.moyenagepassion.com\/wp-content\/uploads\/2020\/06\/blondel-de-Nesle-vente-bise-chanson-medievale-extraits-gothic-voices-album-musique-moyen-age.wav?_=1\" \/><a href=\"https:\/\/www.moyenagepassion.com\/wp-content\/uploads\/2020\/06\/blondel-de-Nesle-vente-bise-chanson-medievale-extraits-gothic-voices-album-musique-moyen-age.wav\">https:\/\/www.moyenagepassion.com\/wp-content\/uploads\/2020\/06\/blondel-de-Nesle-vente-bise-chanson-medievale-extraits-gothic-voices-album-musique-moyen-age.wav<\/a><\/audio>\n<h2 class=\"a-size-large a-spacing-none\">Gothic Voices &amp; Christopher Page<\/h2>\n<p style=\"text-align: justify;\"><a href=\"https:\/\/www.moyenagepassion.com\/wp-content\/uploads\/2020\/06\/christopher-page-passion-musiques-medievales-gothic-voices.jpg\"><img decoding=\"async\" class=\"alignright wp-image-30753\" src=\"https:\/\/www.moyenagepassion.com\/wp-content\/uploads\/2020\/06\/christopher-page-passion-musiques-medievales-gothic-voices.jpg\" alt=\"christopher-page-passion-musiques-medievales-gothic-voices\" width=\"143\" height=\"234\" srcset=\"https:\/\/www.moyenagepassion.com\/wp-content\/uploads\/2020\/06\/christopher-page-passion-musiques-medievales-gothic-voices.jpg 212w, https:\/\/www.moyenagepassion.com\/wp-content\/uploads\/2020\/06\/christopher-page-passion-musiques-medievales-gothic-voices-184x300.jpg 184w\" sizes=\"(max-width: 143px) 100vw, 143px\" \/><\/a>C&rsquo;est en 1980, sous la houlette de <strong>Christopher Page,<\/strong> que s&rsquo;est form\u00e9 cet ensemble originaire du Royaume-Uni. Expert des musiques anciennes et du r\u00e9pertoire\u00a0 m\u00e9di\u00e9val,\u00a0 cet instrumentiste, guitariste, universitaire et musicologue\u00a0 anglais\u00a0 n&rsquo;est plus \u00e0 pr\u00e9senter de l&rsquo;autre c\u00f4t\u00e9 de la Manche. En plus de ses nombreuses contributions musicales, sa longue carri\u00e8re lui a permis de se signaler \u00e9galement par\u00a0 de\u00a0 nombreuses \u00e9tudes sur l&rsquo;histoire de la guitare en Angleterre (de la renaissance au XIXe si\u00e8cle). On lui doit encore un nombre significatif de publications sur les instruments et la musique du Moyen \u00c2ge ; autant dire que nous sommes en pr\u00e9sence d&rsquo;un \u00e9rudit, passionn\u00e9 de musique autant que d&rsquo;ethnomusicologie.<\/p>\n<h3 style=\"text-align: justify;\">Gothic Voices &#8211; discographie et carri\u00e8re<\/h3>\n<p style=\"text-align: justify;\">Sous la direction de <strong>Christopher page<\/strong>, l&rsquo;ensemble <strong>Gothic Voices<\/strong> a enregistr\u00e9 pr\u00e9s de 25\u00a0 albums, sur une longue carri\u00e8re de 40 ans. Les th\u00e8mes abord\u00e9s sont d&rsquo;une grande vari\u00e9t\u00e9, avec un fort centre de gravit\u00e9 autour de l&rsquo;Europe m\u00e9di\u00e9vale. La grande majorit\u00e9 de leurs productions couvre une p\u00e9riode qui va des trouv\u00e8res du XIIIe si\u00e8cle,\u00a0 jusqu&rsquo;au Moyen \u00c2ge tardif et au XVe si\u00e8cle. On y trouvera des pi\u00e8ces issues du r\u00e9pertoire fran\u00e7ais, anglais, mais encore italien ou rh\u00e9nan avec des incursions du c\u00f4t\u00e9 de l&rsquo;\u0153uvre musicale\u00a0 de <a href=\"https:\/\/www.moyenagepassion.com\/index.php\/moyen-age\/hildegarde-de-bingen\/\" target=\"_blank\" rel=\"noopener noreferrer\">Hildegarde de Bingen<\/a>.<\/p>\n<p style=\"text-align: justify;\"><a href=\"https:\/\/www.moyenagepassion.com\/wp-content\/uploads\/2020\/06\/gothic-voices-ensemble-medieval-discographie-presentation-christopher-page.jpg\"><img decoding=\"async\" class=\"alignnone wp-image-30755 size-full\" src=\"https:\/\/www.moyenagepassion.com\/wp-content\/uploads\/2020\/06\/gothic-voices-ensemble-medieval-discographie-presentation-christopher-page.jpg\" alt=\"gothic-voices-ensemble-medieval-discographie-presentation-christopher-page\" width=\"620\" height=\"369\" srcset=\"https:\/\/www.moyenagepassion.com\/wp-content\/uploads\/2020\/06\/gothic-voices-ensemble-medieval-discographie-presentation-christopher-page.jpg 620w, https:\/\/www.moyenagepassion.com\/wp-content\/uploads\/2020\/06\/gothic-voices-ensemble-medieval-discographie-presentation-christopher-page-300x179.jpg 300w\" sizes=\"(max-width: 620px) 100vw, 620px\" \/><\/a><\/p>\n<p style=\"text-align: justify;\">Au del\u00e0 de leur succ\u00e8s aupr\u00e8s du public, les contributions de <strong>Gothic Voices<\/strong> ont \u00e9t\u00e9 largement salu\u00e9es mais aussi r\u00e9compens\u00e9es par la critique. Ils ont notamment re\u00e7u\u00a0 des gramophones d&rsquo;or pour trois de leurs albums.\u00a0 C\u00f4t\u00e9 agenda, l&rsquo;ensemble est toujours actif sur la sc\u00e8ne musicale anglaise. Vous pourrez retrouver plus d&rsquo;information sur son actualit\u00e9 sur son <a href=\"http:\/\/www.gothicvoices.co.uk\/\" target=\"_blank\" rel=\"noopener noreferrer\">site web (en anglais) au lien suivant<\/a>.<\/p>\n<p style=\"text-align: justify;\"><strong>Membres\u00a0 actuels<\/strong>\u00a0 \u00a0:\u00a0 \u00a0Catherine King (mezzo-soprano), Steven Harrold (tenor), Julian Podger (tenor), Stephen Charlesworth (bariton)<\/p>\n<h3><span id=\"productTitle\" class=\"a-size-large\">L&rsquo;album :<em> le Mariage du Ciel et de l&rsquo;enfer<\/em>,<br \/>\n<em>Motets\u00a0 &amp; chansons du XIIIe si\u00e8cle\u00a0 en France<\/em><\/span><\/h3>\n<p style=\"text-align: justify;\">En\u00a0 1991, la formation britannique partait \u00e0 la\u00a0 rencontre\u00a0 du XIIIe si\u00e8cle fran\u00e7ais avec une belle s\u00e9lection de chansons et de motets d&rsquo;\u00e9poque. \u00ab\u00a0<em>The\u00a0 \u00a0marriage\u00a0 \u00a0\u00a0<\/em><span id=\"productTitle\" class=\"a-size-large\"><em>of Heaven and Hell<\/em> \u00ab\u00a0,\u00a0 \u00a0so<\/span>us un titre qu&rsquo;on pourrait \u00eatre tent\u00e9 d&rsquo;associer plus aux po\u00e9sies de\u00a0 William Blake qu&rsquo;au Moyen \u00c2ge central fran\u00e7ais, l&rsquo;album pr\u00e9sentait dix-sept pi\u00e8ces\u00a0 \u00a0dont la grande majorit\u00e9\u00a0 \u00a0\u00e9tait d&rsquo;origine anonyme.\u00a0 \u00a0Entre ces derni\u00e8res <a href=\"https:\/\/www.amazon.fr\/gp\/product\/B000LV6CJQ\/ref=as_li_tl?ie=UTF8&amp;camp=1642&amp;creative=6746&amp;creativeASIN=B000LV6CJQ&amp;linkCode=as2&amp;tag=f1266-21&amp;linkId=a0180b10bffab7998aafc5628eb3cac6\" target=\"_blank\" rel=\"noopener noreferrer\"><img decoding=\"async\" class=\"alignleft wp-image-30752\" src=\"https:\/\/www.moyenagepassion.com\/wp-content\/uploads\/2020\/06\/musique-medievale-album-trouvere-Blondel-de-Nesle-Gothic-voices-Christopher-page-Moyen-age.jpg\" alt=\"musique-medievale-album-trouvere-Blondel-de-Nesle-Gothic-voices-Christopher-page-Moyen-age\" width=\"258\" height=\"218\" srcset=\"https:\/\/www.moyenagepassion.com\/wp-content\/uploads\/2020\/06\/musique-medievale-album-trouvere-Blondel-de-Nesle-Gothic-voices-Christopher-page-Moyen-age.jpg 367w, https:\/\/www.moyenagepassion.com\/wp-content\/uploads\/2020\/06\/musique-medievale-album-trouvere-Blondel-de-Nesle-Gothic-voices-Christopher-page-Moyen-age-300x253.jpg 300w\" sizes=\"(max-width: 258px) 100vw, 258px\" \/><\/a>on trouvait la pi\u00e8ce du jour de Blondel, mais aussi une pi\u00e8ce de\u00a0 <a href=\"https:\/\/www.moyenagepassion.com\/index.php\/moyen-age\/musique-medieval-historique-fantaisie-celtique\/colin-muset\/\" target=\"_blank\" rel=\"noopener noreferrer\">Colin Muset<\/a>, une autre sign\u00e9e de la main de Gauthier d&rsquo;Argies, et m\u00eame encore une incursion du c\u00f4t\u00e9 des troubadours avec la c\u00e9l\u00e8bre chanson\u00a0<a href=\"https:\/\/www.moyenagepassion.com\/index.php\/2017\/06\/11\/bernart-de-ventadorn-et-lart-des-trobadours-occitans-du-xiiie-siecle-quan-vei-la-lauzeta-mover\/\" target=\"_blank\" rel=\"noopener noreferrer\">\u00a0\u00ab\u00a0Quan vei la lauzeta mover\u00a0\u00bb de Bernard\u00a0 de Ventadour<\/a>.<\/p>\n<p style=\"text-align: justify;\">Cet album, originellement sorti chez <em>Hyp\u00e9rion Records<\/em> a \u00e9t\u00e9 r\u00e9\u00e9dit\u00e9 en 2007 chez <em>Helios.<\/em>\u00a0On le trouve\u00a0 encore disponible \u00e0 la vente\u00a0au format CD ou MP3. Voici un lien utile pour plus d&rsquo;informations\u00a0 \u00e0 ce sujet : <a href=\"https:\/\/www.amazon.fr\/gp\/product\/B000LV6CJQ\/ref=as_li_tl?ie=UTF8&amp;camp=1642&amp;creative=6746&amp;creativeASIN=B000LV6CJQ&amp;linkCode=as2&amp;tag=f1266-21&amp;linkId=a0180b10bffab7998aafc5628eb3cac6\" target=\"_blank\" rel=\"noopener noreferrer\">The of Heaven and Hell : Le Mariage du Ciel et de l&rsquo;enfer<\/a><img decoding=\"async\" style=\"border: none !important; margin: 0px !important;\" src=\"\/\/ir-fr.amazon-adsystem.com\/e\/ir?t=f1266-21&amp;l=am2&amp;o=8&amp;a=B000LV6CJQ\" alt=\"\" width=\"1\" height=\"1\" border=\"0\" \/><\/p>\n<hr \/>\n<h2 style=\"text-align: center;\"><em>En tos tens que vente bise<br \/>\n<\/em>dans le vieux-fran\u00e7ais de Blondel de Nesle<\/h2>\n<p style=\"text-align: justify;\"><span style=\"color: #999999;\">NB :<\/span> <span style=\"color: #999999;\">pour cette traduction\u00a0 (assez ardue) du vieux-fran\u00e7ais vers le fran\u00e7ais moderne, nous nous sommes appuy\u00e9 sur des recherches\u00a0 habituelles dans les sources\u00a0 et les dictionnaires auxquelles il nous faut ajout<span style=\"color: #808080;\">er l&rsquo;aide, plus que pr\u00e9cieuse, de\u00a0 <strong>\u00a0Yvan G Lepage<\/strong> et de son ouvrage :<em> l&rsquo;Oeuvre lyrique de Blondel de Nesle<\/em><\/span>, sorti chez <strong>Honor\u00e9 Champion<\/strong> en 1994.<\/span><\/p>\n<p style=\"text-align: center;\"><span style=\"color: #008000;\"><strong><em>En tos tens que vente bise,<\/em><\/strong><\/span><br \/>\n<span style=\"color: #008000;\"><strong><em> Pour cele, dont sui sorpris<\/em><\/strong><\/span><span style=\"color: #008000;\"><strong><em>,<\/em><\/strong><\/span><br \/>\n<span style=\"color: #008000;\"><strong><em> Qui n\u2019est pas de moi sorprise,<\/em><\/strong><\/span><br \/>\n<span style=\"color: #008000;\"><strong><em> Devient mes cuers noirs et bis<\/em><\/strong><strong><em>.<\/em><\/strong><\/span><br \/>\n<span style=\"color: #008000;\"><strong><em> De fine amour l\u2019ai requise,<br \/>\n<\/em><\/strong><\/span><span style=\"color: #008000;\"><strong><em>Qui cuer et cors m\u2019a espris,<\/em><\/strong><\/span><br \/>\n<span style=\"color: #008000;\"><strong><em> Et s\u2019ele n\u2019en est esprise,<\/em><\/strong><\/span><br \/>\n<span style=\"color: #008000;\"><em><b style=\"color: #008000;\"> Por mon grant mal la requis.<\/b><\/em><\/span><\/p>\n<p style=\"text-align: center;\"><em><span style=\"color: #333333;\">En\u00a0 cette saison o\u00f9 la bise souffle<\/span><\/em><br \/>\n<em> <span style=\"color: #333333;\">Pour celle\u00a0 que je d\u00e9sire <\/span><span style=\"color: #808080;\">(dont je suis\u00a0 \u00e9pris)<\/span><\/em><br \/>\n<em> <span style=\"color: #333333;\">Et qui ne\u00a0 me d\u00e9sire pas<\/span><\/em><br \/>\n<em> <span style=\"color: #333333;\">Devient mon c\u0153ur\u00a0\u00a0 noir et sombre.<\/span><\/em><br \/>\n<em> <span style=\"color: #333333;\">D&rsquo;un\u00a0 loyal amour,\u00a0 je l&rsquo;ai\u00a0 \u00a0requise<\/span><\/em><br \/>\n<em> <span style=\"color: #333333;\">Elle qui m&rsquo;a conquis tout entier<span style=\"color: #999999;\"> (c\u0153ur\u00a0 et corps, corps et \u00e2me)<\/span><\/span><\/em><br \/>\n<em> <span style=\"color: #333333;\">Et si\u00a0 elle\u00a0 \u00a0ne s&rsquo;\u00e9prend pas de moi \u00e0 son tour<\/span><\/em><br \/>\n<em> <span style=\"color: #333333;\">Je\u00a0 l&rsquo;aurais\u00a0 pri\u00e9e pour\u00a0 mon plus grand malheur.<\/span><\/em><\/p>\n<p style=\"text-align: center;\"><span style=\"color: #008000;\"><strong><em>Mais la dolors me devise <\/em><\/strong><strong><em>,<\/em><\/strong><\/span><br \/>\n<span style=\"color: #008000;\"><strong><em> Qu\u2019\u00e0 la millor me sui pris,<br \/>\n<\/em><\/strong><\/span><span style=\"color: #008000;\"><strong><em>Qu\u2019ains fut en cest mond prise<\/em><\/strong><strong><em>,<\/em><\/strong><\/span><br \/>\n<span style=\"color: #008000;\"><strong><em> S\u00e9 j\u2019estoie \u00e0 son devis<\/em><\/strong><strong><em>!\u00a0<\/em><\/strong><\/span><br \/>\n<span style=\"color: #008000;\"><strong><em> Tort a mes cuers, qui s\u2019en prise <\/em><\/strong><span style=\"color: #808080;\"><em>(proisier, preisier)<\/em><\/span><strong><em> ;<\/em><\/strong><\/span><br \/>\n<span style=\"color: #008000;\"><strong><em> Car ne sui pas si eslis,<\/em><\/strong><\/span><br \/>\n<span style=\"color: #008000;\"><strong><em> S\u2019ele eslit, qu\u2019ele m\u2019eslise :<\/em><\/strong><\/span><br \/>\n<span style=\"color: #008000;\"><strong><em> Trop seroie de haut pris.<\/em><\/strong><\/span><\/p>\n<p style=\"text-align: center;\"><em>Mais la douleur me souffle\u00a0<span style=\"color: #808080;\">(deviser, diviser ou tirailler ?)<\/span><\/em><br \/>\n<em>Que\u00a0 \u00a0\u00a0je me serais \u00e9pris de la meilleure<\/em><br \/>\n<em>Qui fut jamais aim\u00e9e en ce monde<\/em><br \/>\n<em>Si j&rsquo;\u00e9tais\u00a0 soumis \u00e0 sa volont\u00e9 !<\/em><br \/>\n<em>Tort\u00a0 \u00e0 mon c\u0153ur, qui s&rsquo;en vante<\/em><br \/>\n<em>Car je ne suis pas si distingu\u00e9 <span style=\"color: #999999;\">(\u00e9ligible, parfait)<\/span><\/em><br \/>\n<em>Si elle choisit jamais, pour qu&rsquo;elle me choisisse :<\/em><br \/>\n<em>Je serais pris de trop haut <span style=\"color: #999999;\">(ce serait m&rsquo;\u00e9lever plus que je le m\u00e9rite)<\/span><\/em><\/p>\n<p style=\"text-align: center;\"><span style=\"color: #008000;\"><strong><em>Et nequedent<\/em><\/strong> <strong><em>\u00a0destin\u00e9e<\/em><\/strong><\/span><br \/>\n<span style=\"color: #008000;\"><strong><em> Done \u00e0 la gent maint pens\u00e9.<\/em><\/strong><\/span><br \/>\n<span style=\"color: #008000;\"><strong><em> Tost i metra sa pensee,<\/em><\/strong><\/span><br \/>\n<span style=\"color: #008000;\"><strong><em> S\u2019Amors li a destin\u00e9e.<\/em><\/strong><\/span><br \/>\n<span style=\"color: #008000;\"><strong><em> Je vis ja telle dame am\u00e9e<\/em><\/strong><\/span><br \/>\n<span style=\"color: #008000;\"><strong><em> D\u2019hom de leur bas parent\u00e9,<\/em><\/strong><\/span><br \/>\n<span style=\"color: #008000;\"><strong><em> Qui miex iert emparent\u00e9e,<\/em><\/strong><\/span><br \/>\n<span style=\"color: #008000;\"><strong><em> Et si l\u2019avoit bien am\u00e9.<\/em><\/strong><\/span><\/p>\n<p style=\"text-align: center;\"><em>Et cependant la destin\u00e9e<\/em><br \/>\n<em>Donne aux gens de quoi r\u00e9fl\u00e9chir<\/em><br \/>\n<em>Et elle aura t\u00f4t fait d&rsquo;y mettre sa pens\u00e9e<\/em><br \/>\n<em>Si l&rsquo;Amour l&rsquo;y a destin\u00e9.<\/em><br \/>\n<em>J&rsquo;ai d\u00e9j\u00e0 vu telle dame aimer<\/em><br \/>\n<em>Homme de plus basse parent\u00e9 <span style=\"color: #999999;\">(lignage)<\/span><\/em><br \/>\n<em>Alors qu&rsquo;elle \u00e9tait mieux n\u00e9e que lui<\/em><br \/>\n<em>Et pourtant, elle l&rsquo;avait aim\u00e9 de belle fa\u00e7on <span style=\"color: #999999;\">(enti\u00e8rement, courtoisement).<\/span><\/em><\/p>\n<p style=\"text-align: center;\"><span style=\"color: #008000;\"><em><strong>Por c&rsquo;est droit , s&rsquo;Amors m*agr\u00e9e,<\/strong><\/em><\/span><br \/>\n<span style=\"color: #008000;\"><em><strong> Que mon cuer li ai don\u00e9 ;<\/strong><\/em><\/span><br \/>\n<span style=\"color: #008000;\"><em><strong> Se s&rsquo;amors ne m&rsquo;a don\u00e9e ,<\/strong><\/em><\/span><br \/>\n<span style=\"color: #008000;\"><em><strong> Tant la servirai \u00e0 gr\u00e9.<\/strong><\/em><\/span><br \/>\n<span style=\"color: #008000;\"><em><strong> S&rsquo;il plaist \u00e0 la d\u00e9sir\u00e9e,<\/strong><\/em><\/span><br \/>\n<span style=\"color: #008000;\"><em><strong> Un dols baisier a cel\u00e9e<\/strong><\/em><\/span><br \/>\n<span style=\"color: #008000;\"><em><strong> Aurai de li \u00e0 cel\u00e9 ,<\/strong><\/em><\/span><br \/>\n<span style=\"color: #008000;\"><em><strong> Que je tant ai d\u00e9sir\u00e9.<\/strong><\/em><\/span><\/p>\n<p style=\"text-align: center;\"><em>Pour cela il est juste, si l&rsquo;Amour m&rsquo;agr\u00e9e,<\/em><br \/>\n<em>Que je lui ai donn\u00e9 mon c\u0153ur,<\/em><br \/>\n<em>Et\u00a0 si elle ne m&rsquo;a donn\u00e9 son amour<\/em><br \/>\n<em>Je la servirai tant \u00e0 sa guise<\/em><br \/>\n<em>Que, s&rsquo;il plait \u00e0 la d\u00e9sir\u00e9e,<\/em><br \/>\n<em>Un doux baiser\u00a0 cach\u00e9\u00a0<\/em><br \/>\n<em>Elle me donnera en secret\u00a0<\/em><br \/>\n<em>Que j&rsquo;ai tant d\u00e9sir\u00e9.<\/em><\/p>\n<hr \/>\n<p>En vous souhaitant une belle journ\u00e9e.<\/p>\n<p>Fred<br \/>\nPour moyenagepassion.com.<br \/>\n<em><strong>A la d\u00e9couverte du Moyen \u00c2ge sous toutes ses formes.<\/strong><\/em><\/p>\n","protected":false},"excerpt":{"rendered":"<p>Sujet :\u00a0 \u00a0musique, po\u00e9sie, chanson m\u00e9di\u00e9vale, amour courtois, trouv\u00e8re, vieux-fran\u00e7ais, langue d\u2019oil, fine amor. P\u00e9riode :\u00a0\u00a0 XIIe si\u00e8cle,\u00a0 XIIIe, Moyen \u00c2ge central Titre :\u00a0 \u00a0En tos tens que vente bise Auteur :\u00a0\u00a0 \u00a0Blondel de Nesle (1155 \u2013 1202) Manuscrit : MS Fran\u00e7ais 844, Manuscrit du roi (BnF d\u00e9partements des manuscrits) Bonjour \u00e0 tous, u coeur &hellip; <a href=\"https:\/\/www.moyenagepassion.com\/index.php\/2020\/06\/14\/en-tos-tens-que-vente-bise-une-chanson-medievale-courtoise-de-blondel-de-nesle\/\" class=\"more-link\">Continuer la lecture de <span class=\"screen-reader-text\">En tos tens que vente bise, une chanson m\u00e9di\u00e9vale courtoise de Blondel de Nesle<\/span>  <span class=\"meta-nav\">&rarr;<\/span><\/a><\/p>\n","protected":false},"author":2,"featured_media":0,"comment_status":"open","ping_status":"open","sticky":false,"template":"","format":"standard","meta":{"_monsterinsights_skip_tracking":false,"_monsterinsights_sitenote_active":false,"_monsterinsights_sitenote_note":"","_monsterinsights_sitenote_category":0,"footnotes":""},"categories":[3677,9],"tags":[1401,298,728,3680,3676,654,6347,4216,2898,1998,3230,3790,6346,618,3867,18,85,78,883,80,4041,139,617,3681],"class_list":["post-30739","post","type-post","status-publish","format-standard","hentry","category-blondel-de-nesle","category-musique-medieval-historique-fantaisie-celtique","tag-album","tag-amour-courtois","tag-auteur-medieval","tag-blondel-de-neele","tag-blondiaus","tag-chanson-medievale","tag-christopher-page","tag-courtoisie","tag-ethnomusicologie","tag-europe-medievale","tag-fine-amor","tag-francais-844","tag-gothic-voices","tag-langue-doil","tag-manuscrit-du-roi","tag-moyen-age","tag-moyen-age-central","tag-musique","tag-musiques-anciennes","tag-poesie","tag-prosper-tarbe","tag-trouvere","tag-vieux-francais","tag-yvan-g-lepage"],"aioseo_notices":[],"_links":{"self":[{"href":"https:\/\/www.moyenagepassion.com\/index.php\/wp-json\/wp\/v2\/posts\/30739"}],"collection":[{"href":"https:\/\/www.moyenagepassion.com\/index.php\/wp-json\/wp\/v2\/posts"}],"about":[{"href":"https:\/\/www.moyenagepassion.com\/index.php\/wp-json\/wp\/v2\/types\/post"}],"author":[{"embeddable":true,"href":"https:\/\/www.moyenagepassion.com\/index.php\/wp-json\/wp\/v2\/users\/2"}],"replies":[{"embeddable":true,"href":"https:\/\/www.moyenagepassion.com\/index.php\/wp-json\/wp\/v2\/comments?post=30739"}],"version-history":[{"count":2,"href":"https:\/\/www.moyenagepassion.com\/index.php\/wp-json\/wp\/v2\/posts\/30739\/revisions"}],"predecessor-version":[{"id":44504,"href":"https:\/\/www.moyenagepassion.com\/index.php\/wp-json\/wp\/v2\/posts\/30739\/revisions\/44504"}],"wp:attachment":[{"href":"https:\/\/www.moyenagepassion.com\/index.php\/wp-json\/wp\/v2\/media?parent=30739"}],"wp:term":[{"taxonomy":"category","embeddable":true,"href":"https:\/\/www.moyenagepassion.com\/index.php\/wp-json\/wp\/v2\/categories?post=30739"},{"taxonomy":"post_tag","embeddable":true,"href":"https:\/\/www.moyenagepassion.com\/index.php\/wp-json\/wp\/v2\/tags?post=30739"}],"curies":[{"name":"wp","href":"https:\/\/api.w.org\/{rel}","templated":true}]}}