{"id":30779,"date":"2020-06-22T22:12:38","date_gmt":"2020-06-22T21:12:38","guid":{"rendered":"https:\/\/www.moyenagepassion.com\/?p=30779"},"modified":"2022-05-30T22:47:37","modified_gmt":"2022-05-30T21:47:37","slug":"une-citation-medievale-de-jules-michelet-sur-les-croisades-et-quelques-reflexions-sur-le-lyrisme-en-histoire","status":"publish","type":"post","link":"https:\/\/www.moyenagepassion.com\/index.php\/2020\/06\/22\/une-citation-medievale-de-jules-michelet-sur-les-croisades-et-quelques-reflexions-sur-le-lyrisme-en-histoire\/","title":{"rendered":"Une citation de Jules Michelet sur les croisades et quelques mots sur le lyrisme en Histoire"},"content":{"rendered":"<div id=\"moyen-80099163\" class=\"moyen-before-content moyen-entity-placement\"><script async src=\"\/\/pagead2.googlesyndication.com\/pagead\/js\/adsbygoogle.js?client=ca-pub-3035390706780632\" crossorigin=\"anonymous\"><\/script><ins class=\"adsbygoogle\" style=\"display:block;\" data-ad-client=\"ca-pub-3035390706780632\" \ndata-ad-slot=\"\" \ndata-ad-format=\"auto\"><\/ins>\n<script> \n(adsbygoogle = window.adsbygoogle || []).push({}); \n<\/script>\n<\/div><p><strong><a href=\"https:\/\/www.moyenagepassion.com\/wp-content\/uploads\/2020\/06\/citation-moyen-age-histoire-france-medievale-jules-michelet.jpg\"><img decoding=\"async\" class=\" wp-image-30780 alignleft\" src=\"https:\/\/www.moyenagepassion.com\/wp-content\/uploads\/2020\/06\/citation-moyen-age-histoire-france-medievale-jules-michelet.jpg\" alt=\"citation-moyen-age-histoire-france-medievale-jules-michelet\" width=\"90\" height=\"139\" \/><\/a>Sujet<\/strong> : citation, monde m\u00e9di\u00e9val, croisades, historien,\u00a0 Godefroy de Bouillon, France m\u00e9di\u00e9vale, lyrisme,\u00a0 \u00a0litt\u00e9rature, roman national<br \/>\n<strong>P\u00e9riode<\/strong> :\u00a0 Moyen \u00c2ge central, XIIe si\u00e8cle, modernit\u00e9<br \/>\n<strong>Auteur<\/strong> : Jules Michelet<br \/>\n<strong>Ouvrage<\/strong> : Histoire de France &#8211; 1833<\/p>\n<hr \/>\n<p style=\"text-align: justify;\"><span style=\"color: #008000;\"><em><b style=\"color: #008000;\">\u201cIl appartient \u00e0 Dieu de se r\u00e9jouir sur son <\/b><span style=\"color: #008000;\"><b>\u0153uvre<\/b><\/span><b style=\"color: #008000;\"> et de dire : Ceci est bon. Il n&rsquo;en est pas ainsi de l&rsquo;homme. Quand il a fait la sienne, quand il a bien travaill\u00e9, qu&rsquo;il a bien couru et su\u00e9, quand il a\u00a0vaincu, et qu&rsquo;il le tient enfin, l&rsquo;objet ador\u00e9, il ne le reconna\u00eet plus, le laisse tomber des mains, le prend\u00a0en d\u00e9go\u00fbt, et soi-m\u00eame. Alors ce n&rsquo;est plus pour lui la peine de vivre ; il n&rsquo;a r\u00e9ussi, avec tant d&rsquo;efforts,\u00a0qu&rsquo;\u00e0 s&rsquo;\u00f4ter son Dieu. Ainsi Alexandre mourut de tristesse quand il eut conquis l&rsquo;Asie, et Alaric, quand\u00a0il eut pris Rome. Godefroi de Bouillon n&rsquo;eut pas plut\u00f4t la terre sainte qu&rsquo;il s&rsquo;assit d\u00e9courag\u00e9 sur cette terre, et languit de reposer dans son sein. Petits et grands, nous sommes tous en ceci Alexandre et Godefroi. L&rsquo;historien comme le h\u00e9ros.\u201d<\/b><\/em><\/span><\/p>\n<p><strong>Jules Michelet<\/strong> \u2013 <em>Histoire de France T2 \u2013 Suite de la croisade (1833)<\/em><\/p>\n<p><a href=\"https:\/\/www.moyenagepassion.com\/wp-content\/uploads\/2020\/06\/citation-moyen-age-monde-medieval-croisades-jules-michelet-histoire-de-france.jpg\" target=\"_blank\" rel=\"noopener noreferrer\"><img decoding=\"async\" class=\"alignnone wp-image-30781 size-full\" src=\"https:\/\/www.moyenagepassion.com\/wp-content\/uploads\/2020\/06\/citation-moyen-age-monde-medieval-croisades-jules-michelet-histoire-de-france.jpg\" alt=\"citation-moyen-age-monde-medieval-croisades-jules-michelet-histoire-de-france\" width=\"920\" height=\"421\" srcset=\"https:\/\/www.moyenagepassion.com\/wp-content\/uploads\/2020\/06\/citation-moyen-age-monde-medieval-croisades-jules-michelet-histoire-de-france.jpg 920w, https:\/\/www.moyenagepassion.com\/wp-content\/uploads\/2020\/06\/citation-moyen-age-monde-medieval-croisades-jules-michelet-histoire-de-france-300x137.jpg 300w\" sizes=\"(max-width: 920px) 100vw, 920px\" \/><\/a><\/p>\n<hr \/>\n<p>Bonjour \u00e0 tous,<\/p>\n<p style=\"text-align: justify;\"><img decoding=\"async\" class=\"alignleft size-full wp-image-23904\" src=\"https:\/\/www.moyenagepassion.com\/wp-content\/uploads\/2018\/10\/S_lettrine_moyen_age_passion.jpg\" alt=\"S_lettrine_moyen_age_passion\" width=\"84\" height=\"103\" \/>il convient de prendre soin, en relisant <strong>Jules Michelet\u00a0<\/strong> (comme d&rsquo;autres historiens du pass\u00e9, du reste) de le resituer dans son temps, il demeure difficile de rester insensible \u00e0 l&rsquo;\u00e9rudition et aux qualit\u00e9s de cet historien du XIXe si\u00e8cle, haut en couleur et au caract\u00e8re tremp\u00e9. Encore aujourd&rsquo;hui, sa monumentale\u00a0 \u00a0<em>Histoire de France\u00a0 \u00a0<\/em><em>\u00a0\u00a0<\/em>impressionne par son contenu et son ambition.\u00a0 Pourtant, au del\u00e0 de ce vaste r\u00e9cit national\u00a0 revisit\u00e9 \u00e0 l&rsquo;aulne de Michelet, ce qui frappe sans doute le plus, de prime abord, en feuilletant ses volumes, ce sont les talents stylistiques de ce dernier et l&rsquo;intensit\u00e9 qu&rsquo;il met\u00a0\u00a0\u00e0\u00a0 nous transmettre sa passion pour la France comme pour l&rsquo;histoire.<\/p>\n<p style=\"text-align: justify;\">Nous ne sommes pas les premiers \u00e0 chanter les louanges litt\u00e9raires de <strong>Jules Michelet<\/strong>.\u00a0 Face \u00e0 ses\u00a0 \u00a0parutions et notamment celle-ci, m\u00eame ses nombreux d\u00e9tracteurs n&rsquo;ont\u00a0 eu d&rsquo;autres choix que de s&rsquo;incliner sur\u00a0 ces aspects.\u00a0 De fait, qui est sensible \u00e0 la langue fran\u00e7aise et aux qualit\u00e9s de plume ne pourra que tomber sous le charme. Nous sommes face \u00e0 un grand auteur. On a m\u00eame soulign\u00e9 ce talent chez lui au risque d&rsquo;\u00e9clipser, parfois son \u00e9rudition au sujet de l&rsquo;Histoire elle-m\u00eame. \u00ab\u00a0<em>L&rsquo;auteur de l&rsquo;Histoire de France \u00e9crirait-il trop bien pour \u00eatre honn\u00eate ?<\/em>\u00a0\u00bb se demandait le journaliste\u00a0<strong>J\u00e9r\u00f4me Gautheret<\/strong> dans un article du\u00a0<strong>\u00a0 Monde<\/strong> de 2008, en saluant au passage la r\u00e9\u00e9dition de cette oeuvre de Michelet (<a href=\"https:\/\/www.lemonde.fr\/livres\/article\/2008\/02\/07\/l-histoire-de-france-de-michelet-enfin-reeditee_1008392_3260.html\" target=\"_blank\" rel=\"noopener noreferrer\"><em>l&rsquo;Histoire de France de Michelet enfin r\u00e9\u00e9dit\u00e9<\/em><\/a>). La formule est triviale, mais elle r\u00e9sume assez bien l&rsquo;id\u00e9e.<\/p>\n<h2 style=\"text-align: justify;\">\u00a0Un Roman national :<br \/>\nl&rsquo;Histoire \u00e0 l&rsquo;aulne de Michelet<\/h2>\n<p style=\"text-align: justify;\"><img decoding=\"async\" class=\"alignright wp-image-30819\" src=\"https:\/\/www.moyenagepassion.com\/wp-content\/uploads\/2020\/06\/michelet-histoire-de-france-livre-historien-auteur.jpg\" alt=\"michelet-histoire-de-france-livre-historien-auteur\" width=\"167\" height=\"491\" srcset=\"https:\/\/www.moyenagepassion.com\/wp-content\/uploads\/2020\/06\/michelet-histoire-de-france-livre-historien-auteur.jpg 250w, https:\/\/www.moyenagepassion.com\/wp-content\/uploads\/2020\/06\/michelet-histoire-de-france-livre-historien-auteur-102x300.jpg 102w\" sizes=\"(max-width: 167px) 100vw, 167px\" \/>Sur le fond,\u00a0 \u00a0c&rsquo;est un fait,\u00a0 <strong>Jules Michelet<\/strong> est un homme de conviction. Il porte des valeurs fortes et entend les transmettre.\u00a0 Certaines demeurent de son temps, d&rsquo;autres nous semblent, aujourd&rsquo;hui,\u00a0 \u00a0venir au secours de notre modernit\u00e9 et vouloir l&rsquo;\u00e9clairer. Par dessus tout, notre homme aime la r\u00e9publique, comme il aime la nation\u00a0 et ce qui l&rsquo;a forg\u00e9e. Il sait aussi la France ciment\u00e9e par sa langue sous les apports des peuples multiples qui l&rsquo;ont form\u00e9e. Sa continuit\u00e9 est ailleurs.<\/p>\n<p style=\"text-align: justify;\">Plus qu&rsquo;avoir simplement \u00e9crit une histoire de France, Michelet l&rsquo;a forg\u00e9\u00a0 sur son enclume comme un artisan.\u00a0Avec son c\u0153ur, sa fougue et le feu de ses convictions, il y a fait entrer ses v\u00e9rit\u00e9s,\u00a0 La patine qui en r\u00e9sulte n&rsquo;a pas \u00e9t\u00e9 et n&rsquo;est toujours pas du go\u00fbt de tous. Elle a toujours fait pol\u00e9mique. Revisit\u00e9e \u00e0 la lumi\u00e8re de l&rsquo;histoire actuelle, elle emporte aussi quelques inexactitudes.\u00a0Bien s\u00fbr, son objectivit\u00e9 et ses prises de positions fortes ont \u00e9t\u00e9 largement questionn\u00e9es. On ira m\u00eame jusqu&rsquo;\u00e0 le traiter d&rsquo;imposteur. Entre toutes les critiques qui suivront,\u00a0 on finira par lui reprocher, de mani\u00e8re presque consensuelle, d&rsquo;avoir \u00e9t\u00e9 \u00e0 l&rsquo;origine d&rsquo;une Histoire de la France romanc\u00e9e et m\u00eame romanesque et id\u00e9alis\u00e9e : un \u00ab\u00a0roman national\u00a0\u00bb que les temps suivants se chargeraient bient\u00f4t de mettre copieusement \u00e0 bas.<\/p>\n<hr \/>\n<p><span style=\"color: #008000;\"><em><b style=\"color: #008000;\">\u00ab\u00a0Cette <\/b><span style=\"color: #008000;\"><b>\u0153uvre<\/b><\/span><b style=\"color: #008000;\">\u00a0 m\u00e9morable, d&rsquo;environ quarante ans, fut con\u00e7ue d&rsquo;un moment, de l&rsquo;\u00e9clair de Juillet. Dans ces jours m\u00e9morables, une grande lumi\u00e8re se fit, et j&rsquo;aper\u00e7us la France.\u00a0\u00bb<\/b><\/em><\/span><\/p>\n<p><span style=\"color: #333333;\"><strong>Jules Michelet\u00a0 &#8211;\u00a0 \u00a0<\/strong><em>Histoire de France &#8211; pr\u00e9face de 1869<\/em><\/span><\/p>\n<hr \/>\n<h2>Le souffle lyrique de Michelet<\/h2>\n<p style=\"text-align: justify;\">Quoiqu&rsquo;il en soit,\u00a0 si l&rsquo;id\u00e9ologie n&rsquo;est \u00e9videmment pas absente\u00a0 des ouvrages de Michelet et si son roman national\u00a0 a essuy\u00e9, depuis, de s\u00e9rieux contre pieds,\u00a0 il demeure \u00e9vident que personne ne pourra priver l&rsquo;homme de son talent.\u00a0 A\u00a0 pr\u00e8s de 200 ans des\u00a0<i> <\/i>premiers tomes\u00a0 de son <em>Histoire de France<\/em>,\u00a0 un puissant souffle lyrique traverse encore\u00a0 cette oeuvre de part en part. Toute proportion gard\u00e9e, c&rsquo;est un peu comme si une certaine culture antique et m\u00e9di\u00e9vale de la chronique historique venait prendre le pas, par endroits, sur un style plus neutre et encyclop\u00e9dique qu&rsquo;on pourrait attendre, de nos jours, d&rsquo;un projet de cette ambition. Nous sommes face, ici, \u00e0 une Histoire qui se raconte avec \u00e9lan et qui r\u00e9sonne comme autant d&rsquo;histoires imbriqu\u00e9es. L&rsquo;historien y assume pleinement la place de\u00a0 v\u00e9ritable auteur et, se faisant, il se double aussi d&rsquo;un \u00ab\u00a0(hi)story teller\u00a0\u00bb,\u00a0 \u00a0un conteur.<\/p>\n<h3>Une tradition lyrique en histoire<\/h3>\n<p style=\"text-align: justify;\">Nous ne ferons pas ici l&rsquo;historiographie d&rsquo;une certaine tradition lyrique et litt\u00e9raire\u00a0 en Histoire. Elle ne d\u00e9bute pas avec Michelet.\u00a0 Elle ne s&rsquo;arr\u00eatera pas avec lui. Une fois les \u00e9l\u00e9ments bien pos\u00e9s d&rsquo;une m\u00e9thodologie historique, elle se poursuivra m\u00eame, jusqu&rsquo;\u00e0 nous, dans une proportion\u00a0 variable (et un attachement in\u00e9gal), en fonction de la sensibilit\u00e9 de chaque historien. Sous le poids de l&rsquo;acad\u00e9mie ou d&rsquo;une certaine \u00e9pist\u00e9mologie, s&rsquo;il fallait poser la question : <em>\u00ab\u00a0l&rsquo;Histoire devrait-elle ennuyeuse pour \u00eatre s\u00e9rieuse ?<\/em>\u00a0\u00bb La r\u00e9ponse serait, \u00e0 coup s\u00fbr, non. Au risque de quelquefois diluer la v\u00e9rit\u00e9 dans ses effets (\u00e0 quoi vigilance commande) la discipline subit aussi les exigences (p\u00e9dagogiques\u00a0 ou passionn\u00e9es) de sa propre transmission.<\/p>\n<h3>Entre passion et transmission<\/h3>\n<p style=\"text-align: justify;\"><img decoding=\"async\" class=\"alignleft wp-image-30835\" src=\"https:\/\/www.moyenagepassion.com\/wp-content\/uploads\/2020\/06\/michelet-histoire-de-france-livre-historien-auteur_002.jpg\" alt=\"michelet-histoire-de-france-livre-historien-auteur_002\" width=\"162\" height=\"477\" srcset=\"https:\/\/www.moyenagepassion.com\/wp-content\/uploads\/2020\/06\/michelet-histoire-de-france-livre-historien-auteur_002.jpg 250w, https:\/\/www.moyenagepassion.com\/wp-content\/uploads\/2020\/06\/michelet-histoire-de-france-livre-historien-auteur_002-102x300.jpg 102w\" sizes=\"(max-width: 162px) 100vw, 162px\" \/>Qu&rsquo;on nous passe le jeux de mots, mais si l&rsquo;histoire est faite de la chair de ses chercheurs et de ses hommes, elle a aussi\u00a0 ses chaires, ses t\u00eates blondes et ses auditoires. Certes, elle est li\u00e9e inextricablement et historiquement \u00e0 la litt\u00e9rature, mais elle est aussi entr\u00e9e dans le monde de l&rsquo;\u00e9ducation par la grande porte. Nous l&rsquo;avons d\u00e9j\u00e0 dit, c&rsquo;est \u00e0 la fois un science de l&rsquo;homme et une mati\u00e8re scolaire. A ce\u00a0 titre, elle reste une discipline de la passation et il faut bien qu&rsquo;elle en assume pleinement les contingences :\u00a0 intelligibilit\u00e9, n\u00e9cessit\u00e9 et volont\u00e9 de partage, mais encore passion de ses hommes et conscience aig\u00fce, pour la plupart d&rsquo;entre eux, de l&rsquo;importance de la perp\u00e9tuation d&rsquo;une conscience historique pour une juste\u00a0 compr\u00e9hension du pr\u00e9sent et une meilleure pr\u00e9paration de l&rsquo;avenir.\u00a0 Bien des historiens modernes pourraient tomber d&rsquo;accord sur cette derni\u00e8re dimension. Au milieu du XXe, souvenons-nous d&rsquo;un\u00a0 <a href=\"https:\/\/www.moyenagepassion.com\/index.php\/2017\/10\/18\/lucien-febvre-lecole-des-annales-et-la-passion-de-lhistoire\/\" target=\"_blank\" rel=\"noopener noreferrer\">Lucien Febvre<\/a>\u00a0 qui s&rsquo;enflammait tout entier pour un <em>combat pour l&rsquo;Histoire<\/em>. Il aurait, lui aussi, de nombreux h\u00e9ritiers.<\/p>\n<p style=\"text-align: justify;\">Pour apporter de l&rsquo;eau au moulin de cette histoire attach\u00e9e au style\u00a0 qui entend\u00a0 s&rsquo;ouvrir \u00e0 l&rsquo;autre, en soignant sa plume et ses effets, on pourra encore \u00e9voquer, plus proche de nous,\u00a0 certaines pages de \u00a0<strong>Georges Duby<\/strong>\u00a0 ou\u00a0 de mani\u00e8re plus parlante encore, certains extraits de son \u00ab\u00a0<em>Temps des Cath\u00e9drales<\/em>\u00a0\u00bb (papier ou t\u00e9l\u00e9visuel). Chez lui comme chez Michelet ou bien d&rsquo;autres, on retrouvera,\u00a0 dans\u00a0 ce souffle lyrique d&rsquo;une histoire qui s&rsquo;enflamme, une volont\u00e9 d&rsquo;entra\u00eener dans ses plus belles envol\u00e9es, l&rsquo;int\u00e9r\u00eat pour le pass\u00e9 autant que la passion pour l&rsquo;histoire.\u00a0 De son c\u00f4t\u00e9, le lecteur ou l&rsquo;auditeur ne pourra que s&rsquo;en d\u00e9lecter, m\u00eame s&rsquo;il ne devra pas, pour autant, d\u00e9sarmer son sens critique. Peut-\u00eatre m\u00eame devra-t-il,\u00a0 l&rsquo;exercer plus encore\u00a0 ; la beaut\u00e9 d&rsquo;un effet de style ou la plus belle des anecdotes ne devraient jamais faire perdre de vue totalement la complexit\u00e9 des faits et toutes\u00a0 leurs nuances.<span style=\"color: #ff0000;\">\u00a0 \u00a0<\/span><\/p>\n<p>En vous souhaitant une belle journ\u00e9e.<br \/>\nFred<\/p>\n<p>Pour moyenagepassion.com<br \/>\n<em><strong>A la d\u00e9couverte du Moyen \u00c2ge sous toutes ses formes.<\/strong><\/em><\/p>\n","protected":false},"excerpt":{"rendered":"<p>Sujet : citation, monde m\u00e9di\u00e9val, croisades, historien,\u00a0 Godefroy de Bouillon, France m\u00e9di\u00e9vale, lyrisme,\u00a0 \u00a0litt\u00e9rature, roman national P\u00e9riode :\u00a0 Moyen \u00c2ge central, XIIe si\u00e8cle, modernit\u00e9 Auteur : Jules Michelet Ouvrage : Histoire de France &#8211; 1833 \u201cIl appartient \u00e0 Dieu de se r\u00e9jouir sur son \u0153uvre et de dire : Ceci est bon. Il n&rsquo;en est &hellip; <a href=\"https:\/\/www.moyenagepassion.com\/index.php\/2020\/06\/22\/une-citation-medievale-de-jules-michelet-sur-les-croisades-et-quelques-reflexions-sur-le-lyrisme-en-histoire\/\" class=\"more-link\">Continuer la lecture de <span class=\"screen-reader-text\">Une citation de Jules Michelet sur les croisades et quelques mots sur le lyrisme en Histoire<\/span>  <span class=\"meta-nav\">&rarr;<\/span><\/a><\/p>\n","protected":false},"author":2,"featured_media":0,"comment_status":"open","ping_status":"open","sticky":false,"template":"","format":"standard","meta":{"_monsterinsights_skip_tracking":false,"_monsterinsights_sitenote_active":false,"_monsterinsights_sitenote_note":"","_monsterinsights_sitenote_category":0,"footnotes":""},"categories":[154,16],"tags":[155,1118,1366,4951,189,525,2014,1641,4952,182,18,5587,4960,2064],"class_list":["post-30779","post","type-post","status-publish","format-standard","hentry","category-citations-moyen-age-medievales","category-sources-et-articles-moyen-age-periode-medievale","tag-citation","tag-croisades","tag-france-medievale","tag-godefroy-de-bouillon","tag-histoire","tag-historien","tag-jules-michelet","tag-litterature","tag-lyrisme","tag-monde-medieval","tag-moyen-age","tag-moyen-age-2","tag-roman-national","tag-xiie-siecle"],"aioseo_notices":[],"_links":{"self":[{"href":"https:\/\/www.moyenagepassion.com\/index.php\/wp-json\/wp\/v2\/posts\/30779"}],"collection":[{"href":"https:\/\/www.moyenagepassion.com\/index.php\/wp-json\/wp\/v2\/posts"}],"about":[{"href":"https:\/\/www.moyenagepassion.com\/index.php\/wp-json\/wp\/v2\/types\/post"}],"author":[{"embeddable":true,"href":"https:\/\/www.moyenagepassion.com\/index.php\/wp-json\/wp\/v2\/users\/2"}],"replies":[{"embeddable":true,"href":"https:\/\/www.moyenagepassion.com\/index.php\/wp-json\/wp\/v2\/comments?post=30779"}],"version-history":[{"count":2,"href":"https:\/\/www.moyenagepassion.com\/index.php\/wp-json\/wp\/v2\/posts\/30779\/revisions"}],"predecessor-version":[{"id":44500,"href":"https:\/\/www.moyenagepassion.com\/index.php\/wp-json\/wp\/v2\/posts\/30779\/revisions\/44500"}],"wp:attachment":[{"href":"https:\/\/www.moyenagepassion.com\/index.php\/wp-json\/wp\/v2\/media?parent=30779"}],"wp:term":[{"taxonomy":"category","embeddable":true,"href":"https:\/\/www.moyenagepassion.com\/index.php\/wp-json\/wp\/v2\/categories?post=30779"},{"taxonomy":"post_tag","embeddable":true,"href":"https:\/\/www.moyenagepassion.com\/index.php\/wp-json\/wp\/v2\/tags?post=30779"}],"curies":[{"name":"wp","href":"https:\/\/api.w.org\/{rel}","templated":true}]}}