{"id":30872,"date":"2020-06-25T20:55:07","date_gmt":"2020-06-25T19:55:07","guid":{"rendered":"https:\/\/www.moyenagepassion.com\/?p=30872"},"modified":"2025-10-13T01:59:38","modified_gmt":"2025-10-13T00:59:38","slug":"les-renforts-malefiques-tome-9-des-bd-kaamelott-et-un-interview-dalexandre-astier","status":"publish","type":"post","link":"https:\/\/www.moyenagepassion.com\/index.php\/2020\/06\/25\/les-renforts-malefiques-tome-9-des-bd-kaamelott-et-un-interview-dalexandre-astier\/","title":{"rendered":"Les Renforts Mal\u00e9fiques, T9 des BD Kaamelott &amp; un interview d&rsquo;Alexandre Astier"},"content":{"rendered":"<div id=\"moyen-4149473867\" class=\"moyen-before-content moyen-entity-placement\"><script async src=\"\/\/pagead2.googlesyndication.com\/pagead\/js\/adsbygoogle.js?client=ca-pub-3035390706780632\" crossorigin=\"anonymous\"><\/script><ins class=\"adsbygoogle\" style=\"display:block;\" data-ad-client=\"ca-pub-3035390706780632\" \ndata-ad-slot=\"\" \ndata-ad-format=\"auto\"><\/ins>\n<script> \n(adsbygoogle = window.adsbygoogle || []).push({}); \n<\/script>\n<\/div><p><img decoding=\"async\" class=\"alignleft wp-image-30879\" src=\"https:\/\/www.moyenagepassion.com\/wp-content\/uploads\/2020\/06\/kaamelott-serie-tv-alexandre-astier-M6.jpg\" alt=\"kaamelott-serie-tv-alexandre-astier-M6\" width=\"66\" height=\"134\" \/>\u00a0<strong>Sujet<\/strong>\u00a0 :\u00a0 \u00a0Kaamelott, humour, , s\u00e9rie t\u00e9l\u00e9vis\u00e9e,\u00a0 \u00a0 \u00a0m\u00e9di\u00e9val-fantastique, com\u00e9die, bandes dessin\u00e9es, l\u00e9gendes arthuriennes, nouveaut\u00e9,\u00a0 fantasy<br \/>\n<strong>P\u00e9riode<\/strong>\u00a0 : haut Moyen \u00c2ge \u00e0 central<br \/>\n<strong>Auteur<\/strong>\u00a0 :\u00a0 \u00a0Alexandre Astier<br \/>\n<strong>Ouvrage<\/strong> :\u00a0 \u00a0<em>Les Renforts Mal\u00e9fiques, BD,\u00a0\u00a0<\/em>Casterman<\/p>\n<p>Bonjour \u00e0 tous,<\/p>\n<p style=\"text-align: justify;\"><img decoding=\"async\" class=\"alignleft size-full wp-image-24221\" src=\"https:\/\/www.moyenagepassion.com\/wp-content\/uploads\/2015\/12\/A_lettrine_moyen_age_passion1.jpg\" alt=\"A_lettrine_moyen_age_passion\" width=\"84\" height=\"103\" \/>\u00a0l&rsquo;occasion de la sortie de la nouvelle BD autour de l&rsquo;<a href=\"https:\/\/www.moyenagepassion.com\/index.php\/tag\/kaamelott\/\" target=\"_blank\" rel=\"noopener noreferrer\">univers Kaamelott<\/a>, la cha\u00eene Youtube\u00a0<em>Captain Popcorn<\/em> a pris l&rsquo;excellente initiative de nous gratifier\u00a0 d&rsquo;un long interview de l&rsquo;auteur\u00a0 <strong>Alexandre Astier<\/strong> que celui-ci\u00a0 a eu la bonne id\u00e9e d&rsquo;accepter.<\/p>\n<p style=\"text-align: justify;\">Ce bel entretien, pos\u00e9 et au calme, permet \u00e0 l&rsquo;auteur des l\u00e9gendes arthuriennes \u00e0 la fran\u00e7aise et de l&rsquo;Exoconf\u00e9rence\u00a0 de se livrer sur de nombreux aspects : r\u00e9f\u00e9rences aux jeux de r\u00f4le, sp\u00e9cificit\u00e9 de l&rsquo;\u00e9criture BD,\u00a0d\u00e9tours sur quelques r\u00e9f\u00e9rences aux super-h\u00e9ros,\u00a0 \u00e0 Star Wars et aux incontournables <a href=\"https:\/\/www.moyenagepassion.com\/index.php\/2015\/12\/12\/seance-cinema-sacre-graal-ou-lhistoire-du-roi-arthur-revisitee-par-les-monthy-pithon\/\" target=\"_blank\" rel=\"noopener noreferrer\">Monty Python<\/a> et un mot encore de Kaamelott Resistance, toujours dans les cartons.<\/p>\n<h2 style=\"text-align: justify;\"><strong>Opus 9 : les Renforts Mal\u00e9fiques<\/strong><\/h2>\n<p style=\"text-align: justify;\"><a href=\"https:\/\/www.amazon.fr\/gp\/product\/2203085053\/ref=as_li_tl?ie=UTF8&amp;camp=1642&amp;creative=6746&amp;creativeASIN=2203085053&amp;linkCode=as2&amp;tag=f1266-21&amp;linkId=1824691413aabeae7c6f55f9ce2b4af6\" target=\"_blank\" rel=\"noopener noreferrer\"><img decoding=\"async\" class=\"alignright wp-image-30874\" src=\"https:\/\/www.moyenagepassion.com\/wp-content\/uploads\/2020\/06\/bandes-dessinees-kaamelott-tome-9-nouveaute-interview-Alexandre-astier.jpg\" alt=\"bandes-dessinees-kaamelott-tome-9-nouveaute-interview-Alexandre-astier\" width=\"190\" height=\"253\" srcset=\"https:\/\/www.moyenagepassion.com\/wp-content\/uploads\/2020\/06\/bandes-dessinees-kaamelott-tome-9-nouveaute-interview-Alexandre-astier.jpg 300w, https:\/\/www.moyenagepassion.com\/wp-content\/uploads\/2020\/06\/bandes-dessinees-kaamelott-tome-9-nouveaute-interview-Alexandre-astier-225x300.jpg 225w\" sizes=\"(max-width: 190px) 100vw, 190px\" \/><\/a>C\u00f4t\u00e9 nouveaut\u00e9, ce nouvel opus, qui se pr\u00e9sente comme le tome 9 des bandes dessin\u00e9es Kaamelott, a pour titre\u00a0<em><strong>Les Renforts Mal\u00e9fiques<\/strong><\/em>. Il correspond \u00e0 la suite de <em>l&rsquo;Antre du Basilic<\/em>, m\u00eame si, on le notera \u00e0 l&rsquo;\u00e9coute de l&rsquo;interview, il se pr\u00e9sente, d&rsquo;une certaine fa\u00e7on, comme un\u00a0 ouvrage \u00e0 part enti\u00e8re ou un diptyque qui ne\u00a0 dit pas son nom.<\/p>\n<p style=\"text-align: justify;\">Cette nouvelle BD et d&rsquo;ors et d\u00e9j\u00e0 \u00e0 la vente dans tous les bonnes librairies. A toutes fins utiles, voici \u00e9galement un lien pour l&rsquo;acqu\u00e9rir en ligne : <a href=\"https:\/\/www.amazon.fr\/gp\/product\/2203085053\/ref=as_li_tl?ie=UTF8&amp;camp=1642&amp;creative=6746&amp;creativeASIN=2203085053&amp;linkCode=as2&amp;tag=f1266-21&amp;linkId=1824691413aabeae7c6f55f9ce2b4af6\" target=\"_blank\" rel=\"noopener noreferrer\">Kaamelott, Tome 9 : Les Renforts Mal\u00e9fiques<\/a><img decoding=\"async\" src=\"\/\/ir-fr.amazon-adsystem.com\/e\/ir?t=f1266-21&amp;l=am2&amp;o=8&amp;a=2203085053\" alt=\"\" width=\"1\" height=\"1\" border=\"0\" \/>.<\/p>\n<p><em>L&rsquo;Interview d&rsquo;<\/em><strong>Alexandre Astier<\/strong><em>\u00a0 sur l&rsquo;univers et les BD Kaamelott<\/em><br \/>\n<code><iframe src=\"https:\/\/www.youtube.com\/embed\/J2dZN4pr6OQ\" width=\"600\" height=\"333\" frameborder=\"0\" allowfullscreen=\"allowfullscreen\"><\/iframe><\/code><\/p>\n<h2>A propos des Bandes Dessin\u00e9es Kaamelott<\/h2>\n<p style=\"text-align: justify;\"><img decoding=\"async\" style=\"border: none !important; margin: 0px !important;\" src=\"\/\/ir-fr.amazon-adsystem.com\/e\/ir?t=f1266-21&amp;l=am2&amp;o=8&amp;a=2203063718\" alt=\"\" width=\"1\" height=\"1\" border=\"0\" \/>Depuis l&rsquo;ann\u00e9e 2006,\u00a0 neuf tomes de BD\u00a0 Kaamelott sont d\u00e9j\u00e0 parus chez <strong>Casterman,\u00a0\u00a0<\/strong>\u00a0 tous \u00e9crits de la main\u00a0 d&rsquo;\u00a0<strong>Alexandre Astier<\/strong>\u00a0. Depuis le d\u00e9but de la saga, la partie illustration a, quant \u00e0 elle,\u00a0\u00a0 \u00e9t\u00e9 confi\u00e9e au talentueux dessinateur belge\u00a0 \u00a0<strong>Steven\u00a0 Dupr\u00e9<\/strong>.<\/p>\n<p style=\"text-align: justify;\"><a href=\"https:\/\/www.moyenagepassion.com\/wp-content\/uploads\/2020\/06\/bande-dessinees-kaamelott-casterman-alexandre-astier.jpg\" target=\"_blank\" rel=\"noopener noreferrer\"><img decoding=\"async\" class=\"alignnone wp-image-30877 size-full\" src=\"https:\/\/www.moyenagepassion.com\/wp-content\/uploads\/2020\/06\/bande-dessinees-kaamelott-casterman-alexandre-astier.jpg\" alt=\"bande-dessinees-kaamelott-casterman-alexandre-astier\" width=\"800\" height=\"591\" srcset=\"https:\/\/www.moyenagepassion.com\/wp-content\/uploads\/2020\/06\/bande-dessinees-kaamelott-casterman-alexandre-astier.jpg 800w, https:\/\/www.moyenagepassion.com\/wp-content\/uploads\/2020\/06\/bande-dessinees-kaamelott-casterman-alexandre-astier-300x222.jpg 300w\" sizes=\"(max-width: 800px) 100vw, 800px\" \/><\/a><\/p>\n<p style=\"text-align: justify;\">Cot\u00e9 format, chaque album propose des aventures in\u00e9dites et d\u00e9brid\u00e9es dans l&rsquo;univers de la s\u00e9rie. On connait l&rsquo;exigence d&rsquo;<strong>Alexandre Astier<\/strong> sur ses productions : il n&rsquo;a donc pas \u00e9t\u00e9 question de c\u00e9der, ici, \u00e0 la facilit\u00e9, ni de rem\u00e2cher des choses d\u00e9j\u00e0 trait\u00e9es \u00e0 l&rsquo;\u00e9cran. L&rsquo;\u00e9criture se trouve \u00e9galement affranchie de certaines contraintes de moyens li\u00e9es aux productions t\u00e9l\u00e9visuelles des premi\u00e8res heures m\u00eame si l&rsquo;auteur nous expliquera, dans l&rsquo;interview, que c&rsquo;est une libert\u00e9 dont il faut savoir user, sans abuser (en BD comme \u00e0 l&rsquo;\u00e9cran).<\/p>\n<p style=\"text-align: justify;\">Grandes espaces, effets spectaculaires et cr\u00e9atures fantastiques, cet affranchissement permet tout de m\u00eame, d&rsquo;offrir au lecteur, des histoires qui se d\u00e9marquent d&rsquo;autant plus de la s\u00e9rie TV. De fait, ces\u00a0 Bandes Dessin\u00e9es\u00a0 Kaamelott en ressortent presque plus clairement ancr\u00e9es dans un m\u00e9di\u00e9val fantasy \u00e9pique, teint\u00e9 de r\u00e9f\u00e9rences \u00e0\u00a0 la\u00a0 \u00a0<strong>Donjons et Dragons.\u00a0 <\/strong>Alexandre Astier les a, du reste, toujours revendiqu\u00e9 \u00e0 propos de Kaamelott et on a encore en t\u00eate certains d&rsquo;\u00e9pisodes m\u00e9morables de la S\u00e9rie TV d\u00e9di\u00e9s au Donjon Crawling et \u00e0 l&rsquo;exploration de labyrinthes.<\/p>\n<h3 style=\"text-align: justify;\">D\u00e9couvrir les\u00a0 BD\u00a0 de\u00a0 Kaamelott d\u00e9j\u00e0 parues<\/h3>\n<p><a href=\"https:\/\/www.moyenagepassion.com\/wp-content\/uploads\/2020\/06\/BD-kaamelott-nouveautes-sortie-9-tome-alexandre-astier-Bande-dessinee-2.jpg\"><img decoding=\"async\" class=\"aligncenter wp-image-30880 size-full\" src=\"https:\/\/www.moyenagepassion.com\/wp-content\/uploads\/2020\/06\/BD-kaamelott-nouveautes-sortie-9-tome-alexandre-astier-Bande-dessinee-2.jpg\" alt=\"BD-kaamelott-nouveautes-sortie-9-tome-alexandre-astier-Bande-dessinee-2\" width=\"1024\" height=\"246\" srcset=\"https:\/\/www.moyenagepassion.com\/wp-content\/uploads\/2020\/06\/BD-kaamelott-nouveautes-sortie-9-tome-alexandre-astier-Bande-dessinee-2.jpg 1024w, https:\/\/www.moyenagepassion.com\/wp-content\/uploads\/2020\/06\/BD-kaamelott-nouveautes-sortie-9-tome-alexandre-astier-Bande-dessinee-2-300x72.jpg 300w\" sizes=\"(max-width: 1024px) 100vw, 1024px\" \/><\/a><\/p>\n<ul>\n<li style=\"text-align: justify;\"><a href=\"https:\/\/www.amazon.fr\/gp\/product\/2203370157\/ref=as_li_tl?ie=UTF8&amp;camp=1642&amp;creative=6746&amp;creativeASIN=2203370157&amp;linkCode=as2&amp;tag=f1266-21&amp;linkId=367b904d570c0898aa27863097f112e7\" target=\"_blank\" rel=\"noopener noreferrer\">Kaamelott, Tome 1 : L&rsquo;Arm\u00e9e Du N\u00e9cromant<\/a><img decoding=\"async\" style=\"border: none !important; margin: 0px !important;\" src=\"\/\/ir-fr.amazon-adsystem.com\/e\/ir?t=f1266-21&amp;l=am2&amp;o=8&amp;a=2203370157\" alt=\"\" width=\"1\" height=\"1\" border=\"0\" \/><\/li>\n<li style=\"text-align: justify;\"><a href=\"https:\/\/www.amazon.fr\/gp\/product\/2203008172\/ref=as_li_tl?ie=UTF8&amp;camp=1642&amp;creative=6746&amp;creativeASIN=2203008172&amp;linkCode=as2&amp;tag=f1266-21&amp;linkId=7b3965ec6784d636fae58e263ddf88fe\" target=\"_blank\" rel=\"noopener noreferrer\">Kaamelott, Tome 2 : Les Si\u00e8ges De Transport<\/a><img decoding=\"async\" style=\"border: none !important; margin: 0px !important;\" src=\"\/\/ir-fr.amazon-adsystem.com\/e\/ir?t=f1266-21&amp;l=am2&amp;o=8&amp;a=2203008172\" alt=\"\" width=\"1\" height=\"1\" border=\"0\" \/><\/li>\n<li style=\"text-align: justify;\"><a href=\"https:\/\/www.amazon.fr\/gp\/product\/2203012889\/ref=as_li_tl?ie=UTF8&amp;camp=1642&amp;creative=6746&amp;creativeASIN=2203012889&amp;linkCode=as2&amp;tag=f1266-21&amp;linkId=b5307538485fc8b7db551bdd86791a48\" target=\"_blank\" rel=\"noopener noreferrer\">Kaamelott, Tome 3 : L&rsquo;Enigme Du Coffre<\/a><img decoding=\"async\" style=\"border: none !important; margin: 0px !important;\" src=\"\/\/ir-fr.amazon-adsystem.com\/e\/ir?t=f1266-21&amp;l=am2&amp;o=8&amp;a=2203012889\" alt=\"\" width=\"1\" height=\"1\" border=\"0\" \/><\/li>\n<li style=\"text-align: justify;\"><a href=\"https:\/\/www.amazon.fr\/gp\/product\/2203024801\/ref=as_li_tl?ie=UTF8&amp;camp=1642&amp;creative=6746&amp;creativeASIN=2203024801&amp;linkCode=as2&amp;tag=f1266-21&amp;linkId=c11a33871249fb59e7aa0ed9cb3d096b\" target=\"_blank\" rel=\"noopener noreferrer\">Kaamelott, Tome 4 : Perceval Et Le Dragon D&rsquo;Airain<\/a><img decoding=\"async\" style=\"border: none !important; margin: 0px !important;\" src=\"\/\/ir-fr.amazon-adsystem.com\/e\/ir?t=f1266-21&amp;l=am2&amp;o=8&amp;a=2203024801\" alt=\"\" width=\"1\" height=\"1\" border=\"0\" \/><\/li>\n<li style=\"text-align: justify;\"><a href=\"https:\/\/www.amazon.fr\/gp\/product\/2203034874\/ref=as_li_tl?ie=UTF8&amp;camp=1642&amp;creative=6746&amp;creativeASIN=2203034874&amp;linkCode=as2&amp;tag=f1266-21&amp;linkId=9139a9db41e81bea3bd718db5711d8bb\" target=\"_blank\" rel=\"noopener noreferrer\">Kaamelott, Tome 5 : Le Serpent G\u00e9ant Du Lac De L&rsquo;Ombre<\/a><img decoding=\"async\" style=\"border: none !important; margin: 0px !important;\" src=\"\/\/ir-fr.amazon-adsystem.com\/e\/ir?t=f1266-21&amp;l=am2&amp;o=8&amp;a=2203034874\" alt=\"\" width=\"1\" height=\"1\" border=\"0\" \/><\/li>\n<li style=\"text-align: justify;\"><a href=\"https:\/\/www.amazon.fr\/gp\/product\/2203038276\/ref=as_li_tl?ie=UTF8&amp;camp=1642&amp;creative=6746&amp;creativeASIN=2203038276&amp;linkCode=as2&amp;tag=f1266-21&amp;linkId=93864b3cb1cce920d1e02b3af5050924\" target=\"_blank\" rel=\"noopener noreferrer\">Kaamelott, tome 6 : Le duel des mages<\/a><img decoding=\"async\" style=\"border: none !important; margin: 0px !important;\" src=\"\/\/ir-fr.amazon-adsystem.com\/e\/ir?t=f1266-21&amp;l=am2&amp;o=8&amp;a=2203038276\" alt=\"\" width=\"1\" height=\"1\" border=\"0\" \/><\/li>\n<li style=\"text-align: justify;\"><a href=\"https:\/\/www.amazon.fr\/gp\/product\/2203061928\/ref=as_li_tl?ie=UTF8&amp;camp=1642&amp;creative=6746&amp;creativeASIN=2203061928&amp;linkCode=as2&amp;tag=f1266-21&amp;linkId=b79db251b22fce367ece1105b2928933\" target=\"_blank\" rel=\"noopener noreferrer\">Kaamelott, Tome 7 : Contre-Attaque En Carm\u00e9lide<\/a><img decoding=\"async\" style=\"border: none !important; margin: 0px !important;\" src=\"\/\/ir-fr.amazon-adsystem.com\/e\/ir?t=f1266-21&amp;l=am2&amp;o=8&amp;a=2203061928\" alt=\"\" width=\"1\" height=\"1\" border=\"0\" \/><\/li>\n<li style=\"text-align: justify;\"><a href=\"https:\/\/www.amazon.fr\/gp\/product\/2203063718\/ref=as_li_tl?ie=UTF8&amp;camp=1642&amp;creative=6746&amp;creativeASIN=2203063718&amp;linkCode=as2&amp;tag=f1266-21&amp;linkId=ac3fa8bdba73a2a36f18e781d129ad6a\" target=\"_blank\" rel=\"noopener noreferrer\">Kaamelott, Tome 8 : L\u2019Antre Du Basilic<\/a><\/li>\n<li style=\"text-align: justify;\"><a href=\"https:\/\/www.amazon.fr\/gp\/product\/2203085053\/ref=as_li_tl?ie=UTF8&amp;camp=1642&amp;creative=6746&amp;creativeASIN=2203085053&amp;linkCode=as2&amp;tag=f1266-21&amp;linkId=1824691413aabeae7c6f55f9ce2b4af6\" target=\"_blank\" rel=\"noopener noreferrer\">Kaamelott, Tome 9 : Les Renforts Mal\u00e9fiques<\/a><img decoding=\"async\" src=\"\/\/ir-fr.amazon-adsystem.com\/e\/ir?t=f1266-21&amp;l=am2&amp;o=8&amp;a=2203085053\" alt=\"\" width=\"1\" height=\"1\" border=\"0\" \/><\/li>\n<li><a href=\"https:\/\/www.moyenagepassion.com\/index.php\/2022\/12\/05\/bd-du-nouveau-du-cote-de-kaamelott-karadoc-et-licosaedre\/\">Kaamelott, Tome 10 : Karadoc et l&rsquo;icosa\u00e8dre<\/a><\/li>\n<\/ul>\n<hr \/>\n<p>En vous souhaitant une belle journ\u00e9e.<\/p>\n<p>Fred<br \/>\nPour Moyenagepassion.com<br \/>\n<em><strong><q>\u00ab\u00a0L\u2019ardente passion, que nul frein ne retient, poursuit ce qu\u2019elle veut et non ce qui convient.\u00bb<\/q><\/strong><strong><q>\u00a0<\/q><\/strong><\/em>Publilius Syrus \u00a0 I<sup>er<\/sup>\u00a0s. av. J.-C.<\/p>\n<p><a href=\"https:\/\/www.moyenagepassion.com\/index.php\/2018\/03\/24\/parenthese-detente-la-bibliotheque-imaginaire-de-kaamelott-et-un-recapitulatif-des-ouvrages-disponibles-sur-la-serie\/\" target=\"_blank\" rel=\"noopener noreferrer\">D\u00e9couvrir d&rsquo;autres lectures autour de Kaamelott &#8211;\u00a0\u00a0<\/a><br \/>\n<a href=\"https:\/\/www.facebook.com\/kaamelottcreas\" target=\"_blank\" rel=\"noopener noreferrer\">Retrouver notre page FB sur la s\u00e9rie\u00a0<\/a><\/p>\n","protected":false},"excerpt":{"rendered":"<p>\u00a0Sujet\u00a0 :\u00a0 \u00a0Kaamelott, humour, , s\u00e9rie t\u00e9l\u00e9vis\u00e9e,\u00a0 \u00a0 \u00a0m\u00e9di\u00e9val-fantastique, com\u00e9die, bandes dessin\u00e9es, l\u00e9gendes arthuriennes, nouveaut\u00e9,\u00a0 fantasy P\u00e9riode\u00a0 : haut Moyen \u00c2ge \u00e0 central Auteur\u00a0 :\u00a0 \u00a0Alexandre Astier Ouvrage :\u00a0 \u00a0Les Renforts Mal\u00e9fiques, BD,\u00a0\u00a0Casterman Bonjour \u00e0 tous, \u00a0l&rsquo;occasion de la sortie de la nouvelle BD autour de l&rsquo;univers Kaamelott, la cha\u00eene Youtube\u00a0Captain Popcorn a pris l&rsquo;excellente &hellip; <a href=\"https:\/\/www.moyenagepassion.com\/index.php\/2020\/06\/25\/les-renforts-malefiques-tome-9-des-bd-kaamelott-et-un-interview-dalexandre-astier\/\" class=\"more-link\">Continuer la lecture de <span class=\"screen-reader-text\">Les Renforts Mal\u00e9fiques, T9 des BD Kaamelott &amp; un interview d&rsquo;Alexandre Astier<\/span>  <span class=\"meta-nav\">&rarr;<\/span><\/a><\/p>\n","protected":false},"author":2,"featured_media":0,"comment_status":"open","ping_status":"open","sticky":false,"template":"","format":"standard","meta":{"_monsterinsights_skip_tracking":false,"_monsterinsights_sitenote_active":false,"_monsterinsights_sitenote_note":"","_monsterinsights_sitenote_category":0,"footnotes":""},"categories":[3],"tags":[197,4167,3663,35,2401,1581,779,1237,556,346,262,2524,4490,4962],"class_list":["post-30872","post","type-post","status-publish","format-standard","hentry","category-livre-moyen-age-medieval-fantaisie","tag-alexandre-astier","tag-bandes-dessinees","tag-bd","tag-chaine-youtube","tag-comedie","tag-fantasy","tag-humour","tag-interview","tag-kaamelott","tag-legendes-arthuriennes","tag-medieval-fantastique","tag-nouveaute","tag-serie-tv","tag-steven-dupre"],"aioseo_notices":[],"_links":{"self":[{"href":"https:\/\/www.moyenagepassion.com\/index.php\/wp-json\/wp\/v2\/posts\/30872"}],"collection":[{"href":"https:\/\/www.moyenagepassion.com\/index.php\/wp-json\/wp\/v2\/posts"}],"about":[{"href":"https:\/\/www.moyenagepassion.com\/index.php\/wp-json\/wp\/v2\/types\/post"}],"author":[{"embeddable":true,"href":"https:\/\/www.moyenagepassion.com\/index.php\/wp-json\/wp\/v2\/users\/2"}],"replies":[{"embeddable":true,"href":"https:\/\/www.moyenagepassion.com\/index.php\/wp-json\/wp\/v2\/comments?post=30872"}],"version-history":[{"count":4,"href":"https:\/\/www.moyenagepassion.com\/index.php\/wp-json\/wp\/v2\/posts\/30872\/revisions"}],"predecessor-version":[{"id":52552,"href":"https:\/\/www.moyenagepassion.com\/index.php\/wp-json\/wp\/v2\/posts\/30872\/revisions\/52552"}],"wp:attachment":[{"href":"https:\/\/www.moyenagepassion.com\/index.php\/wp-json\/wp\/v2\/media?parent=30872"}],"wp:term":[{"taxonomy":"category","embeddable":true,"href":"https:\/\/www.moyenagepassion.com\/index.php\/wp-json\/wp\/v2\/categories?post=30872"},{"taxonomy":"post_tag","embeddable":true,"href":"https:\/\/www.moyenagepassion.com\/index.php\/wp-json\/wp\/v2\/tags?post=30872"}],"curies":[{"name":"wp","href":"https:\/\/api.w.org\/{rel}","templated":true}]}}