{"id":30993,"date":"2020-07-11T22:43:40","date_gmt":"2020-07-11T21:43:40","guid":{"rendered":"https:\/\/www.moyenagepassion.com\/?p=30993"},"modified":"2022-05-30T22:38:50","modified_gmt":"2022-05-30T21:38:50","slug":"hors-champ-le-long-hiver-du-coronavirus-2019","status":"publish","type":"post","link":"https:\/\/www.moyenagepassion.com\/index.php\/2020\/07\/11\/hors-champ-le-long-hiver-du-coronavirus-2019\/","title":{"rendered":"Hors champ : le long hiver de la Covid 19"},"content":{"rendered":"<div id=\"moyen-1852150915\" class=\"moyen-before-content moyen-entity-placement\"><script async src=\"\/\/pagead2.googlesyndication.com\/pagead\/js\/adsbygoogle.js?client=ca-pub-3035390706780632\" crossorigin=\"anonymous\"><\/script><ins class=\"adsbygoogle\" style=\"display:block;\" data-ad-client=\"ca-pub-3035390706780632\" \ndata-ad-slot=\"\" \ndata-ad-format=\"auto\"><\/ins>\n<script> \n(adsbygoogle = window.adsbygoogle || []).push({}); \n<\/script>\n<\/div><p>Bonjour \u00e0 tous,<\/p>\n<p style=\"text-align: justify;\"><img decoding=\"async\" class=\"alignleft size-full wp-image-24221\" src=\"https:\/\/www.moyenagepassion.com\/wp-content\/uploads\/2015\/12\/A_lettrine_moyen_age_passion1.jpg\" alt=\"A_lettrine_moyen_age_passion\" width=\"84\" height=\"103\">pr\u00e8s le d\u00e9confinement amorc\u00e9 au courant du mois de mai et comme on l&rsquo;imagine, pour bien des \u00e9tablissements culturels, rouvrir ses portes ne sera&nbsp; pas suffisant pour que les visiteurs s&rsquo;y engouffrent. Les changements drastiques effectu\u00e9s au Puy du Fou pour accueillir le public le d\u00e9montrent. Face \u00e0 la crise, il est important de continuer \u00e0 marquer clairement son engagement sanitaire.&nbsp;&nbsp;Du reste, d&rsquo;autres \u00e9v\u00e9nements suivent d\u00e9j\u00e0 : quelques f\u00eates m\u00e9di\u00e9vales sont pr\u00e9vues dans le cadre de ch\u00e2teau notamment. Nous aurons l&rsquo;occasion d&rsquo;en reparler. R\u00e9jouissons-nous tout en restant prudents, au regard&nbsp; des mesures&nbsp; \u00e0 respecter puisque le&nbsp; Coronavirus&nbsp; 2019 n&rsquo;est toujours pas \u00e9radiqu\u00e9.<\/p>\n<p style=\"text-align: justify;\">Loin de nos consid\u00e9rations historiques et m\u00e9di\u00e9vales habituelles et pour d\u00e9roger \u00e0 nos habitude, ces \u00e9v\u00e9nements autour de&nbsp; LA Covid19 (les acad\u00e9miciens nous expliquent qu&rsquo;il faut plut\u00f4t l&rsquo;abr\u00e9viation du virus au f\u00e9minin) soul\u00e8vent quelques r\u00e9flexions que nous voulions partager ici.<\/p>\n<h2 style=\"text-align: justify;\">L&rsquo;heure du confinement<\/h2>\n<h2 style=\"text-align: justify;\"><span style=\"text-align: justify; font-size: 16px; font-weight: 400;\">Pour prendre un pas de recul&nbsp; sur les premiers volets de cette crise sanitaire, tout s&rsquo;est pass\u00e9 comme si, le vieil adage \u00ab\u00a0<\/span><em style=\"text-align: justify; font-size: 16px; font-weight: 400;\">Pour vivre heureux, vivons cach\u00e9<\/em><span style=\"text-align: justify; font-size: 16px; font-weight: 400;\">\u00ab\u00a0, que certains pouvaient partager&nbsp; jusque l\u00e0, \u00e9tait devenu&nbsp; par la force des circonstances :&nbsp;\u00ab\u00a0<\/span><em style=\"text-align: justify; font-size: 16px; font-weight: 400;\">Pour survivre, restons clo\u00eetr\u00e9<\/em><span style=\"text-align: justify; font-size: 16px; font-weight: 400;\">\u00ab\u00a0. Plus question de choix d\u00e8s lors.&nbsp; A l&rsquo;arriv\u00e9e de l&rsquo;\u00e9pid\u00e9mie et au vu du manque de moyens, peu d&rsquo;alternatives se sont ouvertes, si peu de voies ont \u00e9t\u00e9 trac\u00e9es. L&rsquo;heure \u00e9tait au confinement : quatre syllabes pour une mesure n\u00e9cessaire (pour \u00e9viter l&rsquo;engorgement des h\u00f4pitaux et au moins dans les premi\u00e8res semaines) et qui, paradoxalement, pouvait aussi sonner un peu comme une sentence.&nbsp;&nbsp;<\/span><\/h2>\n<p style=\"text-align: justify;\">&nbsp;Dans les soci\u00e9t\u00e9s humaines, au pass\u00e9 comme au pr\u00e9sent, la r\u00e9clusion impos\u00e9e par un \u00e9tat ou une institution se rattache, le plus souvent, \u00e0&nbsp; &nbsp;des images d&rsquo;enfermement punitif, de couvre-feu, de sanctions, de violences faites aux individus. Hors de ces contextes nous n&rsquo;y sommes gu\u00e8re habitu\u00e9s mais si la mesure sanitaire a emport\u00e9 n\u00e9cessairement une privation relative de libert\u00e9s,&nbsp; elle \u00e9tait pourtant loin&nbsp; d&rsquo;avoir la duret\u00e9 de ces symboles.&nbsp; Du reste,&nbsp; si certains trublions ont eu l&rsquo;oreille un peu dure, les populations ont fini, globalement, par jouer le jeu.&nbsp; &nbsp;La pire punition de ce long confinement, sera, on le sait, la violence faite \u00e0 l&rsquo;\u00e9conomie.<\/p>\n<h2>Quel horizon au sortir de l&rsquo;abri ?<\/h2>\n<p style=\"text-align: justify;\"><a href=\"https:\/\/www.moyenagepassion.com\/wp-content\/uploads\/2020\/07\/covid-19-hiver-deconfinement-apocalypse.jpg\"><img decoding=\"async\" class=\"wp-image-31009 alignright\" src=\"https:\/\/www.moyenagepassion.com\/wp-content\/uploads\/2020\/07\/covid-19-hiver-deconfinement-apocalypse.jpg\" alt=\"\" width=\"165\" height=\"184\"><\/a>De longues semaines d&rsquo;attente plus tard, si l&rsquo;annonce d&rsquo;un d\u00e9confinement&nbsp; a sonn\u00e9 pour la grande majorit\u00e9, comme un soulagement, en r\u00e9alit\u00e9, c&rsquo;est une sorte de demi-sortie ti\u00e8de, sans visibilit\u00e9 claire et sans mesures v\u00e9ritablement incisives qui \u00e9tait propos\u00e9e. Au fond, ce deuxi\u00e8me temps d&rsquo;une crise covid19&nbsp; (qui n&rsquo;en finit plus de ne pas finir), ressemblait plus \u00e0 une version 1.01 du confinement qu&rsquo;\u00e0 une v\u00e9ritable riposte.<\/p>\n<p style=\"text-align: justify;\">Pour peu,&nbsp; il en venait m\u00eame \u00e0 prendre les dehors de ces hivers post-nucl\u00e9aires tels qu&rsquo;on les voit dans les films de genre : la guerre est survenue. La bombe a \u00e9t\u00e9 l\u00e2ch\u00e9e. Quelque temps ont pass\u00e9. Les yeux red\u00e9couvrent la lumi\u00e8re&nbsp; du soleil, au sortir de l&rsquo;abri.&nbsp; C&rsquo;est bon de se sentir dehors, mais cette&nbsp; poussi\u00e8re, encore en suspension dans l&rsquo;air et qui s&rsquo;\u00e9tire, en paillettes,&nbsp; sous les rayons de l&rsquo;astre du jour, est-elle encore charg\u00e9e d&rsquo;invisible poison&nbsp; ?&nbsp; Et si c&rsquo;\u00e9tait le cas aurions-nous le moyen d&rsquo;y faire face mieux que la fois d&rsquo;avant ?&nbsp; La seule perspective sera-t-elle le reconfinement ? Devrons-nous encore redescendre dans l&rsquo;abri et \u00e0 quel prix pour notre \u00e9conomie ? Un seule certitude, ce d\u00e9confinement, nous le savons tous, n&rsquo;est pas encore&nbsp; le monde d&rsquo;apr\u00e8s. Ce monde l\u00e0 se fera d\u00e9sirer. A&nbsp; entendre les politiques, il n&rsquo;a pas encore de dates sur le calendrier et m\u00eame plus d&rsquo;horizon.<\/p>\n<h2>Les&nbsp; &nbsp;&nbsp;pand\u00e9mies apocalyptiques<\/h2>\n<p style=\"text-align: justify;\">Bien s\u00fbr,&nbsp; on nous dira que nous for\u00e7ons un peu le trait en nous servant de cette imagerie apocalyptique,&nbsp; mais&nbsp; &nbsp;tout le monde en aura saisi le fond. Et puis, nous pourrons toujours r\u00e9torquer que ce n&rsquo;est pas&nbsp; vraiment nous qui avons commenc\u00e9. Les fictions de pand\u00e9mies radicales, ou m\u00eame d&rsquo;un monde peupl\u00e9 de survivants zombies suite \u00e0 des virus extra-terrestres ou de laboratoire ont, en partie, supplant\u00e9&nbsp; sur nos \u00e9crans les peurs nucl\u00e9aires des ann\u00e9es 80.<\/p>\n<p style=\"text-align: justify;\">Une certaine mont\u00e9e en \u00e9pingle autour de ce Coronavirus n&rsquo;est d&rsquo;ailleurs s\u00fbrement pas \u00e9trang\u00e8re \u00e0 cela. Depuis pr\u00e8s de 15 ans, la presse a fait ses choux gras,&nbsp;de chaque nouveau virus, en surfant all\u00e8grement sur cette phobie&nbsp; (vache folle, grippe aviaire, Sars, etc&#8230;).&nbsp; Le sensationnalisme fait lire et fait vendre, l&rsquo;aubaine \u00e9tait irr\u00e9sistible.. Aujourd&rsquo;hui, de nouveaux pr\u00e9dicateurs viennent aussi nous expliquer qu&rsquo;ils \u00e9taient les seuls \u00e0 avoir annonc\u00e9 cette \u00ab\u00a0Apocalypse\u00a0\u00bb (l\u00e9g\u00e8rement sur-vendue)&nbsp; de la Covid, quand cette id\u00e9e est dans l&rsquo;air depuis des d\u00e9cennies d\u00e9j\u00e0.&nbsp; Le monde ne les avait pas attendus pour se la repasser en boucle. Du reste, au vu du mondialisme, de l&rsquo;acc\u00e9l\u00e9ration de la circulation des biens et des personnes,&nbsp; \u00e9videmment, que&nbsp; nous n&rsquo;\u00e9tions pas&nbsp; pr\u00eats&#8230;<\/p>\n<h2>Le temps de l&rsquo;impuissance et des&nbsp; menteries<\/h2>\n<p style=\"text-align: justify;\">Quoiqu&rsquo;il en soit, si on n&rsquo;a pas pu sortir tout \u00e0 fait indemne, ni en toute tranquillit\u00e9 de ce long hiver de la&nbsp; Covid, c&rsquo;est qu&rsquo;il&nbsp; n&rsquo;est pas encore fini.&nbsp; &nbsp;Nul n&rsquo;est besoin que de nouvelles&nbsp; terreurs&nbsp; nous soient servies, une partie d&rsquo;entre nous est encore sous le coup&nbsp; du confinement, mais plus encore sous le choc du v\u00e9ritable s\u00e9isme (m\u00e9diatique, politique, technocratique, \u00e9conomique) d\u00e9clench\u00e9 par la venue de celui qu&rsquo;on a appel\u00e9 outre-atlantique et dans de grands \u00e9lans dramatiques : <em>the invisible enemy<\/em>.&nbsp; Angoisses spontan\u00e9es et l\u00e9gitimes auxquelles sont venues se surajouter d&rsquo;autres plus manufactur\u00e9es ? Oeuvre-t-on seulement&nbsp;\u00e0 les d\u00e9construire autant qu&rsquo;on a travaill\u00e9 \u00e0 les \u00e9chafauder ? \u00ab\u00a0Comptons nos morts au quotidien\u00a0\u00bb, la nouvelle conception du devoir et de l&rsquo;action politique, tandis que les pseudo-experts atermoient la moindre lueur d&rsquo;espoir&#8230;&nbsp; Au regard des chiffres&nbsp; v\u00e9ritables, certains esprits&nbsp; ont pu, apr\u00e8s coup, se sentir quelque peu troubl\u00e9s.&nbsp; Bien s\u00fbr qu&rsquo;une action ferme \u00e9tait n\u00e9cessaire, mais en cas d&rsquo;alerte incendie, on nous avait, jusque l\u00e0, tous appris \u00e0 suivre le plan d&rsquo;\u00e9vacuation dans le calme&#8230;<\/p>\n<h3 style=\"text-align: justify;\">Que reste-t-il ?<\/h3>\n<p style=\"text-align: justify;\"><img decoding=\"async\" class=\"wp-image-30158 alignleft\" src=\"https:\/\/www.moyenagepassion.com\/wp-content\/uploads\/2020\/04\/coronavirus-fetes-medievales-saison-2020.jpg\" alt=\"coronavirus-fetes-medievales-saison-2020\" width=\"149\" height=\"167\">Alors, que nous reste-t-il, aujourd&rsquo;hui, sinon ce sentiment que la Covid nous a laiss\u00e9 de notre propre impuissance sociale&nbsp;face \u00e0 ces formes in\u00e9vitables d&rsquo;hyst\u00e9rie m\u00e9diatique, face \u00e0&nbsp; ce vent&nbsp; de panique qui \u00e9clatait en f\u00e9vrier et ses foules qui s&rsquo;\u00e9charpaient, d\u00e9j\u00e0, dans les rayons des supermarch\u00e9s, face \u00e0 ce manque de moyens qui, bient\u00f4t, a \u00e9clat\u00e9&nbsp; au grand jour, face encore \u00e0 cette technocratie m\u00e9dicale qui est all\u00e9e jusqu&rsquo;\u00e0 \u00e9charper ses m\u00e9decins de terrain, face enfin aux&nbsp; collusions suspect\u00e9es et d\u00e9j\u00e0 partiellement \u00e9tablies avec les g\u00e9ants de l&rsquo;industrie sectorielle.<\/p>\n<p style=\"text-align: justify;\">Toutes choses naus\u00e9abondes auxquelles il nous faut ajouter&nbsp;&nbsp;&nbsp;les terribles ratages d&rsquo;une classe politique, f\u00e9rue d&rsquo;id\u00e9alisme supra-nationale et d&rsquo;ing\u00e9nierie sociale, mais si peu arm\u00e9e pour partir v\u00e9ritablement \u00e0 la guerre et prendre des d\u00e9cisions dans le monde r\u00e9el : revirements, mensonges, interdictions, demi-autorisations, r\u00e9-interdictions, ing\u00e9rence sur le terrain des prescriptions m\u00e9dicales et finalement banni\u00e8res de non responsabilit\u00e9 brandies hautes devant les m\u00e9dias ou les commissions d&rsquo;assembl\u00e9e. \u00ab\u00a0<em>Les masques n&rsquo;ont aucun int\u00e9r\u00eat pour le grand public<\/em>\u00ab\u00a0, \u00ab\u00a0<em>Nous n&rsquo;avons jamais manqu\u00e9 de masques<\/em>\u00ab\u00a0,&nbsp; \u00ab\u00a0<em>J&rsquo;ai interdit la chloroquine parce qu&rsquo;on prend trop de m\u00e9dicaments<\/em>\u00ab\u00a0.<\/p>\n<h2 style=\"text-align: justify;\">De l&rsquo;incapacit\u00e9 de compter jusqu&rsquo;\u00e0 3<\/h2>\n<p style=\"text-align: justify;\">Alors, <em>\u00ab\u00a0Rien ne sera jamais plus comme avant\u00a0\u00bb.&nbsp; &nbsp;&nbsp;<\/em>On n&rsquo;a&nbsp; cess\u00e9 de nous le r\u00e9p\u00e9ter, jusqu&rsquo;\u00e0 l&rsquo;ind\u00e9cence mais le pire reste que nous ne sommes&nbsp; toujours&nbsp;&nbsp;pas victorieux, pas d&rsquo;avantage que nous ne sommes dans l&rsquo;apr\u00e8s Covid. Depuis 7 mois, nous avons surnag\u00e9 dans des&nbsp; prises de d\u00e9cisions qui n&rsquo;ont compt\u00e9 que jusqu&rsquo;\u00e0 deux, \u00ab\u00a0confinement- d\u00e9confinement\u00a0\u00bb avec des graduations entre les deux. Le&nbsp; temps 3 de strat\u00e9gies v\u00e9ritables pour se donner les moyens d&rsquo;une victoire ferme et sans appel n&rsquo;a jamais \u00e9t\u00e9,&nbsp;v\u00e9ritablement, pos\u00e9 en perspective. La phase de&nbsp; retranchement du long&nbsp;&nbsp;confinement n&rsquo;a pas \u00e9t\u00e9 mise \u00e0 profit pour l&rsquo;\u00e9tablir. En revanche, le temps 4 de la crise \u00e9conomique et de ses violences \u00e0 venir, lui, a d\u00e9j\u00e0 \u00e9t\u00e9 avanc\u00e9 tr\u00e8s largement et \u00e0 maintes reprises. La guerre sanitaire n&rsquo;est pas encore gagn\u00e9e qu&rsquo;on songe \u00e0 la prochaine dont on nous promet d\u00e9j\u00e0 que nous la perdrons certainement. Rien ne nous est d\u00e9cid\u00e9ment \u00e9pargn\u00e9. Dans le discours politique fran\u00e7ais des quarante derni\u00e8res ann\u00e9es,&nbsp; il n&rsquo;est pratiquement jamais question de sortir la t\u00eate de sous l&rsquo;eau, mais toujours d&rsquo;apprendre l&rsquo;apn\u00e9e.<\/p>\n<p style=\"text-align: justify;\">C&rsquo;est un fait pourtant. Les derni\u00e8res nouvelles sur la possible persistance du Coronavirus, voire sur la pr\u00e9sence d&rsquo;un certain nombre de foyers de&nbsp; r\u00e9surgence&nbsp; dans le monde, semble l&rsquo;indiquer clairement : l&rsquo;ennemi n&rsquo;a pas \u00e9t\u00e9 totalement d\u00e9fait. On est donc bien forc\u00e9 d&rsquo;enjoindre \u00e0 la&nbsp; prudence, tout en se r\u00e9jouissant au constat que les pratiques sanitaires pr\u00e9ventives s&rsquo;ancrent, chaque jour, un peu plus,&nbsp; dans l&rsquo;espace public : port du masque, distances physiques, gestes barri\u00e8re, gestes d&rsquo;hygi\u00e8ne&#8230;<\/p>\n<h3 style=\"text-align: justify;\">L&rsquo;horizon politique dans les mains du march\u00e9<\/h3>\n<p style=\"text-align: justify;\">Le peuple fera sa part du contrat sanitaire comme il y a souscrit, globalement avec sagesse, au&nbsp; moment du confinement. Pour autant, saura-t-on lui offrir, cette fois-ci, un horizon v\u00e9ritable ? Face&nbsp;\u00e0 la&nbsp; Covid 19, l&rsquo;action publique a jusque l\u00e0 consacr\u00e9 son impuissance \u00e0 r\u00e9soudre.&nbsp; Au mieux, elle n&rsquo;a eu l&rsquo;ambition que d&rsquo;atermoyer ou de se d\u00e9fausser.&nbsp; Alors, va-t-elle relever enfin&nbsp; la t\u00eate pour gagner cette guerre sanitaire ? Quel sera le programme ? Va-t-on daigner apprendre un peu des autres et mettre en pratique les recettes qui, ailleurs, semblent&nbsp; avoir fait leur preuves ?&nbsp;Va-t-on acc\u00e9l\u00e9rer le d\u00e9pistage massif&nbsp; &nbsp; et traiter les malades en les isolant ?<\/p>\n<p style=\"text-align: justify;\">Sommes-nous vraiment dans le pendant ou&nbsp; &nbsp;&nbsp;encore dans l&rsquo;avant &nbsp;? Un avant de l&rsquo;attentisme, de l&rsquo;ouvrir et du fermer, un avant&nbsp; impuissant \u00e0 mobiliser intelligemment les \u00e9nergies nationales, pour mettre en place&nbsp; des strat\u00e9gies fortes et concert\u00e9es dans la perspective de l&rsquo;\u00e9radication du probl\u00e8me&#8230; Continuerons-nous d&rsquo;assister au triste spectacle d&rsquo;une classe politique&nbsp;suspendue \u00e0 ses propres id\u00e9aux technocratiques ? Nagu\u00e8re, on l&rsquo;a vu compter sur le r\u00e9veil d&rsquo;une Europe des experts qui n&rsquo;a&nbsp; pas r\u00e9pondu pr\u00e9sente. Hier encore, elle implorait la venue miraculeuse (\u00e0 l&rsquo;arri\u00e8re-go\u00fbt de Tamiflue) du vaccin d&rsquo;un Bill Gates&nbsp; ou &nbsp;de grands labos priv\u00e9s, comme une fa\u00e7on de nous dire : \u00ab\u00a0patientez, mes&nbsp; fr\u00e8res, l&rsquo;action politique est morte, la solution viendra du march\u00e9&#8230;\u00a0\u00bb<\/p>\n","protected":false},"excerpt":{"rendered":"<p>Bonjour \u00e0 tous, pr\u00e8s le d\u00e9confinement amorc\u00e9 au courant du mois de mai et comme on l&rsquo;imagine, pour bien des \u00e9tablissements culturels, rouvrir ses portes ne sera&nbsp; pas suffisant pour que les visiteurs s&rsquo;y engouffrent. Les changements drastiques effectu\u00e9s au Puy du Fou pour accueillir le public le d\u00e9montrent. Face \u00e0 la crise, il est &hellip; <a href=\"https:\/\/www.moyenagepassion.com\/index.php\/2020\/07\/11\/hors-champ-le-long-hiver-du-coronavirus-2019\/\" class=\"more-link\">Continuer la lecture de <span class=\"screen-reader-text\">Hors champ : le long hiver de la Covid 19<\/span>  <span class=\"meta-nav\">&rarr;<\/span><\/a><\/p>\n","protected":false},"author":2,"featured_media":0,"comment_status":"open","ping_status":"open","sticky":false,"template":"","format":"standard","meta":{"_monsterinsights_skip_tracking":false,"_monsterinsights_sitenote_active":false,"_monsterinsights_sitenote_note":"","_monsterinsights_sitenote_category":0,"footnotes":""},"categories":[1],"tags":[4974,4871,4872,4973,4971,1968],"class_list":["post-30993","post","type-post","status-publish","format-standard","hentry","category-moyen-age-passion","tag-action-publique","tag-coronavirus","tag-covid-19","tag-crise-sanitaire","tag-deconfinement","tag-reflexions"],"aioseo_notices":[],"_links":{"self":[{"href":"https:\/\/www.moyenagepassion.com\/index.php\/wp-json\/wp\/v2\/posts\/30993"}],"collection":[{"href":"https:\/\/www.moyenagepassion.com\/index.php\/wp-json\/wp\/v2\/posts"}],"about":[{"href":"https:\/\/www.moyenagepassion.com\/index.php\/wp-json\/wp\/v2\/types\/post"}],"author":[{"embeddable":true,"href":"https:\/\/www.moyenagepassion.com\/index.php\/wp-json\/wp\/v2\/users\/2"}],"replies":[{"embeddable":true,"href":"https:\/\/www.moyenagepassion.com\/index.php\/wp-json\/wp\/v2\/comments?post=30993"}],"version-history":[{"count":1,"href":"https:\/\/www.moyenagepassion.com\/index.php\/wp-json\/wp\/v2\/posts\/30993\/revisions"}],"predecessor-version":[{"id":33675,"href":"https:\/\/www.moyenagepassion.com\/index.php\/wp-json\/wp\/v2\/posts\/30993\/revisions\/33675"}],"wp:attachment":[{"href":"https:\/\/www.moyenagepassion.com\/index.php\/wp-json\/wp\/v2\/media?parent=30993"}],"wp:term":[{"taxonomy":"category","embeddable":true,"href":"https:\/\/www.moyenagepassion.com\/index.php\/wp-json\/wp\/v2\/categories?post=30993"},{"taxonomy":"post_tag","embeddable":true,"href":"https:\/\/www.moyenagepassion.com\/index.php\/wp-json\/wp\/v2\/tags?post=30993"}],"curies":[{"name":"wp","href":"https:\/\/api.w.org\/{rel}","templated":true}]}}