{"id":31031,"date":"2020-08-09T20:35:23","date_gmt":"2020-08-09T19:35:23","guid":{"rendered":"https:\/\/www.moyenagepassion.com\/?p=31031"},"modified":"2022-05-30T22:10:13","modified_gmt":"2022-05-30T21:10:13","slug":"a-la-fin-aout-de-belles-medievales-a-montfort-sur-risle","status":"publish","type":"post","link":"https:\/\/www.moyenagepassion.com\/index.php\/2020\/08\/09\/a-la-fin-aout-de-belles-medievales-a-montfort-sur-risle\/","title":{"rendered":"A la fin ao\u00fbt, de grandes m\u00e9di\u00e9vales \u00e0 Montfort-sur-Risle et leur lot d&rsquo;animations et de reconstitution"},"content":{"rendered":"<div id=\"moyen-2161070689\" class=\"moyen-before-content moyen-entity-placement\"><script async src=\"\/\/pagead2.googlesyndication.com\/pagead\/js\/adsbygoogle.js?client=ca-pub-3035390706780632\" crossorigin=\"anonymous\"><\/script><ins class=\"adsbygoogle\" style=\"display:block;\" data-ad-client=\"ca-pub-3035390706780632\" \ndata-ad-slot=\"\" \ndata-ad-format=\"auto\"><\/ins>\n<script> \n(adsbygoogle = window.adsbygoogle || []).push({}); \n<\/script>\n<\/div><p><strong><img decoding=\"async\" class=\"alignleft wp-image-31032\" src=\"https:\/\/www.moyenagepassion.com\/wp-content\/uploads\/2020\/07\/ecu-armoirie-normandie-montfort-sur-risle.jpg\" alt=\"ecu-armoirie-normandie-montfort-sur-risle\" width=\"146\" height=\"173\" \/>Sujet<\/strong>\u00a0 : spectacle m\u00e9di\u00e9val,\u00a0 \u00a0 animations historiques, animations m\u00e9di\u00e9vales, reconstituteurs, ch\u00e2teau, compagnies m\u00e9di\u00e9vales<br \/>\n<strong>Ev\u00e9nement<\/strong>\u00a0 : les M\u00e9di\u00e9vales de Montfort sur Risle,\u00a0 \u00a0\u00a0Eure, Normandie<br \/>\n<strong>Date :\u00a0 \u00a0<\/strong>\u00a0 Dimanche\u00a0 30 ao\u00fbt\u00a0 \u00a0\u00a02020<\/p>\n<p>Bonjour \u00e0 tous,<\/p>\n<p style=\"text-align: justify;\"><img decoding=\"async\" class=\"alignleft size-full wp-image-23904\" src=\"https:\/\/www.moyenagepassion.com\/wp-content\/uploads\/2018\/10\/S_lettrine_moyen_age_passion.jpg\" alt=\"S_lettrine_moyen_age_passion\" width=\"84\" height=\"103\" \/>i le\u00a0 d\u00e9confinement a permis, depuis le mois de mai,\u00a0 \u00e0 certains \u00e9tablissements historiques ou culturels de rouvrir leurs portes, le programme des f\u00eates et manifestations m\u00e9di\u00e9vales 2020 est demeur\u00e9 s\u00e9v\u00e8rement alt\u00e9r\u00e9, affectant une grande\u00a0 quantit\u00e9 d&rsquo;artisans, artistes, compagnies et troupes sp\u00e9cialis\u00e9s dans les animations historiques et la p\u00e9riode du Moyen \u00c2ge.\u00a0 D\u00e8s l&rsquo;arriv\u00e9e de la crise\u00a0 sanitaire et face aux mesures annonc\u00e9es, nombreux sont, en effet, les organisateurs et collectivit\u00e9s locales qui ont pris rapidement les devants, pr\u00e9f\u00e9rant simplement reporter \u00e0 2021 toute forme de festivit\u00e9s et de rassemblements.\u00a0 Se\u00a0\u00a0souvenant\u00a0 du climat qui r\u00e9gnait alors et face \u00e0 l&rsquo;absence totale de visibilit\u00e9, on comprend bien les raisons l\u00e9gitimes de ses d\u00e9sengagements. Rien que l&rsquo;on puisse y faire, sauf prendre fait et cause, le secteur de l&rsquo;animation historique avec celui de la culture et d&rsquo;autres encore a jusque l\u00e0 \u00e9t\u00e9 sinistr\u00e9.<\/p>\n<p style=\"text-align: justify;\">Pourtant, dans ce paysage sanitaire et culturel \u00ab\u00a0post-apocalyptique\u00a0\u00bb, quelques\u00a0 \u00e9v\u00e9nements ont tout de m\u00eame \u00e9t\u00e9 maintenus. Sous r\u00e9serve de d\u00e9cision de derni\u00e8re minute par la pr\u00e9fecture ou les autorit\u00e9s locales, ce sera le cas des <em><strong>M\u00e9di\u00e9vales du ch\u00e2teau normand de \u00a0Montfort sur Risle<\/strong><\/em> organis\u00e9es, le dernier dimanche d\u2019ao\u00fbt, par l&rsquo;<strong>Association\u00a0 \u00a0\u00a0Montfort Culture et Patrimoine<\/strong>.<\/p>\n<h2>Au programme des M\u00e9di\u00e9vales de Montfort<\/h2>\n<p style=\"text-align: justify;\"><a href=\"https:\/\/www.moyenagepassion.com\/wp-content\/uploads\/2020\/08\/M\u00e9di\u00e9vales-2020-fetes-compagnies-Montfort-sur-Risle-Normandie.jpg\"><img decoding=\"async\" class=\"alignright wp-image-31237\" src=\"https:\/\/www.moyenagepassion.com\/wp-content\/uploads\/2020\/08\/M\u00e9di\u00e9vales-2020-fetes-compagnies-Montfort-sur-Risle-Normandie.jpg\" alt=\"M\u00e9di\u00e9vales-2020-fetes-compagnies-Montfort-sur-Risle-Normandie\" width=\"221\" height=\"313\" srcset=\"https:\/\/www.moyenagepassion.com\/wp-content\/uploads\/2020\/08\/M\u00e9di\u00e9vales-2020-fetes-compagnies-Montfort-sur-Risle-Normandie.jpg 350w, https:\/\/www.moyenagepassion.com\/wp-content\/uploads\/2020\/08\/M\u00e9di\u00e9vales-2020-fetes-compagnies-Montfort-sur-Risle-Normandie-212x300.jpg 212w\" sizes=\"(max-width: 221px) 100vw, 221px\" \/><\/a>A premi\u00e8re vue, le programme de ces r\u00e9jouissances s&rsquo;annonce plut\u00f4t riche. Du c\u00f4t\u00e9 du contexte sanitaire,\u00a0les organisateurs se sont engag\u00e9s \u00e0 mettre en place les dispositions n\u00e9cessaires\u00a0 afin de \u00ab\u00a0<em>garantir la protection et la s\u00e9curit\u00e9 du public sans alt\u00e9rer le confort de chacun(e)<\/em>\u00ab\u00a0. Pour\u00a0 avoir le d\u00e9tail de ces mesures, merci de les contacter sur leur page FB indiqu\u00e9e\u00a0 en bas de page.<\/p>\n<p style=\"text-align: justify;\">Si tout demeure au beau fixe, la manifestation\u00a0 devrait donc se d\u00e9rouler durant toute la journ\u00e9e du dimanche 30 ao\u00fbt 2020, du matin \u00e0 la fin d&rsquo;apr\u00e8s-midi. Sur place de nombreuses compagnies m\u00e9di\u00e9vales et animations attendront les visiteurs : spectacles \u00e9questres,\u00a0 \u00a0tirs de tr\u00e9buchet, d\u00e9monstrations d&rsquo;escrime ancienne et\u00a0 d&rsquo;archerie, musique d&rsquo;\u00e9poque, marionnettes historiques, mais encore de nombreux campements\u00a0 de vie civile et militaire, comme au Moyen \u00c2ge. Un march\u00e9 avec ses \u00e9choppes d&rsquo;exposants est \u00e9galement pr\u00e9vu. Quant aux enfants et aux plus jeunes, ils devraient pouvoir aussi compter sur des activit\u00e9s sp\u00e9cialement con\u00e7ues \u00e0 leur intention : ateliers divers, promenades \u00e0 dos d&rsquo;\u00e2nes ou de poneys, etc&#8230;<\/p>\n<h3><b>La prise du Ch\u00e2teau de Montfort par l&rsquo;angloys<\/b><\/h3>\n<p style=\"text-align: justify;\">Du point de vue des temps forts, on ajoutera encore une reconstitution de la prise du ch\u00e2teau de Montfort\u00a0 bas\u00e9e sur celle qui eut lieu, au d\u00e9but du\u00a0 XIIe si\u00e8cle\u00a0 par le roi Henri 1er d&rsquo;Angleterre, duc de Normandie. L&rsquo;\u00e9v\u00e9nement se veut au plus pr\u00e8s de la r\u00e9alit\u00e9 historique et les troupes pr\u00e9sentes s\u2019\u00e9vertueront\u00a0 \u00e0 faire revivre\u00a0 la r\u00e9sistance et la d\u00e9route de\u00a0 \u00a0Hugues IV de Montfort face\u00a0\u00a0 \u00e0 son\u00a0\u00a0\u00a0 suzerain angloys,\u00a0 dans toutes ses grandes largeurs.<\/p>\n<p><img decoding=\"async\" class=\"aligncenter wp-image-31236 size-full\" src=\"https:\/\/www.moyenagepassion.com\/wp-content\/uploads\/2020\/08\/animations-compagnies-medievales-fetes-normandie-2020-montfort-sur-Risle.jpg\" alt=\"animations-compagnies-medievales-fetes-normandie-2020-montfort-sur-Risle\" width=\"650\" height=\"488\" srcset=\"https:\/\/www.moyenagepassion.com\/wp-content\/uploads\/2020\/08\/animations-compagnies-medievales-fetes-normandie-2020-montfort-sur-Risle.jpg 650w, https:\/\/www.moyenagepassion.com\/wp-content\/uploads\/2020\/08\/animations-compagnies-medievales-fetes-normandie-2020-montfort-sur-Risle-300x225.jpg 300w\" sizes=\"(max-width: 650px) 100vw, 650px\" \/><\/p>\n<h3 style=\"text-align: justify;\"><i><b><\/b><\/i><span style=\"color: #000000;\">Compagnies m\u00e9di\u00e9vales attendues<\/span><\/h3>\n<p style=\"text-align: justify;\"><span style=\"color: #008000;\"><em>Les Compagnons pour Hastings &#8211; Les Compaings d&rsquo;Esculape &#8211; Le Clan Svaldifari &#8211; Les Chevaliers de Saint Michel &#8211; Association Montfort Culture et Patrimoine &#8211; Ensemble musical Pastourel &#8211; La Troupe de Mortemer<\/em> <\/span><\/p>\n<p style=\"text-align: justify;\">A l&rsquo;approche de l&rsquo;\u00e9v\u00e9nement ou m\u00eame d\u00e8s maintenant, nous vous conseillons de consulter\u00a0 le Facebook officielle de l&rsquo;Association\u00a0 \u00a0pour avoir confirmation du programme et des animations.<\/p>\n<p style=\"text-align: center;\"><a href=\"https:\/\/www.moyenagepassion.com\/wp-content\/uploads\/2020\/08\/programme-fetes-M\u00e9di\u00e9vales-2020-animations-monfort-sur-risle-normandie.pdf\" target=\"_blank\" rel=\"noopener noreferrer\">T\u00e9l\u00e9charger le programme\u00a0<\/a> &#8211;\u00a0<a href=\"https:\/\/www.facebook.com\/amcp27\" target=\"_blank\" rel=\"noopener noreferrer\">Voir le FB officiel de ces m\u00e9di\u00e9vales<\/a><\/p>\n<p>En vous souhaitant une belle journ\u00e9e.<\/p>\n<p>Fred<br \/>\nPour moyenagepassion.com<br \/>\n<em><strong>A la d\u00e9couverte du Monde M\u00e9dieval\u00a0 sous toutes ses formes.<\/strong><\/em><\/p>\n<p style=\"text-align: justify;\"><strong>NB<\/strong> :\u00a0\u00a0 \u00a0\u00e0\u00a0 \u00a0<em>\u00a0toutes fins utiles, nous en profitons pour vous rappeler ici\u00a0 que nous n&rsquo;organisons pas nous-m\u00eames\u00a0 les f\u00eates m\u00e9di\u00e9vales. Nous ne faisons que les relayer.<\/em><\/p>\n","protected":false},"excerpt":{"rendered":"<p>Sujet\u00a0 : spectacle m\u00e9di\u00e9val,\u00a0 \u00a0 animations historiques, animations m\u00e9di\u00e9vales, reconstituteurs, ch\u00e2teau, compagnies m\u00e9di\u00e9vales Ev\u00e9nement\u00a0 : les M\u00e9di\u00e9vales de Montfort sur Risle,\u00a0 \u00a0\u00a0Eure, Normandie Date :\u00a0 \u00a0\u00a0 Dimanche\u00a0 30 ao\u00fbt\u00a0 \u00a0\u00a02020 Bonjour \u00e0 tous, i le\u00a0 d\u00e9confinement a permis, depuis le mois de mai,\u00a0 \u00e0 certains \u00e9tablissements historiques ou culturels de rouvrir leurs portes, le programme &hellip; <a href=\"https:\/\/www.moyenagepassion.com\/index.php\/2020\/08\/09\/a-la-fin-aout-de-belles-medievales-a-montfort-sur-risle\/\" class=\"more-link\">Continuer la lecture de <span class=\"screen-reader-text\">A la fin ao\u00fbt, de grandes m\u00e9di\u00e9vales \u00e0 Montfort-sur-Risle et leur lot d&rsquo;animations et de reconstitution<\/span>  <span class=\"meta-nav\">&rarr;<\/span><\/a><\/p>\n","protected":false},"author":2,"featured_media":31236,"comment_status":"open","ping_status":"open","sticky":false,"template":"","format":"standard","meta":{"_monsterinsights_skip_tracking":false,"_monsterinsights_sitenote_active":false,"_monsterinsights_sitenote_note":"","_monsterinsights_sitenote_category":0,"footnotes":""},"categories":[11],"tags":[1539,1780,4997,212,4998,1380,5002,5001,1227,4996,5000,5003,18,681,2687,261],"class_list":["post-31031","post","type-post","status-publish","format-standard","has-post-thumbnail","hentry","category-fetes-medievales-evenement","tag-agenda-medieval","tag-animations","tag-chateau-medieval","tag-compagnies-medievales","tag-euro","tag-fetes","tag-henri-1er-beauclerc","tag-henri-1er-dangleterre","tag-medievales","tag-medievales-de-montfort","tag-montfort-culture-et-patrimoine","tag-montfort-sur-risle","tag-moyen-age","tag-normandie","tag-programme","tag-reconstitution-historique"],"aioseo_notices":[],"_links":{"self":[{"href":"https:\/\/www.moyenagepassion.com\/index.php\/wp-json\/wp\/v2\/posts\/31031"}],"collection":[{"href":"https:\/\/www.moyenagepassion.com\/index.php\/wp-json\/wp\/v2\/posts"}],"about":[{"href":"https:\/\/www.moyenagepassion.com\/index.php\/wp-json\/wp\/v2\/types\/post"}],"author":[{"embeddable":true,"href":"https:\/\/www.moyenagepassion.com\/index.php\/wp-json\/wp\/v2\/users\/2"}],"replies":[{"embeddable":true,"href":"https:\/\/www.moyenagepassion.com\/index.php\/wp-json\/wp\/v2\/comments?post=31031"}],"version-history":[{"count":1,"href":"https:\/\/www.moyenagepassion.com\/index.php\/wp-json\/wp\/v2\/posts\/31031\/revisions"}],"predecessor-version":[{"id":44474,"href":"https:\/\/www.moyenagepassion.com\/index.php\/wp-json\/wp\/v2\/posts\/31031\/revisions\/44474"}],"wp:featuredmedia":[{"embeddable":true,"href":"https:\/\/www.moyenagepassion.com\/index.php\/wp-json\/wp\/v2\/media\/31236"}],"wp:attachment":[{"href":"https:\/\/www.moyenagepassion.com\/index.php\/wp-json\/wp\/v2\/media?parent=31031"}],"wp:term":[{"taxonomy":"category","embeddable":true,"href":"https:\/\/www.moyenagepassion.com\/index.php\/wp-json\/wp\/v2\/categories?post=31031"},{"taxonomy":"post_tag","embeddable":true,"href":"https:\/\/www.moyenagepassion.com\/index.php\/wp-json\/wp\/v2\/tags?post=31031"}],"curies":[{"name":"wp","href":"https:\/\/api.w.org\/{rel}","templated":true}]}}