{"id":32368,"date":"2020-09-06T00:45:47","date_gmt":"2020-09-05T23:45:47","guid":{"rendered":"https:\/\/www.moyenagepassion.com\/?p=32368"},"modified":"2022-05-30T06:17:16","modified_gmt":"2022-05-30T05:17:16","slug":"le-villon-de-jean-favier-et-5-medievistes-pour-un-programme-de-qualite-signe-france-culture","status":"publish","type":"post","link":"https:\/\/www.moyenagepassion.com\/index.php\/2020\/09\/06\/le-villon-de-jean-favier-et-5-medievistes-pour-un-programme-de-qualite-signe-france-culture\/","title":{"rendered":"Le Villon de jean favier et 5 m\u00e9di\u00e9visteS pour un programme d&rsquo;exception sign\u00e9  france culture"},"content":{"rendered":"<div id=\"moyen-1126699982\" class=\"moyen-before-content moyen-entity-placement\"><script async src=\"\/\/pagead2.googlesyndication.com\/pagead\/js\/adsbygoogle.js?client=ca-pub-3035390706780632\" crossorigin=\"anonymous\"><\/script><ins class=\"adsbygoogle\" style=\"display:block;\" data-ad-client=\"ca-pub-3035390706780632\" \ndata-ad-slot=\"\" \ndata-ad-format=\"auto\"><\/ins>\n<script> \n(adsbygoogle = window.adsbygoogle || []).push({}); \n<\/script>\n<\/div>\n<div class=\"wp-block-image\"><figure class=\"alignleft size-large is-resized\"><img decoding=\"async\" src=\"https:\/\/www.moyenagepassion.com\/wp-content\/uploads\/2020\/09\/francois-villon-auteur-medieval-poesie-moyen-age-tardif-XVe-siecle.jpg\" alt=\"\" class=\"wp-image-32408\" width=\"83\" height=\"138\"\/><\/figure><\/div>\n\n\n\n<p><strong><a href=\"https:\/\/www.moyenagepassion.com\/wp-content\/uploads\/2017\/04\/Francois_villon_poesie_litterature_medievale_ballade_menu_propos_analyse.jpg\"><\/a>Sujet<\/strong>\u00a0 : po\u00e9sie m\u00e9di\u00e9vale, moyen-fran\u00e7ais,\u00a0 historiens m\u00e9di\u00e9vistes, litt\u00e9rature m\u00e9di\u00e9vale, biographie.<br><strong>Auteur<\/strong>\u00a0:\u00a0<strong>Fran\u00e7ois Villon\u00a0 \u00a0<\/strong>\u00a0(1431-?1463)<br><strong>P\u00e9riode\u00a0<\/strong>: Moyen \u00c2ge tardif, XVe si\u00e8cle.<br><strong>Titre\u00a0<\/strong>:\u00a0 <em>Les Lund<\/em>is de l&rsquo;Histoire, France Culture <br><strong>Ouvrage\u00a0:\u00a0<\/strong><em>\u00a0Fran\u00e7ois Villon, <\/em>Jean Favier<em>, Fayard  (1982)<\/em><\/p>\n\n\n\n<p>Bonjour \u00e0 tous,<\/p>\n\n\n\n<div class=\"wp-block-image\"><figure class=\"alignleft size-large\"><img decoding=\"async\" width=\"84\" height=\"103\" src=\"https:\/\/www.moyenagepassion.com\/wp-content\/uploads\/2018\/10\/D_lettrine_moyen_age_passion.jpg\" alt=\"\" class=\"wp-image-23888\"\/><\/figure><\/div>\n\n\n\n<p class=\"classe text_justify\">e 1966 \u00e0 2014, <strong>France Culture<\/strong> a pr\u00e9sent\u00e9, chaque d\u00e9but de semaine, en milieu d\u2019apr\u00e8s-midi, un programme d\u00e9di\u00e9 \u00e0 la passion de l&rsquo;Histoire et \u00e0 ses plus grands auteurs et chercheurs. Cette \u00e9mission d&rsquo;anthologie avait pour titre <em>Les Lundis de l&rsquo;Histoire<\/em>. Las ! apr\u00e8s une longue aventure de presque 50 ans, elle s&rsquo;est finalement, arr\u00eat\u00e9e avec le d\u00e9c\u00e8s de <strong>Jacques le Goff<\/strong> qui l&rsquo;avait anim\u00e9e, de son brillant esprit, d\u00e8s 1968. <\/p>\n\n\n\n<h2 class=\"wp-block-heading\">Cinq experts pour \u00e9clairer la biographie et l&rsquo;oeuvre de Fran\u00e7ois Villon<\/h2>\n\n\n\n<div class=\"wp-block-image\"><figure class=\"alignright size-large\"><img decoding=\"async\" width=\"80\" height=\"344\" src=\"https:\/\/www.moyenagepassion.com\/wp-content\/uploads\/2018\/10\/deco_rutebeuf_auteur_poesie_medievale_moyen-age_XIIIe_siecle.jpg\" alt=\"\" class=\"wp-image-23867\" srcset=\"https:\/\/www.moyenagepassion.com\/wp-content\/uploads\/2018\/10\/deco_rutebeuf_auteur_poesie_medievale_moyen-age_XIIIe_siecle.jpg 80w, https:\/\/www.moyenagepassion.com\/wp-content\/uploads\/2018\/10\/deco_rutebeuf_auteur_poesie_medievale_moyen-age_XIIIe_siecle-70x300.jpg 70w\" sizes=\"(max-width: 80px) 100vw, 80px\" \/><\/figure><\/div>\n\n\n\n<p class=\"classe text_justify\">Actuellement, on peut trouver, sur le site de <strong>France Culture<\/strong>, un nombre important de <a rel=\"noreferrer noopener\" href=\"https:\/\/www.franceculture.fr\/emissions\/les-lundis-de-lhistoire\" target=\"_blank\">podcasts des <em>Lundis de l&rsquo;Histoire<\/em><\/a>. Ils couvrent une p\u00e9riode allant de 2005 \u00e0 2014. Pourtant, \u00e0 ce jour,  il ne semble pas qu&rsquo;il y ait d&rsquo;archives publiques sur les \u00e9ditions pr\u00e9c\u00e9dentes de cette grande \u00e9mission. Tout en \u00e9tant heureux de retrouver d\u00e9j\u00e0 pr\u00e8s de 400 opus sur le site de la radio,  on peut le d\u00e9plorer, en esp\u00e9rant que le futur verra na\u00eetre un tel projet. En pr\u00e8s d&rsquo;un demi-si\u00e8cle, ce programme radiophonique a, en effet, vu passer, sous la houlette du m\u00e9di\u00e9viste Jacques Le Goff, les plus prestigieux historiens et esprits du temps ; elle a aussi trait\u00e9 tous les th\u00e8mes, finissant, par entrer, \u00e0 son tour, dans l&rsquo;Histoire, mais aussi dans l&rsquo;Histoire de l&rsquo;Histoire, soit l&rsquo;Historiographie. <\/p>\n\n\n\n<p class=\"classe text_justify\">Dans l&rsquo;attente de voir, peut-\u00eatre un jour, des archives compl\u00e8tes, aujourd&rsquo;hui, il nous faut rendre gr\u00e2ce \u00e0 la tr\u00e8s litt\u00e9raire <a rel=\"noreferrer noopener\" href=\"https:\/\/www.youtube.com\/channel\/UCDs1Kc6dXeLZ9AU11RcavPw\" target=\"_blank\">cha\u00eene Youtube Eclair Brut<\/a> de <a rel=\"noreferrer noopener\" href=\"https:\/\/www.arthuryasmine.com\/\" target=\"_blank\">Arthur Yasmine<\/a> (jeune auteur qui a, par ailleurs, d\u00e9j\u00e0 fait publier plusieurs ouvrages de po\u00e9sies) pour \u00eatre parvenue, une fois de plus, \u00e0 d\u00e9busquer une pi\u00e8ce rare. Issue d&rsquo;une \u00e9dition des <em>Lundis de l\u2019histoire<\/em>  diffus\u00e9e \u00e0 l\u2019automne 1982, ce programme r\u00e9unit quatre \u00e9minents experts du moyen \u00e2ge, auxquels on ajoutera, bien s\u00fbr, l&rsquo;animateur lui m\u00eame : l&rsquo;historien Jacques le Goff. Le th\u00e8me de cette \u00e9mission nous est cher puisqu&rsquo;elle traite de Fran\u00e7ois de Montcorbier, que nous connaissons tous mieux sous le nom de Fran\u00e7ois Villon ; ce programme d&rsquo;exception fut enregistr\u00e9 \u00e0 l&rsquo;occasion de la sortie, cette m\u00eame ann\u00e9e 1982,  par Jean Favier (lui-m\u00eame grand historien de la p\u00e9riode m\u00e9di\u00e9vale) de son ouvrage : \u00ab\u00a0<em>Fran\u00e7ois Villon<\/em>\u00a0\u00bb chez Fayard.<\/p>\n\n\n\n<figure class=\"wp-block-embed-youtube wp-block-embed is-type-video is-provider-youtube wp-embed-aspect-16-9 wp-has-aspect-ratio\"><div class=\"wp-block-embed__wrapper\">\n<iframe title=\"Fran\u00e7ois VILLON \u2013 Le po\u00e8te face aux historiens (France Culture, 1982)\" width=\"474\" height=\"267\" src=\"https:\/\/www.youtube.com\/embed\/-h_H7HdI_CE?feature=oembed\" frameborder=\"0\" allow=\"accelerometer; autoplay; clipboard-write; encrypted-media; gyroscope; picture-in-picture; web-share\" referrerpolicy=\"strict-origin-when-cross-origin\" allowfullscreen><\/iframe>\n<\/div><figcaption>Villon, son oeuvre et sa vie, sous l\u2019\u0153il de grands chercheurs et historiens du XXe si\u00e8cle<\/figcaption><\/figure>\n\n\n\n<h3 class=\"wp-block-heading\">Un Villon plus r\u00e9el que jamais<\/h3>\n\n\n\n<p class=\"classe text_justify\"><em><span class=\"has-inline-color has-green-color\">\u00ab\u00a0Des \u00e9coles aux tavernes, du port en Gr\u00e8ve au cimeti\u00e8re des Innocents, de la cour chevaleresque du roi Ren\u00e9 au bouge de la Grosse Margot, les v\u00e9ritables h\u00e9ros de ce livre sont la vie et la mort, Dieu et la Fortune, l&rsquo;amour et la haine, la justice et la mis\u00e8re. Mais l&rsquo;oeil du po\u00e8te est malicieux, et il a cent facettes.\u00a0\u00bb<\/span><\/em><\/p>\n\n\n\n<p class=\"has-text-align-right\"><em>Fran\u00e7ois Villon<\/em>, <strong>Jean Favier<\/strong> ( Fayard, 1982)<\/p>\n\n\n\n<p class=\"classe text_justify\">Plus qu&rsquo;un tour complet de l&rsquo;\u0153uvre de Villon, on abordera, dans ce programme, des \u00e9l\u00e9ments au plus pr\u00e8s de la vie de cet auteur du Moyen \u00c2ge tardif. C&rsquo;est m\u00eame d&rsquo;ailleurs tout l&rsquo;int\u00e9r\u00eat de cette \u00e9mission m\u00eame si, bien entendu, les deux ne peuvent \u00eatre d\u00e9m\u00eal\u00e9es si facilement : comme pour bien des auteurs de cette p\u00e9riode, l&rsquo;\u0153uvre alimente n\u00e9cessairement une partie de ce que les historiens tentent de d\u00e9duire de sa biographie, m\u00eame en y mettant, bien s\u00fbr, tous les guillemets que cela suppose.  Sur Villon, il existe heureusement quelques sources historiques et juridiques sur lesquels on peut s&rsquo;appuyer pour effectuer quelques croisements suppl\u00e9mentaires.<\/p>\n\n\n\n<h4 class=\"wp-block-heading\">Loin des caricatures faciles<\/h4>\n\n\n\n<p class=\"classe text_justify\">On le doit sans nul doute aux esprits \u00e9clair\u00e9s qui l&rsquo;ont anim\u00e9 voil\u00e0 pr\u00e8s de 40 ans, mais un des atouts majeurs de ce programme est de soulever des questions tout \u00e0 fait ouvertes sur la vie v\u00e9ritable de Villon. Pour peu, on y d\u00e9couvre presque un nouveau Villon, petit clerc, qui pourrait bien s&rsquo;\u00eatre d\u00e9men\u00e9 pour tenter de devenir un auteur suffisamment reconnu pour en vivre. Aurait-il con\u00e7u son testament comme une sorte de book ?  Angles nouveaux, hypoth\u00e8ses plus qu&rsquo;affirmations, discussions et r\u00e9flexions nourries en tout cas. On n&rsquo;y tombe jamais dans la caricature facile et un peu romanesque d&rsquo;un Villon repris \u00e0 la sauce du XXe si\u00e8cle : mauvais gar\u00e7on, po\u00e8te maudit, fornicateur et jouisseur patent\u00e9, voleur, criminel notoire, peut-\u00eatre m\u00eame coquillard, etc\u2026 Le tableau est impressionniste, il se d\u00e9couvre par petites touches entre ombre et lumi\u00e8re.<\/p>\n\n\n\n<div class=\"wp-block-image\"><figure class=\"alignleft size-large is-resized\"><a href=\"https:\/\/www.amazon.fr\/gp\/product\/221301194X\/ref=as_li_tl?ie=UTF8&amp;camp=1642&amp;creative=6746&amp;creativeASIN=221301194X&amp;linkCode=as2&amp;tag=f1266-21&amp;linkId=f94918d13b3675a259cb33a6124246f8\" target=\"_blank\" rel=\"noopener noreferrer\"><img decoding=\"async\" src=\"https:\/\/www.moyenagepassion.com\/wp-content\/uploads\/2020\/09\/biographie-oeuvre-francois-villon-auteur-medieval-jean-favier-medieviste-moyen-age-tardif.jpg\" alt=\"\" class=\"wp-image-32377\" width=\"220\" height=\"316\" srcset=\"https:\/\/www.moyenagepassion.com\/wp-content\/uploads\/2020\/09\/biographie-oeuvre-francois-villon-auteur-medieval-jean-favier-medieviste-moyen-age-tardif.jpg 240w, https:\/\/www.moyenagepassion.com\/wp-content\/uploads\/2020\/09\/biographie-oeuvre-francois-villon-auteur-medieval-jean-favier-medieviste-moyen-age-tardif-209x300.jpg 209w\" sizes=\"(max-width: 220px) 100vw, 220px\" \/><\/a><\/figure><\/div>\n\n\n\n<p class=\"classe text_justify\">Au sortir, vous en apprendrez sur Villon dans cette \u00e9mission qui remet un peu les pendules \u00e0 l&rsquo;heure, tout en se d\u00e9fendant de trancher aveugl\u00e9ment. On s&rsquo;y posera des questions sur l&rsquo;itin\u00e9raire professionnel comme sur les errances de Villon. On interrogera aussi, au passage, cette <em><a href=\"https:\/\/www.moyenagepassion.com\/index.php\/2020\/07\/06\/ballade-contre-les-mesdisans-ou-quand-villon-le-mauvais-sujet-defendait-lhonneur-francais\/\">Ballade contre les ennemis de la France<\/a><\/em> que nous avons d\u00e9j\u00e0 abondamment comment\u00e9e. \u00c9tait-elle une commande ou plut\u00f4t l&rsquo;oeuvre spontan\u00e9e d&rsquo;un Villon naturellement attach\u00e9 aux valeurs de la France ?  Elle laissera nos intervenants un peu d\u00e9saccord\u00e9s aux portes du myst\u00e8re. On y fera encore de belles incursions dans le Paris du milieu du XVe si\u00e8cle et dans le c\u0153ur de ses tavernes. <\/p>\n\n\n\n<h3 class=\"wp-block-heading\">De la vulgarisation en histoire<\/h3>\n\n\n\n<p class=\"classe text_justify\">Au sortir de cette approche tout en nuances, qui ne craindra pas de laisser en chemin de belles interrogations et quelques espaces vides habit\u00e9s de myst\u00e8re,  on ne pourra s&#8217;emp\u00eacher de se dire que Jacques le Goff faisait encore, ici, la d\u00e9monstration d&rsquo;une chose : on pouvait (et on peut sans doute toujours) r\u00e9unir autour d&rsquo;une table d&rsquo;excellents chercheurs universitaires et de brillants historiens tout en r\u00e9ussissant \u00e0 faire une \u00e9mission qui s&rsquo;adresse \u00e0 tout le monde, au public averti comme au grand public. Le tout sans tomber dans une histoire sch\u00e9matique, simplifi\u00e9e, ni dans une sorte de \u00ab\u00a0vulgate\u00a0\u00bb narrative \u00e0 un seul degr\u00e9. Et s&rsquo;il s&rsquo;agit l\u00e0 d&rsquo;une forme de \u00ab\u00a0vulgarisation\u00a0\u00bb (concept un peu fourre-tout dont il faut quelquefois se d\u00e9fier en ce qu&rsquo;il commence \u00e0 la sortie des laboratoires pour finir on ne sait o\u00f9,  et quelquefois jusque dans des productions \u00e0 des lieues des v\u00e9rit\u00e9s historiques sous pr\u00e9texte de les mettre \u00e0 port\u00e9e), mais, soit, s&rsquo;il s&rsquo;agit l\u00e0 d&rsquo;une forme de \u00ab\u00a0vulgarisation\u00a0\u00bb, disais-je, alors elle devrait donner le La ou au moins de vraies lettres de noblesses \u00e0 sa d\u00e9finition.<\/p>\n\n\n\n<h2 class=\"wp-block-heading\">Jean Favier : grand historien-archiviste des XXeme-XXIeme si\u00e8cle<\/h2>\n\n\n\n<h3 class=\"wp-block-heading\">El\u00e9ments de biographie   <\/h3>\n\n\n\n<div class=\"wp-block-image\"><figure class=\"alignright size-large is-resized\"><img decoding=\"async\" src=\"https:\/\/www.moyenagepassion.com\/wp-content\/uploads\/2020\/09\/jean-favier-historien-medieviste-archiviste-chartiste-Villon-.jpg\" alt=\"\" class=\"wp-image-32384\" width=\"117\" height=\"170\"\/><\/figure><\/div>\n\n\n\n<p class=\"classe text_justify\">Jean Favier (1932-2014) est un historien archiviste chartiste des XXe et XXIe si\u00e8cles. Egalement agr\u00e9g\u00e9 d&rsquo;histoire, il suivit une brillante carri\u00e8re universitaire d\u00e9but\u00e9 \u00e0 Rennes puis Rouen et qui le conduisit finalement \u00e0 \u00eatre directeur d&rsquo;Etudes \u00e0 la prestigieuse Ecole Pratiques des Hautes Etudes. Il y officia de longues ann\u00e9es, avant d&rsquo;aller enseigner la Pal\u00e9ographie m\u00e9di\u00e9vale \u00e0 la Sorbonne. <\/p>\n\n\n\n<p class=\"classe text_justify\">Au cours de son parcours, il a \u00e9galement \u00e9t\u00e9 tr\u00e8s actif dans le domaine de la culture ; il a notamment conduit, pendant plus de 20 ans, de grandes \u0153uvres et travaux pour les archives nationales. Entre autres fonctions notables, on le retrouvera \u00e9galement pr\u00e9sident de l&rsquo;Acad\u00e9mie des Belles Lettres et, dans le domaine de la publication, directeur de la <em>Revue Historique<\/em> pendant 25 ans. Son action dans le domaine de la Culture, de l&rsquo;Histoire et des Archives lui ont valu de nombreux titres honorifiques. Pour l&rsquo;ensemble de son parcours et de ses contributions, Jean Favier est \u00e0 juste titre, reconnu, \u00e0 la fois comme un grand historien m\u00e9di\u00e9viste et comme un grand serviteur de l&rsquo;Etat.<\/p>\n\n\n\n<h3 class=\"wp-block-heading\">L&rsquo;ouvrage de Jean Favier sur Fran\u00e7ois Villon<\/h3>\n\n\n\n<p>Ce livre est encore \u00e9dit\u00e9 chez Fayard au format broch\u00e9. Voici un lien utile pour plus d&rsquo;informations : <a target=\"_blank\" href=\"https:\/\/www.amazon.fr\/gp\/product\/221301194X\/ref=as_li_tl?ie=UTF8&amp;camp=1642&amp;creative=6746&amp;creativeASIN=221301194X&amp;linkCode=as2&amp;tag=f1266-21&amp;linkId=f94918d13b3675a259cb33a6124246f8\" rel=\"noopener noreferrer\">Fran\u00e7ois Villon<\/a><img decoding=\"async\" width=\"1\" height=\"1\" border=\"0\" src=\"\/\/ir-fr.amazon-adsystem.com\/e\/ir?t=f1266-21&amp;l=am2&amp;o=8&amp;a=221301194X\" alt=\"\" style=\"border:none !important; margin:0px !important;\"><\/p>\n\n\n\n<h3 class=\"wp-block-heading\">Quelques autres publications<\/h3>\n\n\n\n<p class=\"classe text_justify\">Si les contributions et publications de Jean Favier ne se sont pas cantonn\u00e9es au Moyen \u00c2ge,  il a tout de m\u00eame produit un nombre consid\u00e9rable d&rsquo;ouvrages dans ce domaine. Citons pour exemple : <em>Philippe le Bel<\/em> (1978, Fayard), <em> La Guerre de Cent An<\/em>s (sorti chez Fayard en 1980 et qui lui vaudra plusieurs prix), <em>La France f\u00e9odale<\/em> (1995, GLM\u00a0). Sur les circuits des affaires et le monde \u00e9conomique m\u00e9di\u00e9val, on pourra \u00e9galement lire  <em>De l&rsquo;Or et des \u00e9pices : naissance de l&rsquo;homme d&rsquo;affaires au Moyen \u00c2ge<\/em> (1987, Fayard), ou encore <em>le Bourgeois de Paris au Moyen \u00c2ge<\/em> (2012, Tallandier). Enfin, on pourra compl\u00e9ter cette esquisse de bibliographie par des ouvrages comme <em>Louis XI<\/em> (2001, Fayard) ou  <em>Les Plantagen\u00eats \u00a0: origines et destin d&rsquo;un empire<\/em> (2004, Fayard), et on mentionnera encore son impressionnant <em> Dictionnaire de la France M\u00e9di\u00e9vale<\/em>, sorti en 1993, chez Fayard \u00e9galement.<\/p>\n\n\n\n<h2 class=\"wp-block-heading\">Les autres  intervenants de cette \u00e9mission<\/h2>\n\n\n\n<p class=\"classe text_justify\"><strong>Philippe Contamine <\/strong> grand historien et universitaire, longtemps enseignant d&rsquo;histoire du Moyen \u00c2ge \u00e0 Paris X, puis \u00e0 Paris V (<a data-type=\"URL\" data-id=\"https:\/\/www.moyenagepassion.com\/index.php\/2016\/06\/26\/conference-la-france-et-les-francais-au-temps-medievaux-par-philippe-contamine\/\" href=\"https:\/\/www.moyenagepassion.com\/index.php\/2016\/06\/26\/conference-la-france-et-les-francais-au-temps-medievaux-par-philippe-contamine\/\">voir son excellente conf\u00e9rence sur <em>les Fran\u00e7ais aux temps m\u00e9di\u00e9vaux<\/em><\/a>)<\/p>\n\n\n\n<p class=\"classe text_justify\"><strong>F\u00e9lix Lecoy <\/strong>(1903-1997): philologue, romaniste et universitaire, sp\u00e9cialis\u00e9 en litt\u00e9rature m\u00e9di\u00e9vale. Enseignant au Coll\u00e8ge de France (chaire de langue et litt\u00e9rature fran\u00e7aise du Moyen \u00c2ge).<\/p>\n\n\n\n<p class=\"classe text_justify\"><strong>Bernard Gu\u00e9n\u00e9e <\/strong>(1927-2010) : enseignant-chercheur, acad\u00e9micien et historien fran\u00e7ais, normalien, professeur \u00e9m\u00e9rite d&rsquo;Histoire m\u00e9di\u00e9vale \u00e0 La Sorbonne, directeur d&rsquo;\u00e9tudes&nbsp; \u00e0 l&rsquo;EPHE.<\/p>\n\n\n\n<p class=\"classe text_justify\"><strong>Jacques le Goff<\/strong> (1924-2014) : historien-m\u00e9di\u00e9viste, directeur de l&rsquo;EPHE, co-directeur de la revue <em>Les<\/em> <em>Annales<\/em>, co-producteur et pr\u00e9sentateur de l&rsquo;\u00e9mission <em>les Lundis de l&rsquo;Histoire<\/em>. A l&rsquo;image des trois autres, il est difficile de r\u00e9sumer son parcours en 2 phrases, mais disons que dans la ligne de  <a href=\"https:\/\/www.moyenagepassion.com\/index.php\/2017\/10\/18\/lucien-febvre-lecole-des-annales-et-la-passion-de-lhistoire\/\">la Nouvelle histoire<\/a>, il a fait de l&rsquo;histoire des mentalit\u00e9s du Moyen \u00c2ge et de l&rsquo;anthropologie historique de l&rsquo;Occident m\u00e9di\u00e9val ses grandes sp\u00e9cialit\u00e9s. (<a href=\"https:\/\/www.moyenagepassion.com\/?s=Jacques+le+Goff\">voir d&rsquo;autres articles \u00e0 son sujet sur le site<\/a>)<\/p>\n\n\n\n<p>&nbsp;En vous souhaitant une belle journ\u00e9e.<\/p>\n\n\n\n<p>Fred<br>Pour moyenagepassion.com<br><em><strong>A la d\u00e9couverte du monde m\u00e9di\u00e9val sous toutes ses formes.<\/strong><\/em><\/p>\n","protected":false},"excerpt":{"rendered":"<p>Sujet\u00a0 : po\u00e9sie m\u00e9di\u00e9vale, moyen-fran\u00e7ais,\u00a0 historiens m\u00e9di\u00e9vistes, litt\u00e9rature m\u00e9di\u00e9vale, biographie.Auteur\u00a0:\u00a0Fran\u00e7ois Villon\u00a0 \u00a0\u00a0(1431-?1463)P\u00e9riode\u00a0: Moyen \u00c2ge tardif, XVe si\u00e8cle.Titre\u00a0:\u00a0 Les Lundis de l&rsquo;Histoire, France Culture Ouvrage\u00a0:\u00a0\u00a0Fran\u00e7ois Villon, Jean Favier, Fayard (1982) Bonjour \u00e0 tous, e 1966 \u00e0 2014, France Culture a pr\u00e9sent\u00e9, chaque d\u00e9but de semaine, en milieu d\u2019apr\u00e8s-midi, un programme d\u00e9di\u00e9 \u00e0 la passion de l&rsquo;Histoire &hellip; <a href=\"https:\/\/www.moyenagepassion.com\/index.php\/2020\/09\/06\/le-villon-de-jean-favier-et-5-medievistes-pour-un-programme-de-qualite-signe-france-culture\/\" class=\"more-link\">Continuer la lecture de <span class=\"screen-reader-text\">Le Villon de jean favier et 5 m\u00e9di\u00e9visteS pour un programme d&rsquo;exception sign\u00e9  france culture<\/span>  <span class=\"meta-nav\">&rarr;<\/span><\/a><\/p>\n","protected":false},"author":2,"featured_media":32407,"comment_status":"open","ping_status":"open","sticky":false,"template":"","format":"standard","meta":{"_monsterinsights_skip_tracking":false,"_monsterinsights_sitenote_active":false,"_monsterinsights_sitenote_note":"","_monsterinsights_sitenote_category":0,"footnotes":""},"categories":[1318],"tags":[728,5027,1710,5028,5026,5025,525,3520,983,5023,1915,1146,2489,182,18,5587,5729,2747,1277,80,615,1065,777,2168],"class_list":["post-32368","post","type-post","status-publish","format-standard","has-post-thumbnail","hentry","category-francois-villon","tag-auteur-medieval","tag-bernard-guenee","tag-biographie","tag-emission-radiophonique","tag-felix-lecoy","tag-francois-de-montcorbier","tag-historien","tag-historiens","tag-jacques-le-goff","tag-jean-favier","tag-litterature-medievale","tag-livres","tag-medieviste","tag-monde-medieval","tag-moyen-age","tag-moyen-age-2","tag-moyen-age-central-2","tag-moyen-francais","tag-philippe-contamine","tag-poesie","tag-poesie-medievale","tag-poesie-realiste","tag-villon","tag-xve-siecle"],"aioseo_notices":[],"_links":{"self":[{"href":"https:\/\/www.moyenagepassion.com\/index.php\/wp-json\/wp\/v2\/posts\/32368"}],"collection":[{"href":"https:\/\/www.moyenagepassion.com\/index.php\/wp-json\/wp\/v2\/posts"}],"about":[{"href":"https:\/\/www.moyenagepassion.com\/index.php\/wp-json\/wp\/v2\/types\/post"}],"author":[{"embeddable":true,"href":"https:\/\/www.moyenagepassion.com\/index.php\/wp-json\/wp\/v2\/users\/2"}],"replies":[{"embeddable":true,"href":"https:\/\/www.moyenagepassion.com\/index.php\/wp-json\/wp\/v2\/comments?post=32368"}],"version-history":[{"count":2,"href":"https:\/\/www.moyenagepassion.com\/index.php\/wp-json\/wp\/v2\/posts\/32368\/revisions"}],"predecessor-version":[{"id":44463,"href":"https:\/\/www.moyenagepassion.com\/index.php\/wp-json\/wp\/v2\/posts\/32368\/revisions\/44463"}],"wp:featuredmedia":[{"embeddable":true,"href":"https:\/\/www.moyenagepassion.com\/index.php\/wp-json\/wp\/v2\/media\/32407"}],"wp:attachment":[{"href":"https:\/\/www.moyenagepassion.com\/index.php\/wp-json\/wp\/v2\/media?parent=32368"}],"wp:term":[{"taxonomy":"category","embeddable":true,"href":"https:\/\/www.moyenagepassion.com\/index.php\/wp-json\/wp\/v2\/categories?post=32368"},{"taxonomy":"post_tag","embeddable":true,"href":"https:\/\/www.moyenagepassion.com\/index.php\/wp-json\/wp\/v2\/tags?post=32368"}],"curies":[{"name":"wp","href":"https:\/\/api.w.org\/{rel}","templated":true}]}}