{"id":33696,"date":"2020-09-30T01:04:44","date_gmt":"2020-09-30T00:04:44","guid":{"rendered":"https:\/\/www.moyenagepassion.com\/?p=33696"},"modified":"2022-05-30T06:13:12","modified_gmt":"2022-05-30T05:13:12","slug":"ecco-la-primavera-une-chanson-de-francesco-landini-au-renouveau-printanier","status":"publish","type":"post","link":"https:\/\/www.moyenagepassion.com\/index.php\/2020\/09\/30\/ecco-la-primavera-une-chanson-de-francesco-landini-au-renouveau-printanier\/","title":{"rendered":"\u00ab\u00a0Ecco la primavera\u00a0\u00bb, une chanson de francesco Landini au renouveau printanier"},"content":{"rendered":"<div id=\"moyen-3077712432\" class=\"moyen-before-content moyen-entity-placement\"><script async src=\"\/\/pagead2.googlesyndication.com\/pagead\/js\/adsbygoogle.js?client=ca-pub-3035390706780632\" crossorigin=\"anonymous\"><\/script><ins class=\"adsbygoogle\" style=\"display:block;\" data-ad-client=\"ca-pub-3035390706780632\" \ndata-ad-slot=\"\" \ndata-ad-format=\"auto\"><\/ins>\n<script> \n(adsbygoogle = window.adsbygoogle || []).push({}); \n<\/script>\n<\/div>\n<div class=\"wp-block-image\"><figure class=\"alignleft size-large is-resized\"><img decoding=\"async\" src=\"https:\/\/www.moyenagepassion.com\/wp-content\/uploads\/2020\/09\/printemps-miniature-monde-medieval-chanson-poesie.jpg\" alt=\"\" class=\"wp-image-33704\" width=\"133\" height=\"204\"\/><\/figure><\/div>\n\n\n\n<p><strong><a href=\"https:\/\/www.moyenagepassion.com\/wp-content\/uploads\/2016\/04\/musique_medievale_moyen-age_tardif_saltarelle_danse_italienne.jpg\"><\/a>Sujet :<\/strong>\u00a0 musique m\u00e9di\u00e9vale, musiques anciennes, ballade, madrigal, chants polyphoniques, ars nova, chanson m\u00e9di\u00e9vale.<br><strong>P\u00e9riode : <\/strong>\u00a0Moyen \u00c2ge tardif, XIVe si\u00e8cle<br><strong>Auteur :<\/strong>\u00a0 Francesco Landini ( ? 1325-1397)<br><strong>Titre :<\/strong>\u00a0 Ecco la primavera<br><strong>Interpr\u00e8tes<\/strong>\u00a0:\u00a0  Enea Sorini et Catalina Vicens<br><strong>Concert<\/strong> : extrait enregistr\u00e9 \u00e0 B\u00e2le, Suisse en avril 2018<br><\/p>\n\n\n\n<p>Bonjour \u00e0 tous,<\/p>\n\n\n\n<div class=\"wp-block-image\"><figure class=\"alignleft size-large\"><img decoding=\"async\" width=\"84\" height=\"103\" src=\"https:\/\/www.moyenagepassion.com\/wp-content\/uploads\/2015\/12\/A_lettrine_moyen_age_passion1.jpg\" alt=\"\" class=\"wp-image-24221\"\/><\/figure><\/div>\n\n\n\n<p class=\"classe text_justify\">u XIV si\u00e8cle, Francesco Landini, compositeur florentin, r\u00e9gale de sa musique une Italie m\u00e9di\u00e9vale qui entre, d\u00e9j\u00e0, dans son Rinascimento. N\u00e9 d&rsquo;un peintre reconnu, le destin qui appelait notre homme \u00e0 marcher dans les traces de son p\u00e8re, lui \u00e9chappa pourtant.  Rendu aveugle d\u00e8s son jeune \u00e2ge, par la variole, il s&rsquo;orienta vers la musique pour le plus grand plaisir de ses contemporains. <\/p>\n\n\n\n<p class=\"classe text_justify\">Compositeur, organiste, instrumentiste, po\u00e8te et chanteur, Francesco Landini cumule, en effet, tous les talents. Celui que l&rsquo;on surnommera, quelquefois, l&rsquo;organiste aveugle ou l&rsquo;aveugle des orgues (<em>il Cieco degli organi<\/em>), deviendra m\u00eame un des plus grands repr\u00e9sentants de l&rsquo;Ars nova en Italie. La mort n&rsquo;attendit d&rsquo;ailleurs pas, pour le faire entrer dans la post\u00e9rit\u00e9 puisqu&rsquo;en son temps, il fut couronn\u00e9 pour ses talents par le roi de Chypre. Il c\u00f4toya aussi P\u00e9trarque et l\u00e9gua, pour finir, 154 pi\u00e8ces polyphoniques \u00e0 deux et trois voix qui achev\u00e8rent de le faire entrer dans la l\u00e9gende musicale italienne du trecento.<\/p>\n\n\n\n<h2 class=\"wp-block-heading\">\u00ab\u00a0Ecco la primavera\u00a0\u00bb, <br>ballade l\u00e9g\u00e8re et printani\u00e8re \u00e0 deux voix<\/h2>\n\n\n\n<p class=\"classe text_justify\">Alors que septembre s&rsquo;ach\u00e8ve et que nous entrons d\u00e9j\u00e0 dans l&rsquo;Automne, la pi\u00e8ce du jour du compositeur Florentin en prend le contrepied. Cette ballade a pour titre \u00ab\u00a0Ecco la primavera\u00a0\u00bb, \u00ab\u00a0voici le printemps\u00a0\u00bb et  nous transporte dans les joies du renouveau printanier, saison tr\u00e8s ch\u00e8re au Moyen \u00c2ge et ses po\u00e8tes. <\/p>\n\n\n\n<div class=\"wp-block-image\"><figure class=\"alignright size-large\"><a href=\"https:\/\/www.moyenagepassion.com\/wp-content\/uploads\/2020\/09\/manuscrit-ancien-codex-squarcialupi-musique-medievale-italienne-XIVe-ars-nova.jpg\"><img decoding=\"async\" width=\"220\" height=\"312\" src=\"https:\/\/www.moyenagepassion.com\/wp-content\/uploads\/2020\/09\/manuscrit-ancien-codex-squarcialupi-musique-medievale-italienne-XIVe-ars-nova-s.jpg\" alt=\"\" class=\"wp-image-33723\" srcset=\"https:\/\/www.moyenagepassion.com\/wp-content\/uploads\/2020\/09\/manuscrit-ancien-codex-squarcialupi-musique-medievale-italienne-XIVe-ars-nova-s.jpg 220w, https:\/\/www.moyenagepassion.com\/wp-content\/uploads\/2020\/09\/manuscrit-ancien-codex-squarcialupi-musique-medievale-italienne-XIVe-ars-nova-s-212x300.jpg 212w\" sizes=\"(max-width: 220px) 100vw, 220px\" \/><\/a><\/figure><\/div>\n\n\n\n<p class=\"has-text-align-right classe text_justify\">\u00ab\u00a0<span class=\"has-inline-color has-medium-gray-color\">E<em>cco la primavera<\/em>\u00ab\u00a0, Codex Squarcialupi  (d\u00e9but du XVe s), Biblioteca Medicea Laurenziana,<\/span><\/p>\n\n\n\n<p class=\"classe text_justify\">Tout est l\u00e9ger dans cette composition du ma\u00eetre florentin jusque la m\u00e9lodie joyeuse et a\u00e9rienne en accord avec les paroles.  En 2018, la <em>cha\u00eene youtube Amfiparnaso<\/em>, d\u00e9di\u00e9e \u00e0 la musique ancienne et notamment aux prestations du baryton  <strong>Enea Sorini<\/strong>  en partageait une belle interpr\u00e9tation.  Enregistr\u00e9e \u00e0 Bale en Suisse, elle mettait en sc\u00e8ne le chanteur italien en compagnie de l&rsquo;organiste <strong>Catalina Vicens<\/strong>.  Ecrit \u00e0 l&rsquo;origine pour \u00eatre chant\u00e9e \u00e0 deux voix et \u00e0 Cappella, <\/p>\n\n\n\n<p class=\"classe text_justify\">Tout est l\u00e9ger dans cette composition du ma\u00eetre florentin jusque la m\u00e9lodie joyeuse et a\u00e9rienne en accord avec les paroles.  En 2018, la <em>cha\u00eene youtube Amfiparnaso<\/em>, d\u00e9di\u00e9e \u00e0 la musique ancienne et notamment aux prestations du baryton  <strong>Enea Sorini<\/strong>  en partageait une belle interpr\u00e9tation.  Enregistr\u00e9e \u00e0 Bale en Suisse, elle mettait en sc\u00e8ne le chanteur italien en compagnie de l&rsquo;organiste <strong>Catalina Vicens<\/strong>.  Ecrit \u00e0 l&rsquo;origine pour \u00eatre chant\u00e9 \u00e0 deux voix et \u00e0 Cappella, ce madrigal de Landini a \u00e9t\u00e9 adapt\u00e9 ici pour un \u00ab\u00a0dialogue\u00a0\u00bb entre la voix du chanteur et celle de l&rsquo;organetto (orgue portatif m\u00e9di\u00e9val). <\/p>\n\n\n\n<figure class=\"wp-block-embed-youtube wp-block-embed is-type-video is-provider-youtube wp-embed-aspect-16-9 wp-has-aspect-ratio\"><div class=\"wp-block-embed__wrapper\">\n<iframe title=\"ECCO LA PRIMAVERA - Francesco Landini (ca.1330-1397) Enea Sorini, Catalina Vicens)\" width=\"474\" height=\"267\" src=\"https:\/\/www.youtube.com\/embed\/tXPI8JfQBc4?feature=oembed\" frameborder=\"0\" allow=\"accelerometer; autoplay; clipboard-write; encrypted-media; gyroscope; picture-in-picture; web-share\" referrerpolicy=\"strict-origin-when-cross-origin\" allowfullscreen><\/iframe>\n<\/div><figcaption>\u00ab\u00a0Ecco la primavera\u00a0\u00bb de Francesco Landini par Enea Sorini et Catalina Vicens<\/figcaption><\/figure>\n\n\n\n<h3 class=\"wp-block-heading\">Enea Sorini, chanteur Baryton <br>sur les sc\u00e8nes m\u00e9di\u00e9vales et baroques<\/h3>\n\n\n\n<p class=\"classe text_justify\">Sous ses airs qui, sur cette vid\u00e9o, pourraient nous rappeler un peu Angelo Branduardi, <strong>Enea Sorini<\/strong> est un baryton italien confirm\u00e9 et reconnu sur la sc\u00e8ne des musiques anciennes et classiques. <\/p>\n\n\n\n<div class=\"wp-block-image\"><figure class=\"alignleft size-large\"><img decoding=\"async\" width=\"183\" height=\"275\" src=\"https:\/\/www.moyenagepassion.com\/wp-content\/uploads\/2020\/09\/enea-sorini-talent-scene-musique-medievale.jpg\" alt=\"\" class=\"wp-image-33717\"\/><\/figure><\/div>\n\n\n\n<p class=\"classe text_justify\">Tr\u00e8s t\u00f4t int\u00e9gr\u00e9 dans un ch\u0153ur de la ville italienne de Pesaro, il se formalisa avec les musiques anciennes et polyphoniques durant pr\u00e8s de 15 ans. Apr\u00e8s un d\u00e9tour par des \u00e9tudes artistiques, il reviendra vers la musique et le chant (musique de chambre et musique baroque) en passant par le conservatoire de la m\u00eame ville. On le trouvera, par la suite, au chant, \u00e0 la percussion et au Psalt\u00e9rion en collaboration avec l&rsquo;ensemble italien <strong><a href=\"https:\/\/www.moyenagepassion.com\/index.php\/2017\/04\/20\/saltarello-et-musique-florentine-du-xive-par-lensemble-micrologus\/\">Micrologus<\/a><\/strong>. Sa carri\u00e8re lui donnera \u00e9galement l&rsquo;occasion de participer encore \u00e0 d&rsquo;autres formations de musiques anciennes, sur des r\u00e9pertoires principalement m\u00e9di\u00e9val et renaissant. Un peu plus tard, il fondera \u00e9galement l&rsquo;ensemble <strong>Bella Gerit d\u2019Urbino<\/strong>, autour du r\u00e9pertoire renaissant. <\/p>\n\n\n\n<p class=\"classe text_justify\">Entre toutes ses participations et albums, le baryton italien affiche d\u00e9j\u00e0 une discographie de pr\u00e8s de 20 titres.  Sur le plan intellectuel, Enea Sorini a \u00e9galement fait des \u00e9tudes pouss\u00e9es dans le domaine de la musicologie, sur un r\u00e9pertoire et des pratiques musicales  qui touchent, plus particuli\u00e8rement, le XVIe s, dans la province d&rsquo;Urbino. <a href=\"https:\/\/www.eneasorini.it\/\" target=\"_blank\" rel=\"noreferrer noopener nofollow\">Voir son site officiel<\/a>.<\/p>\n\n\n\n<h3 class=\"wp-block-heading\">Catalina Vicens, grand talent reconnu <br>sur la sc\u00e8ne m\u00e9di\u00e9vale et renaissante<\/h3>\n\n\n\n<p class=\"classe text_justify\">De son c\u00f4t\u00e9, l&rsquo;organiste et musicienne d&rsquo;origine chilienne, <strong>Catalina Vicens<\/strong>  affiche \u00e9galement un parcours brillant et de tr\u00e8s haute tenue qui a d\u00e9marr\u00e9, de mani\u00e8re pr\u00e9coce, sur la sc\u00e8ne classique latino-am\u00e9ricaine, avec de nombreux concerts.<\/p>\n\n\n\n<div class=\"wp-block-image\"><figure class=\"alignright size-large\"><img decoding=\"async\" width=\"183\" height=\"275\" src=\"https:\/\/www.moyenagepassion.com\/wp-content\/uploads\/2020\/09\/Catalina-Vicens-talent-musique-medievale.jpg\" alt=\"\" class=\"wp-image-33716\"\/><\/figure><\/div>\n\n\n\n<p class=\"classe text_justify\">Dans son parcours initiatique, elle compte, en plus de deux formations classiques \u00e0 Philadelphie et \u00e0 Fribourg, un passage par la prestigieuse <strong><a href=\"https:\/\/www.moyenagepassion.com\/?s=Schola+Basiliensis+Cantorum\">Schola Cantorum Basiliensis<\/a><\/strong>. Aujourd&rsquo;hui, \u00e9tablie, \u00e0 Bale, en Suisse, elle s&rsquo;est sp\u00e9cialis\u00e9e dans les instruments anciens \u00e0 claviers ( claviers m\u00e9di\u00e9vaux, clavicymbalum, organetto, orgue, clavecin,\u2026). Devenue une instrumentiste virtuose, ses talents et ses travaux lui ont valu d\u00e9j\u00e0 des r\u00e9compenses telles qu&rsquo;un Award  ainsi qu&rsquo;un diapason d&rsquo;or. Sa passion pour les instruments anciens l&rsquo;a aussi conduit \u00e0 s&rsquo;associer de pr\u00e8s \u00e0 la fabrication ou la reconstitution d&rsquo;instruments, tels que des orgues m\u00e9di\u00e9vaux ou renaissants. <\/p>\n\n\n\n<p class=\"classe text_justify\">En plus de ses prestations musicales en collaboration avec de nombreux ensembles, elle dirige la formation<strong> Servir Antico<\/strong> qu&rsquo;elle a aussi cr\u00e9\u00e9e et dont le r\u00e9pertoire entend faire red\u00e9couvrir des compositions peu connues ou m\u00e9connues des XIIIe au XVIe si\u00e8cles. A ses talents d&rsquo;instrumentiste, <strong>Catalina Vicens<\/strong> associe \u00e9galement le go\u00fbt de la transmission et de la p\u00e9dagogie. Elle est, en effet, ma\u00eetre de conf\u00e9rences au Conservatoire Royal de Bruxelles et intervient en enseignement dans d&rsquo;autres \u00e9coles prestigieuses au niveau international. Pour suivre son actualit\u00e9,<a href=\"https:\/\/www.catalinavicens.com\/\" target=\"_blank\" rel=\"noreferrer noopener nofollow\"> son site officiel est ici<\/a>.<\/p>\n\n\n\n<div class=\"wp-block-image\"><figure class=\"aligncenter size-large\"><a href=\"https:\/\/www.moyenagepassion.com\/wp-content\/uploads\/2020\/09\/musique-chanson-medievale-ecco-la-primavera-francesco-landini-partition.jpg\"><img decoding=\"async\" width=\"620\" height=\"511\" src=\"https:\/\/www.moyenagepassion.com\/wp-content\/uploads\/2020\/09\/musique-chanson-medievale-ecco-la-primavera-francesco-landini-partition-600.jpg\" alt=\"\" class=\"wp-image-33724\" srcset=\"https:\/\/www.moyenagepassion.com\/wp-content\/uploads\/2020\/09\/musique-chanson-medievale-ecco-la-primavera-francesco-landini-partition-600.jpg 620w, https:\/\/www.moyenagepassion.com\/wp-content\/uploads\/2020\/09\/musique-chanson-medievale-ecco-la-primavera-francesco-landini-partition-600-300x247.jpg 300w\" sizes=\"(max-width: 620px) 100vw, 620px\" \/><\/a><\/figure><\/div>\n\n\n\n<hr class=\"wp-block-separator\"\/>\n\n\n\n<h2 class=\"has-text-align-center wp-block-heading\">Ecco la Primavera de Francesco Landini<br>avec traduction en fran\u00e7ais moderne.<\/h2>\n\n\n\n<p class=\"has-text-align-center\"><em><strong><span class=\"has-inline-color has-green-color\">Ecco la primavera<br>Che &lsquo;l cor fa rallegrare;<br>Temp&rsquo;\u00e8 da &lsquo;nnamorare<br>E star con lieta cera.<br>No&rsquo; vegiam l&rsquo;aria e &lsquo;l tempo<br>Che pur chiama allegreza;<\/span><\/strong><\/em><\/p>\n\n\n\n<p class=\"has-text-align-center\"><strong><em><span class=\"has-inline-color has-green-color\">In questo vago tempo<br>Ogni cosa ha vagheza.<br>L&rsquo;erbe con gran frescheza<br>E fiori copron prati<br>E gli alberi adornati<br>Sono in simil manera.<\/span><\/em><\/strong><\/p>\n\n\n\n<p class=\"has-text-align-center\"><strong><em><span class=\"has-inline-color has-green-color\">Ecco la primavera<br>Che &lsquo;l cor fa rallegrare;<br>Temp&rsquo;\u00e8 da &lsquo;nnamorare<br>E star con lieta cera.<\/span><\/em><\/strong><\/p>\n\n\n\n<p class=\"has-text-align-center\"><em>Voici le printemps<br>Qui r\u00e9jouit le c\u0153ur <span class=\"has-inline-color has-medium-gray-color\">(met, \u00e0 nouveau, <em>le c\u0153ur<\/em> en joie)<\/span><br>C&rsquo;est le temps de tomber amoureux<br>Et d&rsquo;afficher un visage joyeux<span class=\"has-inline-color has-medium-gray-color\"> (une mine r\u00e9jouie)<\/span>.<br>L&rsquo;air et le temps s&rsquo;accordent ensemble<br>Pour nous rendre joyeux. <span class=\"has-inline-color has-medium-gray-color\">(nous apporter joie et all\u00e9gresse)<\/span><\/em><\/p>\n\n\n\n<p class=\"has-text-align-center\"><em>En ce temps enchanteur<br>Chaque chose est agr\u00e9able <span class=\"has-inline-color has-medium-gray-color\">(source de plaisir)<\/span><br>L&rsquo;herbe avec sa grande fra\u00eecheur<br>Les fleurs qui couvrent les champs<br>Et les arbres garnis <span class=\"has-inline-color has-medium-gray-color\">(de feuilles, en fleurs, d\u00e9cor\u00e9s)<\/span><br>S&rsquo;accordent avec tout cela.<\/em><\/p>\n\n\n\n<p class=\"has-text-align-center\"><em>Voici le printemps<br>Qui r\u00e9jouit le c\u0153ur<br>C&rsquo;est le moment de tomber amoureux<br>Et d&rsquo;afficher des faces joyeuses<\/em>.<\/p>\n\n\n\n<hr class=\"wp-block-separator\"\/>\n\n\n\n<p>En vous souhaitant une excellente journ\u00e9e.<br>Fred<br>pour moyenagepassion.com<br><em><strong>A la d\u00e9couverte du Moyen \u00c2ge sous toutes ses formes<\/strong><\/em><\/p>\n","protected":false},"excerpt":{"rendered":"<p>Sujet :\u00a0 musique m\u00e9di\u00e9vale, musiques anciennes, ballade, madrigal, chants polyphoniques, ars nova, chanson m\u00e9di\u00e9vale.P\u00e9riode : \u00a0Moyen \u00c2ge tardif, XIVe si\u00e8cleAuteur :\u00a0 Francesco Landini ( ? 1325-1397)Titre :\u00a0 Ecco la primaveraInterpr\u00e8tes\u00a0:\u00a0 Enea Sorini et Catalina VicensConcert : extrait enregistr\u00e9 \u00e0 B\u00e2le, Suisse en avril 2018 Bonjour \u00e0 tous, u XIV si\u00e8cle, Francesco Landini, compositeur florentin, r\u00e9gale &hellip; <a href=\"https:\/\/www.moyenagepassion.com\/index.php\/2020\/09\/30\/ecco-la-primavera-une-chanson-de-francesco-landini-au-renouveau-printanier\/\" class=\"more-link\">Continuer la lecture de <span class=\"screen-reader-text\">\u00ab\u00a0Ecco la primavera\u00a0\u00bb, une chanson de francesco Landini au renouveau printanier<\/span>  <span class=\"meta-nav\">&rarr;<\/span><\/a><\/p>\n","protected":false},"author":2,"featured_media":33712,"comment_status":"open","ping_status":"open","sticky":false,"template":"","format":"standard","meta":{"_monsterinsights_skip_tracking":false,"_monsterinsights_sitenote_active":false,"_monsterinsights_sitenote_note":"","_monsterinsights_sitenote_category":0,"footnotes":""},"categories":[3766,9],"tags":[2694,330,5069,654,1659,5088,2739,5085,4308,2562,5086,5587,5727,79,883,5078,3258],"class_list":["post-33696","post","type-post","status-publish","format-standard","has-post-thumbnail","hentry","category-francesco-landini","category-musique-medieval-historique-fantaisie-celtique","tag-ars-nova","tag-ballade","tag-catalina-vicens","tag-chanson-medievale","tag-chants-polyphoniques","tag-codex-squarcialupi","tag-compositeur-medieval","tag-enea-sorini","tag-italie-medievale","tag-landino","tag-madrigal","tag-moyen-age-2","tag-moyen-age-tardif-3","tag-musique-medievale","tag-musiques-anciennes","tag-organetto","tag-schola-cantorum-basiliensis"],"aioseo_notices":[],"_links":{"self":[{"href":"https:\/\/www.moyenagepassion.com\/index.php\/wp-json\/wp\/v2\/posts\/33696"}],"collection":[{"href":"https:\/\/www.moyenagepassion.com\/index.php\/wp-json\/wp\/v2\/posts"}],"about":[{"href":"https:\/\/www.moyenagepassion.com\/index.php\/wp-json\/wp\/v2\/types\/post"}],"author":[{"embeddable":true,"href":"https:\/\/www.moyenagepassion.com\/index.php\/wp-json\/wp\/v2\/users\/2"}],"replies":[{"embeddable":true,"href":"https:\/\/www.moyenagepassion.com\/index.php\/wp-json\/wp\/v2\/comments?post=33696"}],"version-history":[{"count":43,"href":"https:\/\/www.moyenagepassion.com\/index.php\/wp-json\/wp\/v2\/posts\/33696\/revisions"}],"predecessor-version":[{"id":44460,"href":"https:\/\/www.moyenagepassion.com\/index.php\/wp-json\/wp\/v2\/posts\/33696\/revisions\/44460"}],"wp:featuredmedia":[{"embeddable":true,"href":"https:\/\/www.moyenagepassion.com\/index.php\/wp-json\/wp\/v2\/media\/33712"}],"wp:attachment":[{"href":"https:\/\/www.moyenagepassion.com\/index.php\/wp-json\/wp\/v2\/media?parent=33696"}],"wp:term":[{"taxonomy":"category","embeddable":true,"href":"https:\/\/www.moyenagepassion.com\/index.php\/wp-json\/wp\/v2\/categories?post=33696"},{"taxonomy":"post_tag","embeddable":true,"href":"https:\/\/www.moyenagepassion.com\/index.php\/wp-json\/wp\/v2\/tags?post=33696"}],"curies":[{"name":"wp","href":"https:\/\/api.w.org\/{rel}","templated":true}]}}