{"id":3509,"date":"2016-04-20T02:48:38","date_gmt":"2016-04-20T01:48:38","guid":{"rendered":"http:\/\/www.moyenagepassion.com\/?p=3509"},"modified":"2020-10-04T19:57:31","modified_gmt":"2020-10-04T18:57:31","slug":"un-air-medieval-et-ancien-pour-une-belle-poesie-de-gilles-vigneault","status":"publish","type":"post","link":"https:\/\/www.moyenagepassion.com\/index.php\/2016\/04\/20\/un-air-medieval-et-ancien-pour-une-belle-poesie-de-gilles-vigneault\/","title":{"rendered":"Un \u00ab\u00a0air\u00a0\u00bb m\u00e9di\u00e9val et ancien pour une belle po\u00e9sie  de Gilles Vigneault"},"content":{"rendered":"<div id=\"moyen-2829976312\" class=\"moyen-before-content moyen-entity-placement\"><script async src=\"\/\/pagead2.googlesyndication.com\/pagead\/js\/adsbygoogle.js?client=ca-pub-3035390706780632\" crossorigin=\"anonymous\"><\/script><ins class=\"adsbygoogle\" style=\"display:block;\" data-ad-client=\"ca-pub-3035390706780632\" \ndata-ad-slot=\"\" \ndata-ad-format=\"auto\"><\/ins>\n<script> \n(adsbygoogle = window.adsbygoogle || []).push({}); \n<\/script>\n<\/div><p><strong>Sujet :<\/strong> Un \u00ab\u00a0air\u00a0\u00bb m\u00e9di\u00e9val et ancien\u00a0pour une\u00a0\u00a0belle\u00a0po\u00e9sie \u00a0de Gilles Vigneault. Chanson folk, musique traditionnelle.<br \/>\n<strong>Titre :<\/strong> le jardin de mon p\u00e8re<br \/>\n<strong>Interpr\u00e9te<\/strong> : Gilles Vigneault<\/p>\n<p><iframe src=\"https:\/\/www.youtube.com\/embed\/n3TDSE3x1KE\" width=\"600\" height=\"338\" frameborder=\"0\" allowfullscreen=\"allowfullscreen\"><\/iframe><\/p>\n<p style=\"text-align: justify;\">Bonjour \u00e0 tous!<\/p>\n<p style=\"text-align: justify;\"><img decoding=\"async\" class=\"alignleft size-full wp-image-264\" src=\"https:\/\/www.moyenagepassion.com\/wp-content\/uploads\/2015\/12\/V_lettrine_moyen_age_passion-copia.jpg\" alt=\"V_lettrine_moyen_age_passion copia\" width=\"96\" height=\"103\" \/>ous allez me dire que ce morceau de Gilles Vigneault que nous postons ici ne date pas du moyen-\u00e2ge et que par cons\u00e9quent, il n&rsquo;a pas grand chose \u00e0 voir avec le monde m\u00e9di\u00e9val et vous aurez bien raison. Que les plus puristes d&rsquo;entre vous ne me jettent pas la pierre pourtant, et conviennent avec moi que autant la musique et les arrangements de ce morceau que la po\u00e9sie merveilleuse de Gilles Vigneault pourraient bien faire para\u00eetre cette chanson bien plus ancienne qu&rsquo;elle ne l&rsquo;est en r\u00e9alit\u00e9.\u00a0Il y a quelquefois un fil t\u00e9nu du folk ou\u00a0de la musique traditionnelle et populaire, \u00e0 certains airs de la musique m\u00e9di\u00e9vale, notamment de la fin du moyen-\u00e2ge et des si\u00e8cles suivants. C&rsquo;est au fond une forme de continuit\u00e9, rien de ces pi\u00e8ces hautement sophistiqu\u00e9es et all\u00e9goriques, quelque chose d&rsquo;une transmission orale et populaire, des instruments anciens que l&rsquo;on ch\u00e9rit aussi et que l&rsquo;on soigne, un sens de la f\u00eate, de la joie mais du drame aussi. Me <img decoding=\"async\" class=\"alignright wp-image-3511\" src=\"https:\/\/www.moyenagepassion.com\/wp-content\/uploads\/2016\/04\/la_poesie_de_gilles_vigneault_un_air_de_chanson_medievale.jpg\" alt=\"la_poesie_de_gilles_vigneault_un_air_de_chanson_medievale\" width=\"187\" height=\"218\" \/>concernant, en tout cas,\u00a0avant de conna\u00eetre ce morceau et de savoir qui l&rsquo;avait \u00e9crit, vous m&rsquo;auriez dit que c&rsquo;\u00e9tait un chant populaire ancien du XVIe XVIIe, je pense que je n&rsquo;aurais pas ciller. Il n&rsquo;est pas impossible que Gilles Vigneault y fasse indirectement allusion \u00e0 une chanson ancienne du XVIIIe intitul\u00e9 \u00ab\u00a0Dans les jardins de mon p\u00e8re\u00a0\u00bb mais ce n&rsquo;est qu&rsquo;une supposition.<\/p>\n<p style=\"text-align: justify;\">En m\u00eame temps, comme sur ce site, nous aimons la langue fran\u00e7aise et ses origines autant que ses po\u00e8tes, ce post nous fournit une double occasion : la premi\u00e8re est de saluer ce beau po\u00e8te vivant qu&rsquo;est Gilles Vigneault et dont il faut \u00e9couter et r\u00e9\u00e9couter la belle po\u00e9sie. Elle \u00a0s&rsquo;\u00e9l\u00e8ve sans rougir au rang\u00a0d&rsquo;un Pr\u00e9vert, et cet homme de coeur et de verbe, aux racines bien tremp\u00e9es dans sa terre natale et qui r\u00eave encore d&rsquo;un monde meilleur en regardant les \u00e9toiles est un vrai cadeau.\u00a0Tout cela nous\u00a0donne aussi l&rsquo;occasion de faire un clin d&rsquo;oeil chaleureux aux gens du Qu\u00e9bec, \u00e0 leur attachement \u00e0 leur histoire, autant qu&rsquo;\u00e0 leur amour de la langue fran\u00e7aise et \u00e0 leur fa\u00e7on de la faire chanter et de la porter haut. Il y a vraiment des tr\u00e9sors de musiques traditionnelles et de musiques folk \u00e0 d\u00e9couvrir de cet autre c\u00f4t\u00e9 de la mer. On y trouve d&rsquo;ailleurs\u00a0de nombreuses associations et compagnies m\u00e9di\u00e9vales et il s&rsquo;y organise \u00e0 Montr\u00e9al m\u00eame et annuellement, un grand salon de la passion m\u00e9di\u00e9vale et historique, unique sur le continent nord am\u00e9ricain. Le prochain sera bient\u00f4t l\u00e0!<\/p>\n<p style=\"text-align: justify;\"><a href=\"http:\/\/salonmedieval.com\/\" target=\"_blank\" rel=\"noopener noreferrer\"><img decoding=\"async\" class=\"alignnone size-full wp-image-3521\" src=\"https:\/\/www.moyenagepassion.com\/wp-content\/uploads\/2016\/04\/salon_passion_medievale_montreal_moyen-age_evenements.jpg\" alt=\"salon_passion_medievale_montreal_moyen-age_evenements\" width=\"460\" height=\"230\" srcset=\"https:\/\/www.moyenagepassion.com\/wp-content\/uploads\/2016\/04\/salon_passion_medievale_montreal_moyen-age_evenements.jpg 460w, https:\/\/www.moyenagepassion.com\/wp-content\/uploads\/2016\/04\/salon_passion_medievale_montreal_moyen-age_evenements-300x150.jpg 300w\" sizes=\"(max-width: 460px) 100vw, 460px\" \/><\/a><\/p>\n<p style=\"text-align: justify;\"><strong><span class=\"pLib\">Les Paroles de la po\u00e9sie de Gilles Vigneault<\/span><\/strong><\/p>\n<p>Au jardin de mon p\u00e8re<br \/>\nL&rsquo;\u00e9tait un gros ballon<br \/>\nAu jardin de mon p\u00e8re<br \/>\nL&rsquo;\u00e9tait un gros ballon<br \/>\nTout rond comme la terre<br \/>\nEn vert et bleu profond sous le pont<br \/>\nDanse et ris mon comp\u00e8re<br \/>\nLes beaux jours viendront<\/p>\n<p>Des lacs et des rivi\u00e8res<br \/>\nDes plaines des vallons<br \/>\nDes lacs et des rivi\u00e8res<br \/>\nDes plaines des vallons<br \/>\nLe long de ces rivi\u00e8res<br \/>\nDes gens dans les maisons sous le pont<br \/>\nDanse et ris mon comp\u00e8re<br \/>\nLes beaux jours viendront<\/p>\n<p>Un jour des gens de guerre<br \/>\nEn rempli l&rsquo;horizon<br \/>\nUn jour des gens de guerre<br \/>\nEn rempli l&rsquo;horizon<br \/>\nOnt cass\u00e9 la barri\u00e8re<br \/>\nEt crev\u00e9 le ballon sous le pont<br \/>\nDanse et ris mon comp\u00e8re<br \/>\nLes beaux jours viendront<\/p>\n<p>Ont vid\u00e9 la rivi\u00e8re<br \/>\nEt pris tous les poissons<br \/>\nOnt vid\u00e9 la rivi\u00e8re<br \/>\nEt pris tous les poissons<br \/>\nOnt pris toutes les pierres<br \/>\nPour nourrir leurs canons sous le pont<br \/>\nDanse et ris mon comp\u00e8re<br \/>\nLes beaux jours viendront<\/p>\n<p>Ont tu\u00e9 p\u00e8re et m\u00e8re<br \/>\nEt br\u00fbl\u00e9 la maison<br \/>\nOnt tu\u00e9 p\u00e8re et m\u00e8re<br \/>\nEt br\u00fbl\u00e9 la maison<br \/>\nMoi je les ai vus faire<br \/>\nCach\u00e9 dans le bas-fond sous le pont<br \/>\nDanse et ris mon comp\u00e8re<br \/>\nLes beaux jours viendront<\/p>\n<p>Moi je fais mes pri\u00e8res<br \/>\nJe sais bien ma le\u00e7on<br \/>\nMoi je fais mes pri\u00e8res<br \/>\nJe sais bien ma le\u00e7on<br \/>\nSi Dieu les laisse faire<br \/>\nC&rsquo;est qu&rsquo;il a ses raisons sous le pont<br \/>\nDanse et ris mon comp\u00e8re<br \/>\nLes beaux jours viendront<\/p>\n<p>Si vous voyez mon fr\u00e8re<br \/>\nDites-lui ma chanson<br \/>\nSi vous voyez mon fr\u00e8re<br \/>\nDites-lui ma chanson<br \/>\nDites-lui que j&rsquo;esp\u00e8re<br \/>\nQu&rsquo;il rentre \u00e0 la maison sous le pont<br \/>\nDanse et ris mon comp\u00e8re<br \/>\nLes beaux jours viendront<\/p>\n<p>Au bord de la rivi\u00e8re<br \/>\nJ&rsquo;ai trouv\u00e9 mon ballon<br \/>\nAu bord de la rivi\u00e8re<br \/>\nJ&rsquo;ai trouv\u00e9 mon ballon<br \/>\nIl se prend pour la terre<br \/>\nA perdu la raison sous le pont<br \/>\nDanse et ris mon comp\u00e8re<br \/>\nLes beaux jours viendront<br \/>\nDanse et ris mon comp\u00e8re<br \/>\nLes beaux jours viendront<\/p>\n<p>Une belle journ\u00e9e \u00e0 tous!<br \/>\nFred<\/p>\n","protected":false},"excerpt":{"rendered":"<p>Sujet : Un \u00ab\u00a0air\u00a0\u00bb m\u00e9di\u00e9val et ancien\u00a0pour une\u00a0\u00a0belle\u00a0po\u00e9sie \u00a0de Gilles Vigneault. Chanson folk, musique traditionnelle. Titre : le jardin de mon p\u00e8re Interpr\u00e9te : Gilles Vigneault Bonjour \u00e0 tous! ous allez me dire que ce morceau de Gilles Vigneault que nous postons ici ne date pas du moyen-\u00e2ge et que par cons\u00e9quent, il n&rsquo;a pas &hellip; <a href=\"https:\/\/www.moyenagepassion.com\/index.php\/2016\/04\/20\/un-air-medieval-et-ancien-pour-une-belle-poesie-de-gilles-vigneault\/\" class=\"more-link\">Continuer la lecture de <span class=\"screen-reader-text\">Un \u00ab\u00a0air\u00a0\u00bb m\u00e9di\u00e9val et ancien pour une belle po\u00e9sie  de Gilles Vigneault<\/span>  <span class=\"meta-nav\">&rarr;<\/span><\/a><\/p>\n","protected":false},"author":2,"featured_media":0,"comment_status":"open","ping_status":"open","sticky":false,"template":"","format":"standard","meta":{"_monsterinsights_skip_tracking":false,"_monsterinsights_sitenote_active":false,"_monsterinsights_sitenote_note":"","_monsterinsights_sitenote_category":0,"footnotes":""},"categories":[9],"tags":[991,989,142,987,22,182,994,18,78,79,990,883,34,992,80,988,995,993],"class_list":["post-3509","post","type-post","status-publish","format-standard","hentry","category-musique-medieval-historique-fantaisie-celtique","tag-au-jardin-de-mon-pere","tag-chanson-folk","tag-folk","tag-gilles-vigneault","tag-medievale","tag-monde-medieval","tag-montreal","tag-moyen-age","tag-musique","tag-musique-medievale","tag-musique-traditionnelle","tag-musiques-anciennes","tag-passion","tag-passion-medievale","tag-poesie","tag-quebec","tag-quebec-medieval","tag-salon"],"aioseo_notices":[],"_links":{"self":[{"href":"https:\/\/www.moyenagepassion.com\/index.php\/wp-json\/wp\/v2\/posts\/3509"}],"collection":[{"href":"https:\/\/www.moyenagepassion.com\/index.php\/wp-json\/wp\/v2\/posts"}],"about":[{"href":"https:\/\/www.moyenagepassion.com\/index.php\/wp-json\/wp\/v2\/types\/post"}],"author":[{"embeddable":true,"href":"https:\/\/www.moyenagepassion.com\/index.php\/wp-json\/wp\/v2\/users\/2"}],"replies":[{"embeddable":true,"href":"https:\/\/www.moyenagepassion.com\/index.php\/wp-json\/wp\/v2\/comments?post=3509"}],"version-history":[{"count":1,"href":"https:\/\/www.moyenagepassion.com\/index.php\/wp-json\/wp\/v2\/posts\/3509\/revisions"}],"predecessor-version":[{"id":34591,"href":"https:\/\/www.moyenagepassion.com\/index.php\/wp-json\/wp\/v2\/posts\/3509\/revisions\/34591"}],"wp:attachment":[{"href":"https:\/\/www.moyenagepassion.com\/index.php\/wp-json\/wp\/v2\/media?parent=3509"}],"wp:term":[{"taxonomy":"category","embeddable":true,"href":"https:\/\/www.moyenagepassion.com\/index.php\/wp-json\/wp\/v2\/categories?post=3509"},{"taxonomy":"post_tag","embeddable":true,"href":"https:\/\/www.moyenagepassion.com\/index.php\/wp-json\/wp\/v2\/tags?post=3509"}],"curies":[{"name":"wp","href":"https:\/\/api.w.org\/{rel}","templated":true}]}}