{"id":35296,"date":"2020-10-19T18:19:30","date_gmt":"2020-10-19T17:19:30","guid":{"rendered":"https:\/\/www.moyenagepassion.com\/?p=35296"},"modified":"2022-05-30T05:29:27","modified_gmt":"2022-05-30T04:29:27","slug":"kaamelott-covid-19-sortie-du-film-dans-les-salles-reportee","status":"publish","type":"post","link":"https:\/\/www.moyenagepassion.com\/index.php\/2020\/10\/19\/kaamelott-covid-19-sortie-du-film-dans-les-salles-reportee\/","title":{"rendered":"Kaamelott &#038; COVID 19 : sortie du film dans les salles report\u00e9e"},"content":{"rendered":"<div id=\"moyen-2004955279\" class=\"moyen-before-content moyen-entity-placement\"><script async src=\"\/\/pagead2.googlesyndication.com\/pagead\/js\/adsbygoogle.js?client=ca-pub-3035390706780632\" crossorigin=\"anonymous\"><\/script><ins class=\"adsbygoogle\" style=\"display:block;\" data-ad-client=\"ca-pub-3035390706780632\" \ndata-ad-slot=\"\" \ndata-ad-format=\"auto\"><\/ins>\n<script> \n(adsbygoogle = window.adsbygoogle || []).push({}); \n<\/script>\n<\/div>\n<div class=\"wp-block-image\"><figure class=\"alignleft\"><img decoding=\"async\" width=\"110\" height=\"147\" src=\"https:\/\/www.moyenagepassion.com\/wp-content\/uploads\/2020\/10\/kaamelott-musique-film-bande-originale-sortie.jpg\" alt=\"\" class=\"wp-image-33924\"\/><\/figure><\/div>\n\n\n\n<p><strong>Sujet<\/strong>&nbsp; :&nbsp; &nbsp;Kaamelott,  &nbsp;m\u00e9di\u00e9val-fantastique, roi Loth, l\u00e9gendes arthuriennes, cin\u00e9ma, trilogie<br><strong>P\u00e9riode<\/strong>&nbsp; : haut moyen-\u00e2ge \u00e0 central<br><strong>Auteur<\/strong>&nbsp;:&nbsp; &nbsp;Alexandre Astier<br><strong>Date de sortie <\/strong>: report\u00e9e<\/p>\n\n\n\n<p>Bonjour \u00e0 tous,<\/p>\n\n\n\n<div class=\"wp-block-image\"><figure class=\"alignleft size-large\"><img decoding=\"async\" width=\"96\" height=\"103\" src=\"https:\/\/www.moyenagepassion.com\/wp-content\/uploads\/2018\/10\/O_lettrine_moyen_age_passion.jpg\" alt=\"\" class=\"wp-image-23900\"\/><\/figure><\/div>\n\n\n\n<p class=\"class text_justify\">n s&rsquo;y attendait tous un peu au vue des nouvelles mesures (tr\u00e8s contest\u00e9es), prises  par l&rsquo;ex\u00e9cutif face au Covid, mais <strong>Alexandre Astier<\/strong> vient de le confirmer par un Tweet : la sortie du film <strong>Kaamelott<\/strong> au cin\u00e9ma est report\u00e9e jusqu&rsquo;\u00e0 nouvel ordre. Aucun date n&rsquo;est pr\u00e9cis\u00e9e. Il restera donc \u00e0 patienter et peut-\u00eatre privil\u00e9gier l&rsquo;acquisition de <a href=\"https:\/\/www.moyenagepassion.com\/index.php\/2020\/10\/03\/musique-maestro-kaamelott-premier-volet-lalbum\/\">Kaamelott -Premier Volet l&rsquo;album et la bande musicale du film<\/a> en attendant.<\/p>\n\n\n\n<div class=\"wp-block-image\"><figure class=\"aligncenter size-full is-resized\"><img decoding=\"async\" src=\"https:\/\/www.moyenagepassion.com\/wp-content\/uploads\/2020\/10\/sortie-kaamelott-cinema-trilogie-retarde-covid.jpg\" alt=\"Twitt Alexandre Astier, Kaamelott Cin\u00e9ma\" class=\"wp-image-35297\" width=\"539\" height=\"448\" srcset=\"https:\/\/www.moyenagepassion.com\/wp-content\/uploads\/2020\/10\/sortie-kaamelott-cinema-trilogie-retarde-covid.jpg 539w, https:\/\/www.moyenagepassion.com\/wp-content\/uploads\/2020\/10\/sortie-kaamelott-cinema-trilogie-retarde-covid-300x249.jpg 300w\" sizes=\"(max-width: 539px) 100vw, 539px\" \/><\/figure><\/div>\n\n\n\n<h2 class=\"wp-block-heading\">Grogne, cacophonie <br>et nouveau lockdown de l&rsquo;\u00e9conomie<\/h2>\n\n\n\n<p class=\"class text_justify\">Dans le secteur de la culture, comme de la restauration et des services, la grogne n&rsquo;en finit pas de monter tandis que, dans les m\u00e9dias, une cacophonie insupportable continue de donner la parole aux experts de tous poils y compris ceux dont on sait, d\u00e9sormais et de mani\u00e8re \u00e9tablie, qu&rsquo;ils sont \u00e0 la solde des laboratoires priv\u00e9es. Impossible donc d&rsquo;y voir vraiment clair. <\/p>\n\n\n\n<p class=\"class text_justify\">Dans ce climat pernicieux, fait d&rsquo;injonctions contradictoires et o\u00f9 l&rsquo;on continue d&rsquo;entretenir soigneusement un peur panique du Covid (sans v\u00e9ritable corr\u00e9lation avec sa mortalit\u00e9 effective) tout en expliquant aux gens qu&rsquo;il faut apprendre \u00e0 vivre avec, nous vous souhaitons \u00e0 tous de garder la t\u00eate froide. Tous nos v\u0153ux de courage vont aussi \u00e0 ceux qui sont affect\u00e9s \u00e9conomiquement et de mani\u00e8re drastique par la gestion faite de cette crise depuis maintenant plus de 8 mois.<\/p>\n\n\n\n<p>En vous souhaitant une belle journ\u00e9e.<\/p>\n\n\n\n<p>Fred<br>Pour moyenagepassion.com<br><q><em>A la d\u00e9couverte du monde m\u00e9di\u00e9val sous toutes ses formes<\/em><\/q><\/p>\n","protected":false},"excerpt":{"rendered":"<p>Sujet&nbsp; :&nbsp; &nbsp;Kaamelott, &nbsp;m\u00e9di\u00e9val-fantastique, roi Loth, l\u00e9gendes arthuriennes, cin\u00e9ma, trilogieP\u00e9riode&nbsp; : haut moyen-\u00e2ge \u00e0 centralAuteur&nbsp;:&nbsp; &nbsp;Alexandre AstierDate de sortie : report\u00e9e Bonjour \u00e0 tous, n s&rsquo;y attendait tous un peu au vue des nouvelles mesures (tr\u00e8s contest\u00e9es), prises par l&rsquo;ex\u00e9cutif face au Covid, mais Alexandre Astier vient de le confirmer par un Tweet : la &hellip; <a href=\"https:\/\/www.moyenagepassion.com\/index.php\/2020\/10\/19\/kaamelott-covid-19-sortie-du-film-dans-les-salles-reportee\/\" class=\"more-link\">Continuer la lecture de <span class=\"screen-reader-text\">Kaamelott &#038; COVID 19 : sortie du film dans les salles report\u00e9e<\/span>  <span class=\"meta-nav\">&rarr;<\/span><\/a><\/p>\n","protected":false},"author":2,"featured_media":0,"comment_status":"open","ping_status":"open","sticky":false,"template":"","format":"standard","meta":{"_monsterinsights_skip_tracking":false,"_monsterinsights_sitenote_active":false,"_monsterinsights_sitenote_note":"","_monsterinsights_sitenote_category":0,"footnotes":""},"categories":[6],"tags":[197,72,5098,556,182,5109,1149],"class_list":["post-35296","post","type-post","status-publish","format-standard","hentry","category-films-moyen-age","tag-alexandre-astier","tag-cinema","tag-covid-19-2","tag-kaamelott","tag-monde-medieval","tag-sortie-cinematographique","tag-trilogie"],"aioseo_notices":[],"_links":{"self":[{"href":"https:\/\/www.moyenagepassion.com\/index.php\/wp-json\/wp\/v2\/posts\/35296"}],"collection":[{"href":"https:\/\/www.moyenagepassion.com\/index.php\/wp-json\/wp\/v2\/posts"}],"about":[{"href":"https:\/\/www.moyenagepassion.com\/index.php\/wp-json\/wp\/v2\/types\/post"}],"author":[{"embeddable":true,"href":"https:\/\/www.moyenagepassion.com\/index.php\/wp-json\/wp\/v2\/users\/2"}],"replies":[{"embeddable":true,"href":"https:\/\/www.moyenagepassion.com\/index.php\/wp-json\/wp\/v2\/comments?post=35296"}],"version-history":[{"count":8,"href":"https:\/\/www.moyenagepassion.com\/index.php\/wp-json\/wp\/v2\/posts\/35296\/revisions"}],"predecessor-version":[{"id":44441,"href":"https:\/\/www.moyenagepassion.com\/index.php\/wp-json\/wp\/v2\/posts\/35296\/revisions\/44441"}],"wp:attachment":[{"href":"https:\/\/www.moyenagepassion.com\/index.php\/wp-json\/wp\/v2\/media?parent=35296"}],"wp:term":[{"taxonomy":"category","embeddable":true,"href":"https:\/\/www.moyenagepassion.com\/index.php\/wp-json\/wp\/v2\/categories?post=35296"},{"taxonomy":"post_tag","embeddable":true,"href":"https:\/\/www.moyenagepassion.com\/index.php\/wp-json\/wp\/v2\/tags?post=35296"}],"curies":[{"name":"wp","href":"https:\/\/api.w.org\/{rel}","templated":true}]}}