{"id":36415,"date":"2020-12-26T00:45:31","date_gmt":"2020-12-25T23:45:31","guid":{"rendered":"https:\/\/www.moyenagepassion.com\/?p=36415"},"modified":"2022-05-29T23:56:32","modified_gmt":"2022-05-29T22:56:32","slug":"un-concert-dexception-a-la-rencontre-de-loccitanie-et-de-leurope-medievales","status":"publish","type":"post","link":"https:\/\/www.moyenagepassion.com\/index.php\/2020\/12\/26\/un-concert-dexception-a-la-rencontre-de-loccitanie-et-de-leurope-medievales\/","title":{"rendered":"Un concert d&rsquo;exception \u00e0 la rencontre DE L&rsquo;EUROPE &#038; de l&rsquo;occitanie m\u00e9di\u00e9vales"},"content":{"rendered":"<div id=\"moyen-2791379938\" class=\"moyen-before-content moyen-entity-placement\"><script async src=\"\/\/pagead2.googlesyndication.com\/pagead\/js\/adsbygoogle.js?client=ca-pub-3035390706780632\" crossorigin=\"anonymous\"><\/script><ins class=\"adsbygoogle\" style=\"display:block;\" data-ad-client=\"ca-pub-3035390706780632\" \ndata-ad-slot=\"\" \ndata-ad-format=\"auto\"><\/ins>\n<script> \n(adsbygoogle = window.adsbygoogle || []).push({}); \n<\/script>\n<\/div>\n<div class=\"wp-block-image\"><figure class=\"alignleft size-full is-resized\"><img decoding=\"async\" src=\"https:\/\/www.moyenagepassion.com\/wp-content\/uploads\/2020\/12\/concert-musique-medievale-troubadours-occitant-moyen-age-central.jpg\" alt=\"Concert m\u00e9di\u00e9val enluminure troubadours\" class=\"wp-image-36432\" width=\"157\" height=\"204\"\/><\/figure><\/div>\n\n\n\n<p class=\"class text_justify\"><strong>Sujet<\/strong>\u00a0: chanson m\u00e9di\u00e9vale, occitan m\u00e9di\u00e9val, troubadours, concert, Europe m\u00e9di\u00e9vale, oc, musique m\u00e9di\u00e9vale <br><strong>Titres<\/strong>\u00a0:\u00a015 pi\u00e8ces m\u00e9di\u00e9vales de choix<br><strong>Auteurs<\/strong>\u00a0:  troubadours &amp; anonymes<br><strong>P\u00e9riode<\/strong>\u00a0: Moyen \u00c2ge central, XII, XIIIe s<br><strong>Interpr\u00e8te<\/strong>\u00a0: Troubadours Art Ensemble<br><strong>Concert <\/strong>:\u00a0Universit\u00e9 de Stanford, USA, Memorial Church (Mars 2010)<\/p>\n\n\n\n<p>Bonjour \u00e0 tous,<\/p>\n\n\n\n<div class=\"wp-block-image\"><figure class=\"alignleft size-large\"><img decoding=\"async\" width=\"84\" height=\"103\" src=\"https:\/\/www.moyenagepassion.com\/wp-content\/uploads\/2018\/10\/S_lettrine_moyen_age_passion.jpg\" alt=\"\" class=\"wp-image-23904\"\/><\/figure><\/div>\n\n\n\n<p class=\"class text_justify\">ur la route des troubadours et des musiques du Moyen \u00c2ge central, nous avons le tr\u00e8s grand plaisir de partager ici, avec son aimable autorisation, une belle prestation du Troubadours Art Ensemble, avec et sous la direction de <strong>G\u00e9rard Zuchetto, <\/strong>entour\u00e9 de <strong>Sandra Hurtado-R\u00f2s  <\/strong>et de quatre autres musiciens de talent.<\/p>\n\n\n\n<p class=\"class text_justify\">Une fois n&rsquo;est pas coutume, en lieu de compositions isol\u00e9es, il s&rsquo;agit d&rsquo;un concert entier de 15 pi\u00e8ces d&rsquo;exception. On y partira \u00e0 l&rsquo;\u00e9coute de nombreux troubadours occitans, mais aussi de musiques s\u00e9farades anciennes, avec encore quelques interludes instrumentaux du c\u00f4t\u00e9 des cantigas de l&rsquo;Espagne m\u00e9di\u00e9vale ou d&rsquo;estampies italiennes du XIVe si\u00e8cle.<\/p>\n\n\n\n<h2 class=\"wp-block-heading\">Un voyage exceptionnel au c\u0153ur <br>de l&rsquo;Europe m\u00e9diterran\u00e9enne m\u00e9di\u00e9vale<\/h2>\n\n\n\n<div class=\"wp-block-image\"><figure class=\"alignright size-large is-resized\"><img decoding=\"async\" src=\"https:\/\/www.moyenagepassion.com\/wp-content\/uploads\/2020\/12\/deco_medieval-troubadour-bernard-de-ventadour.jpg\" alt=\"\" class=\"wp-image-36427\" width=\"86\" height=\"371\"\/><\/figure><\/div>\n\n\n\n<p class=\"class text_justify\">L&rsquo;amateur de musiques m\u00e9di\u00e9vales et anciennes ne pourra qu&rsquo;\u00eatre conquis par ce beau concert. En effet, tout y est et c&rsquo;est ce qui en fait un moment totalement unique : l&rsquo;\u00e9motion brute de la parole occitane et de son chant port\u00e9e par la voix de G\u00e9rard Zuchetto, son talent et sa longue pratique de ce r\u00e9pertoire. A ses c\u00f4t\u00e9s, les envol\u00e9es vocales de la soprano Sandra Hurtado-R\u00f2s touchent au c\u0153ur et sont un v\u00e9ritable enchantement. Les quatre autres grands instrumentistes viennent compl\u00e9ter la sc\u00e8ne avec un accompagnement, des sonorit\u00e9s et des rythmiques qui  servent le tout avec une rare justesse. <\/p>\n\n\n\n<p class=\"class text_justify\">On ne retrouvera dans tout cela de beaux accents s\u00e9farades et m\u00eame byzantins qui nous porteront jusqu&rsquo;aux confins de la p\u00e9ninsule ib\u00e9rique, en s&rsquo;aventurant m\u00eame au del\u00e0 de ses c\u00f4tes m\u00e9diterran\u00e9ennes. En suivant ce voyage temporel au c\u0153ur du Moyen \u00c2ge central europ\u00e9en, on pourra encore voir d&rsquo;invisibles et anciennes fronti\u00e8res culturelles se redessiner sous nos yeux : celles d&rsquo;une certaine Europe m\u00e9di\u00e9vale du sud (France, Espagne et  plus loin encore, m\u00e9diterran\u00e9enne) faites d&rsquo;\u00e9changes, de paroles en \u00e9cho et d&rsquo;influences mutuelles. Et devant cette reconstitution vivante, on pourra \u00eatre tent\u00e9 d&#8217;embrasser la vision sugg\u00e9r\u00e9e \u00e0 demi-mot par nos artistes du jour, d&rsquo;une culture qui aurait partag\u00e9 des traits communs sur une carte ne correspondant pas \u00e0 celle des couronnes d&rsquo;alors et encore moins \u00e0 celle des nations actuelles.<\/p>\n\n\n\n<figure class=\"wp-block-embed-youtube wp-block-embed is-type-video is-provider-youtube wp-embed-aspect-16-9 wp-has-aspect-ratio\"><div class=\"wp-block-embed__wrapper\">\n<iframe title=\"TAE Concert Stanford mars 2010\" width=\"474\" height=\"267\" src=\"https:\/\/www.youtube.com\/embed\/oU2IAxAlYtE?feature=oembed\" frameborder=\"0\" allow=\"accelerometer; autoplay; clipboard-write; encrypted-media; gyroscope; picture-in-picture; web-share\" referrerpolicy=\"strict-origin-when-cross-origin\" allowfullscreen><\/iframe>\n<\/div><figcaption>Un concert d&rsquo;exception du Troubadours Art Ensemble \u00e0 Stanford<\/figcaption><\/figure>\n\n\n\n<h2 class=\"wp-block-heading\">Des troubadours \u00e0 l&rsquo;universit\u00e9 de Stanford<\/h2>\n\n\n\n<p class=\"class text_justify\"><em><span class=\"has-inline-color has-green-color\">\u00ab\u00a0A la fois interpr\u00e8te et interlocuteur de cette performance, le Troubadours Art Ensemble nous offre une exp\u00e9rience essentielle de la culture m\u00e9di\u00e9vale en tant qu&rsquo;\u00e9v\u00e9nement : la fusion de la musique et du chant, et celle du po\u00e8te-chanteur-compositeur et de l&rsquo;audience. En exposant la communaut\u00e9 de Stanford \u00e0 la riche texture auditive et verbale du monde m\u00e9di\u00e9val, nous pouvons nous rapprocher de l&rsquo;environnement de l&rsquo;interpr\u00e9tation <em><em>originale<\/em><\/em><\/span><\/em> <em><span class=\"has-inline-color has-green-color\">qui constitue la vraie nature de la tradition po\u00e9tique.\u00a0\u00bb<\/span><\/em><\/p>\n\n\n\n<p class=\"has-text-align-right class text_justify\"><span class=\"has-inline-color has-medium-gray-color\"><strong>Marisa Galvez &#8211; <\/strong>Universitaire, romaniste, sp\u00e9cialiste du fran\u00e7ais <br>et de l&rsquo;italien ancien et m\u00e9di\u00e9val, Universit\u00e9 de Stanford <\/span><\/p>\n\n\n\n<div class=\"wp-block-image\"><figure class=\"alignleft size-full is-resized\"><a href=\"https:\/\/www.moyenagepassion.com\/wp-content\/uploads\/2020\/12\/concert-troubadour-musique-medievale-occitan-musique-sefarade-moyen-age.jpg\"><img decoding=\"async\" src=\"https:\/\/www.moyenagepassion.com\/wp-content\/uploads\/2020\/12\/concert-troubadour-musique-medievale-occitan-musique-sefarade-moyen-age-s.jpg\" alt=\"Un Concert m\u00e9di\u00e9val du Troubadours Art Ensemble (Affiche)\" class=\"wp-image-36424\" width=\"195\" height=\"306\" srcset=\"https:\/\/www.moyenagepassion.com\/wp-content\/uploads\/2020\/12\/concert-troubadour-musique-medievale-occitan-musique-sefarade-moyen-age-s.jpg 280w, https:\/\/www.moyenagepassion.com\/wp-content\/uploads\/2020\/12\/concert-troubadour-musique-medievale-occitan-musique-sefarade-moyen-age-s-191x300.jpg 191w\" sizes=\"(max-width: 195px) 100vw, 195px\" \/><\/a><figcaption><a href=\"https:\/\/www.moyenagepassion.com\/wp-content\/uploads\/2020\/12\/Concert-medieval-des-troubadours-a-universite-de-stanford.pdf\" target=\"_blank\" rel=\"noreferrer noopener\">t\u00e9l\u00e9chargez le programme<\/a><\/figcaption><\/figure><\/div>\n\n\n\n<p class=\"class text_justify\">Dat\u00e9 de 2010, ce concert, donn\u00e9 \u00e0 la Memorial Church de l&rsquo;<strong>Universit\u00e9 de Stanford<\/strong>, inaugurait le d\u00e9part d&rsquo;une collaboration fructueuse entre le <strong>Troubadours Art Ensemble<\/strong> de G\u00e9rard Zuchetto et l&rsquo;universit\u00e9 am\u00e9ricaine. A ce jour, ces \u00e9changes se poursuivent toujours \u00e0 destination des \u00e9tudiants comme des enseignants de l&rsquo;\u00e9tablissement sup\u00e9rieur outre-Atlantique. Ils mettent en \u0153uvre des partenariats crois\u00e9s entre de nombreux d\u00e9partements de l&rsquo;universit\u00e9 californienne (Centre m\u00e9di\u00e9val, d\u00e9partement de Fran\u00e7ais et d&rsquo;italien, de Litt\u00e9rature, cultures et langages, de sciences humaines, &#8230;)  mais aussi la r\u00e9gion Languedoc Roussillon, le Centre International de Recherche et de Documentation Occitanes (CIRDOC) et le <a href=\"https:\/\/www.art-troubadours.com\/trobart-productions\/production-et-editions\/\" target=\"_blank\" rel=\"noreferrer noopener\">Trob\u2019Art Productions<\/a>, association cr\u00e9\u00e9e, en 2000, par G\u00e9rard Zuchetto.<\/p>\n\n\n\n<h2 class=\"wp-block-heading\">Le Troubadours Art Ensemble<\/h2>\n\n\n\n<p class=\"class text_justify\">Fond\u00e9 pour Gerard Zuchetto au milieu des ann\u00e9es 80, Troubadours Art Ensemble se d\u00e9die, comme son nom l&rsquo;indique, \u00e0 cet art occitan m\u00e9di\u00e9val.  Depuis ses premi\u00e8res productions, en 1985, la formation a continu\u00e9 sa route avec des collaborations \u00e0 g\u00e9om\u00e9trie variable, en privil\u00e9giant le r\u00e9pertoire des troubadours des XIIe et XIIIe si\u00e8cles. On lui doit notamment la grande <a href=\"https:\/\/www.moyenagepassion.com\/index.php\/2020\/11\/29\/une-chanson-de-raimbaut-de-vaqueiras-servie-par-le-talent-de-gerard-zuchetto\/\">Anthologie la Tr\u00f2ba<\/a> dont nous avons d\u00e9j\u00e0 parl\u00e9e. Aujourd&rsquo;hui, elle est sous la direction artistique conjointe de son fondateur et de Sandra Hurtado-R\u00f2s.<\/p>\n\n\n\n<h3 class=\"wp-block-heading\">Programme musical de ce concert<\/h3>\n\n\n\n<ol class=\"wp-block-list\"><li><em>Ar\u2019 resplan la flors enversa, <\/em><strong>Raimbaut d\u2019Aurenga<\/strong><\/li><li><em>Ar\u2019ab la forsa del freis, <\/em><strong>Raimon de Miraval<\/strong><\/li><li><em>A chantar m\u2019er de so qu\u2019eu non volria,<strong> <\/strong><\/em><strong>La Comtessa de Dia<\/strong><\/li><li><em>La serena<\/em>, <strong>Anonyme S\u00e9farade<\/strong><\/li><li><em>Per dam<\/em>, <strong>Peirol<\/strong><\/li><li><em>Lanquan li jorn son lonc en mai, <\/em><strong>Jaufre Rudel<\/strong><\/li><li><em>Ben aja\u2019l cortes esciens<\/em>, <strong>Raimon de Miraval<\/strong><\/li><li><em>Principio di vertu<\/em>, Estampie Instrumentale<\/li><li><em>Como la rosa<\/em>, <strong>Anonyme S\u00e9farade<\/strong><\/li><li><em>Tuchia Mazmoume<\/em>, Instrumental<\/li><li><em>Quan vei la lauzeta mover<\/em>, <strong><a href=\"https:\/\/www.moyenagepassion.com\/index.php\/moyen-age\/musique-medieval-historique-fantaisie-celtique\/bernard-de-ventadour\/\">Bernart de Ventadorn<\/a><\/strong><\/li><li><em>Alli en el midbar<\/em>, <strong>Anonyme S\u00e9farade<\/strong><\/li><li><em>Cantiga Instrumental<\/em><\/li><li><em>Reis glorios verais lums e clartatz<\/em>, <strong><a href=\"https:\/\/www.moyenagepassion.com\/index.php\/moyen-age\/musique-medieval-historique-fantaisie-celtique\/giraut-de-bornelh-giraut-de-borneil-guiraut\/\">Giraut de Bornelh<\/a><\/strong><\/li><li><em>Scalerica<\/em><strong>, Anonyme S\u00e9farade<\/strong><\/li><\/ol>\n\n\n\n<h3 class=\"has-text-align-left wp-block-heading\">Musiciens et artistes<\/h3>\n\n\n\n<p class=\"class text_justify\"><strong>Sandra Hurtado-R\u00f2s<\/strong>  (voix, harmonium, hang), <strong>G\u00e9rard Zuchetto<\/strong> (direction, voix, clarinette m\u00e9di\u00e9vale). <strong>Denyse Dowling \u2013 Macnamara<\/strong> (fl\u00fbtes, chalemie), <strong>Patrice Villaum\u00e9<\/strong> (vielle \u00e0 roue, psalt\u00e9rion), <strong>Andr\u00e9 Rochard<\/strong>  (guiterne, oud, vi\u00e8le \u00e0 archet), <strong>Thierry Gomar<\/strong>  (percussions anciennes et traditionnelles).<\/p>\n\n\n\n<p class=\"class text_justify\">Pour conclure, ajoutons que par les grands myst\u00e8res de l&rsquo;algorithme de youtube, ce concert est, pour l&rsquo;instant, pass\u00e9 largement en dessous du niveau de visibilit\u00e9 qu&rsquo;il m\u00e9rite. En le diffusant, nous esp\u00e9rons y rem\u00e9dier. Aussi, s&rsquo;il vous parle comme il nous a parl\u00e9, n&rsquo;h\u00e9sitez pas \u00e0 le partager. Nous n&rsquo;avons pas de doute que le public l&rsquo;appr\u00e9ciera autant que les universitaires et \u00e9tudiants am\u00e9ricains de Stanford ont su le faire.<\/p>\n\n\n\n<p>En vous souhaitant une belle journ\u00e9e.<\/p>\n\n\n\n<p>Fr\u00e9d\u00e9ric EFFE<br>Pour moyenagepassion.com<br><em><strong>A la d\u00e9couverte du monde m\u00e9di\u00e9val sous toutes ses formes<\/strong><\/em><\/p>\n","protected":false},"excerpt":{"rendered":"<p>Sujet\u00a0: chanson m\u00e9di\u00e9vale, occitan m\u00e9di\u00e9val, troubadours, concert, Europe m\u00e9di\u00e9vale, oc, musique m\u00e9di\u00e9vale Titres\u00a0:\u00a015 pi\u00e8ces m\u00e9di\u00e9vales de choixAuteurs\u00a0: troubadours &amp; anonymesP\u00e9riode\u00a0: Moyen \u00c2ge central, XII, XIIIe sInterpr\u00e8te\u00a0: Troubadours Art EnsembleConcert :\u00a0Universit\u00e9 de Stanford, USA, Memorial Church (Mars 2010) Bonjour \u00e0 tous, ur la route des troubadours et des musiques du Moyen \u00c2ge central, nous avons le &hellip; <a href=\"https:\/\/www.moyenagepassion.com\/index.php\/2020\/12\/26\/un-concert-dexception-a-la-rencontre-de-loccitanie-et-de-leurope-medievales\/\" class=\"more-link\">Continuer la lecture de <span class=\"screen-reader-text\">Un concert d&rsquo;exception \u00e0 la rencontre DE L&rsquo;EUROPE &#038; de l&rsquo;occitanie m\u00e9di\u00e9vales<\/span>  <span class=\"meta-nav\">&rarr;<\/span><\/a><\/p>\n","protected":false},"author":2,"featured_media":36444,"comment_status":"open","ping_status":"open","sticky":false,"template":"","format":"standard","meta":{"_monsterinsights_skip_tracking":false,"_monsterinsights_sitenote_active":false,"_monsterinsights_sitenote_note":"","_monsterinsights_sitenote_category":0,"footnotes":""},"categories":[9],"tags":[5158,654,1588,1998,2832,1362,182,18,78,5192,5193,4596,5194,5119,5159,2064,595],"class_list":["post-36415","post","type-post","status-publish","format-standard","has-post-thumbnail","hentry","category-musique-medieval-historique-fantaisie-celtique","tag-anthologie","tag-chanson-medievale","tag-concert","tag-europe-medievale","tag-gerard-zuchetto","tag-langue-doc","tag-monde-medieval","tag-moyen-age","tag-musique","tag-musiques-medievales","tag-musiques-sefarades","tag-occitan-medieval","tag-sandra-hurtado-ros","tag-troubadours","tag-troubadours-art-ensemble","tag-xiie-siecle","tag-xiiie-siecle"],"aioseo_notices":[],"_links":{"self":[{"href":"https:\/\/www.moyenagepassion.com\/index.php\/wp-json\/wp\/v2\/posts\/36415"}],"collection":[{"href":"https:\/\/www.moyenagepassion.com\/index.php\/wp-json\/wp\/v2\/posts"}],"about":[{"href":"https:\/\/www.moyenagepassion.com\/index.php\/wp-json\/wp\/v2\/types\/post"}],"author":[{"embeddable":true,"href":"https:\/\/www.moyenagepassion.com\/index.php\/wp-json\/wp\/v2\/users\/2"}],"replies":[{"embeddable":true,"href":"https:\/\/www.moyenagepassion.com\/index.php\/wp-json\/wp\/v2\/comments?post=36415"}],"version-history":[{"count":56,"href":"https:\/\/www.moyenagepassion.com\/index.php\/wp-json\/wp\/v2\/posts\/36415\/revisions"}],"predecessor-version":[{"id":44405,"href":"https:\/\/www.moyenagepassion.com\/index.php\/wp-json\/wp\/v2\/posts\/36415\/revisions\/44405"}],"wp:featuredmedia":[{"embeddable":true,"href":"https:\/\/www.moyenagepassion.com\/index.php\/wp-json\/wp\/v2\/media\/36444"}],"wp:attachment":[{"href":"https:\/\/www.moyenagepassion.com\/index.php\/wp-json\/wp\/v2\/media?parent=36415"}],"wp:term":[{"taxonomy":"category","embeddable":true,"href":"https:\/\/www.moyenagepassion.com\/index.php\/wp-json\/wp\/v2\/categories?post=36415"},{"taxonomy":"post_tag","embeddable":true,"href":"https:\/\/www.moyenagepassion.com\/index.php\/wp-json\/wp\/v2\/tags?post=36415"}],"curies":[{"name":"wp","href":"https:\/\/api.w.org\/{rel}","templated":true}]}}