{"id":3753,"date":"2016-05-01T22:57:04","date_gmt":"2016-05-01T21:57:04","guid":{"rendered":"http:\/\/www.moyenagepassion.com\/?p=3753"},"modified":"2020-10-04T19:57:31","modified_gmt":"2020-10-04T18:57:31","slug":"lecture-video-la-ballade-des-pendus-de-villon-et-un-mot-de-justice-medievale","status":"publish","type":"post","link":"https:\/\/www.moyenagepassion.com\/index.php\/2016\/05\/01\/lecture-video-la-ballade-des-pendus-de-villon-et-un-mot-de-justice-medievale\/","title":{"rendered":"Lecture \u00ab\u00a0video\u00a0\u00bb : la ballade des pendus de Villon et un mot de justice m\u00e9di\u00e9vale"},"content":{"rendered":"<div id=\"moyen-246608225\" class=\"moyen-before-content moyen-entity-placement\"><script async src=\"\/\/pagead2.googlesyndication.com\/pagead\/js\/adsbygoogle.js?client=ca-pub-3035390706780632\" crossorigin=\"anonymous\"><\/script><ins class=\"adsbygoogle\" style=\"display:block;\" data-ad-client=\"ca-pub-3035390706780632\" \ndata-ad-slot=\"\" \ndata-ad-format=\"auto\"><\/ins>\n<script> \n(adsbygoogle = window.adsbygoogle || []).push({}); \n<\/script>\n<\/div><p><strong><a href=\"https:\/\/www.moyenagepassion.com\/wp-content\/uploads\/2016\/04\/poesie_medievale_francois_villon_la_requeste_poesie_satirique.jpg\"><img decoding=\"async\" class=\"alignleft wp-image-3150\" src=\"https:\/\/www.moyenagepassion.com\/wp-content\/uploads\/2016\/04\/poesie_medievale_francois_villon_la_requeste_poesie_satirique.jpg\" alt=\"poesie_medievale_francois_villon_la_requeste_poesie_satirique\" width=\"130\" height=\"162\" \/><\/a>Sujet :<\/strong> po\u00e9sie m\u00e9di\u00e9vale, po\u00e9sie satirique, po\u00e9sie r\u00e9aliste<br \/>\n<strong>Auteur ;<\/strong> Villon, encore Villon, toujours Villon<br \/>\n<strong>M\u00e9dias<\/strong> : vid\u00e9o youtube, lectures po\u00e9tiques<br \/>\n<strong>Titre :<\/strong> la ballade des pendus<br \/>\n<strong>P\u00e9riode<\/strong> : moyen-\u00e2ge tardif<br \/>\n<strong>Interpr\u00e8te :<\/strong> <a href=\"http:\/\/www.gerald-robert.com\/\" target=\"_blank\" rel=\"noopener noreferrer\">G\u00e9rald Robert<\/a>, com\u00e9dien voix-off<\/p>\n<p><strong>Lecture po\u00e9sie m\u00e9di\u00e9vale:\u00a0la ballade des pendus de Fran\u00e7ois Villon<\/strong><br \/>\n<code><iframe src=\"https:\/\/www.youtube.com\/embed\/Cdym4glN3WQ\" width=\"560\" height=\"315\" frameborder=\"0\" allowfullscreen=\"allowfullscreen\"><\/iframe><\/code><\/p>\n<p>Bonjour \u00e0 tous,<\/p>\n<p style=\"text-align: justify;\"><img decoding=\"async\" class=\"alignleft size-full wp-image-394\" src=\"https:\/\/www.moyenagepassion.com\/wp-content\/uploads\/2015\/12\/Q_lettrine_moyen_age_passion.jpg\" alt=\"Q_lettrine_moyen_age_passion\" width=\"96\" height=\"103\" \/>uel plaisir de se lever matin et relevant ses courriers d&rsquo;y trouver un message \u00a0qui nous parle de Fran\u00e7ois Villon et qui, m\u00eame mieux que simplement nous en parler, nous le dit.<\/p>\n<h2><strong>Un visage sur une voix-off<\/strong><\/h2>\n<p style=\"text-align: justify;\"><img decoding=\"async\" class=\"alignright wp-image-3755\" src=\"https:\/\/www.moyenagepassion.com\/wp-content\/uploads\/2016\/05\/poesie_medievale_lectures_audio_gerald_robert_epitaphe_fran\u00e7ois_villon.jpg\" alt=\"poesie_medievale_lectures_audio_gerald_robert_epitaphe_fran\u00e7ois_villon\" width=\"208\" height=\"153\" \/>G\u00e9rald Robert qui nous fait, aujourd&rsquo;hui, l&rsquo;amiti\u00e9 de ce partage \u00a0 est com\u00e9dien \u00ab\u00a0voix off\u00a0\u00bb mais comme une voix, cache toujours une \u00e2me et un corps, il est bien s\u00fbr, avant tout, com\u00e9dien et publie \u00e9galement des <a href=\"https:\/\/www.youtube.com\/channel\/UCOD9sdbK6ac0cdm5EfxiXzA\" target=\"_blank\" rel=\"noopener noreferrer\">vid\u00e9os youtube<\/a> o\u00f9 il se met en sc\u00e8ne. Et quand il ne lit pas du Fran\u00e7ois Villon ou des textes (nul doute que d&rsquo;autres sont en pr\u00e9paration), il pr\u00eate sa voix et son sens de la com\u00e9die \u00e0 divers supports et m\u00e9dias: radios, publicit\u00e9s, corporate,\u00a0documentaires, lectures audios, etc&#8230; Dans un projet sorti en ao\u00fbt dernier, il a m\u00eame incarn\u00e9 la voix du souverain pontife Fran\u00e7ois pour une lecture audio de son encyclique. Le voil\u00e0 devenu officiellement un des\u00a0papes de la voix off! Peut-\u00eatre d&rsquo;ailleurs l&rsquo;avez-vous d\u00e9j\u00e0 entendu sans le voir, c&rsquo;est tout le myst\u00e8re de son art. En bref,\u00a0gardez \u00e0 l&rsquo;oeil et \u00e0 l&rsquo;oreille ce com\u00e9dien des temps modernes qui fait, aujourd&rsquo;hui, revivre pour nous Villon dans cette interpr\u00e9tation de la ballade des pendus.<\/p>\n<h2><strong>Priez Dieu que tous nous veuille absoudre<\/strong><\/h2>\n<p><img decoding=\"async\" class=\"wp-image-3759 size-full\" src=\"https:\/\/www.moyenagepassion.com\/wp-content\/uploads\/2016\/05\/mort_justice_moyen_age_villon_ballade_des_pendus_poesie_medievale.jpg\" alt=\"mort_justice_moyen_age_villon_ballade_des_pendus_poesie_medievale\" width=\"619\" height=\"383\" srcset=\"https:\/\/www.moyenagepassion.com\/wp-content\/uploads\/2016\/05\/mort_justice_moyen_age_villon_ballade_des_pendus_poesie_medievale.jpg 619w, https:\/\/www.moyenagepassion.com\/wp-content\/uploads\/2016\/05\/mort_justice_moyen_age_villon_ballade_des_pendus_poesie_medievale-300x186.jpg 300w\" sizes=\"(max-width: 619px) 100vw, 619px\" \/><\/p>\n<p style=\"text-align: justify;\"><img decoding=\"async\" class=\"alignleft size-full wp-image-153\" src=\"https:\/\/www.moyenagepassion.com\/wp-content\/uploads\/2015\/12\/L_lettrine_moyen_age_passion.jpg\" alt=\"L_lettrine_moyen_age_passion\" width=\"84\" height=\"103\" \/>a ballade des pendus ou l&rsquo;\u00e9pitaphe de Villon \u00a0est sans nul doute le texte le plus connu de notre plus cher po\u00e8te du XVe si\u00e8cle et de la fin du moyen-\u00e2ge. L\u00e9o Ferr\u00e9 a port\u00e9 cette po\u00e9sie, nous en avons d\u00e9j\u00e0 parl\u00e9 dans un <a href=\"https:\/\/www.moyenagepassion.com\/index.php\/2016\/01\/17\/la-ballade-des-pendus-ou-freres-humains-de-francois-villon\/\" target=\"_blank\" rel=\"noopener noreferrer\">article sur le sujet<\/a>, mais d&rsquo;une certaine mani\u00e8re, bien au del\u00e0 du phras\u00e9 du bel anarchiste grisonnant et r\u00e9volt\u00e9 du Paris des ann\u00e9es soixante, soixante-dix, l&rsquo;ent\u00eatante et merveilleuse litanie de Villon continue de vivre dans nos m\u00e9moires et de s&rsquo;y accrocher. Cela tient sans nul doute au fait que plus qu&rsquo;une po\u00e9sie r\u00e9aliste qui nous conte la d\u00e9route et le ch\u00e2timent de ces pendus que les mis\u00e8res poursuivent jusqu&rsquo;apr\u00e8s leur mort, l&rsquo;\u00e9pitaphe reste et sera pour toujours, une pri\u00e8re que Villon adresse pour nous tous.<\/p>\n<h2 style=\"text-align: left;\">Le gibet de Montfaucon et le temps des pendaisons<\/h2>\n<p style=\"text-align: justify;\"><span style=\"color: #008000;\"><em><strong>\u00ab\u00a0Les hautes justices locales, dit M. A. Champollion-Figeac, pouvaient \u00e9lever autant de fourches qu\u2019elles d\u00e9siraient en \u00e9tablir. Les ordonnances du roi Jean, de 1345 et de 1356, paraissent suffisamment l\u2019indiquer. Mais le sage monarque Charles V y ajouta un privil\u00e8ge nouveau pour certaines localit\u00e9s, celui d\u2019avoir des fourches patibulaires \u00e0 deux piliers.<\/strong><br \/>\n<\/em><span style=\"color: #000000;\">Eug\u00e8ne Viollet le Duc,<br \/>\nDictionnaire raisonn\u00e9 d&rsquo;architecture m\u00e9di\u00e9vale, XIXe si\u00e8cle<\/span><\/span><\/p>\n<p style=\"text-align: justify;\"><img decoding=\"async\" class=\"alignleft size-full wp-image-36\" src=\"https:\/\/www.moyenagepassion.com\/wp-content\/uploads\/2015\/12\/C_lettrine_moyen_age_passion.jpg\" alt=\"C_lettrine_moyen_age_passion\" width=\"84\" height=\"103\" \/>ette illustration (ci-dessous) de\u00a0l&rsquo;impressionnante fourche patibulaire de Montfaucon est tir\u00e9e de l&rsquo;incontournable Dictionnaire raisonn\u00e9 d&rsquo;archi-tecture m\u00e9di\u00e9vale d&rsquo;Eug\u00e8ne Viollet le Duc, On pouvait voir ce gibet, frapp\u00e9 de gigantisme, \u00a0au bord de la route et \u00e0 l&rsquo;approche du domaine quand la justice donnait encore en spectacle public ses punitions et ses sentences, Les premi\u00e8res traces de ce monument remontent au XIIe si\u00e8cle mais\u00a0il a perdur\u00e9 jusque tard dans le XVe si\u00e8cle.\u00a0il\u00a0reste, \u00e0 ce jour, l&rsquo;ouvrage le plus monumental connu \u00a0d\u00e9di\u00e9 \u00e0 la pendaison ou \u00e0 la <img decoding=\"async\" class=\"alignright wp-image-3762\" src=\"https:\/\/www.moyenagepassion.com\/wp-content\/uploads\/2016\/05\/fourche_capitulaire_montfaucon_viollet_le_duc_pendus_moyen_age_Villon-300x258.jpg\" alt=\"fourche_capitulaire_montfaucon_viollet_le_duc_pendus_moyen_age_Villon\" width=\"217\" height=\"187\" srcset=\"https:\/\/www.moyenagepassion.com\/wp-content\/uploads\/2016\/05\/fourche_capitulaire_montfaucon_viollet_le_duc_pendus_moyen_age_Villon-300x258.jpg 300w, https:\/\/www.moyenagepassion.com\/wp-content\/uploads\/2016\/05\/fourche_capitulaire_montfaucon_viollet_le_duc_pendus_moyen_age_Villon.jpg 475w\" sizes=\"(max-width: 217px) 100vw, 217px\" \/>suspension des condamn\u00e9s, mais les fourches patibulaires ont \u00e9t\u00e9 populaires et r\u00e9pandues sur tout le territoire de France pendant de longs si\u00e8cles.<\/p>\n<p style=\"text-align: justify;\">Je ne \u00a0cite pas tout \u00e0 fait innocemment le Gibet de Montfaucon, car outre le fait qu&rsquo;il aurait peut-\u00eatre inspir\u00e9 la ballade des pendus, on attribue\u00a0encore \u00e0 Villon une autre po\u00e9sie moins connue le concernant: <em><strong>la Repeue fa\u00eete aupr\u00e8s de Montfalcon<\/strong><\/em>. Si l&rsquo;on se fie \u00e0 ce texte largement plus grivois et que nous aurons certainement l&rsquo;occasion de partager ici, il semble que non loin de ce genre d&rsquo;endroits que l&rsquo;on venait quelquefois m\u00eame contempler avec ses enfants pour les \u00e9duquer (cf Catherine de M\u00e9dicis qui <span style=\"color: #008000;\"><em><strong>\u00ab\u00a0pour repa\u00eetre ses yeux, l\u2019alla voir un soir et y mena ses fils, sa fille et son gendre.\u00a0\u00bb <\/strong><\/em><span style=\"color: #000000;\">Viollet le Duc<\/span><\/span>), on trouvait encore dans les parages des gibets, et notamment celui-ci, quelques lieux de plaisirs achet\u00e9s et de perdition.<\/p>\n<p style=\"text-align: justify;\">Plus \u00e9tonnant et anecdotique encore, \u00a0on ne pendait pas que des humains sur les fourches patibulaires et les gibets, mais \u00e9galement des animaux condamn\u00e9s. Jugez plut\u00f4t :<\/p>\n<p style=\"text-align: justify;\"><span style=\"color: #008000;\"><em><strong>\u00ab\u00a0Les fourches patibulaires ne servaient pas seulement \u00e0 pendre des humains, on y suspendait aussi des animaux, et notamment des porcs, condamn\u00e9s \u00e0 ce genre de supplice \u00e0 la suite de jugements et arr\u00eats rendus pour avoir d\u00e9vor\u00e9 des enfants. En cas pareil, les formalit\u00e9s judiciaires du temps \u00e9taient scrupuleusement suivies, et, comme il \u00e9tait d\u2019usage de pendre les condamn\u00e9s v\u00eatus de leurs habits, on habillait les animaux que l\u2019on menait au gibet. \u00ab\u00a0En 1386, une sentence du juge de Falaise condamna une truie \u00e0 \u00eatre pendue pour avoir tu\u00e9 un enfant. Cette truie fut ex\u00e9cut\u00e9e sur la place de la ville, en habit d\u2019homme&#8230;\u00a0\u00bb<\/strong><\/em><\/span><br \/>\nCitation de\u00a0 <span class=\"reference-text\">M. E. Agnel par Eug\u00e8ne Viollet le Duc (opus cit\u00e9)<\/span><\/p>\n<p style=\"text-align: justify;\">C&rsquo;est vraiment \u00e0 me donner des id\u00e9es d&rsquo;\u00e9crire un roman et je pense d&rsquo;ailleurs que cela sera le prochain:\u00a0\u00a0\u00ab\u00a0L&rsquo;histoire de la truie meurtri\u00e8re pendue en habits de notaire\u00a0\u00bb. De gr\u00e2ce, si vous \u00eates notaire, ne m&rsquo;en voulez pas \u00a0de \u00ab\u00a0Brassensiser\u00a0\u00bb un peu \u00e0 vos d\u00e9pens, mais il s&rsquo;agit ici de po\u00e9sie satirique et en plus,\u00a0il me fallait une rime pour faire un bon titre.<\/p>\n<h2 style=\"text-align: justify;\">Supplices et sentences : la justice jusque dans les chairs et\u00a0jusque dans l&rsquo;au-del\u00e0<\/h2>\n<p style=\"text-align: justify;\"><img decoding=\"async\" class=\"alignleft size-full wp-image-162\" src=\"https:\/\/www.moyenagepassion.com\/wp-content\/uploads\/2015\/12\/N_lettrine_moyen_age_passion.jpg\" alt=\"N_lettrine_moyen_age_passion\" width=\"84\" height=\"103\" \/>ous n&rsquo;allons pas pr\u00e9tendre r\u00e9\u00e9crire, ici, en deux lignes, les longues et passionnantes pages de \u00ab\u00a0Surveiller et punir\u00a0\u00bb du brillant Michel Foucault quand il nous parle de ces soci\u00e9t\u00e9s m\u00e9di\u00e9vales et monarchiques,\u00a0qui marquent les supplici\u00e9s de leur\u00a0justice jusque dans leurs chairs et qui mettent en sc\u00e8ne leurs souffrances de mani\u00e8re publique; cette id\u00e9e qu&rsquo;alors, s&rsquo;attaquer aux lois c&rsquo;est s&rsquo;attaquer au corps sacr\u00e9 du roi (ou du seigneur) qui les personnifie et les incarne, comme il incarne l&rsquo;Etat. Mais, des premi\u00e8res fourches patibulaires m\u00e9di\u00e9vales\u00a0<img decoding=\"async\" class=\"alignleft wp-image-3760\" src=\"https:\/\/www.moyenagepassion.com\/wp-content\/uploads\/2016\/05\/michel_foucault_surveiller_et_punir_epitaphe_de_villon-243x300.jpg\" alt=\"michel_foucault_surveiller_et_punir_epitaphe_de_villon\" width=\"155\" height=\"191\" srcset=\"https:\/\/www.moyenagepassion.com\/wp-content\/uploads\/2016\/05\/michel_foucault_surveiller_et_punir_epitaphe_de_villon-243x300.jpg 243w, https:\/\/www.moyenagepassion.com\/wp-content\/uploads\/2016\/05\/michel_foucault_surveiller_et_punir_epitaphe_de_villon.jpg 250w\" sizes=\"(max-width: 155px) 100vw, 155px\" \/>aux gibets les plus r\u00e9cents de la p\u00e9riode monarchique, il y a, ind\u00e9niablement, dans la symbolique et la sc\u00e9narisation\u00a0de cette justice\u00a0du pass\u00e9, la volont\u00e9 d&rsquo;exposer un\u00a0pouvoir qui se perp\u00e9tue de mani\u00e8re symbolique jusque sur le plan de la\u00a0mystique. D&rsquo;une certaine mani\u00e8re, ces pendus que Villon nous d\u00e9crit si bien semblent v\u00e9ritablement poursuivis dans leur corps et leur \u00e2me, bien\u00a0apr\u00e8s leur tr\u00e9pas et en quelque sorte jusque dans l&rsquo;au-del\u00e0.<\/p>\n<p style=\"text-align: justify;\">Alors aujourd&rsquo;hui pour le repos de leurs \u00e2mes comme peut-\u00eatre aussi, pour notre propre salut, prions Dieu avec Fran\u00e7ois Villon que tous nous veuille absoudre et en attendant, vivons chaque instant dans la joie de chaque nouvelle respiration car il faut toujours se r\u00e9jouir d&rsquo;\u00eatre en vie.<\/p>\n<p style=\"text-align: justify;\">Un tr\u00e8s beau dimanche \u00e0 tous et longue vie!<\/p>\n<p style=\"text-align: justify;\">Merci encore \u00e0 Gerald Robert pour nous avoir fourni l&rsquo;occasion de cet article.<\/p>\n<p>Fr\u00e9d\u00e9ric EFFE.<br \/>\nPour moyenagepassion.com<br \/>\n<em><strong>A la d\u00e9couverte du monde m\u00e9di\u00e9val sous toutes ses formes<\/strong><\/em><\/p>\n<p>Autres articles sur Fran\u00e7ois Villon sur\u00a0le site :<br \/>\n1\u00a0<a href=\"https:\/\/www.moyenagepassion.com\/index.php\/2015\/12\/12\/la-priere-de-francois-villon-poesie-medievale-mise-en-musique\/\" target=\"_blank\" rel=\"noopener noreferrer\">La pri\u00e8re de Villon en musique<\/a><br \/>\n2\u00a0<a href=\"https:\/\/www.moyenagepassion.com\/index.php\/2016\/01\/17\/la-ballade-des-pendus-ou-freres-humains-de-francois-villon\/\" target=\"_blank\" rel=\"noopener noreferrer\">L&rsquo;\u00e9pitaphe et L\u00e9o Ferr\u00e9<\/a><br \/>\n3\u00a0<a href=\"https:\/\/www.moyenagepassion.com\/index.php\/2016\/03\/13\/une-ballade-de-villon\/\" target=\"_blank\" rel=\"noopener noreferrer\">Une Ballade de Villon<\/a><br \/>\n4\u00a0<a href=\"https:\/\/www.moyenagepassion.com\/index.php\/2016\/04\/15\/une-vie-une-oeuvre-autour-de-francois-villon\/\" target=\"_blank\" rel=\"noopener noreferrer\">La Requ\u00eate de Villon et un mot de Rutebeuf<br \/>\n<\/a>5\u00a0<a href=\"https:\/\/www.moyenagepassion.com\/index.php\/2016\/04\/15\/une-vie-une-oeuvre-autour-de-francois-villon\/\" target=\"_blank\" rel=\"noopener noreferrer\">Une vie, une oeuvre, \u00e9mission de Radio autour de Fran\u00e7ois Villon<\/a><\/p>\n","protected":false},"excerpt":{"rendered":"<p>Sujet : po\u00e9sie m\u00e9di\u00e9vale, po\u00e9sie satirique, po\u00e9sie r\u00e9aliste Auteur ; Villon, encore Villon, toujours Villon M\u00e9dias : vid\u00e9o youtube, lectures po\u00e9tiques Titre : la ballade des pendus P\u00e9riode : moyen-\u00e2ge tardif Interpr\u00e8te : G\u00e9rald Robert, com\u00e9dien voix-off Lecture po\u00e9sie m\u00e9di\u00e9vale:\u00a0la ballade des pendus de Fran\u00e7ois Villon Bonjour \u00e0 tous, uel plaisir de se lever matin &hellip; <a href=\"https:\/\/www.moyenagepassion.com\/index.php\/2016\/05\/01\/lecture-video-la-ballade-des-pendus-de-villon-et-un-mot-de-justice-medievale\/\" class=\"more-link\">Continuer la lecture de <span class=\"screen-reader-text\">Lecture \u00ab\u00a0video\u00a0\u00bb : la ballade des pendus de Villon et un mot de justice m\u00e9di\u00e9vale<\/span>  <span class=\"meta-nav\">&rarr;<\/span><\/a><\/p>\n","protected":false},"author":2,"featured_media":0,"comment_status":"open","ping_status":"open","sticky":false,"template":"","format":"standard","meta":{"_monsterinsights_skip_tracking":false,"_monsterinsights_sitenote_active":false,"_monsterinsights_sitenote_note":"","_monsterinsights_sitenote_category":0,"footnotes":""},"categories":[1318,9],"tags":[386,1047,446,1061,1060,1051,269,1050,77,1049,513,1056,1055,1054,1053,300,22,1048,182,1059,18,1052,1057,80,615,1065,688,294,1063,122,1062,1064,25,792],"class_list":["post-3753","post","type-post","status-publish","format-standard","hentry","category-francois-villon","category-musique-medieval-historique-fantaisie-celtique","tag-audio","tag-ballade-de-pendus","tag-ballade-des-pendus","tag-chatiment","tag-comedien","tag-dictionnaire-raisonne-darchitecture-medievale","tag-epitaphe","tag-fourches-patibulaires","tag-francois-villon","tag-gibet","tag-justice","tag-justice-medievale","tag-la-repeue-faite-aupres-de-montfalcon","tag-lecture","tag-lecture-poetique","tag-leo-ferre","tag-medievale","tag-michel-foucault","tag-monde-medieval","tag-montfaucon","tag-moyen-age","tag-pendaison","tag-pendus","tag-poesie","tag-poesie-medievale","tag-poesie-realiste","tag-poesie-satirique","tag-poete","tag-priere","tag-roi","tag-sentences","tag-truie-meurtriere","tag-videos","tag-viollet-le-duc"],"aioseo_notices":[],"_links":{"self":[{"href":"https:\/\/www.moyenagepassion.com\/index.php\/wp-json\/wp\/v2\/posts\/3753"}],"collection":[{"href":"https:\/\/www.moyenagepassion.com\/index.php\/wp-json\/wp\/v2\/posts"}],"about":[{"href":"https:\/\/www.moyenagepassion.com\/index.php\/wp-json\/wp\/v2\/types\/post"}],"author":[{"embeddable":true,"href":"https:\/\/www.moyenagepassion.com\/index.php\/wp-json\/wp\/v2\/users\/2"}],"replies":[{"embeddable":true,"href":"https:\/\/www.moyenagepassion.com\/index.php\/wp-json\/wp\/v2\/comments?post=3753"}],"version-history":[{"count":1,"href":"https:\/\/www.moyenagepassion.com\/index.php\/wp-json\/wp\/v2\/posts\/3753\/revisions"}],"predecessor-version":[{"id":34111,"href":"https:\/\/www.moyenagepassion.com\/index.php\/wp-json\/wp\/v2\/posts\/3753\/revisions\/34111"}],"wp:attachment":[{"href":"https:\/\/www.moyenagepassion.com\/index.php\/wp-json\/wp\/v2\/media?parent=3753"}],"wp:term":[{"taxonomy":"category","embeddable":true,"href":"https:\/\/www.moyenagepassion.com\/index.php\/wp-json\/wp\/v2\/categories?post=3753"},{"taxonomy":"post_tag","embeddable":true,"href":"https:\/\/www.moyenagepassion.com\/index.php\/wp-json\/wp\/v2\/tags?post=3753"}],"curies":[{"name":"wp","href":"https:\/\/api.w.org\/{rel}","templated":true}]}}