{"id":3796,"date":"2016-05-04T02:12:07","date_gmt":"2016-05-04T01:12:07","guid":{"rendered":"http:\/\/www.moyenagepassion.com\/?p=3796"},"modified":"2020-10-04T19:57:30","modified_gmt":"2020-10-04T18:57:30","slug":"portrait-de-passionne-pierre-alain-capt-artisan-potier-passionne-de-ceramique-ancienne","status":"publish","type":"post","link":"https:\/\/www.moyenagepassion.com\/index.php\/2016\/05\/04\/portrait-de-passionne-pierre-alain-capt-artisan-potier-passionne-de-ceramique-ancienne\/","title":{"rendered":"Portrait de passionn\u00e9 :  Pierre-Alain capt, Artisan potier, passionn\u00e9 de c\u00e9ramique ancienne"},"content":{"rendered":"<div id=\"moyen-181614773\" class=\"moyen-before-content moyen-entity-placement\"><script async src=\"\/\/pagead2.googlesyndication.com\/pagead\/js\/adsbygoogle.js?client=ca-pub-3035390706780632\" crossorigin=\"anonymous\"><\/script><ins class=\"adsbygoogle\" style=\"display:block;\" data-ad-client=\"ca-pub-3035390706780632\" \ndata-ad-slot=\"\" \ndata-ad-format=\"auto\"><\/ins>\n<script> \n(adsbygoogle = window.adsbygoogle || []).push({}); \n<\/script>\n<\/div><p><strong><a href=\"https:\/\/www.moyenagepassion.com\/wp-content\/uploads\/2016\/05\/artisanat_monde_medieval_archeologie_ceramique_poterie.jpg\"><img decoding=\"async\" class=\"alignleft wp-image-3816\" src=\"https:\/\/www.moyenagepassion.com\/wp-content\/uploads\/2016\/05\/artisanat_monde_medieval_archeologie_ceramique_poterie-227x300.jpg\" alt=\"artisanat_monde_medieval_archeologie_ceramique_poterie\" width=\"133\" height=\"176\" srcset=\"https:\/\/www.moyenagepassion.com\/wp-content\/uploads\/2016\/05\/artisanat_monde_medieval_archeologie_ceramique_poterie-227x300.jpg 227w, https:\/\/www.moyenagepassion.com\/wp-content\/uploads\/2016\/05\/artisanat_monde_medieval_archeologie_ceramique_poterie.jpg 250w\" sizes=\"(max-width: 133px) 100vw, 133px\" \/><\/a>Sujet<\/strong> : Arch\u00e9oc\u00e9ramique, \u00a0poterie antique et poterie m\u00e9di\u00e9vale<br \/>\n<strong>Artisan<\/strong> : Pierre-Alain Capt,<br \/>\npassionn\u00e9 de c\u00e9ramique antique<br \/>\n<strong>Lieu<\/strong> : Suisse Romande, France.<br \/>\n<strong>M\u00e9dia<\/strong> : site web d&rsquo;int\u00e9r\u00eat, passion arch\u00e9ologie et histoire.<br \/>\n<strong>P\u00e9riode<\/strong> : de l&rsquo;Antiquit\u00e9 au haut moyen-\u00e2ge<\/p>\n<p>Bonjour \u00e0 tous,<\/p>\n<p style=\"text-align: justify;\"><img decoding=\"async\" class=\"alignleft size-full wp-image-162\" src=\"https:\/\/www.moyenagepassion.com\/wp-content\/uploads\/2015\/12\/N_lettrine_moyen_age_passion.jpg\" alt=\"N_lettrine_moyen_age_passion\" width=\"84\" height=\"103\" \/>ous vous pr\u00e9sentons, aujourd&rsquo;hui, le site web d&rsquo;un artisan passionn\u00e9 d&rsquo;histoire et d&rsquo;architecture qui s&rsquo;attache \u00e0 faire revivre l&rsquo;art de la c\u00e9ramique ancienne, de l&rsquo;antiquit\u00e9 au moyen-\u00e2ge. Comme nous sommes occup\u00e9s \u00e0 effectuer des recherche sur le sujet, nous aurons sans doute l&rsquo;occasion de l&rsquo;approfondir plus avant\u00a0dans de futurs articles, mais pour l&rsquo;instant, nous ne pouvions r\u00e9sister \u00e0 l&rsquo;envie de vous faire partager son travail et ses r\u00e9alisations.<\/p>\n<h2><strong>L&rsquo;artisan et le feu sacr\u00e9<\/strong><\/h2>\n<figure id=\"attachment_3818\" aria-describedby=\"caption-attachment-3818\" style=\"width: 722px\" class=\"wp-caption alignnone\"><a href=\"https:\/\/www.moyenagepassion.com\/wp-content\/uploads\/2016\/05\/artisan_potier_ceramiste_archeologiemonde_medieval_feu_sacre.jpg\"><img decoding=\"async\" class=\"wp-image-3818 size-full\" src=\"https:\/\/www.moyenagepassion.com\/wp-content\/uploads\/2016\/05\/artisan_potier_ceramiste_archeologiemonde_medieval_feu_sacre.jpg\" alt=\"L'Art merveilleux de Pierre Alain Capt \u00e0 la recherche des c\u00e9ramiques anciennes\" width=\"722\" height=\"388\" srcset=\"https:\/\/www.moyenagepassion.com\/wp-content\/uploads\/2016\/05\/artisan_potier_ceramiste_archeologiemonde_medieval_feu_sacre.jpg 722w, https:\/\/www.moyenagepassion.com\/wp-content\/uploads\/2016\/05\/artisan_potier_ceramiste_archeologiemonde_medieval_feu_sacre-300x161.jpg 300w\" sizes=\"(max-width: 722px) 100vw, 722px\" \/><\/a><figcaption id=\"caption-attachment-3818\" class=\"wp-caption-text\">L&rsquo;Art merveilleux de Pierre Alain Capt \u00e0 la recherche des c\u00e9ramiques anciennes<\/figcaption><\/figure>\n<p style=\"text-align: justify;\"><span style=\"color: #008000;\"><em><strong>\u00ab\u00a0Le sacr\u00e9 n&rsquo;implique pas la croyance en dieu, ou en des esprits, c&rsquo;est l&rsquo;exp\u00e9rience d&rsquo;une r\u00e9alit\u00e9 et la source de la conscience d&rsquo;exister dans le monde.\u00a0\u00bb<\/strong> <\/em><\/span><\/p>\n<p>Mirc\u00e9a Eliade, la nostalgie des origines,\u00a0m\u00e9thodologie et histoire des religions, 1971 ( coll folio Essais, Gallimard)<\/p>\n<p style=\"text-align: justify;\"><img decoding=\"async\" class=\"alignleft size-full wp-image-445\" src=\"https:\/\/www.moyenagepassion.com\/wp-content\/uploads\/2015\/12\/P_lettrine_moyen_age_passion-copia.jpg\" alt=\"P_lettrine_moyen_age_passion copia\" width=\"96\" height=\"103\" \/>ar le feu, l&rsquo;homme a toujours transform\u00e9 la mati\u00e8re, sa nourriture mais pas seulement, plus r\u00e9cemment le m\u00e9tal et plus antiquement encore, la terre et l&rsquo;argile. Dans cet acte merveilleux, qu&rsquo;il soit potier, c\u00e9ramiste ou forgeron, l&rsquo;artisan rejoint toujours une forme de mythe car l&rsquo;\u00e9l\u00e9ment feu a, de tout temps, emport\u00e9 avec lui une forte charge symbolique et magique.<\/p>\n<p style=\"text-align: justify;\">Au del\u00e0 de toute \u00e9chelle de valeurs, forger une lame comme faire cuire une c\u00e9ramique ou une poterie reste, sans conteste, d&rsquo;\u00e9gale noblesse. Il s&rsquo;agit, dans les deux cas, d&rsquo;un acte tr\u00e8s sp\u00e9cial. L&rsquo;homme, au centre des \u00e9l\u00e9ments feu, air, terre et eau, \u00a0fait <a href=\"https:\/\/www.moyenagepassion.com\/wp-content\/uploads\/2016\/05\/archeologie_ceramique_medievale_antique_pierre_alain_capt.jpg\"><img decoding=\"async\" class=\"size-medium wp-image-3820 alignright\" src=\"https:\/\/www.moyenagepassion.com\/wp-content\/uploads\/2016\/05\/archeologie_ceramique_medievale_antique_pierre_alain_capt-204x300.jpg\" alt=\"archeologie_ceramique_medievale_antique_pierre_alain_capt\" width=\"204\" height=\"300\" srcset=\"https:\/\/www.moyenagepassion.com\/wp-content\/uploads\/2016\/05\/archeologie_ceramique_medievale_antique_pierre_alain_capt-204x300.jpg 204w, https:\/\/www.moyenagepassion.com\/wp-content\/uploads\/2016\/05\/archeologie_ceramique_medievale_antique_pierre_alain_capt.jpg 400w\" sizes=\"(max-width: 204px) 100vw, 204px\" \/><\/a>lui-m\u00eame de ces \u00e9l\u00e9ments, les manipule, en modifie et en r\u00e9ajuste les \u00e9quilibres et les agencements pour les transformer ou pour les transmuter dans un acte cr\u00e9ateur.<\/p>\n<p style=\"text-align: justify;\">Au niveau symbolique, cette\u00a0forme de transmutation touche le sacr\u00e9 et cet acte restera pour toujours, ind\u00e9pendamment\u00a0de la charge consciente qu&rsquo;on lui veut ou non lui pr\u00eater, une all\u00e9gorie troublante de la cr\u00e9ation. Et si de nos jours, ces op\u00e9rations ont quelquefois perdu cette nature sacr\u00e9e, \u00a0la magie et la fascination qu&rsquo;exercent encore, sur beaucoup d&rsquo;entre nous, les m\u00e9tiers de la forge comme ceux de la c\u00e9ramique restent intactes. Tout cela fait sens et plus encore, pour ne pas dire que c&rsquo;en est une condition, quand la passion et le coeur de l&rsquo;artisan s&rsquo;en m\u00ealent et nous invitent \u00a0\u00e0 approfondir son art.<\/p>\n<h2>Le site d&rsquo;un artisan passionn\u00e9,<br \/>\n\u00e0\u00a0la recherche des c\u00e9ramiques anciennes<\/h2>\n<p style=\"text-align: justify;\"><img decoding=\"async\" class=\"alignleft size-full wp-image-445\" src=\"https:\/\/www.moyenagepassion.com\/wp-content\/uploads\/2015\/12\/P_lettrine_moyen_age_passion-copia.jpg\" alt=\"P_lettrine_moyen_age_passion copia\" width=\"96\" height=\"103\" \/>our toutes ces raisons \u00a0auxquelles vient s&rsquo;ajouter notre passion pour le monde m\u00e9di\u00e9val, vous comprendrez notre grand enthousiasme quand effectuant des recherches sur les \u00a0fours anciens et m\u00e9di\u00e9vaux, nous avons d\u00e9couvert le site web de Pierre-Alain Capt, d\u00e9di\u00e9 \u00e0 \u00ab\u00a0l&rsquo;arch\u00e9o-c\u00e9ramique\u00a0\u00bb.<\/p>\n<p style=\"text-align: justify;\">Toutes les belles histoires \u00a0commencent\u00a0souvent\u00a0par une passion, et pour dire un mot du parcours de\u00a0cet artisan\u00a0potier et arch\u00e9o-c\u00e9ramiste vivant en Suisse romande, c&rsquo;est bien la passion qui l&rsquo;a conduit vers l&rsquo;Art des c\u00e9ramiques anciennes<a href=\"https:\/\/www.moyenagepassion.com\/wp-content\/uploads\/2016\/05\/ceramique_poterie_monde_medieval_passion_histoire_pierre_alain_capt.jpg\"><img decoding=\"async\" class=\"wp-image-3821 alignright\" src=\"https:\/\/www.moyenagepassion.com\/wp-content\/uploads\/2016\/05\/ceramique_poterie_monde_medieval_passion_histoire_pierre_alain_capt.jpg\" alt=\"ceramique_poterie_monde_medieval_passion_histoire_pierre_alain_capt\" width=\"225\" height=\"450\" srcset=\"https:\/\/www.moyenagepassion.com\/wp-content\/uploads\/2016\/05\/ceramique_poterie_monde_medieval_passion_histoire_pierre_alain_capt.jpg 269w, https:\/\/www.moyenagepassion.com\/wp-content\/uploads\/2016\/05\/ceramique_poterie_monde_medieval_passion_histoire_pierre_alain_capt-150x300.jpg 150w\" sizes=\"(max-width: 225px) 100vw, 225px\" \/><\/a>. On ne dira jamais assez qu&rsquo;il faut savoir \u00e9couter cette flamme int\u00e9rieure qui nous appelle et nous oriente dans nos\u00a0choix de vies et il faut se souvenir entre autres nombreux exemples et pour ne citer que lui, que l&rsquo;un des plus grands sp\u00e9cialistes actuel et reconnu de l&rsquo;Histoire des ch\u00e2teaux, Jean Mesqui, y est venu aussi par le biais de la passion.<\/p>\n<p style=\"text-align: justify;\">Concernant le <a href=\"http:\/\/arscretariae-archeoceramique.blogspot.com\/\" target=\"_blank\" rel=\"noopener noreferrer\">site web Ars Cretariae<\/a>, au del\u00e0 d&rsquo;\u00eatre une mine d&rsquo;informations, Pierre Alain Capt nous y fait partager avec une grande g\u00e9n\u00e9rosit\u00e9, mais aussi de mani\u00e8re tr\u00e8s didactique (m\u00e9dias, informa-tions et tr\u00e8s belles photos \u00e0 l&rsquo;appui), ses recherches dans le domaine de l&rsquo;arch\u00e9o-c\u00e9ramique et ses exp\u00e9riences dans l&rsquo;application des m\u00e9thodes des c\u00e9ramistes et des potiers anciens. Sa curiosit\u00e9 ne se limite pas qu&rsquo;\u00e0 la p\u00e9riode m\u00e9di\u00e9vale et il nous invite aussi \u00e0 le suivre dans ses investigations jusqu&rsquo;\u00e0 l&rsquo;antiquit\u00e9, en passant par la Gaulle et la p\u00e9riode gallo-romaine, jusqu&rsquo;\u00e0 quelques visites au mus\u00e9e, \u00e0 la d\u00e9couverte des curieux vases \u00e0 visage du premier si\u00e8cle de notre \u00e8re.<\/p>\n<h2 style=\"text-align: justify;\">L&rsquo;Art de la c\u00e9ramique au\u00a0haut moyen-\u00e2ge<\/h2>\n<figure id=\"attachment_3813\" aria-describedby=\"caption-attachment-3813\" style=\"width: 500px\" class=\"wp-caption alignnone\"><a href=\"https:\/\/www.moyenagepassion.com\/wp-content\/uploads\/2016\/05\/ceramique_four_medieval_artisan_potier_moyen-age_passion.jpg\"><img decoding=\"async\" class=\"wp-image-3813 size-full\" src=\"https:\/\/www.moyenagepassion.com\/wp-content\/uploads\/2016\/05\/ceramique_four_medieval_artisan_potier_moyen-age_passion.jpg\" alt=\"ceramique_four_medieval_artisan_potier_moyen-age_passion\" width=\"500\" height=\"374\" srcset=\"https:\/\/www.moyenagepassion.com\/wp-content\/uploads\/2016\/05\/ceramique_four_medieval_artisan_potier_moyen-age_passion.jpg 500w, https:\/\/www.moyenagepassion.com\/wp-content\/uploads\/2016\/05\/ceramique_four_medieval_artisan_potier_moyen-age_passion-300x224.jpg 300w\" sizes=\"(max-width: 500px) 100vw, 500px\" \/><\/a><figcaption id=\"caption-attachment-3813\" class=\"wp-caption-text\">Un joli four de terre reconstitu\u00e9 en pleine for\u00eat pour la cuisson de c\u00e9ramiques du haut moyen-\u00e2ge<\/figcaption><\/figure>\n<p style=\"text-align: justify;\"><img decoding=\"async\" class=\"alignleft size-full wp-image-201\" src=\"https:\/\/www.moyenagepassion.com\/wp-content\/uploads\/2015\/12\/B_lettrine_moyen_age_passion.jpg\" alt=\"B_lettrine_moyen_age_passion\" width=\"84\" height=\"103\" \/>ien s\u00fbr, l&rsquo;exp\u00e9rience qu&rsquo;il fait en for\u00eat, pour reconstituer un four du haut moyen-\u00e2ge et y faire cuire de\u00a0superbes\u00a0pi\u00e8ces, a retenu particuli\u00e8rement notre attention. J&rsquo;en partage avec son autorisation quelques photos mais je vous enjoins vraiment \u00e0 consulter son site web\u00a0car la qualit\u00e9 des prises de vue, tout autant que des pi\u00e8ces et des informations qu&rsquo;il y partage, en valent v\u00e9ritablement le d\u00e9tour.\u00a0Et comme <a href=\"https:\/\/www.moyenagepassion.com\/wp-content\/uploads\/2016\/05\/four_medieval_artisan_potier_haut_moyen-age.jpg\"><img decoding=\"async\" class=\"alignright wp-image-3814\" src=\"https:\/\/www.moyenagepassion.com\/wp-content\/uploads\/2016\/05\/four_medieval_artisan_potier_haut_moyen-age-300x224.jpg\" alt=\"four_medieval_artisan_potier_haut_moyen-age\" width=\"203\" height=\"152\" srcset=\"https:\/\/www.moyenagepassion.com\/wp-content\/uploads\/2016\/05\/four_medieval_artisan_potier_haut_moyen-age-300x224.jpg 300w, https:\/\/www.moyenagepassion.com\/wp-content\/uploads\/2016\/05\/four_medieval_artisan_potier_haut_moyen-age.jpg 500w\" sizes=\"(max-width: 203px) 100vw, 203px\" \/><\/a>ce passionn\u00e9 tout \u00e0\u00a0la fois d&rsquo;histoire, d&rsquo;arch\u00e9ologie et de c\u00e9ramique organise des fourn\u00e9es ouvertes au public, mais aussi des stages et des conf\u00e9rences sur le sujet en Suisse et en France, n&rsquo;h\u00e9sitez pas \u00e0 consulter la <a href=\"http:\/\/arscretariae-archeoceramique.blogspot.com\/p\/agenda-des-manifestations-2012.html\" target=\"_blank\" rel=\"noopener noreferrer\">rubrique \u00e9v\u00e9nement du site<\/a> pour savoir o\u00f9 le retrouver.<\/p>\n<p style=\"text-align: justify;\">Merci encore \u00e0 lui pour partager sa passion de l&rsquo;histoire et pour faire revivre, sous nos yeux, toutes ses m\u00e9thodes antiques de cuisson et de production. Je n&rsquo;en d\u00e9mordrai pas et\u00a0je continuerai de trouver son art totalement magique. \u00a0D&rsquo;ailleurs, je vous laisse ici un aper\u00e7u du r\u00e9sultat et de la finesse de ces c\u00e9ramiques du haut moyen-\u00e2ge cuites \u00e0 l&rsquo;ancienne.\u00a0Pour le reste, encore une fois, tout est sur son site web. <a href=\"http:\/\/arscretariae-archeoceramique.blogspot.com\/\" target=\"_blank\" rel=\"noopener noreferrer\">Arch\u00e9oc\u00e9ramique Ars Cretariae<\/a>.<\/p>\n<figure id=\"attachment_3812\" aria-describedby=\"caption-attachment-3812\" style=\"width: 600px\" class=\"wp-caption alignnone\"><a href=\"https:\/\/www.moyenagepassion.com\/wp-content\/uploads\/2016\/05\/ceramique_medievale_archeoceramique_artisan_potier_suisse.jpg\"><img decoding=\"async\" class=\"wp-image-3812 size-full\" src=\"https:\/\/www.moyenagepassion.com\/wp-content\/uploads\/2016\/05\/ceramique_medievale_archeoceramique_artisan_potier_suisse.jpg\" alt=\"ceramique_medievale_archeoceramique_artisan_potier_suisse\" width=\"600\" height=\"449\" srcset=\"https:\/\/www.moyenagepassion.com\/wp-content\/uploads\/2016\/05\/ceramique_medievale_archeoceramique_artisan_potier_suisse.jpg 600w, https:\/\/www.moyenagepassion.com\/wp-content\/uploads\/2016\/05\/ceramique_medievale_archeoceramique_artisan_potier_suisse-300x225.jpg 300w\" sizes=\"(max-width: 600px) 100vw, 600px\" \/><\/a><figcaption id=\"caption-attachment-3812\" class=\"wp-caption-text\">Merveilleuses c\u00e9ramiques du haut moyen-\u00e2ge fid\u00e8lement reconstitu\u00e9es et cuites \u00e0 l&rsquo;ancienne<\/figcaption><\/figure>\n<p style=\"text-align: justify;\">Une tr\u00e8s belle journ\u00e9e \u00e0 tous!<br \/>\nFred<br \/>\npour moyenagepassion.com<\/p>\n<p><em><strong><span style=\"color: #008000;\">\u00ab\u00a0Pour moi n&rsquo;existent que les voyages sur les chemins qui ont un coeur, c&rsquo;est l\u00e0 que je voyage et le seul d\u00e9fi qui compte. c&rsquo;est d&rsquo;aller jusqu&rsquo;au bout. Et j&rsquo;avance en regardant, \u00e0 perdre haleine.\u00a0\u00bb<\/span><br \/>\n<\/strong><\/em>C Casta\u00f1eda<\/p>\n","protected":false},"excerpt":{"rendered":"<p>Sujet : Arch\u00e9oc\u00e9ramique, \u00a0poterie antique et poterie m\u00e9di\u00e9vale Artisan : Pierre-Alain Capt, passionn\u00e9 de c\u00e9ramique antique Lieu : Suisse Romande, France. M\u00e9dia : site web d&rsquo;int\u00e9r\u00eat, passion arch\u00e9ologie et histoire. P\u00e9riode : de l&rsquo;Antiquit\u00e9 au haut moyen-\u00e2ge Bonjour \u00e0 tous, ous vous pr\u00e9sentons, aujourd&rsquo;hui, le site web d&rsquo;un artisan passionn\u00e9 d&rsquo;histoire et d&rsquo;architecture qui s&rsquo;attache &hellip; <a href=\"https:\/\/www.moyenagepassion.com\/index.php\/2016\/05\/04\/portrait-de-passionne-pierre-alain-capt-artisan-potier-passionne-de-ceramique-ancienne\/\" class=\"more-link\">Continuer la lecture de <span class=\"screen-reader-text\">Portrait de passionn\u00e9 :  Pierre-Alain capt, Artisan potier, passionn\u00e9 de c\u00e9ramique ancienne<\/span>  <span class=\"meta-nav\">&rarr;<\/span><\/a><\/p>\n","protected":false},"author":2,"featured_media":0,"comment_status":"open","ping_status":"open","sticky":false,"template":"","format":"standard","meta":{"_monsterinsights_skip_tracking":false,"_monsterinsights_sitenote_active":false,"_monsterinsights_sitenote_note":"","_monsterinsights_sitenote_category":0,"footnotes":""},"categories":[13],"tags":[526,1067,216,1066,1070,69,22,182,18,34,1069,1071,1072,1068,261],"class_list":["post-3796","post","type-post","status-publish","format-standard","hentry","category-lieux-moyen-age-medievaux","tag-archeologie","tag-artisan","tag-artisanat","tag-ceramique","tag-ceramique-ancienne","tag-haut-moyen-age","tag-medievale","tag-monde-medieval","tag-moyen-age","tag-passion","tag-passionne-dhistoire","tag-portrait","tag-poterie","tag-potier","tag-reconstitution-historique"],"aioseo_notices":[],"_links":{"self":[{"href":"https:\/\/www.moyenagepassion.com\/index.php\/wp-json\/wp\/v2\/posts\/3796"}],"collection":[{"href":"https:\/\/www.moyenagepassion.com\/index.php\/wp-json\/wp\/v2\/posts"}],"about":[{"href":"https:\/\/www.moyenagepassion.com\/index.php\/wp-json\/wp\/v2\/types\/post"}],"author":[{"embeddable":true,"href":"https:\/\/www.moyenagepassion.com\/index.php\/wp-json\/wp\/v2\/users\/2"}],"replies":[{"embeddable":true,"href":"https:\/\/www.moyenagepassion.com\/index.php\/wp-json\/wp\/v2\/comments?post=3796"}],"version-history":[{"count":1,"href":"https:\/\/www.moyenagepassion.com\/index.php\/wp-json\/wp\/v2\/posts\/3796\/revisions"}],"predecessor-version":[{"id":34588,"href":"https:\/\/www.moyenagepassion.com\/index.php\/wp-json\/wp\/v2\/posts\/3796\/revisions\/34588"}],"wp:attachment":[{"href":"https:\/\/www.moyenagepassion.com\/index.php\/wp-json\/wp\/v2\/media?parent=3796"}],"wp:term":[{"taxonomy":"category","embeddable":true,"href":"https:\/\/www.moyenagepassion.com\/index.php\/wp-json\/wp\/v2\/categories?post=3796"},{"taxonomy":"post_tag","embeddable":true,"href":"https:\/\/www.moyenagepassion.com\/index.php\/wp-json\/wp\/v2\/tags?post=3796"}],"curies":[{"name":"wp","href":"https:\/\/api.w.org\/{rel}","templated":true}]}}