{"id":38231,"date":"2021-03-27T20:28:51","date_gmt":"2021-03-27T19:28:51","guid":{"rendered":"https:\/\/www.moyenagepassion.com\/?p=38231"},"modified":"2022-05-08T23:32:18","modified_gmt":"2022-05-08T22:32:18","slug":"questa-fanciulla-francesco-landini-frappe-damour","status":"publish","type":"post","link":"https:\/\/www.moyenagepassion.com\/index.php\/2021\/03\/27\/questa-fanciulla-francesco-landini-frappe-damour\/","title":{"rendered":"\u00ab\u00a0Questa Fanciulla\u00a0\u00bb, Francesco landini frapp\u00e9 d&rsquo;amour"},"content":{"rendered":"<div id=\"moyen-3670642694\" class=\"moyen-before-content moyen-entity-placement\"><script async src=\"\/\/pagead2.googlesyndication.com\/pagead\/js\/adsbygoogle.js?client=ca-pub-3035390706780632\" crossorigin=\"anonymous\"><\/script><ins class=\"adsbygoogle\" style=\"display:block;\" data-ad-client=\"ca-pub-3035390706780632\" \ndata-ad-slot=\"\" \ndata-ad-format=\"auto\"><\/ins>\n<script> \n(adsbygoogle = window.adsbygoogle || []).push({}); \n<\/script>\n<\/div>\n<div class=\"wp-block-image\"><figure class=\"alignleft size-full is-resized\"><img decoding=\"async\" src=\"https:\/\/www.moyenagepassion.com\/wp-content\/uploads\/2020\/09\/printemps-miniature-monde-medieval-chanson-poesie.jpg\" alt=\"\" class=\"wp-image-33704\" width=\"150\" height=\"245\"\/><\/figure><\/div>\n\n\n\n<p><strong>Sujet :<\/strong>\u00a0 musique m\u00e9di\u00e9vale, musiques anciennes, ballata, chants polyphoniques, Ars nova, chanson m\u00e9di\u00e9vale, amour courtois<br><strong>P\u00e9riode :\u00a0<\/strong>\u00a0Moyen \u00c2ge tardif, XIVe si\u00e8cle<br><strong>Auteur :<\/strong>\u00a0Francesco Landini (1325-1397)<br><strong>Titre :<\/strong>\u00a0\u00a0<em>Questa Fanciulla<\/em><br><strong>Interpr\u00e8tes<\/strong>\u00a0:\u00a0le Conjunto Pro Musica Antiqua Rosario<br><strong>Album<\/strong>\u00a0:\u00a0<em><em>Danzas y Canciones de la Edad Media<\/em><\/em> (1988).<\/p>\n\n\n\n<p>Bonjour \u00e0 tous,<\/p>\n\n\n\n<div class=\"wp-block-image\"><figure class=\"alignleft size-large\"><img decoding=\"async\" width=\"84\" height=\"103\" src=\"https:\/\/www.moyenagepassion.com\/wp-content\/uploads\/2018\/10\/N_lettrine_moyen_age_passion.jpg\" alt=\"\" class=\"wp-image-23898\"\/><\/figure><\/div>\n\n\n\n<p class=\"classe text_justify\">ous repartons, aujourd&rsquo;hui,  sur les traces de l&rsquo;Ars Nova du trecento italien, en compagnie du compositeur, po\u00e8te et organiste Francesco Landini. A cette occasion, nous d\u00e9couvrirons une ballata polyphonique \u00e0 trois voix intitul\u00e9e \u00ab\u00a0<em>Questa Fanciulla<\/em>\u00ab\u00a0. <\/p>\n\n\n\n<p class=\"classe text_justify\">A l&rsquo;habitude, apr\u00e8s vous avoir fourni des \u00e9l\u00e9ments de fond mais aussi quelques sources et partitions d&rsquo;\u00e9poque, nous vous proposerons une traduction de cette pi\u00e8ce en fran\u00e7ais moderne. Pour nous accompagner dans sa d\u00e9couverte, nous avons \u00e9galement choisi de partager son interpr\u00e9tation par une formation originaire d&rsquo;Argentine :<strong> <\/strong>le <strong>Conjunto Pro Musica Antiqua Rosario<\/strong>. Form\u00e9 depuis pr\u00e8s de 60 ans, ce grand ensemble met \u00e0 l&rsquo;honneur, avec brio, les musiques anciennes et ce sera pour nous l&rsquo;occasion de vous le pr\u00e9senter plus en d\u00e9tail.<\/p>\n\n\n\n<h2 class=\"wp-block-heading\">Francesco Landini pris au jeu de la courtoisie<\/h2>\n\n\n\n<div class=\"wp-block-image\"><figure class=\"alignright size-large\"><a href=\"https:\/\/www.moyenagepassion.com\/wp-content\/uploads\/2021\/03\/musique-medievale-Questa-fanciulla-Francesco-Landini-fanciula-moyen-age-XIIIe-s-chants-polyphoniques.jpg\"><img decoding=\"async\" width=\"250\" height=\"387\" src=\"https:\/\/www.moyenagepassion.com\/wp-content\/uploads\/2021\/03\/musique-medievale-Questa-fanciulla-Francesco-Landini-fanciula-moyen-age-XIIIe-s-chants-polyphoniques-s.jpg\" alt=\"\" class=\"wp-image-38235\" srcset=\"https:\/\/www.moyenagepassion.com\/wp-content\/uploads\/2021\/03\/musique-medievale-Questa-fanciulla-Francesco-Landini-fanciula-moyen-age-XIIIe-s-chants-polyphoniques-s.jpg 250w, https:\/\/www.moyenagepassion.com\/wp-content\/uploads\/2021\/03\/musique-medievale-Questa-fanciulla-Francesco-Landini-fanciula-moyen-age-XIIIe-s-chants-polyphoniques-s-194x300.jpg 194w\" sizes=\"(max-width: 250px) 100vw, 250px\" \/><\/a><\/figure><\/div>\n\n\n\n<p class=\"classe text_justify\">Cette chanson m\u00e9di\u00e9vale polyphonique pleine de gr\u00e2ce a pour toile de fond la lyrique courtoise. On pourra donc y croiser les in\u00e9vitables tourments dans lesquels le sentiment amoureux m\u00e9di\u00e9val   <em>\u2014&nbsp;<\/em> toute en attente et en esp\u00e9rance, et toujours aussi \u00ab\u00a0douloureux que d\u00e9licieux\u00a0\u00bb <em>\u2014&nbsp;<\/em> plonge ces amants. Ici, c&rsquo;est le ma\u00eetre de musique lui-m\u00eame qui se dira pris dans ses filets et on le verra implorer la mis\u00e9ricorde de l&rsquo;Amour autant que de la damoiselle dont il s&rsquo;est \u00e9pris.<\/p>\n\n\n\n<p class=\"classe text_justify\">Du point des vues des sources, on retrouvera cette <em>Fanciulla<\/em> qui brise le c\u0153ur de Francesco Landini dans un certain nombre de manuscrits. Nous avons d\u00e9j\u00e0 cit\u00e9 ici, \u00e0 plusieurs reprises, l&rsquo;incontournable et le plus connu de tous, le tr\u00e8s beau <em>MS Mediceo Palatino 87<\/em> ou <a href=\"https:\/\/www.moyenagepassion.com\/index.php\/tag\/codex-squarcialupi\/\"><em>Codice Squarcialupi<\/em><\/a> de la <strong>Biblioth\u00e8que de Florence<\/strong>. Aujourd&rsquo;hui, pour varier nous vous pr\u00e9sentons cette composition dans le <strong>Manuscrit 568<\/strong> du fond italien de la BnF <span class=\"has-inline-color has-medium-gray-color\">(photo ci-dessus)<\/span>.<\/p>\n\n\n\n<h2 class=\"wp-block-heading\">Le Ms 568 du fond italien de la BnF<\/h2>\n\n\n\n<p class=\"classe text_justify\">Dat\u00e9 du courant du XIVe si\u00e8cle, le codex 568 du fond italien du d\u00e9partement des manuscrits de la BnF contient 199 pi\u00e8ces dont 2 ont \u00e9t\u00e9 copi\u00e9es deux fois ( <a href=\"https:\/\/gallica.bnf.fr\/ark:\/12148\/btv1b84490281\/f2.item\">\u00e0 consulter en ligne ici sur Gallica<\/a> ). On y trouve en grande quantit\u00e9 des madrigaux et ballate, quelques rondeaux, ballades et virelais, mais aussi un nombre plus restreint de pi\u00e8ces religieuses et sacr\u00e9es (Gloria, Credo, Sanctus, Agnus dei, Benedicamus). <\/p>\n\n\n\n<p class=\"classe text_justify\">Vingt-deux compositeurs en tout sont \u00e0 l&rsquo;honneur de ce manuscrit m\u00e9di\u00e9val avec une large place faite \u00e0 <strong>Francesco Landini<\/strong> et \u00e0 <strong>Paolo da Firenze<\/strong> (Paolo Tenorista). C&rsquo;est d&rsquo;ailleurs le seul manuscrit \u00e0 contenir l&rsquo;\u0153uvre annot\u00e9e de ce dernier compositeur, ce qui lui conf\u00e8re une place particuli\u00e8re dans la musique polyphonique du Trecento italien. Pour la petite histoire, si on admet g\u00e9n\u00e9ralement que <strong>Paolo da Firenze<\/strong> a, sans doute,  supervis\u00e9 la r\u00e9alisation du <em>Codice Squarcialupi<\/em>, les pages et les port\u00e9es r\u00e9serv\u00e9es \u00e0 ses partitions, dans ce dernier codex,  y ont \u00e9t\u00e9 laiss\u00e9es vides ; le Ms 568 comble ce vide.<\/p>\n\n\n\n<h3 class=\"wp-block-heading\">Le vieil organiste et la damoiselle ?<\/h3>\n\n\n\n<div class=\"wp-block-image\"><figure class=\"aligncenter size-large\"><a href=\"https:\/\/www.moyenagepassion.com\/wp-content\/uploads\/2021\/03\/detail-manuscrt-medieval-568-fond-italien-moyen-age-musique-medievale-ars-nova.jpg\"><img decoding=\"async\" width=\"851\" height=\"650\" src=\"https:\/\/www.moyenagepassion.com\/wp-content\/uploads\/2021\/03\/detail-manuscrt-medieval-568-fond-italien-moyen-age-musique-medievale-ars-nova.jpg\" alt=\"\" class=\"wp-image-38246\" srcset=\"https:\/\/www.moyenagepassion.com\/wp-content\/uploads\/2021\/03\/detail-manuscrt-medieval-568-fond-italien-moyen-age-musique-medievale-ars-nova.jpg 851w, https:\/\/www.moyenagepassion.com\/wp-content\/uploads\/2021\/03\/detail-manuscrt-medieval-568-fond-italien-moyen-age-musique-medievale-ars-nova-300x229.jpg 300w, https:\/\/www.moyenagepassion.com\/wp-content\/uploads\/2021\/03\/detail-manuscrt-medieval-568-fond-italien-moyen-age-musique-medievale-ars-nova-768x587.jpg 768w\" sizes=\"(max-width: 851px) 100vw, 851px\" \/><\/a><\/figure><\/div>\n\n\n\n<p class=\"classe text_justify\">On trouve \u00e9galement, dans ce codex d&rsquo;\u00e9poque, une tr\u00e8s belle illustration (<span class=\"has-inline-color has-medium-gray-color\">celle ayant servi \u00e0 l&rsquo;image d&rsquo;en-t\u00eate et \u00e0 l&rsquo;image ci-dessus<\/span>). Pour nous, elle pourrait presque \u00e9voquer Francesco Landini, l&rsquo;organiste  (devenu d\u00e9j\u00e0 vieux) au travail et la demoiselle de la chanson, m\u00eame si ceci n&rsquo;est qu&rsquo;une assertion personnelle ; le compositeur florentin se trouve \u00e9galement pr\u00e9sent\u00e9 comme <em>Francesco degli orghany<\/em> dans le ms 568 ce qui pourrait nous sembler un argument suppl\u00e9mentaire. Notons que cette hypoth\u00e8se ne semble pas avoir saut\u00e9 aux yeux de <strong>Gilbert Reaney,<\/strong> c\u00e9l\u00e8bre musicologue et britannique du XXe si\u00e8cle qui nous a servi de guide pour percer certains \u00e9l\u00e9ments de ce manuscrit. De son c\u00f4t\u00e9, il d\u00e9crit cette illustration de mani\u00e8re \u00e0 la fois plus all\u00e9gorique et factuelle : <\/p>\n\n\n\n<p class=\"classe text_justify\"><span class=\"has-inline-color has-green-color\">\u00ab\u00a0<em>Le tableau montre la personnification f\u00e9minine de la musique jouant un orgue portatif, sous lequel se trouve une repr\u00e9sentation d&rsquo;un homme barbu martelant une enclume. A sa gauche et \u00e0 sa droite se trouvent deux colonnes, l&rsquo;une listant les intervalles qui composent une octave, l&rsquo;autre donnant les syllabes de solmisation.<\/em>\u00ab\u00a0<\/span> <strong>Gilbert Reaney (1)<\/strong><\/p>\n\n\n\n<p class=\"classe text_justify\">Alors, all\u00e9gorie religieuse, voire presque biblique, ou repr\u00e9sentation plus factuelle ? Nous vous en laissons juge.<\/p>\n\n\n\n<h2 class=\"wp-block-heading\">Le Conjunto Pro Musica Antiqua Rosario<\/h2>\n\n\n\n<figure class=\"wp-block-embed-youtube wp-block-embed is-type-video is-provider-youtube wp-embed-aspect-4-3 wp-has-aspect-ratio\"><div class=\"wp-block-embed__wrapper\">\n<iframe title=\"Questa Fanciulla , Amor (Vocal e instrumental)\" width=\"474\" height=\"356\" src=\"https:\/\/www.youtube.com\/embed\/8Gym1-BI4aQ?feature=oembed\" frameborder=\"0\" allow=\"accelerometer; autoplay; clipboard-write; encrypted-media; gyroscope; picture-in-picture; web-share\" referrerpolicy=\"strict-origin-when-cross-origin\" allowfullscreen><\/iframe>\n<\/div><figcaption><em>\u00ab\u00a0Questa Fanciulla\u00a0\u00bb<\/em> par le <strong>Conjunto Pro Musica Antiqua Rosario<\/strong><\/figcaption><\/figure>\n\n\n\n<h3 class=\"wp-block-heading\">L&rsquo;Argentine sur les traces <br>des musiques m\u00e9di\u00e9vales et anciennes<\/h3>\n\n\n\n<p class=\"classe text_justify\">Form\u00e9 en 1962 par le directeur artistique et musical argentin <strong>Cristi\u00e1n Hern\u00e1ndez Largu\u00eda<\/strong>, le <strong>Conjunto Pro Musica Antiqua Rosario<\/strong> se pr\u00e9sente, encore aujourd&rsquo;hui, comme un v\u00e9ritable institut d\u00e9di\u00e9 \u00e0 la transmission des patrimoines et h\u00e9ritages musicaux anciens. La p\u00e9riode approch\u00e9e par l&rsquo;ensemble commence au Moyen \u00c2ge pour se poursuivre \u00e0 la renaissance et l&rsquo;\u00e8re baroque, mais comme cette grande formation classique ne s&rsquo;interdit rien, on la trouvera encore sur des r\u00e9pertoires plus r\u00e9cents jusqu&rsquo;\u00e0 m\u00eame des compositeurs du XXe si\u00e8cle.<\/p>\n\n\n\n<div class=\"wp-block-image\"><figure class=\"alignleft size-large is-resized\"><img decoding=\"async\" src=\"https:\/\/www.moyenagepassion.com\/wp-content\/uploads\/2021\/03\/musiques-anciennes-medievales-Cristian-Hernandez-Larguia-Conjunto-Pro-Musica-Antiqua-Rosario.jpg\" alt=\"\" class=\"wp-image-38238\" width=\"162\" height=\"243\"\/><\/figure><\/div>\n\n\n\n<p class=\"classe text_justify\">Concernant son fondateur, <strong>Cristi\u00e1n Hern\u00e1ndez Largu\u00eda<\/strong>, ce directeur d&rsquo;exception a s&rsquo;est fait largement reconna\u00eetre sur la sc\u00e8ne musicale internationale pour son grand talent. Sa longue carri\u00e8re lui a \u00e9galement valu un nombre incalculable de distinctions honorifiques et de prix pour ses contributions dans le champ des musiques anciennes. Apr\u00e8s sa disparition en 2016, la direction artistique de l&rsquo;ensemble a \u00e9t\u00e9 confi\u00e9e <strong>Manuel Alberto Marina<\/strong> autre musicien  \u00e9m\u00e9rite argentin.<\/p>\n\n\n\n<p class=\"classe text_justify\">En tant qu&rsquo;institution, le Conjunto Pro Musica Antiqua Rosario n&rsquo;organise pas que seulement des concerts autour des musiques m\u00e9di\u00e9vales et anciennes. Il f\u00e9d\u00e8re aussi, autour de lui, un grand nombre d&rsquo;activit\u00e9s. On le retrouve ainsi \u00e0 l&rsquo;enseignement et \u00e0 la transmission musicale \u00e0 destination de publics des plus larges, y compris les plus jeunes. Pour plus d&rsquo;informations sur leurs activit\u00e9s, <a href=\"http:\/\/promusicarosario.org.ar\/\" target=\"_blank\" rel=\"noreferrer noopener nofollow\">voir leur site web ici<\/a>.<\/p>\n\n\n\n<h3 class=\"wp-block-heading\">L&rsquo;album :<em> Danzas y Canciones de la Edad Media<\/em><\/h3>\n\n\n\n<p class=\"classe text_justify\">Avec pas moins de trente pi\u00e8ces en provenance du Moyen \u00c2ge, l&rsquo;album dont est extrait la pi\u00e8ce du jour est aussi g\u00e9n\u00e9reux qu&rsquo;ambitieux. Sorti en 1988 sous le label <strong>Irco Video<\/strong>, il op\u00e8re une tr\u00e8s large s\u00e9lection musicale dans un r\u00e9pertoire qui gravite autour de l&rsquo;Europe m\u00e9di\u00e9vale des XIIIe, XIVe si\u00e8cles. <\/p>\n\n\n\n<div class=\"wp-block-image\"><figure class=\"alignright size-large is-resized\"><a href=\"https:\/\/www.amazon.fr\/gp\/product\/B00J4NCING\/ref=as_li_tl?ie=UTF8&amp;camp=1642&amp;creative=6746&amp;creativeASIN=B00J4NCING&amp;linkCode=as2&amp;tag=f1266-21&amp;linkId=db2868a8326b6b21c9a3b628ffe31b44\" target=\"_blank\" rel=\"noopener noreferrer\"><img decoding=\"async\" src=\"https:\/\/www.moyenagepassion.com\/wp-content\/uploads\/2021\/03\/album-musique-medievale-ars-nova-polyphonies-francisco-landini-Conjunto-Pro-Musica-Antiqua-de-Rosario.jpg\" alt=\"\" class=\"wp-image-38239\" width=\"252\" height=\"213\" srcset=\"https:\/\/www.moyenagepassion.com\/wp-content\/uploads\/2021\/03\/album-musique-medievale-ars-nova-polyphonies-francisco-landini-Conjunto-Pro-Musica-Antiqua-de-Rosario.jpg 367w, https:\/\/www.moyenagepassion.com\/wp-content\/uploads\/2021\/03\/album-musique-medievale-ars-nova-polyphonies-francisco-landini-Conjunto-Pro-Musica-Antiqua-de-Rosario-300x253.jpg 300w\" sizes=\"(max-width: 252px) 100vw, 252px\" \/><\/a><\/figure><\/div>\n\n\n\n<p class=\"classe text_justify\">Le voyage touche, \u00e0 la fois, la France des trouv\u00e8res et des troubadours (<a href=\"https:\/\/www.moyenagepassion.com\/index.php\/2016\/05\/05\/kalenda-maia-ou-kalenda-maya-une-poesie-de-raymond-de-vaqueiras-sur-une-estampie-du-xiie-siecle\/\">Raimbaut de Vaqueiras<\/a>, <a href=\"https:\/\/www.moyenagepassion.com\/index.php\/2017\/02\/02\/10209\/\">Adam de la Halle<\/a>, &#8230;), mais aussi l&rsquo;Espagne profane et liturgique avec des <a href=\"https:\/\/www.moyenagepassion.com\/index.php\/tag\/cantigas-de-amigo\/\">Cantigas de Amigo<\/a> de Martin Codax et m\u00eame des <a href=\"https:\/\/www.moyenagepassion.com\/index.php\/2018\/05\/16\/index-les-cantigas-de-santa-maria-par-le-menu\/\">Cantigas de Santa Maria<\/a> d&rsquo;Alphonse X de Castille. On y fait \u00e9galement une  incursion du c\u00f4t\u00e9 de la Catalogne avec des compositions du<em> Llibre Vermell <\/em>de Montserrat. Enfin, apr\u00e8s un large d\u00e9tour par les danses de l&rsquo;Italie et de l&rsquo;Angleterre m\u00e9di\u00e9vale (saltarello, istampitta du <a href=\"https:\/\/www.moyenagepassion.com\/?s=manuscrit+de+Londres\">manuscrit de Londres<\/a>&#8230;), une place y est encore r\u00e9serv\u00e9e aux musiques et aux chants polyphoniques de Francesco Landini dont celui du jour.<\/p>\n\n\n\n<h4 class=\"wp-block-heading\">Un grand tour de l&rsquo;Europe m\u00e9di\u00e9vale en un album<\/h4>\n\n\n\n<p class=\"classe text_justify\">D&rsquo;une certaine fa\u00e7on, l&rsquo;album se pr\u00e9sente comme une synth\u00e8se des quatre programmes pr\u00e9sent\u00e9s par la formation autour des musiques du Moyen \u00c2ge : la lyrique profane m\u00e9di\u00e9vale (trouv\u00e8res, troubadours, minnes\u00e4nger), les musiques de p\u00e8lerinage et mais aussi les chants profanes de la p\u00e9ninsule espagnole et portugaise du XIVe si\u00e8cle, et enfin le trecento florentin repr\u00e9sent\u00e9, ici, par Landini. C\u00f4t\u00e9 distribution, on trouve toujours cet album \u00e0 la vente et \u00e0 la distribution. Le label a m\u00eame eu la bonne id\u00e9e de le proposer au format CD ou d\u00e9mat\u00e9rialis\u00e9 MP3. Voici un lien vous permettant d&rsquo;en savoir plus et m\u00eame de le pr\u00e9 \u00e9couter :  <a target=\"_blank\" href=\"https:\/\/www.amazon.fr\/gp\/product\/B00J4NCING\/ref=as_li_tl?ie=UTF8&amp;camp=1642&amp;creative=6746&amp;creativeASIN=B00J4NCING&amp;linkCode=as2&amp;tag=f1266-21&amp;linkId=db2868a8326b6b21c9a3b628ffe31b44\" rel=\"noopener noreferrer\">Danzas y Canciones de la Edad Media<\/a>.<\/p>\n\n\n\n<hr class=\"wp-block-separator\"\/>\n\n\n\n<h3 class=\"has-text-align-center wp-block-heading\">Questa Fanciulla de Francesco Landini<br>et sa traduction en fran\u00e7ais moderne<\/h3>\n\n\n\n<p class=\"has-text-align-center\"><strong><em><span class=\"has-inline-color has-green-color\">Questa fanciulla&rsquo;amor<br>Fallami pia<br>Che mi ha ferito il cor<br>Nella tua via.<br><br>Tu m&rsquo;ha, fanciulla, si&rsquo; d&rsquo;amor percosso<br>Che solo in te pensando trovo posa<br>El cor di me da me tu m&rsquo;ha rimosso<br>Con gli occhi belli e la faccia gioiosa<br>Pero&rsquo; ch&rsquo;al servo tuo deh sie piatosa<br>Merce&rsquo; ti chiegho alla gran pena mia.<br><br>Questa fanciulla&rsquo;amor&#8230;<br><br>Se non soccorri alle dogliose pene<br>Il cor mi verra&rsquo; meno che tu m&rsquo;a tolto,<br>Che la mia vita non sente ma&rsquo; bene<br>Se non mirando \u2018l tuo vezzoso volto.<br>Da poi fanciulla che d&rsquo;amor m&rsquo;a involto<br>Priego ch&rsquo;alquanto a me beningnia sia.<br><br>Questa fanciulla&rsquo;amor&#8230;<\/span><\/em><\/strong><\/p>\n\n\n\n<p class=\"has-text-align-center\"><em>Amour ! Fais que cette jeune fille,<br>Se montre cl\u00e9mente envers moi*<br>Car elle a bless\u00e9 mon c\u0153ur<br>Dans ton sillage.<br><br>Oui, tu m&rsquo;as, jeune fille, frapp\u00e9 si fort d&rsquo;amour<br>Que je ne trouve plus de repos qu&rsquo;en pensant \u00e0 toi.<br>Tu as ravi mon c\u0153ur<br>Avec tes beaux yeux et ton visage plein de joie,<br>Et pour cela je t&rsquo;implore d&rsquo;\u00eatre mis\u00e9ricordieuse<br>Envers ton serviteur et de prendre en piti\u00e9 sa grande souffrance.<br><br>Amour ! Fais que cette jeune fille\u2026<br><br>Si tu ne soulages pas ma grande peine<br>Ce c\u0153ur qui m&rsquo;appartient et que tu m&rsquo;as pris finira par se briser<br>Car ma vie n&rsquo;a plus de sens,<br>Sinon en contemplant ton charmant visage.<br>D\u00e8s lors, jeune fille, que tu m&rsquo;as li\u00e9 d&rsquo;amour<br>Je te supplie (prie) d&rsquo;\u00eatre indulgente (bonne) envers moi. <br><br>Amour ! Fais que cette jeune fille, \u2026<\/em><\/p>\n\n\n\n<p>* <em>fallami pia : rend la mis\u00e9ricordieuse envers moi<\/em><\/p>\n\n\n\n<hr class=\"wp-block-separator\"\/>\n\n\n\n<p>En vous souhaitant tr\u00e8s belle journ\u00e9e.<\/p>\n\n\n\n<p>Fr\u00e9d\u00e9ric EFFE<br>Pour moyenagepassion.com<br><em><strong>A la d\u00e9couverte du Moyen \u00c2ge sous toutes ses formes<\/strong><\/em>.<\/p>\n\n\n\n<p>Notes : <\/p>\n\n\n\n<p class=\"classe text_justify\"><strong>(1) <\/strong>\u00ab\u00a0<em>The painting shows the female personification of music playing a portative organ, underneath which is a representation of a bearded man hammering on an anvil. To his left and right are two columns, one listing the intervals which compose an octave, the other giving solmisation syllables.\u00a0\u00bb<\/em> <br><br><em>The Manuscript Paris, Biblioth\u00e8que Nationale, Fond italien 568 (Pit)<\/em>, <strong>Gilbert Reaney<\/strong>, Musica Disciplina, Vol. 14, (1960)<\/p>\n\n\n\n<p class=\"classe text_justify\">NB : l&rsquo;enluminure de l&rsquo;image d&rsquo;en-t\u00eate est tir\u00e9e du Ms 568 fond Italien de la BnF (d\u00e9partement des manuscrits).<\/p>\n","protected":false},"excerpt":{"rendered":"<p>Sujet :\u00a0 musique m\u00e9di\u00e9vale, musiques anciennes, ballata, chants polyphoniques, Ars nova, chanson m\u00e9di\u00e9vale, amour courtoisP\u00e9riode :\u00a0\u00a0Moyen \u00c2ge tardif, XIVe si\u00e8cleAuteur :\u00a0Francesco Landini (1325-1397)Titre :\u00a0\u00a0Questa FanciullaInterpr\u00e8tes\u00a0:\u00a0le Conjunto Pro Musica Antiqua RosarioAlbum\u00a0:\u00a0Danzas y Canciones de la Edad Media (1988). Bonjour \u00e0 tous, ous repartons, aujourd&rsquo;hui, sur les traces de l&rsquo;Ars Nova du trecento italien, en compagnie du &hellip; <a href=\"https:\/\/www.moyenagepassion.com\/index.php\/2021\/03\/27\/questa-fanciulla-francesco-landini-frappe-damour\/\" class=\"more-link\">Continuer la lecture de <span class=\"screen-reader-text\">\u00ab\u00a0Questa Fanciulla\u00a0\u00bb, Francesco landini frapp\u00e9 d&rsquo;amour<\/span>  <span class=\"meta-nav\">&rarr;<\/span><\/a><\/p>\n","protected":false},"author":2,"featured_media":38234,"comment_status":"open","ping_status":"open","sticky":false,"template":"","format":"standard","meta":{"_monsterinsights_skip_tracking":false,"_monsterinsights_sitenote_active":false,"_monsterinsights_sitenote_note":"","_monsterinsights_sitenote_category":0,"footnotes":""},"categories":[3766,9],"tags":[298,2694,5304,654,1659,5306,5307,1998,5309,2222,5308,5587,913,5303,5122,883,3554,707,5305,3267],"class_list":["post-38231","post","type-post","status-publish","format-standard","has-post-thumbnail","hentry","category-francesco-landini","category-musique-medieval-historique-fantaisie-celtique","tag-amour-courtois","tag-ars-nova","tag-ballata","tag-chanson-medievale","tag-chants-polyphoniques","tag-conjunto-pro-musica-antiqua-rosario","tag-cristian-hernandez-larguia","tag-europe-medievale","tag-fanciulla","tag-manuscrit-medieval","tag-mediceo-palatino-87","tag-moyen-age-2","tag-moyen-age-tardif","tag-ms-568","tag-musique-medievale-2","tag-musiques-anciennes","tag-partition","tag-traduction","tag-trecento","tag-xive-siecle"],"aioseo_notices":[],"_links":{"self":[{"href":"https:\/\/www.moyenagepassion.com\/index.php\/wp-json\/wp\/v2\/posts\/38231"}],"collection":[{"href":"https:\/\/www.moyenagepassion.com\/index.php\/wp-json\/wp\/v2\/posts"}],"about":[{"href":"https:\/\/www.moyenagepassion.com\/index.php\/wp-json\/wp\/v2\/types\/post"}],"author":[{"embeddable":true,"href":"https:\/\/www.moyenagepassion.com\/index.php\/wp-json\/wp\/v2\/users\/2"}],"replies":[{"embeddable":true,"href":"https:\/\/www.moyenagepassion.com\/index.php\/wp-json\/wp\/v2\/comments?post=38231"}],"version-history":[{"count":53,"href":"https:\/\/www.moyenagepassion.com\/index.php\/wp-json\/wp\/v2\/posts\/38231\/revisions"}],"predecessor-version":[{"id":43964,"href":"https:\/\/www.moyenagepassion.com\/index.php\/wp-json\/wp\/v2\/posts\/38231\/revisions\/43964"}],"wp:featuredmedia":[{"embeddable":true,"href":"https:\/\/www.moyenagepassion.com\/index.php\/wp-json\/wp\/v2\/media\/38234"}],"wp:attachment":[{"href":"https:\/\/www.moyenagepassion.com\/index.php\/wp-json\/wp\/v2\/media?parent=38231"}],"wp:term":[{"taxonomy":"category","embeddable":true,"href":"https:\/\/www.moyenagepassion.com\/index.php\/wp-json\/wp\/v2\/categories?post=38231"},{"taxonomy":"post_tag","embeddable":true,"href":"https:\/\/www.moyenagepassion.com\/index.php\/wp-json\/wp\/v2\/tags?post=38231"}],"curies":[{"name":"wp","href":"https:\/\/api.w.org\/{rel}","templated":true}]}}