{"id":38750,"date":"2021-04-24T23:09:43","date_gmt":"2021-04-24T22:09:43","guid":{"rendered":"https:\/\/www.moyenagepassion.com\/?p=38750"},"modified":"2022-05-08T22:18:19","modified_gmt":"2022-05-08T21:18:19","slug":"en-septembre-2021-les-figurants-de-lhistoire-de-retour-a-senlis","status":"publish","type":"post","link":"https:\/\/www.moyenagepassion.com\/index.php\/2021\/04\/24\/en-septembre-2021-les-figurants-de-lhistoire-de-retour-a-senlis\/","title":{"rendered":"en Septembre 2021, Les figurants de l&rsquo;histoire de retour \u00e0 Senlis"},"content":{"rendered":"<div id=\"moyen-1637606070\" class=\"moyen-before-content moyen-entity-placement\"><script async src=\"\/\/pagead2.googlesyndication.com\/pagead\/js\/adsbygoogle.js?client=ca-pub-3035390706780632\" crossorigin=\"anonymous\"><\/script><ins class=\"adsbygoogle\" style=\"display:block;\" data-ad-client=\"ca-pub-3035390706780632\" \ndata-ad-slot=\"\" \ndata-ad-format=\"auto\"><\/ins>\n<script> \n(adsbygoogle = window.adsbygoogle || []).push({}); \n<\/script>\n<\/div>\n<div class=\"wp-block-image\"><figure class=\"alignleft size-full is-resized\"><img decoding=\"async\" src=\"https:\/\/www.moyenagepassion.com\/wp-content\/uploads\/2019\/09\/ecu-armoirie-blason-senlis.jpg\" alt=\"\" class=\"wp-image-28461\" width=\"113\" height=\"169\" srcset=\"https:\/\/www.moyenagepassion.com\/wp-content\/uploads\/2019\/09\/ecu-armoirie-blason-senlis.jpg 226w, https:\/\/www.moyenagepassion.com\/wp-content\/uploads\/2019\/09\/ecu-armoirie-blason-senlis-201x300.jpg 201w\" sizes=\"(max-width: 113px) 100vw, 113px\" \/><\/figure><\/div>\n\n\n\n<p><strong><a href=\"https:\/\/www.moyenagepassion.com\/wp-content\/uploads\/2019\/09\/ecu-armoirie-blason-senlis.jpg\"><\/a>Sujet :<\/strong>&nbsp;agenda, animation, f\u00eates m\u00e9di\u00e9vales, sorties historiques, foires, march\u00e9 m\u00e9di\u00e9val.<br><strong>Lieu :&nbsp;Senlis<\/strong>, Oise, Hauts-De-France<br><strong>Ev\u00e9nement<\/strong>&nbsp;; la 6e foire m\u00e9di\u00e9vale de Senlis&nbsp;<br><strong>Date :<\/strong> 25 et 26 septembre 2021<\/p>\n\n\n\n<p><\/p>\n\n\n\n<p>Bonjour \u00e0 tous,<\/p>\n\n\n\n<div class=\"wp-block-image\"><figure class=\"alignleft size-large\"><img decoding=\"async\" width=\"84\" height=\"103\" src=\"https:\/\/www.moyenagepassion.com\/wp-content\/uploads\/2018\/10\/C_lettrine_moyen_age_passion.jpg\" alt=\"\" class=\"wp-image-23887\"\/><\/figure><\/div>\n\n\n\n<p class=\"classe text_justify\">r\u00e9\u00e9e en 1994, l&rsquo;<strong>Association des Figurants de l&rsquo;Histoire<\/strong> de Senlis anime, depuis pr\u00e8s de 25 ans, une partie de la vie culturelle de cette c\u00e9l\u00e8bre bourgade de l&rsquo;Oise, mais aussi de ses environs. Tenue par des b\u00e9n\u00e9voles enthousiastes et passionn\u00e9s, on la retrouve \u00e0 l&rsquo;organisation de nombreux \u00e9v\u00e9nements autour de l&rsquo;histoire et du patrimoine local, mais elle est \u00e9galement pr\u00e9sente dans de nombreuses f\u00eates  fran\u00e7aises autour du Moyen \u00c2ge(<a href=\"https:\/\/www.moyenagepassion.com\/index.php\/2018\/04\/18\/en-juillet-moyen-age-1000-ans-dhistoire-a-revivre-a-la-grande-fete-des-remparts-de-dinan\/\">F\u00eate des remparts de Dinan,<\/a> <a href=\"https:\/\/www.moyenagepassion.com\/index.php\/2018\/06\/22\/moyen-age-en-fete-complement-dagenda-sortie-a-theme-du-week-end\/\">F\u00eate de Jeanne Hachette de Beauvais<\/a>,  etc&#8230;). Du point de vue des p\u00e9riodes, les \u00ab\u00a0Figurants\u00a0\u00bb et leur 450 costumes ne se cantonnent pas au Moyen \u00c2ge. Ils couvrent aussi la renaissance, le XVIIIe si\u00e8cle et vont m\u00eame jusqu&rsquo;au XXe si\u00e8cle et ses ann\u00e9es folles. <\/p>\n\n\n\n<h2 class=\"wp-block-heading\">La 6eme foire m\u00e9di\u00e9vale de Senlis : <br>le chancelier Gu\u00e9rin de retour \u00e0 la f\u00eate<\/h2>\n\n\n\n<div class=\"wp-block-image\"><figure class=\"alignright size-large is-resized\"><a href=\"https:\/\/www.moyenagepassion.com\/wp-content\/uploads\/2021\/04\/foire-medievale-de-senlis-2021-animations-troupes-medievales.jpg\"><img decoding=\"async\" src=\"https:\/\/www.moyenagepassion.com\/wp-content\/uploads\/2021\/04\/foire-medievale-de-senlis-2021-animations-troupes-medievales-s.jpg\" alt=\"\" class=\"wp-image-38762\" width=\"210\" height=\"316\" srcset=\"https:\/\/www.moyenagepassion.com\/wp-content\/uploads\/2021\/04\/foire-medievale-de-senlis-2021-animations-troupes-medievales-s.jpg 220w, https:\/\/www.moyenagepassion.com\/wp-content\/uploads\/2021\/04\/foire-medievale-de-senlis-2021-animations-troupes-medievales-s-199x300.jpg 199w\" sizes=\"(max-width: 210px) 100vw, 210px\" \/><\/a><\/figure><\/div>\n\n\n\n<p class=\"classe text_justify\">Au titre des activit\u00e9s de l&rsquo;association qui nous int\u00e9ressent plus particuli\u00e8rement, ici, pour des raisons \u00e9ditoriales, nous avons d\u00e9j\u00e0 mentionn\u00e9, \u00e0 plusieurs reprises, la belle <strong>Foire m\u00e9di\u00e9vale de Senlis<\/strong>  (voir nos  <a href=\"https:\/\/www.moyenagepassion.com\/index.php\/2017\/09\/21\/senlis-haut-lieu-historique-au-temps-du-chancelier-guerin\/\">articles sur l&rsquo;\u00e9dition 2017<\/a> et <a href=\"https:\/\/www.moyenagepassion.com\/index.php\/2019\/09\/07\/retour-du-chancelier-guerin-a-senlis-pour-une-grande-fete-medievale\/\">sur l&rsquo;\u00e9dition 2019<\/a> de cet \u00e9v\u00e9nement). Les Figurants organisent, en effet, cette grand f\u00eate et s&rsquo;y investit \u00e0 plein.  <\/p>\n\n\n\n<p class=\"classe text_justify\">En g\u00e9n\u00e9ral, la th\u00e9matique centrale gravite autour du personnage du chancelier Gu\u00e9rin, personnage qui a marqu\u00e9 le XIIIe si\u00e8cle par ses hauts faits et sa pr\u00e9sence. Chevalier de l&rsquo;ordre de Saint-Jean de J\u00e9rusalem, on lui pr\u00eate d&rsquo;avoir particip\u00e9 activement \u00e0 la victoire de Bouvines au c\u00f4t\u00e9 de Philippe-Auguste.  Consacr\u00e9 \u00e9v\u00eaque de Senlis en 1213, il sera aussi nomm\u00e9 chancelier de France et premier officier du royaume en 1223. Entre autre legs, on le consid\u00e8re, \u00e9galement, comme un des p\u00e8res de ce qui deviendra plus tard les archives nationales. Il contribua, en effet, \u00e0 fonder le Tr\u00e9sor de Chartes, l&rsquo;un des fonds les plus anciens des archives nationales.<\/p>\n\n\n\n<h3 class=\"wp-block-heading\">Camps, animations m\u00e9di\u00e9vales et grand march\u00e9,<\/h3>\n\n\n\n<p class=\"classe text_justify\">La derni\u00e8re \u00e9dition de la foire m\u00e9di\u00e9vale de Senlis ayant eu lieu en 2019,  cette f\u00eate bisannuelle n&rsquo;a pas eu \u00e0 souffrir, l&rsquo;ann\u00e9e derni\u00e8re, des nombreuses annulations culturelles dues aux mesures anti-covid prises par le pouvoir ex\u00e9cutif fran\u00e7ais. De son c\u00f4t\u00e9, l&rsquo;association des figurants a d\u00fb, tout de m\u00eame, suivre le mouvement en mettant partiellement en sommeil ses autres activit\u00e9s. Cette ann\u00e9e, elle compte bien, en revanche, maintenir son habituel calendrier en proposant, en septembre, une belle f\u00eate de deux jours pour mettre \u00e0 l&rsquo;honneur le Moyen \u00c2ge festif, au temps de fr\u00e8re Gu\u00e9rin. <\/p>\n\n\n\n<div class=\"wp-block-image\"><figure class=\"aligncenter size-full is-resized\"><a href=\"https:\/\/www.moyenagepassion.com\/wp-content\/uploads\/2021\/04\/foire-medievale-de-senlis-2021-animations-troupes-medievales-marche-moyen-age.jpg\"><img decoding=\"async\" src=\"https:\/\/www.moyenagepassion.com\/wp-content\/uploads\/2021\/04\/foire-medievale-de-senlis-2021-animations-troupes-medievales-marche-moyen-age.jpg\" alt=\"\" class=\"wp-image-38763\" width=\"850\" height=\"190\" srcset=\"https:\/\/www.moyenagepassion.com\/wp-content\/uploads\/2021\/04\/foire-medievale-de-senlis-2021-animations-troupes-medievales-marche-moyen-age.jpg 850w, https:\/\/www.moyenagepassion.com\/wp-content\/uploads\/2021\/04\/foire-medievale-de-senlis-2021-animations-troupes-medievales-marche-moyen-age-300x67.jpg 300w, https:\/\/www.moyenagepassion.com\/wp-content\/uploads\/2021\/04\/foire-medievale-de-senlis-2021-animations-troupes-medievales-marche-moyen-age-768x172.jpg 768w\" sizes=\"(max-width: 850px) 100vw, 850px\" \/><\/a><\/figure><\/div>\n\n\n\n<p class=\"classe text_justify\">Du point de vue de l&rsquo;organisation, aux Figurants de l&rsquo;Histoire se joindra, \u00e0 nouveau, <strong><a href=\"https:\/\/citedantan.jimdofree.com\/\">l&rsquo;Association Cit\u00e9 d&rsquo;Antan<\/a><\/strong>. Form\u00e9e en 2008, cette structure qui prend le Moyen \u00c2ge et la reconstitution tr\u00e8s au s\u00e9rieux, est focalis\u00e9e sur la vie quotidienne au XIIIe si\u00e8cle.  A l&rsquo;occasion de la foire, les deux associations s&rsquo;entoureront encore d&rsquo;autres collaborations.<\/p>\n\n\n\n<p class=\"classe text_justify\">Au titre des animations, on pourra donc compter sur force musiques, parades et joyeuses d\u00e9ambulations. Diverses troupes de reconstituteurs seront aussi pr\u00e9sentes et on devrait donc pouvoir visiter des camps de vie quotidienne m\u00e9di\u00e9vale et m\u00eame d&rsquo;artisanat d&rsquo;\u00e9poque. Des d\u00e9monstrations de combats seront, bien s\u00fbr, de la f\u00eate avec m\u00eame, des tirs de machines de guerre. Enfin, troupe animali\u00e8re et num\u00e9ro de dog training ou encore jeux g\u00e9ants pour les plus jeunes seront aussi au rendez-vous. El\u00e9ment indispensable de toute f\u00eate r\u00e9ussie autour du Moyen \u00c2ge, un march\u00e9 et ses exposants inspir\u00e9s par le monde m\u00e9di\u00e9val devraient venir compl\u00e9ter le tableau.<\/p>\n\n\n\n<h3 class=\"wp-block-heading\">Programme d\u00e9taill\u00e9 et interrogations <br>dans un contexte persistant de navigation \u00e0 vue<\/h3>\n\n\n\n<div class=\"wp-block-image\"><figure class=\"alignleft size-large is-resized\"><a href=\"https:\/\/www.moyenagepassion.com\/wp-content\/uploads\/2021\/04\/foire-medievale-de-senlis-2021-animations-troupes-medievales-reconstituteurs.jpg\"><img decoding=\"async\" src=\"https:\/\/www.moyenagepassion.com\/wp-content\/uploads\/2021\/04\/foire-medievale-de-senlis-2021-animations-troupes-medievales-reconstituteurs.jpg\" alt=\"\" class=\"wp-image-38781\" width=\"210\" height=\"316\" srcset=\"https:\/\/www.moyenagepassion.com\/wp-content\/uploads\/2021\/04\/foire-medievale-de-senlis-2021-animations-troupes-medievales-reconstituteurs.jpg 380w, https:\/\/www.moyenagepassion.com\/wp-content\/uploads\/2021\/04\/foire-medievale-de-senlis-2021-animations-troupes-medievales-reconstituteurs-199x300.jpg 199w\" sizes=\"(max-width: 210px) 100vw, 210px\" \/><\/a><\/figure><\/div>\n\n\n\n<p class=\"classe text_justify\">Nous aurons, sans doute, un d\u00e9tail plus pr\u00e9cis des troupes \u00e0 vous fournir \u00e0 l&rsquo;approche de l&rsquo;\u00e9v\u00e9nement. Pour l&rsquo;instant, \u00e0 propos de cette f\u00eate, l&rsquo;organisation ajoute, tout de m\u00eame, par mesure de prudence : \u00ab\u00a0si la crise sanitaire nous le permet\u00a0\u00bb.  Affaire \u00e0 suivre ici ou sur<a href=\"https:\/\/lesfigurantsdelhistoire.jimdofree.com\/\" target=\"_blank\" rel=\"noreferrer noopener nofollow\"> leur site web<\/a> donc. Nous allons croiser les doigts et y croire avec eux, tout en notant au passage que cet \u00e9tat d&rsquo;incertitude dans lequel on nous a plong\u00e9 et qui nous fait douter d&rsquo;une sortie du tunnel, m\u00eame \u00e0 6 mois de l\u00e0, devient aussi pr\u00e9occupant pour le devenir de la culture que pour celui des libert\u00e9s individuelles.<\/p>\n\n\n\n<p class=\"classe text_justify\">Quoi qu&rsquo;il en soit, longue vie \u00e0 la foire m\u00e9di\u00e9vale de Senlis et aux f\u00eates m\u00e9di\u00e9vale \u00e0 venir ! <\/p>\n\n\n\n<p>En vous souhaitant une tr\u00e8s belle journ\u00e9e.<\/p>\n\n\n\n<p>Fred<br>Pour moyenagepassion.com<br><em><strong>A la d\u00e9couverte du monde m\u00e9di\u00e9val sous toutes ses formes.<\/strong><\/em><\/p>\n","protected":false},"excerpt":{"rendered":"<p>Sujet :&nbsp;agenda, animation, f\u00eates m\u00e9di\u00e9vales, sorties historiques, foires, march\u00e9 m\u00e9di\u00e9val.Lieu :&nbsp;Senlis, Oise, Hauts-De-FranceEv\u00e9nement&nbsp;; la 6e foire m\u00e9di\u00e9vale de Senlis&nbsp;Date : 25 et 26 septembre 2021 Bonjour \u00e0 tous, r\u00e9\u00e9e en 1994, l&rsquo;Association des Figurants de l&rsquo;Histoire de Senlis anime, depuis pr\u00e8s de 25 ans, une partie de la vie culturelle de cette c\u00e9l\u00e8bre bourgade de &hellip; <a href=\"https:\/\/www.moyenagepassion.com\/index.php\/2021\/04\/24\/en-septembre-2021-les-figurants-de-lhistoire-de-retour-a-senlis\/\" class=\"more-link\">Continuer la lecture de <span class=\"screen-reader-text\">en Septembre 2021, Les figurants de l&rsquo;histoire de retour \u00e0 Senlis<\/span>  <span class=\"meta-nav\">&rarr;<\/span><\/a><\/p>\n","protected":false},"author":2,"featured_media":38772,"comment_status":"open","ping_status":"open","sticky":false,"template":"","format":"standard","meta":{"_monsterinsights_skip_tracking":false,"_monsterinsights_sitenote_active":false,"_monsterinsights_sitenote_note":"","_monsterinsights_sitenote_category":0,"footnotes":""},"categories":[11],"tags":[1391,5342,3128,5343,5346,5344,636,2895,182,18,3063,2757,3124,2772],"class_list":["post-38750","post","type-post","status-publish","format-standard","has-post-thumbnail","hentry","category-fetes-medievales-evenement","tag-agenda","tag-animation","tag-cite-dantan","tag-fetes-medievales","tag-foire-medievale-de-senlis","tag-foires","tag-marche-medieval","tag-medievalisme","tag-monde-medieval","tag-moyen-age","tag-moyen-age-festif","tag-reconstituteurs","tag-senlis","tag-sorties-historiques"],"aioseo_notices":[],"_links":{"self":[{"href":"https:\/\/www.moyenagepassion.com\/index.php\/wp-json\/wp\/v2\/posts\/38750"}],"collection":[{"href":"https:\/\/www.moyenagepassion.com\/index.php\/wp-json\/wp\/v2\/posts"}],"about":[{"href":"https:\/\/www.moyenagepassion.com\/index.php\/wp-json\/wp\/v2\/types\/post"}],"author":[{"embeddable":true,"href":"https:\/\/www.moyenagepassion.com\/index.php\/wp-json\/wp\/v2\/users\/2"}],"replies":[{"embeddable":true,"href":"https:\/\/www.moyenagepassion.com\/index.php\/wp-json\/wp\/v2\/comments?post=38750"}],"version-history":[{"count":32,"href":"https:\/\/www.moyenagepassion.com\/index.php\/wp-json\/wp\/v2\/posts\/38750\/revisions"}],"predecessor-version":[{"id":43954,"href":"https:\/\/www.moyenagepassion.com\/index.php\/wp-json\/wp\/v2\/posts\/38750\/revisions\/43954"}],"wp:featuredmedia":[{"embeddable":true,"href":"https:\/\/www.moyenagepassion.com\/index.php\/wp-json\/wp\/v2\/media\/38772"}],"wp:attachment":[{"href":"https:\/\/www.moyenagepassion.com\/index.php\/wp-json\/wp\/v2\/media?parent=38750"}],"wp:term":[{"taxonomy":"category","embeddable":true,"href":"https:\/\/www.moyenagepassion.com\/index.php\/wp-json\/wp\/v2\/categories?post=38750"},{"taxonomy":"post_tag","embeddable":true,"href":"https:\/\/www.moyenagepassion.com\/index.php\/wp-json\/wp\/v2\/tags?post=38750"}],"curies":[{"name":"wp","href":"https:\/\/api.w.org\/{rel}","templated":true}]}}