{"id":38984,"date":"2021-05-09T19:23:51","date_gmt":"2021-05-09T18:23:51","guid":{"rendered":"https:\/\/www.moyenagepassion.com\/?p=38984"},"modified":"2022-05-08T22:13:47","modified_gmt":"2022-05-08T21:13:47","slug":"de-droles-de-fetes-johanniques-2021-a-orleans","status":"publish","type":"post","link":"https:\/\/www.moyenagepassion.com\/index.php\/2021\/05\/09\/de-droles-de-fetes-johanniques-2021-a-orleans\/","title":{"rendered":"DeS f\u00eates johanniques 2021 hors normes, \u00e0 orl\u00e9ans"},"content":{"rendered":"<div id=\"moyen-3756826919\" class=\"moyen-before-content moyen-entity-placement\"><script async src=\"\/\/pagead2.googlesyndication.com\/pagead\/js\/adsbygoogle.js?client=ca-pub-3035390706780632\" crossorigin=\"anonymous\"><\/script><ins class=\"adsbygoogle\" style=\"display:block;\" data-ad-client=\"ca-pub-3035390706780632\" \ndata-ad-slot=\"\" \ndata-ad-format=\"auto\"><\/ins>\n<script> \n(adsbygoogle = window.adsbygoogle || []).push({}); \n<\/script>\n<\/div>\n<div class=\"wp-block-image\"><figure class=\"alignleft size-full is-resized\"><img decoding=\"async\" src=\"https:\/\/www.moyenagepassion.com\/wp-content\/uploads\/2021\/05\/fetes-jeanne-d-arc-8-mai-reportage-fetes-johanniques.jpg\" alt=\"\" class=\"wp-image-38994\" width=\"84\" height=\"187\" srcset=\"https:\/\/www.moyenagepassion.com\/wp-content\/uploads\/2021\/05\/fetes-jeanne-d-arc-8-mai-reportage-fetes-johanniques.jpg 168w, https:\/\/www.moyenagepassion.com\/wp-content\/uploads\/2021\/05\/fetes-jeanne-d-arc-8-mai-reportage-fetes-johanniques-135x300.jpg 135w\" sizes=\"(max-width: 84px) 100vw, 84px\" \/><\/figure><\/div>\n\n\n\n<p><strong>Sujet<\/strong>\u00a0: f\u00eates, festivit\u00e9s m\u00e9di\u00e9vales, f\u00eate de Jeanne d\u2019Arc,\u00a0 guerre de cent ans, comm\u00e9moration, histoire vivante, patrimoine culturel, chevauch\u00e9e johannique<br><strong>Personnage historique<\/strong> : Jeanne d&rsquo;Arc (1412 &#8211; 1431)<br><strong>P\u00e9riode<\/strong>\u00a0\u00a0: Moyen \u00c2ge\u00a0tardif, XVe si\u00e8cle<br><strong>Lieu<\/strong>\u00a0: Orl\u00e9ans,\u00a0 Loiret,\u00a0Centre-Val de Loire<br><strong>Ev\u00e9nement<\/strong>\u00a0: 591e f\u00eates Johanniques d\u2019Orleans<br><strong>Dates<\/strong>\u00a0:\u00a08 mai\u00a02021<\/p>\n\n\n\n<p>Bonjour \u00e0 tous,<\/p>\n\n\n\n<div class=\"wp-block-image\"><figure class=\"alignleft size-large\"><img decoding=\"async\" width=\"84\" height=\"103\" src=\"https:\/\/www.moyenagepassion.com\/wp-content\/uploads\/2015\/12\/A_lettrine_moyen_age_passion1.jpg\" alt=\"\" class=\"wp-image-24221\"\/><\/figure><\/div>\n\n\n\n<p class=\"classe text_justify\">lors que les rues d&rsquo;Orleans sont rest\u00e9es d\u00e9sesp\u00e9r\u00e9ment d\u00e9sertes en raison des mesures prises par l&rsquo;ex\u00e9cutif face \u00e0 la Covid, nous souhaitons, \u00e0 tous ceux qui c\u00e9l\u00e8brent Jeanne d&rsquo;Arc, d&rsquo;heureuses f\u00eates autour de l&rsquo;h\u00e9ro\u00efne m\u00e9di\u00e9vale qui d\u00e9fit les anglais et permit au dauphin de reprendre espoir et foi, et de devenir roi. Elle est, depuis, entr\u00e9e dans l&rsquo;Histoire et le roman national par la grande porte.<\/p>\n\n\n\n<h2 class=\"wp-block-heading\">C\u00e9l\u00e9brations johanniques inhabituelles<br>mais c\u00e9l\u00e9brations tout de m\u00eame<\/h2>\n\n\n\n<div class=\"wp-block-image\"><figure class=\"alignright size-large\"><a href=\"https:\/\/www.moyenagepassion.com\/wp-content\/uploads\/2021\/05\/miniature-manuscrit-medieval-jeanne-d-arc-fetes-johanniques.jpg\"><img decoding=\"async\" width=\"220\" height=\"278\" src=\"https:\/\/www.moyenagepassion.com\/wp-content\/uploads\/2021\/05\/miniature-manuscrit-medieval-jeanne-d-arc-fetes-johanniques-s.jpg\" alt=\"\" class=\"wp-image-38992\"\/><\/a><figcaption><em>\u00ab\u00a0Les vies des femmes c\u00e9l\u00e8bres\u00a0\u00bb A  Dufour<\/em> <br>MS 17 Mus\u00e9e Dobr\u00e9e, Nantes, <em>(1505)<\/em> <\/figcaption><\/figure><\/div>\n\n\n\n<p class=\"classe text_justify\">Pour rappel, depuis pr\u00e8s de six si\u00e8cles, on comm\u00e9more, \u00e0 Orl\u00e9ans, les f\u00eates de Jeanne d&rsquo;Arc. Ces grandes r\u00e9jouissances johanniques se tiennent, en principe, de la premi\u00e8re semaine de mai jusqu&rsquo;au second week-end de ce m\u00eame mois. Elles incluent, notamment, la date du 8 mai, en relation avec la lib\u00e9ration d&rsquo;Orl\u00e9ans par la jeune guerri\u00e8re, \u00e0 la t\u00eate des arm\u00e9es fran\u00e7aises, le 8 mai 1429. Depuis 1920, cette comm\u00e9moration est aussi devenue officielle sur l&rsquo;ensemble du territoire fran\u00e7ais, sous le nom de <em>F\u00eate nationale de Jeanne d&rsquo;Arc et du patriotisme<\/em>. Elle est c\u00e9l\u00e9br\u00e9e le deuxi\u00e8me dimanche du mois, en souvenir de cette m\u00eame lib\u00e9ration.<\/p>\n\n\n\n<p class=\"classe text_justify\">Dans le dernier tiers du XXe si\u00e8cle et jusqu&rsquo;\u00e0 pr\u00e9sent,  les c\u00e9l\u00e9brations johanniques, notamment \u00e0 Orl\u00e9ans, ont fourni l&rsquo;occasion constante \u00e0 de nombreux politiques de s&rsquo;\u00e9charper et de se prendre \u00e0 partie : \u00ab\u00a0<em>Qu&rsquo;est-ce que la nation ?<\/em>\u00a0\u00bb \u00ab\u00a0<em>Qu&rsquo;est-ce que le patriotisme ?<\/em>\u00a0\u00bb \u00ab\u00a0<em>Qui a le monopole du c\u0153ur en politique ?<\/em>\u00a0\u00bb etc&#8230; (Vous avez 3 heures). L&rsquo;\u00e9vidence est l\u00e0 :  avec le G\u00e9n\u00e9ral Charles de Gaulle, Jeanne d&rsquo;Arc, jeune berg\u00e8re \u00ab\u00a0appel\u00e9e\u00a0\u00bb, nimb\u00e9e de son aura miraculeuse et proph\u00e9tique, personnage \u00e9clatant de l&rsquo;Histoire de France, est sans doute celle qui f\u00e9d\u00e8re le plus autour d&rsquo;elle sur les plans \u00e0 la fois civil, politique, militaire, et spirituel. Aujourd&rsquo;hui encore, elle se pose comme le symbole d&rsquo;une France forte et unie, quand ce n&rsquo;est pas celui d&rsquo;une France \u00e0 retrouver et \u00e0 reconqu\u00e9rir. <\/p>\n\n\n\n<h2 class=\"wp-block-heading\">Jeanne d&rsquo;Arc au temps de la Covid<\/h2>\n\n\n\n<div class=\"wp-block-image\"><figure class=\"aligncenter size-full is-resized\"><img decoding=\"async\" src=\"https:\/\/www.moyenagepassion.com\/wp-content\/uploads\/2021\/05\/fetes-johanniques-2021-Orleans.jpg\" alt=\"\" class=\"wp-image-38988\" width=\"669\" height=\"457\" srcset=\"https:\/\/www.moyenagepassion.com\/wp-content\/uploads\/2021\/05\/fetes-johanniques-2021-Orleans.jpg 669w, https:\/\/www.moyenagepassion.com\/wp-content\/uploads\/2021\/05\/fetes-johanniques-2021-Orleans-300x205.jpg 300w\" sizes=\"(max-width: 669px) 100vw, 669px\" \/><figcaption>Voir \u00e9galement le <a href=\"https:\/\/www.larep.fr\/orleans-45000\/loisirs\/revivez-en-images-une-chevauchee-de-jeanne-d-arc-pas-comme-les-autres-a-orleans_13947590\/\" target=\"_blank\" rel=\"noreferrer noopener nofollow\">reportage photo sur le site de la R\u00e9publique du Centre<\/a>.<\/figcaption><\/figure><\/div>\n\n\n\n<p class=\"classe text_justify\">On connait le faste habituel des f\u00eates johanniques \u00e0 Orleans. Nous les avons souvent couvertes dans nos articles. 2020 les avaient vu tristement annul\u00e9es mais deux ann\u00e9es de suite c&rsquo;\u00e9tait, d\u00e9cidemment, une de trop. En 2021, la municipalit\u00e9 a donc tenu \u00e0 c\u00e9l\u00e9brer, \u00e0 sa fa\u00e7on, la jeune pucelle m\u00e9di\u00e9vale, en s&rsquo;adaptant au contexte. Ainsi, en date du 1er mai, apr\u00e8s un office religieux loin des m\u00e9dias, un petit rassemblement dans le respect des mesures impos\u00e9es avait \u00e9t\u00e9 suivi d&rsquo;une chevauch\u00e9e un peu hors du commun. Sans grande foule, ni cort\u00e8ge, ni chevaux, elle s&rsquo;\u00e9tait cl\u00f4tur\u00e9e par la restitution de l&rsquo;\u00e9tendard et on avait pu y voir une Jeanne et un public masqu\u00e9s, \u00e0 l&rsquo;heure, notons-le, o\u00f9 l&rsquo;obligation du port du masque en ext\u00e9rieur suscite des pol\u00e9miques scientifiques de plus en plus vives. <\/p>\n\n\n\n<h2 class=\"wp-block-heading\">Un reportage comm\u00e9moratif qui fait pol\u00e9mique <\/h2>\n\n\n\n<div class=\"wp-block-image\"><figure class=\"alignright size-full is-resized\"><img decoding=\"async\" src=\"https:\/\/www.moyenagepassion.com\/wp-content\/uploads\/2021\/05\/deco-medieval-jeanne-d-arc.jpg\" alt=\"\" class=\"wp-image-39021\" width=\"86\" height=\"371\"\/><\/figure><\/div>\n\n\n\n<p class=\"classe text_justify\">En mati\u00e8re de pol\u00e9mique mais dans un autre registre, on a \u00e9galement vu, r\u00e9cemment, le maire d&rsquo;Orl\u00e9ans, Serge Grouard, se manifester sur les r\u00e9seaux et diverses cha\u00eenes youtube \u00e0 propos d&rsquo;un reportage r\u00e9alis\u00e9, par la cit\u00e9, \u00e0 l&rsquo;occasion de ses f\u00eates johanniques 2021. Selon lui, la diffusion du documentaire avait \u00e9t\u00e9 convenue au pr\u00e9alable avec et sur France 3. Pourtant, contre toute attente, 24 heures avant le d\u00e9but du tournage, la d\u00e9cision de diffusion aurait \u00e9t\u00e9 finalement mise en suspens par la cha\u00eene, au motif qu&rsquo;une des commentatrice-journalistes en charge de la voix off du documentaire aurait eu, par le pass\u00e9, certaines accointances du c\u00f4t\u00e9 d&rsquo;une droite jug\u00e9e un peu trop \u00e0 droite (RN ?). <\/p>\n\n\n\n<p class=\"classe text_justify\">D&rsquo;apr\u00e8s Serge Grouard toujours, lui m\u00eame r\u00e9publicain (LR) et qui se dit assez loin de ce type de consid\u00e9rations :  \u00ab\u00a0<em>l&rsquo;amour pour Jeanne d&rsquo;Arc est chevill\u00e9 au corps de la cit\u00e9 depuis pr\u00e8s de 600 ans, ind\u00e9pendamment de l&rsquo;ob\u00e9dience politique de ses \u00e9lus<\/em>\u00ab\u00a0. Il en fallait donc bien plus pour emp\u00eacher que le reportage ne soit r\u00e9alis\u00e9 et propos\u00e9 au public. Il est donc disponible depuis le 7 mai, sur les r\u00e9seaux. N&rsquo;ayant nous-m\u00eame, par nature, que tr\u00e8s peu d&rsquo;affinit\u00e9s pour les chasses aux sorci\u00e8res (quel qu&rsquo;en soit le bord) et refusant d&rsquo;entrer dans la pol\u00e9mique, nous vous proposons de d\u00e9couvrir ce documentaire ci-dessous. Au passage, vous aurez le plaisir d&rsquo;y entendre et d&rsquo;y reconna\u00eetre le chanteur et musicien Luc Arbogast.<\/p>\n\n\n\n<figure class=\"wp-block-embed-youtube wp-block-embed is-type-video is-provider-youtube wp-embed-aspect-16-9 wp-has-aspect-ratio\"><div class=\"wp-block-embed__wrapper\">\n<iframe title=\"Hommage d&#039;Orl\u00e9ans \u00e0 Jeanne d\u2019Arc\" width=\"474\" height=\"267\" src=\"https:\/\/www.youtube.com\/embed\/ToanaD92-J0?feature=oembed\" frameborder=\"0\" allow=\"accelerometer; autoplay; clipboard-write; encrypted-media; gyroscope; picture-in-picture; web-share\" referrerpolicy=\"strict-origin-when-cross-origin\" allowfullscreen><\/iframe>\n<\/div><\/figure>\n\n\n\n<p class=\"classe text_justify\">Voir \u00e9galement nos articles sur les \u00e9ditions pr\u00e9c\u00e9dentes des f\u00eates d\u2019Orl\u00e9ans :&nbsp;<a href=\"https:\/\/www.moyenagepassion.com\/index.php\/2017\/05\/12\/orleans-fete-jeanne-darc\/\" target=\"_blank\" rel=\"noreferrer noopener\">Edition 2017<\/a>&nbsp;\u2013&nbsp;<a href=\"https:\/\/www.moyenagepassion.com\/index.php\/2018\/05\/03\/une-grande-fete-medievale-a-orleans-pour-faire-revivre-jeanne-darc\/\" target=\"_blank\" rel=\"noreferrer noopener\">Edition 2018<\/a>&nbsp;&nbsp;\u2013&nbsp;<a href=\"https:\/\/www.moyenagepassion.com\/index.php\/2019\/04\/26\/agenda-medieval-les-grandes-fetes-de-jeanne-darc-reviennent-a-orleans-pour-la-590e-annee\/\">Edition 2019<\/a> &#8211; <a href=\"https:\/\/www.moyenagepassion.com\/?s=F%C3%AAtes+johanniques\" target=\"_blank\" rel=\"noreferrer noopener\">Voir toutes les f\u00eates Johanniques<\/a> <\/p>\n\n\n\n<p class=\"classe text_justify\">En vous souhaitant une belle journ\u00e9e.<\/p>\n\n\n\n<p>Fred<br>Pour moyenagepassion.com<br><em><strong>A la d\u00e9couverte du Moyen \u00c2ge sous toutes ses formes.<\/strong><\/em><\/p>\n","protected":false},"excerpt":{"rendered":"<p>Sujet\u00a0: f\u00eates, festivit\u00e9s m\u00e9di\u00e9vales, f\u00eate de Jeanne d\u2019Arc,\u00a0 guerre de cent ans, comm\u00e9moration, histoire vivante, patrimoine culturel, chevauch\u00e9e johanniquePersonnage historique : Jeanne d&rsquo;Arc (1412 &#8211; 1431)P\u00e9riode\u00a0\u00a0: Moyen \u00c2ge\u00a0tardif, XVe si\u00e8cleLieu\u00a0: Orl\u00e9ans,\u00a0 Loiret,\u00a0Centre-Val de LoireEv\u00e9nement\u00a0: 591e f\u00eates Johanniques d\u2019OrleansDates\u00a0:\u00a08 mai\u00a02021 Bonjour \u00e0 tous, lors que les rues d&rsquo;Orleans sont rest\u00e9es d\u00e9sesp\u00e9r\u00e9ment d\u00e9sertes en raison des mesures &hellip; <a href=\"https:\/\/www.moyenagepassion.com\/index.php\/2021\/05\/09\/de-droles-de-fetes-johanniques-2021-a-orleans\/\" class=\"more-link\">Continuer la lecture de <span class=\"screen-reader-text\">DeS f\u00eates johanniques 2021 hors normes, \u00e0 orl\u00e9ans<\/span>  <span class=\"meta-nav\">&rarr;<\/span><\/a><\/p>\n","protected":false},"author":2,"featured_media":38986,"comment_status":"open","ping_status":"open","sticky":false,"template":"","format":"standard","meta":{"_monsterinsights_skip_tracking":false,"_monsterinsights_sitenote_active":false,"_monsterinsights_sitenote_note":"","_monsterinsights_sitenote_category":0,"footnotes":""},"categories":[7,11],"tags":[5369,3746,2533,5365,1380,430,1826,1819,18,913,2639,1536,5366,1663,5370,2091,2168],"class_list":["post-38984","post","type-post","status-publish","format-standard","has-post-thumbnail","hentry","category-documentaire-moyen-age-historique","category-fetes-medievales-evenement","tag-chevauchee-johannique","tag-commemoration-historique","tag-festivites-medievales","tag-fete-de-jeanne-darc","tag-fetes","tag-guerre-de-cent-ans","tag-histoire-vivante","tag-jeanne-darc","tag-moyen-age","tag-moyen-age-tardif","tag-orleans","tag-patrimoine","tag-polemiques","tag-reportage","tag-serge-grouard","tag-symbole","tag-xve-siecle"],"aioseo_notices":[],"_links":{"self":[{"href":"https:\/\/www.moyenagepassion.com\/index.php\/wp-json\/wp\/v2\/posts\/38984"}],"collection":[{"href":"https:\/\/www.moyenagepassion.com\/index.php\/wp-json\/wp\/v2\/posts"}],"about":[{"href":"https:\/\/www.moyenagepassion.com\/index.php\/wp-json\/wp\/v2\/types\/post"}],"author":[{"embeddable":true,"href":"https:\/\/www.moyenagepassion.com\/index.php\/wp-json\/wp\/v2\/users\/2"}],"replies":[{"embeddable":true,"href":"https:\/\/www.moyenagepassion.com\/index.php\/wp-json\/wp\/v2\/comments?post=38984"}],"version-history":[{"count":66,"href":"https:\/\/www.moyenagepassion.com\/index.php\/wp-json\/wp\/v2\/posts\/38984\/revisions"}],"predecessor-version":[{"id":43950,"href":"https:\/\/www.moyenagepassion.com\/index.php\/wp-json\/wp\/v2\/posts\/38984\/revisions\/43950"}],"wp:featuredmedia":[{"embeddable":true,"href":"https:\/\/www.moyenagepassion.com\/index.php\/wp-json\/wp\/v2\/media\/38986"}],"wp:attachment":[{"href":"https:\/\/www.moyenagepassion.com\/index.php\/wp-json\/wp\/v2\/media?parent=38984"}],"wp:term":[{"taxonomy":"category","embeddable":true,"href":"https:\/\/www.moyenagepassion.com\/index.php\/wp-json\/wp\/v2\/categories?post=38984"},{"taxonomy":"post_tag","embeddable":true,"href":"https:\/\/www.moyenagepassion.com\/index.php\/wp-json\/wp\/v2\/tags?post=38984"}],"curies":[{"name":"wp","href":"https:\/\/api.w.org\/{rel}","templated":true}]}}