{"id":3900,"date":"2016-05-13T21:35:01","date_gmt":"2016-05-13T20:35:01","guid":{"rendered":"http:\/\/www.moyenagepassion.com\/?p=3900"},"modified":"2020-10-05T01:21:52","modified_gmt":"2020-10-05T00:21:52","slug":"limportance-des-figures-heroiques-medievale-sur-lhistoire-par-jacques-le-goff","status":"publish","type":"post","link":"https:\/\/www.moyenagepassion.com\/index.php\/2016\/05\/13\/limportance-des-figures-heroiques-medievale-sur-lhistoire-par-jacques-le-goff\/","title":{"rendered":"L&rsquo;importance des figures h\u00e9ro\u00efques m\u00e9di\u00e9vale sur l&rsquo;Histoire, par Jacques le Goff"},"content":{"rendered":"<div id=\"moyen-3652503842\" class=\"moyen-before-content moyen-entity-placement\"><script async src=\"\/\/pagead2.googlesyndication.com\/pagead\/js\/adsbygoogle.js?client=ca-pub-3035390706780632\" crossorigin=\"anonymous\"><\/script><ins class=\"adsbygoogle\" style=\"display:block;\" data-ad-client=\"ca-pub-3035390706780632\" \ndata-ad-slot=\"\" \ndata-ad-format=\"auto\"><\/ins>\n<script> \n(adsbygoogle = window.adsbygoogle || []).push({}); \n<\/script>\n<\/div><p style=\"text-align: justify;\"><strong><em><span style=\"color: #008000;\"><img decoding=\"async\" class=\"alignleft wp-image-3479\" src=\"https:\/\/www.moyenagepassion.com\/wp-content\/uploads\/2016\/04\/histoire_monde_medieval_jacques_le_goff_citations_moyen-\u00e2ge.jpg\" alt=\"histoire_monde_medieval_jacques_le_goff_citations_moyen-\u00e2ge\" width=\"110\" height=\"187\" \/>\u00ab\u00a0L&rsquo;utilisation politique des h\u00e9ros est un des grands ph\u00e9nom\u00e8nes de l&rsquo;histoire, en particulier au Moyen \u00c2ge, et dans l&rsquo;histoire europ\u00e9enne. En m\u00eame temps, les rois d&rsquo;Angleterre exaltaient Arthur face aux Allemands et aux Fran\u00e7ais qui dans cette course au parrainage historico-mythique cherchaient \u00e0 s&rsquo;accaparer de plus en plus Charlemagne. Ainsi a jou\u00e9 dans l&rsquo;histoire de l&rsquo;Europe un couple \u00e0 deux faces, tant\u00f4t se renfor\u00e7ant l&rsquo;un l&rsquo;autre, tant\u00f4t s&rsquo;opposant, Arthur et Charlemagne.\u00a0\u00bb<br \/>\n<\/span><\/em><\/strong>Jacques le Goff (1924-2014). H\u00e9ros et merveilles du Moyen-\u00e2ge<\/p>\n","protected":false},"excerpt":{"rendered":"<p>\u00ab\u00a0L&rsquo;utilisation politique des h\u00e9ros est un des grands ph\u00e9nom\u00e8nes de l&rsquo;histoire, en particulier au Moyen \u00c2ge, et dans l&rsquo;histoire europ\u00e9enne. En m\u00eame temps, les rois d&rsquo;Angleterre exaltaient Arthur face aux Allemands et aux Fran\u00e7ais qui dans cette course au parrainage historico-mythique cherchaient \u00e0 s&rsquo;accaparer de plus en plus Charlemagne. Ainsi a jou\u00e9 dans l&rsquo;histoire de &hellip; <a href=\"https:\/\/www.moyenagepassion.com\/index.php\/2016\/05\/13\/limportance-des-figures-heroiques-medievale-sur-lhistoire-par-jacques-le-goff\/\" class=\"more-link\">Continuer la lecture de <span class=\"screen-reader-text\">L&rsquo;importance des figures h\u00e9ro\u00efques m\u00e9di\u00e9vale sur l&rsquo;Histoire, par Jacques le Goff<\/span>  <span class=\"meta-nav\">&rarr;<\/span><\/a><\/p>\n","protected":false},"author":2,"featured_media":0,"comment_status":"open","ping_status":"open","sticky":false,"template":"","format":"quote","meta":{"_monsterinsights_skip_tracking":false,"_monsterinsights_sitenote_active":false,"_monsterinsights_sitenote_note":"","_monsterinsights_sitenote_category":0,"footnotes":""},"categories":[154],"tags":[66,686,155,429,189,983,22,18],"class_list":["post-3900","post","type-post","status-publish","format-quote","hentry","category-citations-moyen-age-medievales","tag-arthur","tag-charlemagne","tag-citation","tag-citations-medievales","tag-histoire","tag-jacques-le-goff","tag-medievale","tag-moyen-age","post_format-post-format-quote"],"aioseo_notices":[],"_links":{"self":[{"href":"https:\/\/www.moyenagepassion.com\/index.php\/wp-json\/wp\/v2\/posts\/3900"}],"collection":[{"href":"https:\/\/www.moyenagepassion.com\/index.php\/wp-json\/wp\/v2\/posts"}],"about":[{"href":"https:\/\/www.moyenagepassion.com\/index.php\/wp-json\/wp\/v2\/types\/post"}],"author":[{"embeddable":true,"href":"https:\/\/www.moyenagepassion.com\/index.php\/wp-json\/wp\/v2\/users\/2"}],"replies":[{"embeddable":true,"href":"https:\/\/www.moyenagepassion.com\/index.php\/wp-json\/wp\/v2\/comments?post=3900"}],"version-history":[{"count":1,"href":"https:\/\/www.moyenagepassion.com\/index.php\/wp-json\/wp\/v2\/posts\/3900\/revisions"}],"predecessor-version":[{"id":34798,"href":"https:\/\/www.moyenagepassion.com\/index.php\/wp-json\/wp\/v2\/posts\/3900\/revisions\/34798"}],"wp:attachment":[{"href":"https:\/\/www.moyenagepassion.com\/index.php\/wp-json\/wp\/v2\/media?parent=3900"}],"wp:term":[{"taxonomy":"category","embeddable":true,"href":"https:\/\/www.moyenagepassion.com\/index.php\/wp-json\/wp\/v2\/categories?post=3900"},{"taxonomy":"post_tag","embeddable":true,"href":"https:\/\/www.moyenagepassion.com\/index.php\/wp-json\/wp\/v2\/tags?post=3900"}],"curies":[{"name":"wp","href":"https:\/\/api.w.org\/{rel}","templated":true}]}}