{"id":3943,"date":"2016-05-19T00:28:40","date_gmt":"2016-05-18T23:28:40","guid":{"rendered":"http:\/\/www.moyenagepassion.com\/?p=3943"},"modified":"2020-10-04T19:57:13","modified_gmt":"2020-10-04T18:57:13","slug":"petit-appel-aux-artisans-artistes-passionnes-de-monde-medieval-et-de-moyen-age","status":"publish","type":"post","link":"https:\/\/www.moyenagepassion.com\/index.php\/2016\/05\/19\/petit-appel-aux-artisans-artistes-passionnes-de-monde-medieval-et-de-moyen-age\/","title":{"rendered":"Petit appel aux artisans, artistes, passionn\u00e9s de monde m\u00e9di\u00e9val et de moyen-\u00e2ge"},"content":{"rendered":"<div id=\"moyen-652960044\" class=\"moyen-before-content moyen-entity-placement\"><script async src=\"\/\/pagead2.googlesyndication.com\/pagead\/js\/adsbygoogle.js?client=ca-pub-3035390706780632\" crossorigin=\"anonymous\"><\/script><ins class=\"adsbygoogle\" style=\"display:block;\" data-ad-client=\"ca-pub-3035390706780632\" \ndata-ad-slot=\"\" \ndata-ad-format=\"auto\"><\/ins>\n<script> \n(adsbygoogle = window.adsbygoogle || []).push({}); \n<\/script>\n<\/div><p><a href=\"https:\/\/www.moyenagepassion.com\/wp-content\/uploads\/2016\/05\/passionne_monde_medieval_moyen_age_art_artisanat_musique_evenements.jpg\"><img decoding=\"async\" class=\"alignnone size-full wp-image-3945\" src=\"https:\/\/www.moyenagepassion.com\/wp-content\/uploads\/2016\/05\/passionne_monde_medieval_moyen_age_art_artisanat_musique_evenements.jpg\" alt=\"passionne_monde_medieval_moyen_age_art_artisanat_musique_evenements\" width=\"623\" height=\"269\" srcset=\"https:\/\/www.moyenagepassion.com\/wp-content\/uploads\/2016\/05\/passionne_monde_medieval_moyen_age_art_artisanat_musique_evenements.jpg 623w, https:\/\/www.moyenagepassion.com\/wp-content\/uploads\/2016\/05\/passionne_monde_medieval_moyen_age_art_artisanat_musique_evenements-300x130.jpg 300w\" sizes=\"(max-width: 623px) 100vw, 623px\" \/><\/a><\/p>\n<p>Bonjour \u00e0 tous,<\/p>\n<p style=\"text-align: justify;\"><img decoding=\"async\" class=\"alignleft size-full wp-image-59\" src=\"https:\/\/www.moyenagepassion.com\/wp-content\/uploads\/2015\/12\/A_lettrine_moyen_age_passion.jpg\" alt=\"A_lettrine_moyen_age_passion\" width=\"84\" height=\"103\" \/>ujourd&rsquo;hui, nous voulons simplement faire passer un petit message aux passionn\u00e9s de moyen-\u00e2ge et aux personnes ayant des activit\u00e9s ou produisant des choses autour de ce th\u00e8me du monde m\u00e9di\u00e9val : artisanat, art,\u00a0musique,\u00a0nourriture, compagnies m\u00e9di\u00e9vales, site d&rsquo;int\u00e9r\u00eat historique, \u00a0organisateurs de spectacles ou d&rsquo;\u00e9v\u00e9nements, etc&#8230;<\/p>\n<p style=\"text-align: justify;\">Si vous reconnaissez, n&rsquo;h\u00e9sitez pas \u00e0 entrer en contact avec nous\u00a0pour nous parler de cette passion et de vos r\u00e9alisations. Nous pr\u00e9voyons de faire r\u00e9guli\u00e8rement des articles pour pr\u00e9senter des profils de passionn\u00e9s de monde m\u00e9di\u00e9val qui \u0153uvrent \u00e0 le faire vivre ou revivre, sous toutes ses formes. Une petite s\u00e9lection sera bien s\u00fbr effectu\u00e9e\u00a0sur la base du s\u00e9rieux, des \u00e9l\u00e9ments et des m\u00e9dias (vid\u00e9os, photos) pouvant \u00eatre fournis.\u00a0(si vous souhaitez voir le type d&rsquo;article que nous r\u00e9alisons <a href=\"https:\/\/www.moyenagepassion.com\/index.php\/2016\/05\/04\/portrait-de-passionne-pierre-alain-capt-artisan-potier-passionne-de-ceramique-ancienne\/\" target=\"_blank\" rel=\"noopener noreferrer\">en voici un bel exemple ici<\/a>.)<\/p>\n<p>Voil\u00e0, portes ouvertes donc! Voici le courriel o\u00f9 nous joindre.<br \/>\n<img decoding=\"async\" class=\"alignnone size-full wp-image-25\" src=\"https:\/\/www.moyenagepassion.com\/wp-content\/uploads\/2015\/09\/courrier-moyen-age-passion.jpg\" alt=\"courrier-moyen-age-passion\" width=\"441\" height=\"63\" srcset=\"https:\/\/www.moyenagepassion.com\/wp-content\/uploads\/2015\/09\/courrier-moyen-age-passion.jpg 441w, https:\/\/www.moyenagepassion.com\/wp-content\/uploads\/2015\/09\/courrier-moyen-age-passion-300x43.jpg 300w\" sizes=\"(max-width: 441px) 100vw, 441px\" \/><\/p>\n<p style=\"text-align: justify;\">Une belle journ\u00e9e \u00e0 tous et longue vie!<\/p>\n<p>Fred<br \/>\npour moyenagepassion.com<br \/>\n<span style=\"color: #008000;\"><em><strong><q>\u00ab\u00a0L\u2019ardente passion, que nul frein ne retient, poursuit ce qu\u2019elle veut et non ce qui convient.\u00a0\u00bb\u00a0<\/q><\/strong><\/em><\/span>Publiliue Syrus\u00a0\u00a0I<sup>er<\/sup> s. av. J.-C<\/p>\n","protected":false},"excerpt":{"rendered":"<p>Bonjour \u00e0 tous, ujourd&rsquo;hui, nous voulons simplement faire passer un petit message aux passionn\u00e9s de moyen-\u00e2ge et aux personnes ayant des activit\u00e9s ou produisant des choses autour de ce th\u00e8me du monde m\u00e9di\u00e9val : artisanat, art,\u00a0musique,\u00a0nourriture, compagnies m\u00e9di\u00e9vales, site d&rsquo;int\u00e9r\u00eat historique, \u00a0organisateurs de spectacles ou d&rsquo;\u00e9v\u00e9nements, etc&#8230; Si vous reconnaissez, n&rsquo;h\u00e9sitez pas \u00e0 entrer en &hellip; <a href=\"https:\/\/www.moyenagepassion.com\/index.php\/2016\/05\/19\/petit-appel-aux-artisans-artistes-passionnes-de-monde-medieval-et-de-moyen-age\/\" class=\"more-link\">Continuer la lecture de <span class=\"screen-reader-text\">Petit appel aux artisans, artistes, passionn\u00e9s de monde m\u00e9di\u00e9val et de moyen-\u00e2ge<\/span>  <span class=\"meta-nav\">&rarr;<\/span><\/a><\/p>\n","protected":false},"author":2,"featured_media":0,"comment_status":"open","ping_status":"open","sticky":false,"template":"","format":"standard","meta":{"_monsterinsights_skip_tracking":false,"_monsterinsights_sitenote_active":false,"_monsterinsights_sitenote_note":"","_monsterinsights_sitenote_category":0,"footnotes":""},"categories":[1],"tags":[1094,212,1095,682,22,182,18,78,34,1097],"class_list":["post-3943","post","type-post","status-publish","format-standard","hentry","category-moyen-age-passion","tag-art","tag-compagnies-medievales","tag-gastronomie","tag-lieux-dinteret","tag-medievale","tag-monde-medieval","tag-moyen-age","tag-musique","tag-passion","tag-passionnes"],"aioseo_notices":[],"_links":{"self":[{"href":"https:\/\/www.moyenagepassion.com\/index.php\/wp-json\/wp\/v2\/posts\/3943"}],"collection":[{"href":"https:\/\/www.moyenagepassion.com\/index.php\/wp-json\/wp\/v2\/posts"}],"about":[{"href":"https:\/\/www.moyenagepassion.com\/index.php\/wp-json\/wp\/v2\/types\/post"}],"author":[{"embeddable":true,"href":"https:\/\/www.moyenagepassion.com\/index.php\/wp-json\/wp\/v2\/users\/2"}],"replies":[{"embeddable":true,"href":"https:\/\/www.moyenagepassion.com\/index.php\/wp-json\/wp\/v2\/comments?post=3943"}],"version-history":[{"count":1,"href":"https:\/\/www.moyenagepassion.com\/index.php\/wp-json\/wp\/v2\/posts\/3943\/revisions"}],"predecessor-version":[{"id":34583,"href":"https:\/\/www.moyenagepassion.com\/index.php\/wp-json\/wp\/v2\/posts\/3943\/revisions\/34583"}],"wp:attachment":[{"href":"https:\/\/www.moyenagepassion.com\/index.php\/wp-json\/wp\/v2\/media?parent=3943"}],"wp:term":[{"taxonomy":"category","embeddable":true,"href":"https:\/\/www.moyenagepassion.com\/index.php\/wp-json\/wp\/v2\/categories?post=3943"},{"taxonomy":"post_tag","embeddable":true,"href":"https:\/\/www.moyenagepassion.com\/index.php\/wp-json\/wp\/v2\/tags?post=3943"}],"curies":[{"name":"wp","href":"https:\/\/api.w.org\/{rel}","templated":true}]}}