{"id":40070,"date":"2021-06-27T00:37:19","date_gmt":"2021-06-26T23:37:19","guid":{"rendered":"https:\/\/www.moyenagepassion.com\/?p=40070"},"modified":"2022-06-08T02:26:52","modified_gmt":"2022-06-08T01:26:52","slug":"les-illusions-perdues-de-valentine-visconti-la-duchesse-dorleans","status":"publish","type":"post","link":"https:\/\/www.moyenagepassion.com\/index.php\/2021\/06\/27\/les-illusions-perdues-de-valentine-visconti-la-duchesse-dorleans\/","title":{"rendered":"Les grandes dames de la guerre de cent ans (4) : Les illusions perdues de Valentine Visconti, duchesse d\u2019Orl\u00e9ans"},"content":{"rendered":"<div id=\"moyen-2295939450\" class=\"moyen-before-content moyen-entity-placement\"><script async src=\"\/\/pagead2.googlesyndication.com\/pagead\/js\/adsbygoogle.js?client=ca-pub-3035390706780632\" crossorigin=\"anonymous\"><\/script><ins class=\"adsbygoogle\" style=\"display:block;\" data-ad-client=\"ca-pub-3035390706780632\" \ndata-ad-slot=\"\" \ndata-ad-format=\"auto\"><\/ins>\n<script> \n(adsbygoogle = window.adsbygoogle || []).push({}); \n<\/script>\n<\/div>\n<div class=\"wp-block-image\"><figure class=\"alignleft size-full is-resized\"><img decoding=\"async\" src=\"https:\/\/www.moyenagepassion.com\/wp-content\/uploads\/2021\/06\/valentine-visconti-duchess-orleans-destin-tragique-monde-medieval.jpg\" alt=\"Enluminure m\u00e9di\u00e9vale de Valentine Visconti\" class=\"wp-image-40087\" width=\"112\" height=\"194\"\/><\/figure><\/div>\n\n\n\n<p><strong>Sujet<\/strong>&nbsp;: guerre de cent ans, destin, femmes, monde m\u00e9di\u00e9val, saga historique, roman, Louis d&rsquo;Orleans,  Charles VI. Valentine de Milan, histoire m\u00e9di\u00e9vale.<br><strong>P\u00e9riode<\/strong>&nbsp;: XVe si\u00e8cle, Moyen \u00c2ge tardif<br><strong>Portrait<\/strong>&nbsp;: Valentine Visconti (1368-1408)<br><strong>Auteur<\/strong>&nbsp;: Xavier Leloup<br><strong>Ouvrage<\/strong>&nbsp;: Les Trois pouvoirs (2019-2021)<\/p>\n\n\n\n<hr class=\"wp-block-separator\"\/>\n\n\n\n<p class=\"classe text_justify\"><strong>En plein Moyen \u00c2ge tardif et au c\u0153ur de la guerre de Cent Ans, le destin de grandes dames a marqu\u00e9, \u00e0 jamais, celui de la France. Dans ce cycle, nous vous pr\u00e9senterons les plus marquantes d\u2019entre elles. Aujourd\u2019hui, nous poursuivons avec la quatri\u00e8me : la Princesse de Milan et duchesse d&rsquo;Orl\u00e9ans, Valentine Visconti.<\/strong><\/p>\n\n\n\n<hr class=\"wp-block-separator\"\/>\n\n\n\n<div class=\"wp-block-image\"><figure class=\"alignleft size-large\"><img decoding=\"async\" width=\"84\" height=\"103\" src=\"https:\/\/www.moyenagepassion.com\/wp-content\/uploads\/2018\/10\/I_lettrine_moyen_age_passion-copia.jpg\" alt=\"\" class=\"wp-image-23893\"\/><\/figure><\/div>\n\n\n\n<p class=\"classe text_justify\">l n\u2019y a pas loin du Capitole \u00e0 la roche Tarp\u00e9ienne. La princesse Valentine Visconti en aura fait l\u2019am\u00e8re exp\u00e9rience, elle qui, \u00e0 cause de sa trop&nbsp;grande proximit\u00e9 avec le roi Charles VI, dut pr\u00e9cipitamment quitter Paris, victime d\u2019accusations de sorcellerie. Quand elle y fera son retour 12 ans plus tard, ce sera comme veuve. Et pour r\u00e9clamer Justice.<\/p>\n\n\n\n<h2 class=\"wp-block-heading\">Comme un vent de renaissance<\/h2>\n\n\n\n<div class=\"wp-block-image\"><figure class=\"alignright size-full is-resized\"><a href=\"https:\/\/www.moyenagepassion.com\/wp-content\/uploads\/2021\/06\/statue-princesse-valentine-visconti-duchesse-d-orleans-moyen-age-guerre-de-cent-ans-400.jpg\"><img decoding=\"async\" src=\"https:\/\/www.moyenagepassion.com\/wp-content\/uploads\/2021\/06\/statue-princesse-valentine-visconti-duchesse-d-orleans-moyen-age-guerre-de-cent-ans-400.jpg\" alt=\"Statue de  Valentine Visconti\" class=\"wp-image-40075\" width=\"200\" height=\"586\" srcset=\"https:\/\/www.moyenagepassion.com\/wp-content\/uploads\/2021\/06\/statue-princesse-valentine-visconti-duchesse-d-orleans-moyen-age-guerre-de-cent-ans-400.jpg 400w, https:\/\/www.moyenagepassion.com\/wp-content\/uploads\/2021\/06\/statue-princesse-valentine-visconti-duchesse-d-orleans-moyen-age-guerre-de-cent-ans-400-102x300.jpg 102w, https:\/\/www.moyenagepassion.com\/wp-content\/uploads\/2021\/06\/statue-princesse-valentine-visconti-duchesse-d-orleans-moyen-age-guerre-de-cent-ans-400-349x1024.jpg 349w\" sizes=\"(max-width: 200px) 100vw, 200px\" \/><\/a><figcaption>Statue de Valentine de Milan, Victor Huguenin (1846) Jardin du Luxembourg, Paris<\/figcaption><\/figure><\/div>\n\n\n\n<p class=\"classe text_justify\">Intelligente, belle, fortun\u00e9e&nbsp;: \u00e0 la fin du XIVe si\u00e8cle, Valentine Visconti est un astre qui ne manque pas d\u2019attraits. C\u2019est une Italienne, une Visconti originaire du tr\u00e8s riche duch\u00e9 de Milan. Mais c\u2019est aussi une princesse fran\u00e7aise de par sa m\u00e8re, Isabelle de Valois, fille du roi Jean II. Sur le march\u00e9 matrimonial europ\u00e9en, la cousine du roi de France a donc de quoi susciter les app\u00e9tits. Et ce d\u2019autant plus que son futur \u00e9poux y gagnera une dot de 450&nbsp;000 florins ainsi que le comt\u00e9 d\u2019Asti, auxquels vient s\u2019ajouter un pr\u00e9cieux droit d\u2019h\u00e9ritage sur les terres milanaises de son p\u00e8re, Jean Gal\u00e9as Visconti.<\/p>\n\n\n\n<p class=\"classe text_justify\">L\u2019heureux \u00e9lu n\u2019est autre que le duc Louis d\u2019Orl\u00e9ans, fr\u00e8re de Charles VI. H\u00e9ritier putatif du royaume de France, ce prince fait figure de mari id\u00e9al aux yeux de l\u2019ambitieux duc de Milan. Or sit\u00f4t arriv\u00e9e en France, Valentine va se r\u00e9v\u00e9ler exceptionnellement cultiv\u00e9e. Sous la houlette de sa grand-m\u00e8re Blanche de Savoie, elle a re\u00e7u une \u00e9ducation m\u00ealant lecture, calcul, musique et po\u00e9sie. Dans ce ch\u00e2teau de Pavie o\u00f9 elle a grandi, Valentine a \u00e9t\u00e9 habitu\u00e9e \u00e0 la lumi\u00e8re, aux vastes salles, aux grandes fen\u00eatres, \u00e0 la peinture, la mosa\u00efque, aux po\u00e8tes et aux artistes. Elle parle le fran\u00e7ais, l\u2019allemand et l\u2019italien. Autant dire que comme le souligne Fran\u00e7ois-Marie Graves, c\u2019est <em>\u00ab&nbsp;un sentiment du beau bien sup\u00e9rieur \u00e0 celui qui existait alors en France&nbsp;\u00bb<\/em> qu\u2019apporte avec elle la princesse italienne. Et ce raffinement ne tardera pas \u00e0 d\u00e9teindre sur son mari. <\/p>\n\n\n\n<h2 class=\"wp-block-heading\">M\u00e9c\u00e9nat et amour des lettres<\/h2>\n\n\n\n<p class=\"classe text_justify\">Sous son influence, Louis d\u2019Orl\u00e9ans fait b\u00e2tir une biblioth\u00e8que qui doit concurrencer celle du Louvre \u2013 ou plut\u00f4t comme on l\u2019appelle \u00e0 l\u2019\u00e9poque, une \u00ab&nbsp;librairie&nbsp;\u00bb. Le nouvel \u00e9difice va bient\u00f4t rassembler quelques 62 ouvrages parmi lesquels se trouvent <em>La Cit\u00e9 de Dieu<\/em> de Saint Augustin, <em>la Politique <\/em>d\u2019Aristote ou encore <em>La Divine Com\u00e9die<\/em> d\u2019un certain Dante dei Alighieri.<\/p>\n\n\n\n<div class=\"wp-block-image\"><figure class=\"alignleft size-large is-resized\"><a href=\"https:\/\/www.moyenagepassion.com\/wp-content\/uploads\/2021\/06\/louis-d-orleans-christine-de-pisan-pizan-valentine-visconti-moyen-age-tardif.jpg\"><img decoding=\"async\" src=\"https:\/\/www.moyenagepassion.com\/wp-content\/uploads\/2021\/06\/louis-d-orleans-christine-de-pisan-pizan-valentine-visconti-moyen-age-tardif.jpg\" alt=\"Enluminure m\u00e9di\u00e9vale de Louis d'Orl\u00e9ans et Christine de Pisan\" class=\"wp-image-40097\" width=\"225\" height=\"278\" srcset=\"https:\/\/www.moyenagepassion.com\/wp-content\/uploads\/2021\/06\/louis-d-orleans-christine-de-pisan-pizan-valentine-visconti-moyen-age-tardif.jpg 450w, https:\/\/www.moyenagepassion.com\/wp-content\/uploads\/2021\/06\/louis-d-orleans-christine-de-pisan-pizan-valentine-visconti-moyen-age-tardif-243x300.jpg 243w\" sizes=\"(max-width: 225px) 100vw, 225px\" \/><\/a><figcaption>Louis d&rsquo;Orl\u00e9ans re\u00e7oit un livre des mains de Christine de Pisan. British Library, Harley MS 4431<\/figcaption><\/figure><\/div>\n\n\n\n<p class=\"classe text_justify\">Pour G\u00e9rard de Senneville, <em>\u00ab&nbsp;le mariage de Louis d\u2019Orl\u00e9ans et Valentine Visconti r\u00e9unit deux personnalit\u00e9s \u00e9prises de livres, d\u2019art et de po\u00e9sie. Elles s\u2019employ\u00e8rent ensemble \u00e0 encourager les gens de lettres et les artistes&nbsp;\u00bb<\/em>. Le m\u00e9di\u00e9viste belge Alain Marchandisse note d\u2019ailleurs que Christine de Pizan n\u2019a pas de mots assez flatteurs, tant dans la<em>&nbsp;Cit\u00e9 des dames<\/em>&nbsp;que dans le<em>&nbsp;Livre des fais et bonnes meurs<\/em>&nbsp;ou le<em>&nbsp;Livre du corps de policie,<\/em>&nbsp;pour unir, dans une m\u00eame estime, Louis et Valentine, son \u00e9pouse, <em>\u00ab&nbsp;forte et constant en courage, de grand amour a son seigneur, de bonne doctrine a ses enfants, avis\u00e9e en gouvernement, juste envers tous, de maintien sage et en toute choses tr\u00e8s vertueuse, et c\u2019est chose notoire&nbsp;\u00bb<\/em>.<\/p>\n\n\n\n<h2 class=\"wp-block-heading\">La belle et b\u00eate<\/h2>\n\n\n\n<p class=\"classe text_justify\">Seulement voil\u00e0, Valentine commence \u00e0 faire l\u2019objet d\u2019accusations. Que lui reproche-ton, exactement&nbsp;? Sa proximit\u00e9 avec son beau-fr\u00e8re, le roi de France.  Car Charles VI, qui souffre depuis des ann\u00e9es d\u2019une folie intermittente, ne peut plus se passer d\u2019elle. Alors qu\u2019il ne reconnait plus ni son \u00e9pouse ni ses enfants et va jusqu\u2019\u00e0 oublier qui il est, Valentine lui demeure famili\u00e8re. Il l\u2019appelle \u00ab&nbsp;sa s\u0153ur bien-aim\u00e9e&nbsp;\u00bb, se fait marquer de costumes \u00e0 sa devise, et m\u00eame au plus fort de ses crises, va lui rendre visite quotidiennement. \u00c0 beaucoup cette pr\u00e9dilection parait troublante. Et ce, d\u2019autant plus que la maladie du roi, que nul m\u00e9decin n\u2019a jamais r\u00e9ussi \u00e0 gu\u00e9rir, ressemble sous bien des aspects \u00e0 un envo\u00fbtement. \u00c0 \u00e9poque aussi superstitieuse, l\u2019Italienne fait donc figure de coupable id\u00e9ale. Les mauvaises langues ne vont pas tarder \u00e0 raconter que si elle a le pouvoir d\u2019apaiser son beau-fr\u00e8re, c\u2019est parce qu\u2019elle l\u2019aurait elle-m\u00eame empoisonn\u00e9.<\/p>\n\n\n\n<div class=\"wp-block-image\"><figure class=\"alignright size-large is-resized\"><a href=\"https:\/\/www.moyenagepassion.com\/wp-content\/uploads\/2021\/06\/charles-vi-en-priere-manuscrit-medieval-Ms-fr-165.jpg\" target=\"_blank\" rel=\"noopener noreferrer\"><img decoding=\"async\" src=\"https:\/\/www.moyenagepassion.com\/wp-content\/uploads\/2021\/06\/charles-vi-en-priere-manuscrit-medieval-Ms-fr-165.jpg\" alt=\"Enluminure m\u00e9di\u00e9vale de Charles VI en pri\u00e8re\" class=\"wp-image-40103\" width=\"225\" height=\"278\" srcset=\"https:\/\/www.moyenagepassion.com\/wp-content\/uploads\/2021\/06\/charles-vi-en-priere-manuscrit-medieval-Ms-fr-165.jpg 450w, https:\/\/www.moyenagepassion.com\/wp-content\/uploads\/2021\/06\/charles-vi-en-priere-manuscrit-medieval-Ms-fr-165-243x300.jpg 243w\" sizes=\"(max-width: 225px) 100vw, 225px\" \/><\/a><figcaption>Charles VI en pri\u00e8re, <em>Traict\u00e9s de&nbsp;<\/em><strong><em>Pierre Salemon<\/em><\/strong><em>&nbsp;a Charles VI <\/em> <a href=\"https:\/\/www.e-codices.unifr.ch\/fr\/bge\/fr0165\/\/72r\" target=\"_blank\" rel=\"noreferrer noopener nofollow\">Manuscrit m\u00e9di\u00e9val Ms-fr-165<\/a>, Biblioth\u00e8que de Gen\u00e8ve<\/figcaption><\/figure><\/div>\n\n\n\n<p class=\"classe text_justify\">\u00ab&nbsp;C\u2019est une \u00e9trang\u00e8re&nbsp;\u00bb, insiste-t-on. Une fille de Milan, cette cit\u00e9 italienne o\u00f9 les Visconti ne reculent devant rien pour \u00e9liminer leurs adverses et font commerce sp\u00e9culatif de l\u2019argent. Les femmes n\u2019ont-elles pas pour habitude de recourir \u00e0 la magie, aux mal\u00e9fices, \u00e0 l\u2019ensorcellement&nbsp;? Qu\u2019on en juge&nbsp;seulement : gr\u00e2ce \u00e0 son miroir magique, un petit miroir d\u2019acier poli qui lui permet de voir moult merveilles et d\u2019accomplir d\u2019\u00e9tranges choses, la duchesse avait pr\u00e9dit qu\u2019\u00e0 une demi-lieue de Paris, un petit enfant se noierait. Elle avait alors demand\u00e9 qu\u2019on aille le qu\u00e9rir aux \u00e9cluses du moulin et de fait, on avait retrouv\u00e9 son petit corps inerte \u00e0 cet endroit pr\u00e9cis. Voil\u00e0 bien la preuve de ses pouvoirs mal\u00e9fiques&nbsp;! Certains pr\u00e9tendent m\u00eame qu\u2019avec une pomme empoisonn\u00e9e destin\u00e9e au dauphin, la duchesse d\u2019Orl\u00e9ans avait envenim\u00e9 par erreur son fils de quatre ans, qui en \u00e9tait subitement tomb\u00e9 mort\u2026  <\/p>\n\n\n\n<p class=\"classe text_justify\">Face \u00e0 de telles rumeurs, face \u00e0 une telle pression exerc\u00e9e par l\u2019opinion publique, la position de Valentine devient vite intenable. Il n\u2019est pas un seul de ses d\u00e9placements, pas une seule de ses apparitions \u00e0 la cour que les Parisiens n\u2019accompagnent des plus violentes harangues. Aussi son \u00e9poux le duc d\u2019Orl\u00e9ans n\u2019a-t-il finalement d\u2019autre choix que d\u2019\u00e9loigner de Paris, l\u2019exilant alternativement dans leurs ch\u00e2teaux d\u2019Amboise ou de Blois.<\/p>\n\n\n\n<div class=\"wp-block-image\"><figure class=\"aligncenter size-full is-resized\"><a href=\"https:\/\/www.moyenagepassion.com\/wp-content\/uploads\/2021\/06\/valentina-visconti-enluminure-monde-medieval-manuscrit-harley-froissard-moyen-age-tardif.jpg\"><img decoding=\"async\" src=\"https:\/\/www.moyenagepassion.com\/wp-content\/uploads\/2021\/06\/valentina-visconti-enluminure-monde-medieval-manuscrit-harley-froissard-moyen-age-tardif-s.jpg\" alt=\"Enluminure des Chroniques de Froissart, Valentine Visconti, exil de Paris (Moyen \u00e2ge)\" class=\"wp-image-40076\" width=\"600\" height=\"826\" srcset=\"https:\/\/www.moyenagepassion.com\/wp-content\/uploads\/2021\/06\/valentina-visconti-enluminure-monde-medieval-manuscrit-harley-froissard-moyen-age-tardif-s.jpg 600w, https:\/\/www.moyenagepassion.com\/wp-content\/uploads\/2021\/06\/valentina-visconti-enluminure-monde-medieval-manuscrit-harley-froissard-moyen-age-tardif-s-218x300.jpg 218w\" sizes=\"(max-width: 600px) 100vw, 600px\" \/><\/a><figcaption>Valentine Visconti, exil de Paris, Chroniques de Froissart, Harley&nbsp;Froissart, <a href=\"http:\/\/www.bl.uk\/manuscripts\/Viewer.aspx?ref=harley_ms_4379_fs001r\" target=\"_blank\" rel=\"noreferrer noopener\">Harley MS 4379, British Library<\/a><\/figcaption><\/figure><\/div>\n\n\n\n<h2 class=\"wp-block-heading\">Une femme outrag\u00e9e<\/h2>\n\n\n\n<p class=\"classe text_justify\">Mais si le duc d\u2019Orl\u00e9ans sait prot\u00e9ger son \u00e9pouse, cela ne l\u2019emp\u00eachera pas de la tromper. Selon la l\u00e9gende, le fr\u00e8re du roi \u00e9tait \u00e0 ce point amateur du beau sexe qu\u2019il aurait fait accrocher les portraits de la centaine de dames dont il avait fait la conqu\u00eate dans un couloir de son h\u00f4tel. Or parmi elles se trouve Isabelle de Bavi\u00e8re, la reine de France. Des ann\u00e9es durant, ces deux-l\u00e0 convoleront au vu et au su de presque tout le royaume. <\/p>\n\n\n\n<div class=\"wp-block-image\"><figure class=\"alignleft size-full is-resized\"><img decoding=\"async\" src=\"https:\/\/www.moyenagepassion.com\/wp-content\/uploads\/2021\/06\/deco-medieval-princesse-valentine-visconti-femmes-moyen-age-guerre-de-cent-ans.jpg\" alt=\"\" class=\"wp-image-40085\" width=\"86\" height=\"371\"\/><\/figure><\/div>\n\n\n\n<p class=\"classe text_justify\">Une double trahison, en somme, pour le duc d\u2019Orl\u00e9ans, qui trompera en m\u00eame temps et son fr\u00e8re Charles VI et son \u00e9pouse. Mais ce n\u2019est pas tout. On compterait aussi parmi les ma\u00eetresses de Louis une certaine Mariette d\u2019Enghien, qui n\u2019aurait sans doute autant fait parler d\u2019elle si elle ne lui avait donn\u00e9 un enfant. Le duc ne trouvera pas mieux que de confier ce b\u00e2tard aux bons soins de Valentine qui acceptera de l\u2019\u00e9lever \u00e0 sa cour, aux c\u00f4t\u00e9s de ses enfants l\u00e9gitimes. <\/p>\n\n\n\n<p class=\"classe text_justify\">\u00c0 Blois, la duchesse lui montre autant de sollicitude que s\u2019il s\u2019\u00e9tait agi de son propre fils. Pratique somme assez courante, pour l\u2019\u00e9poque. Sage d\u00e9cision aussi, aux regards de l\u2019histoire, si l\u2019on consid\u00e8re que petit \u00ab&nbsp;Jean&nbsp;\u00bb deviendra plus tard le \u00ab&nbsp;Beau Dunois&nbsp;\u00bb, le fameux \u00ab&nbsp;bastard d\u2019Orl\u00e9ans&nbsp;\u00bb, c\u00e9l\u00e8bre compagnon d\u2019armes de Jeanne d\u2019Arc et v\u00e9ritable h\u00e9ros de la guerre de Cent Ans. Cette adoption n\u2019en constitue pas moins une reconnaissance des innombrables turpitudes de son \u00e9poux, qui en dit long sur l\u2019aptitude de Valentine \u00e0 l\u2019aimer envers et contre tout.<\/p>\n\n\n\n<h2 class=\"wp-block-heading\">La chef de clan<\/h2>\n\n\n\n<p class=\"classe text_justify\">Eperdue d\u2019amour pour son \u00e9poux, Valentine Visconti aura donc tout accept\u00e9&nbsp;: les brimades, l\u2019exil, l\u2019humiliation d\u2019\u00eatre une femme tromp\u00e9e. Et quand Louis se fera sauvagement assassiner en plein Paris sous les ordres de son cousin de Bourgogne, l\u2019Italienne n\u2019h\u00e9sitera pas davantage&nbsp;: en chef de clan, elle se rendra aupr\u00e8s du roi de France pour r\u00e9clamer justice. Sans succ\u00e8s. Charles VI lui laissera, certes, la garde de ses enfants et une partie des domaines du d\u00e9funt. Mais malgr\u00e9 son engagement solennel que \u00ab&nbsp;pour l\u2019homicide et mort de son fr\u00e8re unique, il serait fait aussi t\u00f4t que possible bonne et br\u00e8ve justice&nbsp;\u00bb, rien ne fut jamais entrepris. Le duc de Bourgogne ne fut ni arr\u00eat\u00e9, ni jug\u00e9, ni encore moins condamn\u00e9. Pire encore, on le laissera justifier de son crime et le pr\u00e9senter comme un juste tyrannicide devant une cour de France litt\u00e9ralement m\u00e9dus\u00e9e.<\/p>\n\n\n\n<div class=\"wp-block-image\"><figure class=\"alignright size-large is-resized\"><a href=\"https:\/\/www.moyenagepassion.com\/wp-content\/uploads\/2021\/06\/valentine-visconti-implore-le-roi-de-france-pour-assassinat-du-duc-orleans-moyen-age-tardif.jpg\"><img decoding=\"async\" src=\"https:\/\/www.moyenagepassion.com\/wp-content\/uploads\/2021\/06\/valentine-visconti-implore-le-roi-de-france-pour-assassinat-du-duc-orleans-moyen-age-tardif-s.jpg\" alt=\"Peinture de Valentine Visconti\" class=\"wp-image-40081\" width=\"236\" height=\"314\" srcset=\"https:\/\/www.moyenagepassion.com\/wp-content\/uploads\/2021\/06\/valentine-visconti-implore-le-roi-de-france-pour-assassinat-du-duc-orleans-moyen-age-tardif-s.jpg 350w, https:\/\/www.moyenagepassion.com\/wp-content\/uploads\/2021\/06\/valentine-visconti-implore-le-roi-de-france-pour-assassinat-du-duc-orleans-moyen-age-tardif-s-225x300.jpg 225w\" sizes=\"(max-width: 236px) 100vw, 236px\" \/><\/a><figcaption>Valentine demande justice \u00e0 Charles VI pour l&rsquo;assassinat du Duc d&rsquo;Orl\u00e9ans, A Colin ( 1836).<\/figcaption><\/figure><\/div>\n\n\n\n<p class=\"classe text_justify\">\u00c0 ce moment-l\u00e0, Valentine a donc presque tout perdu. Et la l\u00e9gende de lui pr\u00eater ces mots rest\u00e9s c\u00e9l\u00e8bres&nbsp;: <em>\u00ab&nbsp;Rien ne m\u2019est plus&nbsp;! Plus ne m\u2019est rien&nbsp;!&nbsp;\u00bb<\/em>. Il en faudrait cependant davantage pour l\u2019abattre. La duchesse douairi\u00e8re s\u2019en retourne \u00e0 Blois o\u00f9, comme l\u2019explique Alain Marchandisse, <em>\u00ab&nbsp;elle qui, jusqu\u2019alors, \u00e9tait effac\u00e9e, devient femme d\u2019action et prend des mesures habituelles pour combattre ses ennemis par les armes, tout en faisant par ailleurs \u0153uvre de gestionnaire terrienne et de femme d\u2019Etat \u00bb<\/em>. Elle ira m\u00eame jusqu\u2019\u00e0 retourner \u00e0 Paris entour\u00e9e de ses enfants, pour plaider la cause de son mari et r\u00e9pondre point par point \u00e0 la Justification du duc de Bourgogne. Mais \u00e0 nouveau, sans r\u00e9sultat. Cette fois c\u2019est le Dauphin, au nom du roi, qui se perd en promesses. La duchesse n\u2019a alors d\u2019autre alternative que de s\u2019en retourner \u00e0 Blois, pour cette fois ne plus jamais en sortir. Refusant toute visite, rong\u00e9e par le chagrin et l\u2019amertume, incapable de se nourrir, Valentine Visconti finit ainsi par suivre son mari dans la tombe, un an plus tard, en 1408, alors qu\u2019elle n\u2019avait pas encore 40 ans.<\/p>\n\n\n\n<p>Sa tragique histoire ne pouvait toutefois s\u2019arr\u00eater l\u00e0. D\u2019abord parce que ce sont ses droits sur le Milanais que son petit-fils, le roi de France Louis XII, apr\u00e8s Charles VIII, revendiquera pour mener ses guerres d\u2019Italie. Ensuite parce que d\u00e8s apr\u00e8s sa mort, le flambeau de la lutte passera \u00e0 son fils a\u00een\u00e9, le jeune Charles d\u2019Orl\u00e9ans. Presque malgr\u00e9 lui, le futur po\u00e8te deviendra \u00e0 12 ans le chef d\u2019une nouvelle ligue anti-bourguignonne qui prendra le nom d\u2019 \u00ab&nbsp;Armagnacs&nbsp;\u00bb. Mais ceci est d\u00e9j\u00e0 une autre histoire. Une histoire qui commence avec le tome 2 des TROIS POUVOIRS.<\/p>\n\n\n\n<hr class=\"wp-block-separator\"\/>\n\n\n\n<div class=\"wp-block-image\"><figure class=\"alignleft is-resized\"><img decoding=\"async\" src=\"https:\/\/www.moyenagepassion.com\/wp-content\/uploads\/2021\/03\/xavier-leloup-les-trois-pouvoirs-saga-historique-roman-moyen-age-tardif-jeanne-darc.jpg\" alt=\"\" class=\"wp-image-38311\" width=\"69\" height=\"88\"\/><\/figure><\/div>\n\n\n\n<p class=\"classe text_justify\">Un article de Xavier Leloup. avocat, journaliste, auteur.<br><a href=\"https:\/\/www.amazon.fr\/gp\/product\/B07ZW9ZGND\/ref=as_li_tl?ie=UTF8&amp;camp=1642&amp;creative=6746&amp;creativeASIN=B07ZW9ZGND&amp;linkCode=as2&amp;tag=f1266-21&amp;linkId=9f98ee0b5e5c4f2e9c32505665f482ef\" target=\"_blank\" rel=\"noreferrer noopener\">Auteur de la saga m\u00e9di\u00e9vale \u00ab&nbsp;Les Trois Pouvoirs&nbsp;\u00bb<\/a><br>Editions Librinova (2020-2021).<br>D\u00e9couvrir son&nbsp;<a href=\"https:\/\/www.moyenagepassion.com\/index.php\/2021\/02\/07\/saga-historique-les-trois-pouvoirs-un-entretien-exclusif-avec-xavier-leloup\/\">interview exclusif ici.<\/a><br><br>Voir \u00e9galement les autres articles du cycle sur <strong>Les grandes dames de la guerre de cent ans<\/strong> :&nbsp;<a href=\"https:\/\/www.moyenagepassion.com\/index.php\/2021\/03\/28\/les-grandes-dames-de-la-guerre-de-cent-ans-1-yolande-daragon-la-reine-de-fer\/\"><strong>Yolande d\u2019Aragon<\/strong><\/a><em><a href=\"https:\/\/www.moyenagepassion.com\/index.php\/2021\/03\/28\/les-grandes-dames-de-la-guerre-de-cent-ans-1-yolande-daragon-la-reine-de-fer\/\">, la reine de fer<\/a><\/em>. \u2013&nbsp;<a href=\"https:\/\/www.moyenagepassion.com\/index.php\/2021\/05\/02\/les-grandes-dames-de-la-guerre-de-cent-ans-2-isabelle-de-baviere-une-reine-dans-la-tourmente\/\"><strong>Isabelle de Bavi\u00e8re<\/strong><\/a><em><a href=\"https:\/\/www.moyenagepassion.com\/index.php\/2021\/05\/02\/les-grandes-dames-de-la-guerre-de-cent-ans-2-isabelle-de-baviere-une-reine-dans-la-tourmente\/\">, une reine dans la tourmente<\/a><\/em> &#8211; <a href=\"https:\/\/www.moyenagepassion.com\/index.php\/2021\/05\/26\/les-grandes-dames-de-la-guerre-de-cent-ans-3-christine-de-pizan-la-championne-des-dames\/\"><strong>Christine de Pizan<\/strong>, <em>championne<\/em> <em>des dames<\/em><\/a><\/p>\n\n\n\n<hr class=\"wp-block-separator\"\/>\n\n\n\n<p><strong>Bibliographie &amp; R\u00e9f\u00e9rences<\/strong><\/p>\n\n\n\n<p class=\"has-small-font-size\"><strong>F-M Graves<\/strong>, <em>Quelques pi\u00e8ces relatives \u00e0 la vie de Louis Ier, duc d\u2019Orl\u00e9ans, et de Valentine Visconti<\/em>, sa femme, p. V, Biblioth\u00e8que de XVe si\u00e8cle, Honor\u00e9 Champion, Paris<br><strong>G\u00e9rard de Senneville<\/strong>, <em>Les quatre fr\u00e8res d\u2019Orl\u00e9ans<\/em>, Editions de Fallois<br><strong>Fran\u00e7oise Autrand<\/strong>, <em>Charles VI<\/em>, Fayard<br><strong>Alain&nbsp;Marchandisse<\/strong>, <em>Milan, les Visconti, l\u2019union de Valentine et de Louis d\u2019Orl\u00e9ans, vus par Froissart et par les auteurs contemporains<\/em>, Presses universitaires de Li\u00e8ge<\/p>\n\n\n\n<p class=\"has-small-font-size\">NB ; sur l\u2019image d\u2019en-t\u00eate, on peut voir un extrait d&rsquo;une toile du peintre Fran\u00e7ois Fleury-Richard (1777-1852). Elle repr\u00e9sente la duchesse d&rsquo;Orl\u00e9ans pleurant le d\u00e9c\u00e8s de Louis d\u2019Orl\u00e9ans. Dat\u00e9 de 1802, elle aida notablement \u00e0 la renomm\u00e9e de l&rsquo;artiste. Elle est, aujourd&rsquo;hui, conserv\u00e9 au mus\u00e9e de l&rsquo;Ermitage de, Saint-P\u00e9tersbourg. <\/p>\n","protected":false},"excerpt":{"rendered":"<p>Sujet&nbsp;: guerre de cent ans, destin, femmes, monde m\u00e9di\u00e9val, saga historique, roman, Louis d&rsquo;Orleans, Charles VI. Valentine de Milan, histoire m\u00e9di\u00e9vale.P\u00e9riode&nbsp;: XVe si\u00e8cle, Moyen \u00c2ge tardifPortrait&nbsp;: Valentine Visconti (1368-1408)Auteur&nbsp;: Xavier LeloupOuvrage&nbsp;: Les Trois pouvoirs (2019-2021) En plein Moyen \u00c2ge tardif et au c\u0153ur de la guerre de Cent Ans, le destin de grandes dames a &hellip; <a href=\"https:\/\/www.moyenagepassion.com\/index.php\/2021\/06\/27\/les-illusions-perdues-de-valentine-visconti-la-duchesse-dorleans\/\" class=\"more-link\">Continuer la lecture de <span class=\"screen-reader-text\">Les grandes dames de la guerre de cent ans (4) : Les illusions perdues de Valentine Visconti, duchesse d\u2019Orl\u00e9ans<\/span>  <span class=\"meta-nav\">&rarr;<\/span><\/a><\/p>\n","protected":false},"author":4,"featured_media":40079,"comment_status":"open","ping_status":"open","sticky":false,"template":"","format":"standard","meta":{"_monsterinsights_skip_tracking":false,"_monsterinsights_sitenote_active":false,"_monsterinsights_sitenote_note":"","_monsterinsights_sitenote_category":0,"footnotes":""},"categories":[16],"tags":[5452,1710,4193,2227,5443,5316,430,5450,5449,520,5448,2222,5363,182,5587,913,5451,4197,5447,285,5445,5446,5442,5259,3267,2168],"class_list":["post-40070","post","type-post","status-publish","format-standard","has-post-thumbnail","hentry","category-sources-et-articles-moyen-age-periode-medievale","tag-bibliotheque-de-geneve","tag-biographie","tag-british-library","tag-enluminures","tag-femme","tag-grandes-dames","tag-guerre-de-cent-ans","tag-harley-ms-4379","tag-harley-ms-4431","tag-histoire-medievale","tag-louis-dorleans","tag-manuscrit-medieval","tag-miniatures-medievales","tag-monde-medieval","tag-moyen-age-2","tag-moyen-age-tardif","tag-ms-fr165","tag-pouvoir","tag-princesse-de-milan","tag-roman-historique","tag-valentina-visconti","tag-valentine-de-milan","tag-valentine-visconti","tag-xavier-leloup","tag-xive-siecle","tag-xve-siecle"],"aioseo_notices":[],"_links":{"self":[{"href":"https:\/\/www.moyenagepassion.com\/index.php\/wp-json\/wp\/v2\/posts\/40070"}],"collection":[{"href":"https:\/\/www.moyenagepassion.com\/index.php\/wp-json\/wp\/v2\/posts"}],"about":[{"href":"https:\/\/www.moyenagepassion.com\/index.php\/wp-json\/wp\/v2\/types\/post"}],"author":[{"embeddable":true,"href":"https:\/\/www.moyenagepassion.com\/index.php\/wp-json\/wp\/v2\/users\/4"}],"replies":[{"embeddable":true,"href":"https:\/\/www.moyenagepassion.com\/index.php\/wp-json\/wp\/v2\/comments?post=40070"}],"version-history":[{"count":37,"href":"https:\/\/www.moyenagepassion.com\/index.php\/wp-json\/wp\/v2\/posts\/40070\/revisions"}],"predecessor-version":[{"id":44331,"href":"https:\/\/www.moyenagepassion.com\/index.php\/wp-json\/wp\/v2\/posts\/40070\/revisions\/44331"}],"wp:featuredmedia":[{"embeddable":true,"href":"https:\/\/www.moyenagepassion.com\/index.php\/wp-json\/wp\/v2\/media\/40079"}],"wp:attachment":[{"href":"https:\/\/www.moyenagepassion.com\/index.php\/wp-json\/wp\/v2\/media?parent=40070"}],"wp:term":[{"taxonomy":"category","embeddable":true,"href":"https:\/\/www.moyenagepassion.com\/index.php\/wp-json\/wp\/v2\/categories?post=40070"},{"taxonomy":"post_tag","embeddable":true,"href":"https:\/\/www.moyenagepassion.com\/index.php\/wp-json\/wp\/v2\/tags?post=40070"}],"curies":[{"name":"wp","href":"https:\/\/api.w.org\/{rel}","templated":true}]}}