{"id":40115,"date":"2021-07-01T00:34:46","date_gmt":"2021-06-30T23:34:46","guid":{"rendered":"https:\/\/www.moyenagepassion.com\/?p=40115"},"modified":"2022-05-28T10:25:56","modified_gmt":"2022-05-28T09:25:56","slug":"kaamelott-affiche-officielle-promos-medias","status":"publish","type":"post","link":"https:\/\/www.moyenagepassion.com\/index.php\/2021\/07\/01\/kaamelott-affiche-officielle-promos-medias\/","title":{"rendered":"Kaamelott le film : affiche officielle &#038; Op\u00e9ration m\u00e9dias"},"content":{"rendered":"<div id=\"moyen-3917308157\" class=\"moyen-before-content moyen-entity-placement\"><script async src=\"\/\/pagead2.googlesyndication.com\/pagead\/js\/adsbygoogle.js?client=ca-pub-3035390706780632\" crossorigin=\"anonymous\"><\/script><ins class=\"adsbygoogle\" style=\"display:block;\" data-ad-client=\"ca-pub-3035390706780632\" \ndata-ad-slot=\"\" \ndata-ad-format=\"auto\"><\/ins>\n<script> \n(adsbygoogle = window.adsbygoogle || []).push({}); \n<\/script>\n<\/div>\n<div class=\"wp-block-image\"><figure class=\"alignleft\"><img decoding=\"async\" width=\"110\" height=\"147\" src=\"https:\/\/www.moyenagepassion.com\/wp-content\/uploads\/2021\/06\/kaamelott-premier-volet-sortie-cinema.jpg\" alt=\"\" class=\"wp-image-39661\"\/><\/figure><\/div>\n\n\n\n<p class=\"class text_justify\"><strong>Sujet<\/strong>&nbsp; :&nbsp; Kaamelott, &nbsp;m\u00e9di\u00e9val-fantastique, l\u00e9gendes arthuriennes, cin\u00e9ma, trilogie, affiche, humour<br><strong>P\u00e9riode<\/strong>&nbsp; : haut Moyen \u00c2ge \u00e0 central<br><strong>Auteur\/r\u00e9alisateur<\/strong>&nbsp;:&nbsp; &nbsp;Alexandre Astier<br><strong>Date de sortie&nbsp;<\/strong>: 21 juillet 2021<\/p>\n\n\n\n<p>Bonjour  \u00e0 tous,<\/p>\n\n\n\n<div class=\"wp-block-image\"><figure class=\"alignleft size-large\"><img decoding=\"async\" width=\"96\" height=\"103\" src=\"https:\/\/www.moyenagepassion.com\/wp-content\/uploads\/2018\/10\/T_lettrine_moyen_age_passion.jpg\" alt=\"\" class=\"wp-image-23905\"\/><\/figure><\/div>\n\n\n\n<p class=\"class text_justify\">andis que les dates de sa sortie en salle se rapprochent, Kaamelott premier volet d\u00e9roule tranquillement mais s\u00fbrement sa promo. Les entretiens m\u00e9dias avec son auteur-r\u00e9alisateur Alexandre Astier se multiplient et ce dernier vient \u00e9galement de publier l&rsquo;affiche officielle du film  sur son compte twitter personnel. Elle a \u00e9t\u00e9 relay\u00e9e, dans la foul\u00e9e, sur le compte <a href=\"https:\/\/twitter.com\/Kaamelott_tweet\" target=\"_blank\" rel=\"noreferrer noopener nofollow\">twitter officiel de Kaamelott<\/a>. <\/p>\n\n\n\n<p class=\"class text_justify\">Graphiquement, elle est de la m\u00eame veine que les <a href=\"https:\/\/www.moyenagepassion.com\/index.php\/2021\/06\/12\/kaamelott-au-cine-sortie-confirmee-pour-juillet\/\">affichettes parues pr\u00e9c\u00e9demment<\/a>  : tr\u00e8s soign\u00e9e, avec en-t\u00eate une formule qui donne bien le ton g\u00e9n\u00e9ral du film. En faisant le choix d&rsquo;\u00e9clipser un peu plus les acteurs (largement mis \u00e0 l&rsquo;honneur dans le set pr\u00e9c\u00e9dent), elle plante aussi superbement l&rsquo;intrigue. Jugez plut\u00f4t.<\/p>\n\n\n\n<div class=\"wp-block-image\"><figure class=\"aligncenter size-full\"><a href=\"https:\/\/www.moyenagepassion.com\/wp-content\/uploads\/2021\/06\/affiche-officielle-kaamelott-cinema-trilogie-promo.jpg\"><img decoding=\"async\" width=\"550\" height=\"746\" src=\"https:\/\/www.moyenagepassion.com\/wp-content\/uploads\/2021\/06\/affiche-officielle-kaamelott-cinema-trilogie-promo.jpg\" alt=\"Affiche du film Kaamelott 2021\" class=\"wp-image-40117\" srcset=\"https:\/\/www.moyenagepassion.com\/wp-content\/uploads\/2021\/06\/affiche-officielle-kaamelott-cinema-trilogie-promo.jpg 550w, https:\/\/www.moyenagepassion.com\/wp-content\/uploads\/2021\/06\/affiche-officielle-kaamelott-cinema-trilogie-promo-221x300.jpg 221w\" sizes=\"(max-width: 550px) 100vw, 550px\" \/><\/a><\/figure><\/div>\n\n\n\n<p><\/p>\n\n\n\n<p class=\"class text_justify\">Entre autres op\u00e9rations m\u00e9dias, on pourra citer celle men\u00e9e, tout au long de la semaine, par Antoine De Caunes, sur France Inter. Ce complice de l&rsquo;auteur (qui incarne Dagonet dans le film et dans  la s\u00e9rie) consacre une sp\u00e9ciale \u00e0 Kaamelott et \u00e0 la sortie du film dans le cadre de son programme Popopop. Jusqu&rsquo;\u00e0 vendredi, \u00e0 partir de 16 heures, il sera entour\u00e9 d&rsquo;Alexandre Astier et d&rsquo;invit\u00e9s sp\u00e9ciaux. <a href=\"https:\/\/www.franceinter.fr\/emissions\/popopop\" target=\"_blank\" rel=\"noreferrer noopener\">Pour retrouver le podcast, c&rsquo;est par l\u00e0<\/a>.<\/p>\n\n\n\n<p class=\"class text_justify\">On notera \u00e9galement que \u00e7a commence un peu \u00e0 bouger du c\u00f4t\u00e9 de l&rsquo;url officielle Kaamelott.com  qui \u00e9tait rest\u00e9e, jusque l\u00e0, en sommeil. Merchandising en vue ? Point ne sait.<\/p>\n\n\n\n<p>En vous souhaitant une belle journ\u00e9e.<\/p>\n\n\n\n<p>Fr\u00e9d\u00e9ric EFFE<br>Pour moyenagepassion.com<br><em><strong>A la d\u00e9couverte du monde m\u00e9di\u00e9val sous toutes ses formes<\/strong><\/em><\/p>\n\n\n\n<p>Retrouvez tous <a href=\"https:\/\/www.moyenagepassion.com\/?s=Kaamelott\">nos articles sur la s\u00e9rie Kaamelott ici<\/a> &#8211; Nous postons \u00e9galement des actus et d\u00e9tournements sur FB sur <a href=\"https:\/\/www.facebook.com\/kaamelottcreas\" target=\"_blank\" rel=\"noreferrer noopener\">Kaamelottcreas.<\/a><\/p>\n","protected":false},"excerpt":{"rendered":"<p>Sujet&nbsp; :&nbsp; Kaamelott, &nbsp;m\u00e9di\u00e9val-fantastique, l\u00e9gendes arthuriennes, cin\u00e9ma, trilogie, affiche, humourP\u00e9riode&nbsp; : haut Moyen \u00c2ge \u00e0 centralAuteur\/r\u00e9alisateur&nbsp;:&nbsp; &nbsp;Alexandre AstierDate de sortie&nbsp;: 21 juillet 2021 Bonjour \u00e0 tous, andis que les dates de sa sortie en salle se rapprochent, Kaamelott premier volet d\u00e9roule tranquillement mais s\u00fbrement sa promo. Les entretiens m\u00e9dias avec son auteur-r\u00e9alisateur Alexandre Astier se &hellip; <a href=\"https:\/\/www.moyenagepassion.com\/index.php\/2021\/07\/01\/kaamelott-affiche-officielle-promos-medias\/\" class=\"more-link\">Continuer la lecture de <span class=\"screen-reader-text\">Kaamelott le film : affiche officielle &#038; Op\u00e9ration m\u00e9dias<\/span>  <span class=\"meta-nav\">&rarr;<\/span><\/a><\/p>\n","protected":false},"author":2,"featured_media":40124,"comment_status":"open","ping_status":"open","sticky":false,"template":"","format":"standard","meta":{"_monsterinsights_skip_tracking":false,"_monsterinsights_sitenote_active":false,"_monsterinsights_sitenote_note":"","_monsterinsights_sitenote_category":0,"footnotes":""},"categories":[6],"tags":[4846,197,72,1993,779,556,346,5411,2895,5587,1149,5093],"class_list":["post-40115","post","type-post","status-publish","format-standard","has-post-thumbnail","hentry","category-films-moyen-age","tag-affiche","tag-alexandre-astier","tag-cinema","tag-film","tag-humour","tag-kaamelott","tag-legendes-arthuriennes","tag-medieval-fantastique-3","tag-medievalisme","tag-moyen-age-2","tag-trilogie","tag-trilogie-kaamelott"],"aioseo_notices":[],"_links":{"self":[{"href":"https:\/\/www.moyenagepassion.com\/index.php\/wp-json\/wp\/v2\/posts\/40115"}],"collection":[{"href":"https:\/\/www.moyenagepassion.com\/index.php\/wp-json\/wp\/v2\/posts"}],"about":[{"href":"https:\/\/www.moyenagepassion.com\/index.php\/wp-json\/wp\/v2\/types\/post"}],"author":[{"embeddable":true,"href":"https:\/\/www.moyenagepassion.com\/index.php\/wp-json\/wp\/v2\/users\/2"}],"replies":[{"embeddable":true,"href":"https:\/\/www.moyenagepassion.com\/index.php\/wp-json\/wp\/v2\/comments?post=40115"}],"version-history":[{"count":17,"href":"https:\/\/www.moyenagepassion.com\/index.php\/wp-json\/wp\/v2\/posts\/40115\/revisions"}],"predecessor-version":[{"id":44324,"href":"https:\/\/www.moyenagepassion.com\/index.php\/wp-json\/wp\/v2\/posts\/40115\/revisions\/44324"}],"wp:featuredmedia":[{"embeddable":true,"href":"https:\/\/www.moyenagepassion.com\/index.php\/wp-json\/wp\/v2\/media\/40124"}],"wp:attachment":[{"href":"https:\/\/www.moyenagepassion.com\/index.php\/wp-json\/wp\/v2\/media?parent=40115"}],"wp:term":[{"taxonomy":"category","embeddable":true,"href":"https:\/\/www.moyenagepassion.com\/index.php\/wp-json\/wp\/v2\/categories?post=40115"},{"taxonomy":"post_tag","embeddable":true,"href":"https:\/\/www.moyenagepassion.com\/index.php\/wp-json\/wp\/v2\/tags?post=40115"}],"curies":[{"name":"wp","href":"https:\/\/api.w.org\/{rel}","templated":true}]}}