{"id":40167,"date":"2021-07-03T02:23:37","date_gmt":"2021-07-03T01:23:37","guid":{"rendered":"https:\/\/www.moyenagepassion.com\/?p=40167"},"modified":"2022-05-28T10:25:31","modified_gmt":"2022-05-28T09:25:31","slug":"montjoie-saint-denis-une-expression-medievale-revenue-au-devant-de-lactualite","status":"publish","type":"post","link":"https:\/\/www.moyenagepassion.com\/index.php\/2021\/07\/03\/montjoie-saint-denis-une-expression-medievale-revenue-au-devant-de-lactualite\/","title":{"rendered":"\u00ab\u00a0MONTJOIE SAINT-DENIS\u00a0\u00bb une Expression m\u00e9di\u00e9vale redevenue D&rsquo;actualit\u00e9"},"content":{"rendered":"<div id=\"moyen-252336100\" class=\"moyen-before-content moyen-entity-placement\"><script async src=\"\/\/pagead2.googlesyndication.com\/pagead\/js\/adsbygoogle.js?client=ca-pub-3035390706780632\" crossorigin=\"anonymous\"><\/script><ins class=\"adsbygoogle\" style=\"display:block;\" data-ad-client=\"ca-pub-3035390706780632\" \ndata-ad-slot=\"\" \ndata-ad-format=\"auto\"><\/ins>\n<script> \n(adsbygoogle = window.adsbygoogle || []).push({}); \n<\/script>\n<\/div>\n<p>Bonjour \u00e0 tous,<\/p>\n\n\n\n<div class=\"wp-block-image\"><figure class=\"alignleft size-large\"><img decoding=\"async\" width=\"84\" height=\"103\" src=\"https:\/\/www.moyenagepassion.com\/wp-content\/uploads\/2018\/10\/L_lettrine_moyen_age_passion.jpg\" alt=\"\" class=\"wp-image-23896\"\/><\/figure><\/div>\n\n\n\n<p class=\"class text_justify\">e mois dernier, le Moyen \u00c2ge est revenu en force dans l&rsquo;actualit\u00e9 au cri de \u00ab\u00a0<em>Montjoie Saint-Denis ! \u00c0 bas la Macronie!<\/em>\u00ab\u00a0. L&rsquo;histoire a d\u00e9fi\u00e9 la chronique. Elle a m\u00eame fait le tour du monde depuis, en trouvant de larges \u00e9chos dans la presse internationale. <\/p>\n\n\n\n<h2 class=\"wp-block-heading\">Une rencontre inattendue en pays dr\u00f4mois<\/h2>\n\n\n\n<p class=\"class text_justify\">Rappelons les faits pour ceux qui vivraient coup\u00e9s des m\u00e9dias : lanc\u00e9 \u00e0 plein r\u00e9gime, depuis quelque temps d\u00e9j\u00e0, dans sa campagne pr\u00e9sidentielle de 2022, le pr\u00e9sident fran\u00e7ais Emmanuel Macron, faisant fi de la Covid et  n&rsquo;\u00e9coutant que son enthousiasme, a d\u00e9cid\u00e9 de sortir de sa bulle \u00e9lys\u00e9enne pour partir \u00e0 la rencontre du bon peuple. Au programme donc, grosse op\u00e9ration de communication sous l&rsquo;\u0153il des cam\u00e9ras, serrage de louches et, peut-\u00eatre encore, pour la gourmandise, quelques selfies conc\u00e9d\u00e9es aux p\u00e9cores \u00e9pris de r\u00e9seaux sociaux, crois\u00e9s sur l&rsquo;itin\u00e9raire.<\/p>\n\n\n\n<div class=\"wp-block-image\"><figure class=\"alignright size-large is-resized\"><img decoding=\"async\" src=\"https:\/\/www.moyenagepassion.com\/wp-content\/uploads\/2021\/06\/blason-saint-vallier-drome-actualite-monde-medieval.jpg\" alt=\"blason armoirie de la cit\u00e9 de Saint-Vallier, Dr\u00f4me\" class=\"wp-image-39743\" width=\"167\" height=\"249\" srcset=\"https:\/\/www.moyenagepassion.com\/wp-content\/uploads\/2021\/06\/blason-saint-vallier-drome-actualite-monde-medieval.jpg 226w, https:\/\/www.moyenagepassion.com\/wp-content\/uploads\/2021\/06\/blason-saint-vallier-drome-actualite-monde-medieval-201x300.jpg 201w\" sizes=\"(max-width: 167px) 100vw, 167px\" \/><figcaption>blason de la cit\u00e9 de Saint-Vallier dans la Dr\u00f4me<\/figcaption><\/figure><\/div>\n\n\n\n<p class=\"class text_justify\">Ainsi, rendu \u00e0 Tain l&rsquo;Hermitage, jolie petite cit\u00e9 dr\u00f4moise du bord du Rh\u00f4ne aux collines parsem\u00e9es de belles vignes, le champion toute cat\u00e9gorie de la communication de haute voltige et du \u00ab\u00a0en m\u00eame temps\u00a0\u00bb, a crois\u00e9, contre toute attente, un destin plut\u00f4t inattendu. S\u00fbr d&rsquo;\u00eatre en terrain conquis, le pr\u00e9sident fran\u00e7ais 3.0  s&rsquo;est, en effet, approch\u00e9 d&rsquo;un pas l\u00e9ger d&rsquo;une petite foule de gaulois qu&rsquo;il croyait acquise, sans se douter qu&rsquo;une dr\u00f4le de r\u00e9alit\u00e9 allait bient\u00f4t lui tomber dessus de mani\u00e8re inattendue. C&rsquo;est en la personne d&rsquo;un  villageois de 28 ans que l&rsquo;affaire survint : Damien T,  natif  de Saint-Vallier, une petite ville \u00e0 13 km de l\u00e0.  <\/p>\n\n\n\n<p class=\"class text_justify\">L&rsquo;affaire est d&rsquo;autant plus incroyable que nous sommes, nous-m\u00eame, natif du coin et quand je dis nous c&rsquo;est surtout moi puisque c&rsquo;est un nous de politesse. Je sais, c&rsquo;est peut-\u00eatre un d\u00e9tail pour vous, mais comme aurait pu ajouter France Gall : \u00ab\u00a0pour moi \u00e7a veut dire beaucoup\u00a0\u00bb. Le village dauphinois et dr\u00f4mois de Saint-Vallier, anciennement baptis\u00e9 Saint-Vallier-sur-Rh\u00f4ne, compte, en effet, un peu moins de 4000 habitants pour vous dire \u00e0 quel point la co\u00efncidence est frappante (si l&rsquo;on me passe l&rsquo;expression). Etant nous-m\u00eame amateur de monde m\u00e9di\u00e9val et ne rechignant pas, de temps en temps, \u00e0 suivre quelques vid\u00e9os de b\u00e9hourd, l&rsquo;inqui\u00e9tude pourrait nous effleurer pour peu. Pourrions-nous \u00eatre sujet \u00e0 une sorte de contagion et surtout de quelle nature ? Apr\u00e8s avoir donn\u00e9 naissance \u00e0 des brigands de grand chemin comme Mandrin, le Dauphin\u00e9, ou m\u00eame la Dr\u00f4me des collines seraient-ils susceptibles d&rsquo;engendrer de nouvelles sortes de r\u00e9volutionnaires anti-macroniens ?<\/p>\n\n\n\n<h2 class=\"wp-block-heading\">Damien T, villageois natif de Saint-Vallier<\/h2>\n\n\n\n<div class=\"wp-block-image\"><figure class=\"alignleft size-full is-resized\"><img decoding=\"async\" src=\"https:\/\/www.moyenagepassion.com\/wp-content\/uploads\/2021\/07\/montjoie-saint-denis-actualite-monde-medieval-1.jpg\" alt=\"Damien T\" class=\"wp-image-40310\" width=\"252\" height=\"303\" srcset=\"https:\/\/www.moyenagepassion.com\/wp-content\/uploads\/2021\/07\/montjoie-saint-denis-actualite-monde-medieval-1.jpg 336w, https:\/\/www.moyenagepassion.com\/wp-content\/uploads\/2021\/07\/montjoie-saint-denis-actualite-monde-medieval-1-250x300.jpg 250w\" sizes=\"(max-width: 252px) 100vw, 252px\" \/><\/figure><\/div>\n\n\n\n<p class=\"class text_justify\">Passionn\u00e9 d&rsquo;histoire m\u00e9di\u00e9vale et de b\u00e9hourd, le jeune homme  a \u00e9t\u00e9 d\u00e9crit par ses amis comme un gilet jaune, mais aussi comme quelqu&rsquo;un \u00ab\u00a0de sans histoire\u00a0\u00bb, ce qu&rsquo;attesterait plut\u00f4t, son casier judiciaire. Pris dans les mailles de la ruralit\u00e9, il anime quelques associations, en r\u00eavant sans doute d&rsquo;ailleurs un peu plus bleu. Prenons toutefois des pr\u00e9cautions. Le villageois a, en effet, aussi \u00e9t\u00e9 d\u00e9crit, par certains m\u00e9dias officiels (d&rsquo;immense tenue comme toujours) comme \u00ab\u00a0une nouvelle forme de terrorisme\u00a0\u00bb \u00e0 lui tout seul. Selon eux, il serait, en somme, une sorte d&rsquo;hybride entre Adolf Hitler, Bruce Lee, un \u00e9gorgeur extr\u00e9miste tch\u00e9tch\u00e8ne et encore un fils cach\u00e9 de Papacito, auteur, pol\u00e9miste et youtubeur occitan passionn\u00e9 de monde m\u00e9di\u00e9val et de B\u00e9hourd, lui aussi (d\u00e9cidemment). <\/p>\n\n\n\n<p class=\"class text_justify\">Bref, pour certains journalistes appartenant aux sph\u00e8res les plus proches des milieux autoris\u00e9s (chers \u00e0 feu Coluche), le jeune dr\u00f4mois ne serait qu&rsquo;une t\u00eate de l&rsquo;hydre, la ligne de front de tout un climat de violence sociale g\u00e9n\u00e9ralis\u00e9e, et plus encore, le symbole d&rsquo;une fronde extr\u00e9miste rampante contre l&rsquo;autorit\u00e9. Pour tous ces journalistes (que je d\u00e9crirais comme atteints de certaines formes d&rsquo;hyst\u00e9rie collective si j&rsquo;osais me prononcer) notre villageois serait donc le point culminant d&rsquo;une sorte de mal diffus. En gros, vous avez compris,  \u00ab\u00a0La peste brune serait en marche\u00a0\u00bb. Au passage, vous noterez la vitesse effrayante \u00e0 laquelle ses moindres affinit\u00e9s sur les r\u00e9seaux ont \u00e9t\u00e9 jet\u00e9es en p\u00e2ture au public, de mani\u00e8re s\u00e9lective, par cette presse lapidaire et exp\u00e9ditive. Damien, as-tu lik\u00e9 notre cha\u00eene youtube ou notre compte twitter ? Pour un peu, j&rsquo;aurais peur\u2026 <\/p>\n\n\n\n<hr class=\"wp-block-separator\"\/>\n\n\n\n<h2 class=\"wp-block-heading\">D\u00e9finition : \u00ab\u00a0Montjoie Saint-Denis !\u00a0\u00bb<\/h2>\n\n\n\n<p class=\"class text_justify\">Tout cela \u00e9tant dit, l&rsquo;actualit\u00e9 file \u00e0 toute vitesse et nombreux sont ceux qui ont d\u00e9j\u00e0 oubli\u00e9 l&rsquo;incident. Il s&rsquo;est d\u00e9roul\u00e9 \u00e0 peine quelques semaines en arri\u00e8re, mais, au vu de notre int\u00e9r\u00eat pour la <a href=\"https:\/\/www.moyenagepassion.com\/?s=vieux-fran%C3%A7ais\">langue d&rsquo;o\u00efl et le vieux-Fran\u00e7ais<\/a>, nous nous devions au moins d&rsquo;\u00e9clairer la d\u00e9finition de cette expression h\u00e9rit\u00e9e du Moyen \u00c2ge et sortie au moment fatidique : \u00ab\u00a0Montjoie Saint-Denis !\u00a0\u00bb. En l&rsquo;occurrence elle a \u00e9t\u00e9 suivi de \u00ab\u00a0\u00c0 bas la Macronie !\u00a0\u00bb mais \u00e7a tout le monde comprend. C&rsquo;est du fran\u00e7ais moderne.<\/p>\n\n\n\n<h3 class=\"wp-block-heading\"><em>Le Petit dictionnaire de l&rsquo;ancien fran\u00e7ais<\/em><\/h3>\n\n\n\n<p class=\"class text_justify\">Dans le <em><strong>Petit dictionnaire de l&rsquo;ancien fran\u00e7ais<\/strong><\/em> de Hilaire de Van Daele, on trouve :<br><br><strong><em>Montjoie<\/em><\/strong> : <em>sf : comble, sommet, perfection. Comme cri de guerre de Charlemagne et de ses chevaliers (plus tard Montjoie Saint-Denis !), ce mot semble une corruption de Montjoux litt. \u00ab\u00a0Mont de Jupiter\u00a0\u00bb (montem Jovis), tr\u00e8s r\u00e9pandu en diverses localit\u00e9s qui s&rsquo;applique toujours \u00e0 une hauteur naturellement plac\u00e9e sous la protection du plus \u00ab\u00a0\u00e9lev\u00e9\u00a0\u00bb des Dieux. Montjoie serait donc \u00e0 l&rsquo;origine une invitation \u00e0 invoquer le ma\u00eetre des dieux, dans laquelle plus tard l&rsquo;\u00e9l\u00e9ment joux n&rsquo;\u00e9tant plus compris aurait fait place \u00e0 \u00ab\u00a0joie\u00a0\u00bb, mot qui excite l&rsquo;Enthousiasme<\/em>. <\/p>\n\n\n\n<h3 class=\"wp-block-heading\">Glossaire de la langue Romane<\/h3>\n\n\n\n<p class=\"class text_justify\">Dans le<em><strong> Glossaire de la langue Romane <\/strong><\/em>de J.B.B. Roquefort (1813), on retrouve cette id\u00e9e d&rsquo;\u00e9l\u00e9vation et de cri de guerre.<\/p>\n\n\n\n<p class=\"class text_justify\"><em><strong>Monjoie, monjoye, montjoie<\/strong><\/em> : <em>cri de guerre des Rois de France, nom du Roi d&rsquo;Armes de France ; petite montagne, colline, \u00e9l\u00e9vation, monceau de pierre. Voyez Mont-joe. Il ajoute encore cette d\u00e9finition : Monjoie : Conciliateur, entremetteur de la paix selon D Carpentier.<\/em><\/p>\n\n\n\n<h3 class=\"wp-block-heading\">Les d\u00e9finitions du Tr\u00e9voux<\/h3>\n\n\n\n<p class=\"class text_justify\">Plus complet, le Tr\u00e9voux (<em><strong>Dictionnaire universel fran\u00e7ois et latin, vulgairement appel\u00e9 dictionnaire de tr\u00e9voux<\/strong><\/em>.T6 &#8211; 1771) vient ajouter de nombreux \u00e9l\u00e9ments permettant d&rsquo;\u00e9clairer cette notion. Concernant le sens de Mont-Joie admis par les autres dictionnaires, on rejoint cette id\u00e9e d&rsquo;\u00e9l\u00e9vation artificielle, de tertre qui pourrait aussi symboliser la tombe antique des chefs de guerre. Ainsi, on aurait m\u00eame d\u00e9sign\u00e9, par la suite, de <em>Mont-joie Saint Denis<\/em>, le tombeau m\u00eame du Saint.<\/p>\n\n\n\n<div class=\"wp-block-image\"><figure class=\"alignright size-full is-resized\"><img decoding=\"async\" src=\"https:\/\/www.moyenagepassion.com\/wp-content\/uploads\/2021\/06\/oriflamme-de-saint-denis.jpg\" alt=\"Banni\u00e8re m\u00e9di\u00e9vale Mont-joie Saint Denis,\" class=\"wp-image-39956\" width=\"227\" height=\"436\" srcset=\"https:\/\/www.moyenagepassion.com\/wp-content\/uploads\/2021\/06\/oriflamme-de-saint-denis.jpg 250w, https:\/\/www.moyenagepassion.com\/wp-content\/uploads\/2021\/06\/oriflamme-de-saint-denis-156x300.jpg 156w\" sizes=\"(max-width: 227px) 100vw, 227px\" \/><\/figure><\/div>\n\n\n\n<p class=\"class text_justify\">On y apprend encore que <strong>Mont-Joie <\/strong>est aussi <em>\u00ab\u00a0un vieux mot qui signifiait, autrefois, enseigne des chemins et particuli\u00e8rement de ceux qui menoient aux lieux saints. Mons Gaudii via index. Ainsi, il y en avait un pr\u00e8s de Saint Pierre de Rome, qu&rsquo;on appeloit Mons Gaudii parce que les p\u00e9lerins se r\u00e9jouissoient se voyant pr\u00e8s du lieu o\u00f9 il voulait aller. Orto Frisingensis appelle Mont-Joie le Vatican. Les croix qui sont sur le chemin de Paris \u00e0 Saint-Denis, sont appel\u00e9s Mon-joie-Saint-Denis.\u00a0\u00bb<\/em><\/p>\n\n\n\n<p class=\"class text_justify\">Quant aux hypoth\u00e8ses plus particuli\u00e8rement li\u00e9es \u00e0 la d\u00e9finition \u00ab\u00a0Mont-joie-Saint-denis\u00a0\u00bb, le Tr\u00e9voux nous confirme que<em> <\/em>c&rsquo;est aussi<em> \u00ab\u00a0l&rsquo;ancien cri de guerre des rois de France, \u00e8s Behours &amp; Batailles livr\u00e9es aux ennemis d\u00e8s que le Roi Clovis eut embrass\u00e9 le Christianisme\u00a0\u00bb. Certains y voient un d\u00e9riv\u00e9 de \u00ab\u00a0moult joie\u00a0\u00bb et le dictionnaire y compile encore des hypoth\u00e8ses en provenance d&rsquo;autres auteurs du pass\u00e9  : bataille de Clovis s&rsquo;\u00e9tant termin\u00e9 sur une montagne o\u00f9 se tenait une tour du nom de Mont-joie ou encore, invocation faite par Clovis, avant sa conversion au christianisme, face au danger de Saint-Denis sous le nom de Jupiter : \u00ab\u00a0<strong>Saint Denis, mon Jove<\/strong>\u00ab\u00a0.  <\/em>Pour conclure que le plus probable \u00e9tait simplement que c&rsquo;\u00e9tait<em> \u00ab\u00a0un cri de guerre et de ralliement, qu&rsquo;on faisait sous la banni\u00e8re ou l&rsquo;oriflamme de Saint-Denis, que les Rois portaient alors \u00e0 l&rsquo;arm\u00e9e, &amp; qui en conduisait la marche. Dans le ralliement on se rangeait autour de cette banni\u00e8re. Les Ducs de Bourgogne criaient Mont-Joie-Saint-Andr\u00e9, parce qu&rsquo;ils avaient la croix de Saint-Andr\u00e9 dans leurs drapeaux. les Ducs de Bourbon Mont-Joie-Notre-Dame et les rois d&rsquo;Angleterre Mont-Joie-Notre-Dame-Saint-George.\u00a0\u00bb<\/em><\/p>\n\n\n\n<p class=\"class text_justify\">Pour faire une synth\u00e8se, \u00ab\u00a0<em>Montjoie Saint-Denis !<\/em>\u00a0\u00bb symbolise \u00e0 la fois l&rsquo;\u00e9lan, le ralliement, et un appel \u00e0 la foi et au courage avant la bataille. Voil\u00e0 pour le petit tour d&rsquo;horizon et quelques d\u00e9finitions sur ce cri d&rsquo;origine m\u00e9di\u00e9vale plein d&rsquo;allant propuls\u00e9 sur le devant de l&rsquo;actualit\u00e9. Impossible d&rsquo;ailleurs de le mentionner, sans se souvenir qu&rsquo;on avait pu l&rsquo;entendre \u00e0 de nombreuses reprises \u00e0 l&rsquo;occasion du film <em>Les Visiteurs<\/em> de Jean-Marie Poir\u00e9, com\u00e9die du d\u00e9but des ann\u00e9es 93, devenue quasiment culte gr\u00e2ce aux inoubliables prestations de Jean R\u00e9no (aka le comte Godefroy de Montmirail) et Christian Clavier (Jacquouille la Fripouille).<\/p>\n\n\n\n<hr class=\"wp-block-separator\"\/>\n\n\n\n<h2 class=\"wp-block-heading\">Quelques r\u00e9flexions inspir\u00e9es du contexte<\/h2>\n\n\n\n<div class=\"wp-block-image\"><figure class=\"alignleft size-large\"><img decoding=\"async\" width=\"154\" height=\"206\" src=\"https:\/\/www.moyenagepassion.com\/wp-content\/uploads\/2021\/07\/le-gaulois-refractaire-et-les-baffes-bagarre-poisson-asterix.jpg\" alt=\"\" class=\"wp-image-40202\"\/><\/figure><\/div>\n\n\n\n<p class=\"class text_justify\">Pour reprendre un peu l&rsquo;affaire donc : au c\u0153ur de la Dr\u00f4me des collines, celui que la presse nous avait vendu comme le double sur terre de Jupiter (mon Jove) a re\u00e7u un soufflet (un jo\u00e9e en vieux fran\u00e7ais), sur la joue (jo\u00e9 c&rsquo;est en g\u00e9n\u00e9ral l\u00e0 que \u00e7a se donne). Dans la foul\u00e9e, la victime a minimis\u00e9 le geste, en le d\u00e9clarant isol\u00e9 (ce n&rsquo;\u00e9tait apr\u00e8s tout que le d\u00e9but de sa tourn\u00e9e \u00e9lectorale anticip\u00e9e), mais il a aussi parl\u00e9, un peu plus tard,  \u00ab\u00a0d&rsquo;ultra violence\u00a0\u00bb. Ne reculant devant rien, le champion toute cat\u00e9gorie des m\u00e9dias (qui ont, de concert, \u0153uvr\u00e9 \u00e0 le propulser au pouvoir) a tent\u00e9 de r\u00e9cup\u00e9rer l&rsquo;incident pour se poser, en de grandes envol\u00e9es, comme LE d\u00e9fenseur des libert\u00e9s r\u00e9publicaines contre qui ? Bin contre \u00ab\u00a0l&rsquo;extr\u00eame-droite\u00a0\u00bb bien s\u00fbr, qui d&rsquo;autre ? &nbsp;<em>\u00ab\u00a0Une tentative de gifle ne fera pas reculer la R\u00e9publique.\u00a0\u00bb<\/em> (sic) No pasarem (eux non plus). <\/p>\n\n\n\n<p class=\"class text_justify\">Communication politicienne quand tu nous tiens\u2026 Il faut dire qu&rsquo;il n&rsquo;a gu\u00e8re eu le choix. Si elle n&rsquo;est pas d\u00e9nu\u00e9e de violence, la gifle s&rsquo;exerce sur un terrain puissant au niveau symbolique. D&rsquo;une certaine fa\u00e7on, elle rend l&rsquo;affaire presque pire pour l&rsquo;image du pr\u00e9sident. Un coup direct eut \u00e9t\u00e9 bien plus clair que se faire souffleter. On aurait pu alors vraiment parler d&rsquo;attentat, de terrorisme, etc&#8230; L\u00e0, les m\u00e9dias ont bien essay\u00e9 un peu mais soyons honn\u00eate, on sent que \u00e7a ne prend pas sur tout le monde, loin de l\u00e0. Une tarte \u00e0 la cr\u00e8me ? Il aurait pu se r\u00e9fugier derri\u00e8re l&rsquo;humour et montrer qu&rsquo;il n&rsquo;en manquait pas mais l\u00e0\u2026  La gifle est bien plus humiliante. Elle est vexante, infantilisante, bref, bien plus encombrante. Au del\u00e0, dans l&rsquo;intention de celui qui la donne, elle peut encore avoir pour fonction de faire atterrir brutalement celui qui la prend dans la r\u00e9alit\u00e9. Douche froide. Je te rabaisse et je te rappelle l&rsquo;existence du r\u00e9el. L\u00e0 encore, la symbolique est g\u00eanante pour celui que ses d\u00e9tracteurs ont si souvent d\u00e9crit un peu comme un monarque dans sa tour d&rsquo;ivoire. D&rsquo;ailleurs, la d\u00e9signation de \u00ab\u00a0Macronie\u00a0\u00bb vient \u00e9galement de l\u00e0. Utilis\u00e9e elle aussi \u00e0 grands renforts par l&rsquo;opposition et au del\u00e0, elle moque une sorte de petite monarchie qui n&rsquo;est plus tout \u00e0 fait ni une r\u00e9publique, ni une d\u00e9mocratie, et qui n&rsquo;a plus rien de la France. Au b\u00e9n\u00e9fice du doute et dans les cinquante derni\u00e8re ann\u00e9es \u00e9coul\u00e9es, je n&rsquo;ai pas souvenance qu&rsquo;un pr\u00e9sident de la r\u00e9publique ait fait h\u00e9riter la France d&rsquo;un tel sobriquet.<\/p>\n\n\n\n<h2 class=\"wp-block-heading\">Une condamnation \u00e9clair<\/h2>\n\n\n\n<p class=\"class text_justify\">Le jeune Saint-Vallierois, au casier jusque l\u00e0 blanc comme neige, s&rsquo;est retrouv\u00e9, quant \u00e0 lui, instamment mis au fer par une justice qui, pour une fois, a d\u00e9cid\u00e9 de se montrer \u00e9clair. Jug\u00e9 sur le champ, il a d\u00e9clar\u00e9 au tribunal que son geste avait \u00e9t\u00e9 impulsif. Le procureur n&rsquo;en a pas voulu, consid\u00e9rant qu&rsquo;il s&rsquo;agissait d&rsquo;un \u00ab\u00a0acte de violence d\u00e9lib\u00e9r\u00e9\u00a0\u00bb.  Le Tribunal a donc condamn\u00e9 le geste mais ne sans aller tout de m\u00eame jusqu&rsquo;\u00e0 pr\u00eater \u00e0 l&rsquo;accus\u00e9 des intentions machiav\u00e9liques ou pr\u00e9m\u00e9dit\u00e9es de longue date. En ce qui nous concerne, nous  sommes de l&rsquo;avis que s&rsquo;il l&rsquo;avait pr\u00e9m\u00e9dit\u00e9 son acte, il aurait sans doute opt\u00e9 pour une tarte \u00e0 la cr\u00e8me. Non que cela aurait \u00e9t\u00e9 plus souhaitable, mais cela nous semble plus exprimer la nature du personnage que les diabolisations qu&rsquo;on a pu en lire \u00e7a et l\u00e0. Tour \u00e9trange du destin. Si Macron ne s&rsquo;\u00e9tait pas dirig\u00e9 droit sur lui pour lui serrer la main, sans doute que rien ne se serait pass\u00e9. Ici tout s&rsquo;est jou\u00e9 en situation. <\/p>\n\n\n\n<p class=\"class text_justify\">Quoi qu&rsquo;il en soit, les faits sont l\u00e0 et l&rsquo;outrecuidant dr\u00f4mois a \u00e9cop\u00e9 d&rsquo;une condamnation de 18 mois de ge\u00f4le dont quatre mois fermes, associ\u00e9e d&rsquo;une d\u00e9ch\u00e9ance de droits civiques durant plus de 3 ans, d&rsquo;une impossibilit\u00e9 \u00e0 vie d&rsquo;exercer un m\u00e9tier dans la fonction publique et enfin d&rsquo;une interdiction de d\u00e9tention d&rsquo;armes pour cinq ans. Plut\u00f4t lourd pour un soufflet m\u00eame si, on vous dira que dans certains pays, on n&rsquo;aurait simplement plus jamais entendu parler de lui. Impulsif ou non, il \u00e9tait, de toute fa\u00e7on, inconcevable que ce camouflet qui a fait le tour du monde, reste impuni ; la loi a encadr\u00e9 pr\u00e9cis\u00e9ment ce genre de cas m\u00eame si certaines graduations semblent transpara\u00eetre dans la mise en application, en relation \u00e0 la fonction vis\u00e9e. Par exemple, on n&rsquo;a vu r\u00e9cemment des maires se faire molester tr\u00e8s rudement par des citoyens avec un soutien assez mitig\u00e9 de l&rsquo;ex\u00e9cutif, et une justice plut\u00f4t cl\u00e9mente. De m\u00eame, on ne compte plus les fonctionnaires de police, agress\u00e9s, cibl\u00e9s au mortier, voire occis sans que cela d\u00e9clenche jamais de proc\u00e9dures d\u00e9rogatoires  d&rsquo;envergure. La rime est tentante : deux poids, deux mesures ? Bon, il s&rsquo;agit du pr\u00e9sident, en m\u00eame temps (j&rsquo;ai h\u00e9sit\u00e9 pour la virgule).<\/p>\n\n\n\n<h2 class=\"wp-block-heading\">Taper c&rsquo;est pas bien<\/h2>\n\n\n\n<div class=\"wp-block-image\"><figure class=\"alignright size-large\"><img decoding=\"async\" width=\"223\" height=\"209\" src=\"https:\/\/www.moyenagepassion.com\/wp-content\/uploads\/2021\/07\/le-gaulois-refractaire-et-les-baffes.jpg\" alt=\"\" class=\"wp-image-40196\"\/><\/figure><\/div>\n\n\n\n<p class=\"class text_justify\">Nous n&rsquo;\u00e9piloguerons pas ici sur des commentaires trop politiques qui pourraient nous entra\u00eener  hors cadre. Posons d\u00e9j\u00e0 que \u00ab\u00a0Taper c&rsquo;est pas bien\u00a0\u00bb. Tout le monde en a convenu. Le faire sur un pr\u00e9sident, fut-ce un soufflet, c&rsquo;est encore moins bien. Sur cette id\u00e9e, une partie de l&rsquo;opinion a suivi. De l&rsquo;obligation l\u00e9gale au reste de sacr\u00e9 monarchique, on pense au <em>\u00ab\u00a0Surveiller et Punir\u00a0\u00bb <\/em> de Michel Foucault et \u00e0 ces temps o\u00f9 la chair du roi et celle de la France se confondaient dans une continuit\u00e9 symbolique. Porter atteinte \u00e0 l&rsquo;un \u00e9quivalait alors \u00e0 porter l&rsquo;estocade \u00e0 l&rsquo;autre et quand l&rsquo;Etat s\u00e9vissait, il s&rsquo;autorisait \u00e0 punir le contrevenant dans ses chairs pour cette raison m\u00eame. On ne se d\u00e9fausse pas si facilement de son histoire fusse-t-elle monarchique et m\u00e9di\u00e9vale. Certains journalistes z\u00e9l\u00e9s sont d&rsquo;ailleurs mont\u00e9s au filet avec un argument flairant \u00e0 plein nez une sorte de patriotisme \u00e0 g\u00e9om\u00e9trie variable. Selon eux, \u00e0 travers ce geste, nous devrions tous nous sentir atteints dans notre chair. Pour le dire trivialement, faut pas non plus trop en demander\u2026<\/p>\n\n\n\n<h2 class=\"wp-block-heading\">L&rsquo;homme et la fonction<\/h2>\n\n\n\n<p class=\"class text_justify\">Pour rester coh\u00e9rent, nous n&rsquo;entrerons pas non plus dans le d\u00e9bat, pos\u00e9 par d&rsquo;autres commentateurs, de savoir si la personne d&rsquo;Emmanuel Macron a les \u00e9paules assez grandes pour remplir son costume pr\u00e9sidentiel. Par ses actes et ses paroles, il s&rsquo;est positionn\u00e9 \u00e0 plus d&rsquo;un titre, contre la hauteur de sa fonction m\u00eame. Sur le fond, il est aujourd&rsquo;hui per\u00e7u par un grand nombre de fran\u00e7ais plut\u00f4t comme un \u00ab\u00a0d\u00e9constructeur\u00a0\u00bb voire un destructeur de la France que comme un d\u00e9fenseur. C&rsquo;est un peu ennuyeux tout de m\u00eame, sur le plan du respect de la fonction, comme des institutions. <\/p>\n\n\n\n<div class=\"wp-block-image\"><figure class=\"alignleft size-large is-resized\"><img decoding=\"async\" src=\"https:\/\/www.moyenagepassion.com\/wp-content\/uploads\/2021\/07\/jacquouille-fripouille-monde-medieval-montjoie-saint-denis.jpg\" alt=\"Les visiteurs, film m\u00e9di\u00e9val\" class=\"wp-image-40266\" width=\"124\" height=\"138\"\/><\/figure><\/div>\n\n\n\n<p class=\"class text_justify\">Au del\u00e0 et cela n&rsquo;aide pas, l&rsquo;homme s&rsquo;est aussi signal\u00e9 par une pl\u00e9thore de petites phrases m\u00e9prisantes \u00e0 l&rsquo;\u00e9gard du peuple qu&rsquo;il est cens\u00e9 repr\u00e9senter  :<em>\u00ab\u00a0ceux qui ne sont rien\u00a0\u00bb,  \u00ab\u00a0les gaulois r\u00e9fractaires au changement\u00a0\u00bb, <em>\u00ab\u00a0je ne c\u00e9derai rien, ni aux fain\u00e9ants, ni aux cyniques\u00a0\u00bb<\/em><\/em>, <em>\u00ab\u00a0qu&rsquo;ils viennent me chercher&#8230;\u00a0\u00bb<\/em> (<a href=\"https:\/\/www.ladepeche.fr\/article\/2018\/09\/17\/2870297-maladresse-ou-arrogance-les-dix-phrases-choc-d-emmanuel-macron.html\" rel=\"noreferrer noopener nofollow\" target=\"_blank\">voir \u00e9galement ici<\/a>). Et il a en prononc\u00e9 un nombre \u00e9gal \u00e0 l&rsquo;\u00e9gard de la nation qu&rsquo;il est cens\u00e9 porter : <em>\u00ab\u00a0il faut d\u00e9construire l&rsquo;histoire de France\u00a0\u00bb<\/em>, <em>\u00ab\u00a0il n&rsquo;y a pas de culture fran\u00e7aise\u00a0\u00bb<\/em>, etc&#8230; Enfin, pour compl\u00e9ter ce premier tableau, d&rsquo;aucuns consid\u00e8rent qu&rsquo;Emmanuel Macron s&rsquo;est personnellement abaiss\u00e9 \u00e0 des niveaux indignes d&rsquo;une fonction pr\u00e9sidentielle, en s&rsquo;affichant de mani\u00e8re inconsid\u00e9r\u00e9e et peu conventionnelle dans un nombre vari\u00e9 de situations (selfies contestables, f\u00eates peu conventionnelles, youtubeurs \u00e0 l&rsquo;Elys\u00e9e, &#8230;). Pour ces commentateurs, Emmanuel Macron aurait perdu de vue que repr\u00e9senter la France et en \u00eatre le pr\u00e9sident induisait le respect d&rsquo;une certaine tenue protocolaire. Bien s\u00fbr, pas question ici d&rsquo;\u00e9tablir une relation de cause \u00e0 effet, et encore moins de justifier une baffe (Holala non), mais simplement de r\u00e9fl\u00e9chir aux \u00e9l\u00e9ments ayant pu mettre \u00e0 mal son autorit\u00e9, son image et le respect d\u00fb \u00e0 sa personne, au del\u00e0 de sa fonction. <\/p>\n\n\n\n<h2 class=\"wp-block-heading\">Le mouvement des gilets jaunes<\/h2>\n\n\n\n<p class=\"class text_justify\">En r\u00e9alit\u00e9, le fait que l&rsquo;auteur de cet acte hors du commun se soit revendiqu\u00e9 comme un gilet jaune pourrait \u00eatre une clef suffisante pour comprendre, en partie, son geste, \u00e0 d\u00e9faut de le cautionner. Pas question non plus de dire ici que les gilets jaunes auraient pu le soutenir en cela ou l&rsquo;y pousser. On n&rsquo;a bien compris que lui-m\u00eame ne l&rsquo;a pas contr\u00f4l\u00e9, ni pr\u00e9m\u00e9dit\u00e9 et s&rsquo;est retrouv\u00e9 totalement d\u00e9bord\u00e9. Il n&rsquo;a, du reste, m\u00eame pas cherch\u00e9 \u00e0 faire appel de la d\u00e9cision de justice, ni \u00e0 la diff\u00e9rer. Pourtant, on ne peut s&#8217;emp\u00eacher d&rsquo;avoir un pens\u00e9e, ici, pour les traitements r\u00e9serv\u00e9s, en 2018, \u00e0 ce mouvement populaire : 11 morts, plus de 4400 <em>bless\u00e9s<\/em>, yeux crev\u00e9s, mains arrach\u00e9es, pr\u00e8s de 10800 gardes \u00e0 vue, 2000 condamnations. On se souvient aussi de la frustration et de la col\u00e8re ressenties par les membres de ce mouvement et des sentiments d&rsquo;injustice l\u00e9gitimes exprim\u00e9s face aux terribles violences polici\u00e8res, \u00e0 la main de l&rsquo;ex\u00e9cutif. On feint, aujourd&rsquo;hui, de ne pas  mettre en relation tout cela et pourtant, c&rsquo;est l&rsquo;\u00e9vidence m\u00eame. Cette plaie ne s&rsquo;est jamais referm\u00e9e et si le mouvement s&rsquo;est dilu\u00e9 dans des r\u00e9cup\u00e9rations politiques naus\u00e9abondes et orchestr\u00e9s, les rancunes, pas plus que les frustrations ne se sont \u00e9teintes. Si pour de nombreuses raisons dont la crise sanitaire, les gilets jaunes ne sont plus si souvent de sortie, rien n&rsquo;a \u00e9t\u00e9 r\u00e9solu.<\/p>\n\n\n\n<h2 class=\"wp-block-heading\">Et vice et versa<\/h2>\n\n\n\n<div class=\"wp-block-image\"><figure class=\"alignright size-large is-resized\"><img decoding=\"async\" src=\"https:\/\/www.moyenagepassion.com\/wp-content\/uploads\/2021\/07\/jacquouille-la-fripouille-montjoie-saint-denis.jpg\" alt=\"Jacquouille la Fripouille, les visiteurs\" class=\"wp-image-40192\" width=\"177\" height=\"266\"\/><\/figure><\/div>\n\n\n\n<p class=\"class text_justify\">Dans ce contexte, il est opportun d&rsquo;ajouter que toute forme de violence gratuite devrait \u00eatre condamn\u00e9e, du bas de l&rsquo;\u00e9chelle vers le haut, et vice et versa : r\u00e9pr\u00e9hensible des citoyens vers les corps officiels et encore les repr\u00e9sentants politiques et \u00e9lus,  son exercice  arbitraire devrait \u00eatre \u00e9galement proscrit quand elle s&rsquo;exerce des repr\u00e9sentants du pouvoir et de l&rsquo;autorit\u00e9 envers les citoyens. Une telle r\u00e9ciprocit\u00e9 \u00e9vite, en principe, de verser vers des formes d&rsquo;abus de pouvoir et d&rsquo;autoritarisme. Juste un peu apr\u00e8s les d\u00e9rives de l&rsquo;affaire Benalla, il est difficile d&rsquo;oublier que, d\u00e8s le d\u00e9but de ce quinquennat Macron, de nombreux manifestants pacifistes, dont un nombre important issu de la ruralit\u00e9, de la France p\u00e9riph\u00e9rique et des classes les plus modestes, ont \u00e9t\u00e9 charg\u00e9s pratiquement \u00e0 l&rsquo;arme de guerre et meurtris dans leurs chairs sans qu&rsquo;un mot d&rsquo;excuses ou une explication fussent jamais officiellement prononc\u00e9s pour all\u00e9ger leurs souffrances. <\/p>\n\n\n\n<p class=\"class text_justify\">Comme l&rsquo;avait \u00e9crit Barbara dans son vivant po\u00e8me de 1996 : \u00ab\u00a0<em>Je sais que <\/em>l<em>e monde a des dents, comme nous le monde se d\u00e9fend<\/em>\u00ab\u00a0. D&rsquo;une certaine mani\u00e8re, il n&rsquo;est pas impossible que le pr\u00e9sident fran\u00e7ais vienne de l&rsquo;apprendre \u00e0 ses d\u00e9pens. A-t-il fini par nourrir une foi aveugle dans les sondages pip\u00e9s que les instituts ne cessent d&rsquo;ass\u00e9ner sur sa popularit\u00e9 grandissante ? M\u00e9moire du poisson rouge, exc\u00e8s de confiance ou, plus s\u00fbrement, v\u00e9ritable faille dans son syst\u00e8me de s\u00e9curit\u00e9 habituel ? Il semble \u00e9tonnant qu&rsquo;il ait pu penser pouvoir se balader n&rsquo;importe o\u00f9 en France, sans filet, comme le bon sauveur du peuple, sans risquer de croiser sur sa route quelques citoyens r\u00e9fractaires \u00e0 sa politique ou quelques gilets jaunes \u00e0 la m\u00e9moire longue. Si on ajoute \u00e0 tout cela, deux ans de confinement et de couvre-feu et des centaines de milliers de personnes ayant perdu leur emploi, l&rsquo;affaire se complique d&rsquo;autant pour lui. <\/p>\n\n\n\n<p class=\"class text_justify\">M\u00eame si la le\u00e7on a \u00e9t\u00e9 dure,  on suppose, toutefois, qu&rsquo;elle ne le fera pas  reculer sur son envie de briguer un second mandat. On peut donc gager qu&rsquo;\u00e0 partir de maintenant, les dispositifs doublement renforc\u00e9s lui permettront de soigner sa communication face cam\u00e9ra et sa course au pouvoir. <\/p>\n\n\n\n<p>En vous souhaitant une belle journ\u00e9e.<\/p>\n\n\n\n<p>Fr\u00e9d\u00e9ric EFFE<br>Pour moyenagepassion.com<br><em><strong>A la d\u00e9couverte du monde m\u00e9di\u00e9val sous toutes ses formes<\/strong><\/em><\/p>\n\n\n\n<p class=\"class text_justify has-small-font-size\">NB : la photo d&rsquo;ent\u00eate est, bien s\u00fbr, tir\u00e9e des Visiteurs de Jean Marie Poir\u00e9, s\u00e9rie de films d\u00e9but\u00e9e en 1993, qui a permis de d\u00e9couvrir le superbe duo  form\u00e9 par Jean R\u00e9no aka le comte Godefroy de Montmirail) et Christian Clavier dans le r\u00f4le de Jacquouille la Fripouille.<\/p>\n","protected":false},"excerpt":{"rendered":"<p>Bonjour \u00e0 tous, e mois dernier, le Moyen \u00c2ge est revenu en force dans l&rsquo;actualit\u00e9 au cri de \u00ab\u00a0Montjoie Saint-Denis ! \u00c0 bas la Macronie!\u00ab\u00a0. L&rsquo;histoire a d\u00e9fi\u00e9 la chronique. Elle a m\u00eame fait le tour du monde depuis, en trouvant de larges \u00e9chos dans la presse internationale. Une rencontre inattendue en pays dr\u00f4mois Rappelons &hellip; <a href=\"https:\/\/www.moyenagepassion.com\/index.php\/2021\/07\/03\/montjoie-saint-denis-une-expression-medievale-revenue-au-devant-de-lactualite\/\" class=\"more-link\">Continuer la lecture de <span class=\"screen-reader-text\">\u00ab\u00a0MONTJOIE SAINT-DENIS\u00a0\u00bb une Expression m\u00e9di\u00e9vale redevenue D&rsquo;actualit\u00e9<\/span>  <span class=\"meta-nav\">&rarr;<\/span><\/a><\/p>\n","protected":false},"author":2,"featured_media":39742,"comment_status":"open","ping_status":"open","sticky":false,"template":"","format":"standard","meta":{"_monsterinsights_skip_tracking":false,"_monsterinsights_sitenote_active":false,"_monsterinsights_sitenote_note":"","_monsterinsights_sitenote_category":0,"footnotes":""},"categories":[16],"tags":[1234,5421,5459,111,3235,114,5457,5422,5425,673,5423,5456,5419,5587,5461,5462,5460,5455,617,5454],"class_list":["post-40167","post","type-post","status-publish","format-standard","has-post-thumbnail","hentry","category-sources-et-articles-moyen-age-periode-medievale","tag-actualites","tag-camouflet","tag-cri-medieval","tag-dauphine","tag-definition","tag-drome","tag-expression-medievale","tag-gifle","tag-gilets-jaunes","tag-jacquouille-la-fripouille","tag-macron","tag-monjoie","tag-montjoie-saint-denis","tag-moyen-age-2","tag-president","tag-republique-francaise","tag-saint-vallier","tag-soufflet","tag-vieux-francais","tag-vocabulaire-medieval"],"aioseo_notices":[],"_links":{"self":[{"href":"https:\/\/www.moyenagepassion.com\/index.php\/wp-json\/wp\/v2\/posts\/40167"}],"collection":[{"href":"https:\/\/www.moyenagepassion.com\/index.php\/wp-json\/wp\/v2\/posts"}],"about":[{"href":"https:\/\/www.moyenagepassion.com\/index.php\/wp-json\/wp\/v2\/types\/post"}],"author":[{"embeddable":true,"href":"https:\/\/www.moyenagepassion.com\/index.php\/wp-json\/wp\/v2\/users\/2"}],"replies":[{"embeddable":true,"href":"https:\/\/www.moyenagepassion.com\/index.php\/wp-json\/wp\/v2\/comments?post=40167"}],"version-history":[{"count":123,"href":"https:\/\/www.moyenagepassion.com\/index.php\/wp-json\/wp\/v2\/posts\/40167\/revisions"}],"predecessor-version":[{"id":44323,"href":"https:\/\/www.moyenagepassion.com\/index.php\/wp-json\/wp\/v2\/posts\/40167\/revisions\/44323"}],"wp:featuredmedia":[{"embeddable":true,"href":"https:\/\/www.moyenagepassion.com\/index.php\/wp-json\/wp\/v2\/media\/39742"}],"wp:attachment":[{"href":"https:\/\/www.moyenagepassion.com\/index.php\/wp-json\/wp\/v2\/media?parent=40167"}],"wp:term":[{"taxonomy":"category","embeddable":true,"href":"https:\/\/www.moyenagepassion.com\/index.php\/wp-json\/wp\/v2\/categories?post=40167"},{"taxonomy":"post_tag","embeddable":true,"href":"https:\/\/www.moyenagepassion.com\/index.php\/wp-json\/wp\/v2\/tags?post=40167"}],"curies":[{"name":"wp","href":"https:\/\/api.w.org\/{rel}","templated":true}]}}