{"id":40811,"date":"2021-08-07T03:09:29","date_gmt":"2021-08-07T02:09:29","guid":{"rendered":"https:\/\/www.moyenagepassion.com\/?p=40811"},"modified":"2022-05-28T10:10:51","modified_gmt":"2022-05-28T09:10:51","slug":"en-septembre-les-medievales-normandes-de-montfort-sur-isle","status":"publish","type":"post","link":"https:\/\/www.moyenagepassion.com\/index.php\/2021\/08\/07\/en-septembre-les-medievales-normandes-de-montfort-sur-isle\/","title":{"rendered":"En Septembre, les  m\u00e9di\u00e9vales normandes de Montfort sur Risle"},"content":{"rendered":"<div id=\"moyen-1812187467\" class=\"moyen-before-content moyen-entity-placement\"><script async src=\"\/\/pagead2.googlesyndication.com\/pagead\/js\/adsbygoogle.js?client=ca-pub-3035390706780632\" crossorigin=\"anonymous\"><\/script><ins class=\"adsbygoogle\" style=\"display:block;\" data-ad-client=\"ca-pub-3035390706780632\" \ndata-ad-slot=\"\" \ndata-ad-format=\"auto\"><\/ins>\n<script> \n(adsbygoogle = window.adsbygoogle || []).push({}); \n<\/script>\n<\/div>\n<div class=\"wp-block-image\"><figure class=\"alignleft is-resized\"><img decoding=\"async\" src=\"https:\/\/www.moyenagepassion.com\/wp-content\/uploads\/2020\/07\/ecu-armoirie-normandie-montfort-sur-risle.jpg\" alt=\"ecu-armoirie-normandie-montfort-sur-risle\" class=\"wp-image-31032\" width=\"143\" height=\"169\"\/><\/figure><\/div>\n\n\n\n<p><strong>Sujet<\/strong>&nbsp; : animations historiques, animations m\u00e9di\u00e9vales, ch\u00e2teau, compagnies m\u00e9di\u00e9vales, joutes, spectacles \u00e9questres, reconstitutions<br><strong>Ev\u00e9nement<\/strong>&nbsp; : les M\u00e9di\u00e9vales de Montfort sur Risle,&nbsp; &nbsp;Eure, Normandie<br><strong>Date :&nbsp; &nbsp;<\/strong>dimanche&nbsp; 5 septembre 2021<\/p>\n\n\n\n<p>Bonjour \u00e0 tous,<\/p>\n\n\n\n<div class=\"wp-block-image\"><figure class=\"alignleft size-large\"><img decoding=\"async\" width=\"84\" height=\"103\" src=\"https:\/\/www.moyenagepassion.com\/wp-content\/uploads\/2018\/10\/D_lettrine_moyen_age_passion.jpg\" alt=\"\" class=\"wp-image-23888\"\/><\/figure><\/div>\n\n\n\n<p class=\"class text_justify\">ans quelques semaines, les <strong>M\u00e9di\u00e9vales de Montfort sur Risle<\/strong> reprendront du service pour une nouvelle \u00e9dition. Ce 17eme cru se d\u00e9roulera le dimanche 5 septembre 2021 et sera organis\u00e9, \u00e0 l&rsquo;habitude, par l&rsquo;<strong>Association  Montfort Culture et Patrimoine<\/strong> sur le site m\u00eame du ch\u00e2teau m\u00e9di\u00e9val.  L&rsquo;\u00e9v\u00e9nement est toujours un temps fort pour cette structure locale tr\u00e8s active qui compte, par ailleurs, de nombreuses activit\u00e9s culturelles \u00e0 son actif. <\/p>\n\n\n\n<h2 class=\"wp-block-heading\">Au programme des animations m\u00e9di\u00e9vales<\/h2>\n\n\n\n<p class=\"class text_justify\">Pour cette 17eme M\u00e9di\u00e9vales de Montfort, un bon nombre de compagnies m\u00e9di\u00e9vales, artistes et artisans a \u00e9t\u00e9 convi\u00e9. Le programme s&rsquo;annonce donc dense et prometteur et la Normandie m\u00e9di\u00e9vale sera c\u00e9l\u00e9br\u00e9e, en grand, tout au long de la journ\u00e9e.<\/p>\n\n\n\n<div class=\"wp-block-image\"><figure class=\"alignright size-full is-resized\"><a href=\"https:\/\/www.moyenagepassion.com\/wp-content\/uploads\/2021\/08\/affiche-fetes-medievales-Normandie-septembre-2021-animation-moyen-age.jpg\"><img decoding=\"async\" src=\"https:\/\/www.moyenagepassion.com\/wp-content\/uploads\/2021\/08\/affiche-fetes-medievales-Normandie-septembre-2021-animation-moyen-age.jpg\" alt=\"Affiche des f\u00eates M\u00e9di\u00e9vales de Montfort sur Risle\" class=\"wp-image-40821\" width=\"238\" height=\"336\" srcset=\"https:\/\/www.moyenagepassion.com\/wp-content\/uploads\/2021\/08\/affiche-fetes-medievales-Normandie-septembre-2021-animation-moyen-age.jpg 320w, https:\/\/www.moyenagepassion.com\/wp-content\/uploads\/2021\/08\/affiche-fetes-medievales-Normandie-septembre-2021-animation-moyen-age-212x300.jpg 212w\" sizes=\"(max-width: 238px) 100vw, 238px\" \/><\/a><\/figure><\/div>\n\n\n\n<p class=\"class text_justify\">On pourra  d\u00e9j\u00e0 compter avec des combats grandeur nature dont un si\u00e8ge et une tentative de prise du ch\u00e2teau. Pour cette reconstitution, les visiteurs seront  transport\u00e9s au d\u00e9but du XIe si\u00e8cle, en 1027. Le voyage sera spatio-temporel puisque l&rsquo;action prendra place dans le comt\u00e9 anglais de Kent, au ch\u00e2teau de Douvres. Hugues de Montfort est alors en charge de la d\u00e9fense de l&rsquo;\u00e9difice aux c\u00f4t\u00e9s des valeureux vassaux d&rsquo;Odon de Bayeux. Les preux normands auront \u00e0 faire face \u00e0 Eustache de Boulogne bien d\u00e9cid\u00e9 \u00e0 faire tomber le fort dans son escarcelle. Le si\u00e8ge aboutira-t-il ? L&rsquo;histoire se r\u00e9p\u00e9tera-t-elle ? Il faudra se rendre \u00e0 Montfort sur Risle, le dimanche 5 septembre, pour le savoir.<\/p>\n\n\n\n<h3 class=\"wp-block-heading\">Liste des compagnies et mesnies invit\u00e9es<\/h3>\n\n\n\n<p class=\"class text_justify\"><span class=\"has-inline-color has-green-color\"><em>L\u2019Ensemble musical Pastourel &#8211; Les Chevaliers de Saint Michel &#8211; Les Ours de Muspelheim &#8211; Le Clan Divar &#8211; Les Compagnons pour Hastings &#8211; La troupe de Mortemer et ses marionnettes &#8211;<\/em> <em>L\u2019Association Montfort Culture et Patrimoine<\/em><\/span><\/p>\n\n\n\n<h2 class=\"wp-block-heading\">Spectacles, ateliers, camp viking et march\u00e9s<\/h2>\n\n\n\n<div class=\"wp-block-image\"><figure class=\"alignleft size-large is-resized\"><a href=\"https:\/\/www.moyenagepassion.com\/wp-content\/uploads\/2021\/08\/animations-compagnies-medievales-2021-chateau-Montfort-sur-Risle-Normandie-medievale-Eure.jpg\"><img decoding=\"async\" src=\"https:\/\/www.moyenagepassion.com\/wp-content\/uploads\/2021\/08\/animations-compagnies-medievales-2021-chateau-Montfort-sur-Risle-Normandie-medievale-Eure.jpg\" alt=\"Animations m\u00e9di\u00e9vales de Montfort sur Risle\" class=\"wp-image-40830\" width=\"222\" height=\"592\" srcset=\"https:\/\/www.moyenagepassion.com\/wp-content\/uploads\/2021\/08\/animations-compagnies-medievales-2021-chateau-Montfort-sur-Risle-Normandie-medievale-Eure.jpg 280w, https:\/\/www.moyenagepassion.com\/wp-content\/uploads\/2021\/08\/animations-compagnies-medievales-2021-chateau-Montfort-sur-Risle-Normandie-medievale-Eure-112x300.jpg 112w\" sizes=\"(max-width: 222px) 100vw, 222px\" \/><\/a><\/figure><\/div>\n\n\n\n<p class=\"class text_justify\">En plus de ce temps consacr\u00e9e \u00e0 la reconstitution, une foule de r\u00e9jouissances, d&rsquo;ateliers et d&rsquo;animations sont encore pr\u00e9vues : tirs de tr\u00e9buchets et d&rsquo;engins de si\u00e8ge,  joutes \u00e9questres \u00e0 la fa\u00e7on du XIe si\u00e8cle par de preux chevaliers, spectacles de feu et jongleries, jeux scandinaves. Viendront s&rsquo;y ajouter encore, au sein d&rsquo;un grand camp de vie m\u00e9di\u00e9vale normand et viking du Moyen \u00c2ge central (Xe, XIe, XIIe si\u00e8cle) : ateliers de confection d&rsquo;armures et ateliers vikings, artisanat d&rsquo;\u00e9poque, d\u00e9monstrations et apprentissage du maniement des armes. <\/p>\n\n\n\n<p class=\"class text_justify\">En bref, une vraie f\u00eate m\u00e9di\u00e9vale \u00e0 la Normande avec de la d\u00e9tente, de la d\u00e9couverte, du divertissement et des compagnies de passionn\u00e9s, le tout dans une atmosph\u00e8re musicale d&rsquo;\u00e9poque.  Les enfants n&rsquo;y seront pas oubli\u00e9s avec des spectacles et animations sp\u00e9cialement pr\u00e9vus \u00e0 leur attention. Et pour les envies de shopping de produits r\u00e9gionaux, d&rsquo;objets d&rsquo;inspiration m\u00e9di\u00e9vale ou plus cr\u00e9atives, on pourra aussi compter avec une march\u00e9 artisanal.<\/p>\n\n\n\n<p class=\"class text_justify\">L&rsquo;<strong>Association Montfort Culture et Patrimoine<\/strong> viendra, bien s\u00fbr, apporter sa touche historique et \u00e9ducative et on pourra m\u00eame d\u00e9couvrir, en leur compagnie, une maquette reconstitu\u00e9e du ch\u00e2teau de Montfort. A cette occasion, les notions d&rsquo;architecture d\u00e9fensive m\u00e9di\u00e9vale seront copieusement abord\u00e9es. <\/p>\n\n\n\n<p class=\"class text_justify\">Pour plus d&rsquo;informations sur ces r\u00e9jouissances m\u00e9di\u00e9vales normandes, n&rsquo;h\u00e9sitez pas \u00e0 consulter les liens suivants :<\/p>\n\n\n\n<p><a href=\"https:\/\/www.moyenagepassion.com\/wp-content\/uploads\/2021\/08\/fetes-animations-medievales-2021-Montfort-sur-Risle-moyen-age.pdf\" target=\"_blank\" rel=\"noreferrer noopener\">T\u00e9l\u00e9charger le programme&nbsp;<\/a>&nbsp;\u2013&nbsp;<a href=\"https:\/\/www.facebook.com\/amcp27\" target=\"_blank\" rel=\"noreferrer noopener\">Page FB officielle de ces m\u00e9di\u00e9vales<\/a><\/p>\n\n\n\n<p>En vous souhaitant une belle journ\u00e9e.<\/p>\n\n\n\n<p>Fred<br>Pour moyenagepassion.com<br><em><strong>A la d\u00e9couverte du monde m\u00e9di\u00e9val&nbsp; sous toutes ses formes.<\/strong><\/em><\/p>\n\n\n\n<p>Voir \u00e9galement l&rsquo;article sur les <a href=\"https:\/\/www.moyenagepassion.com\/index.php\/2020\/08\/09\/a-la-fin-aout-de-belles-medievales-a-montfort-sur-risle\/\">M\u00e9di\u00e9vales de Montfort 2020<\/a>.<\/p>\n","protected":false},"excerpt":{"rendered":"<p>Sujet&nbsp; : animations historiques, animations m\u00e9di\u00e9vales, ch\u00e2teau, compagnies m\u00e9di\u00e9vales, joutes, spectacles \u00e9questres, reconstitutionsEv\u00e9nement&nbsp; : les M\u00e9di\u00e9vales de Montfort sur Risle,&nbsp; &nbsp;Eure, NormandieDate :&nbsp; &nbsp;dimanche&nbsp; 5 septembre 2021 Bonjour \u00e0 tous, ans quelques semaines, les M\u00e9di\u00e9vales de Montfort sur Risle reprendront du service pour une nouvelle \u00e9dition. Ce 17eme cru se d\u00e9roulera le dimanche 5 septembre &hellip; <a href=\"https:\/\/www.moyenagepassion.com\/index.php\/2021\/08\/07\/en-septembre-les-medievales-normandes-de-montfort-sur-isle\/\" class=\"more-link\">Continuer la lecture de <span class=\"screen-reader-text\">En Septembre, les  m\u00e9di\u00e9vales normandes de Montfort sur Risle<\/span>  <span class=\"meta-nav\">&rarr;<\/span><\/a><\/p>\n","protected":false},"author":2,"featured_media":40815,"comment_status":"open","ping_status":"open","sticky":false,"template":"","format":"standard","meta":{"_monsterinsights_skip_tracking":false,"_monsterinsights_sitenote_active":false,"_monsterinsights_sitenote_note":"","_monsterinsights_sitenote_category":0,"footnotes":""},"categories":[11],"tags":[1539,1780,635,2840,4997,212,5499,1211,5500,636,4996,182,5498,5003,5587,5728,681,3025,2687,261,4086],"class_list":["post-40811","post","type-post","status-publish","format-standard","has-post-thumbnail","hentry","category-fetes-medievales-evenement","tag-agenda-medieval","tag-animations","tag-camp-viking","tag-campements-medievaux","tag-chateau-medieval","tag-compagnies-medievales","tag-culture-et-patrimoine","tag-joutes","tag-marche-artisanal-2","tag-marche-medieval","tag-medievales-de-montfort","tag-monde-medieval","tag-montfort","tag-montfort-sur-risle","tag-moyen-age-2","tag-moyen-age-festif-2","tag-normandie","tag-normandie-medievale","tag-programme","tag-reconstitution-historique","tag-spectacles-equestres"],"aioseo_notices":[],"_links":{"self":[{"href":"https:\/\/www.moyenagepassion.com\/index.php\/wp-json\/wp\/v2\/posts\/40811"}],"collection":[{"href":"https:\/\/www.moyenagepassion.com\/index.php\/wp-json\/wp\/v2\/posts"}],"about":[{"href":"https:\/\/www.moyenagepassion.com\/index.php\/wp-json\/wp\/v2\/types\/post"}],"author":[{"embeddable":true,"href":"https:\/\/www.moyenagepassion.com\/index.php\/wp-json\/wp\/v2\/users\/2"}],"replies":[{"embeddable":true,"href":"https:\/\/www.moyenagepassion.com\/index.php\/wp-json\/wp\/v2\/comments?post=40811"}],"version-history":[{"count":28,"href":"https:\/\/www.moyenagepassion.com\/index.php\/wp-json\/wp\/v2\/posts\/40811\/revisions"}],"predecessor-version":[{"id":44313,"href":"https:\/\/www.moyenagepassion.com\/index.php\/wp-json\/wp\/v2\/posts\/40811\/revisions\/44313"}],"wp:featuredmedia":[{"embeddable":true,"href":"https:\/\/www.moyenagepassion.com\/index.php\/wp-json\/wp\/v2\/media\/40815"}],"wp:attachment":[{"href":"https:\/\/www.moyenagepassion.com\/index.php\/wp-json\/wp\/v2\/media?parent=40811"}],"wp:term":[{"taxonomy":"category","embeddable":true,"href":"https:\/\/www.moyenagepassion.com\/index.php\/wp-json\/wp\/v2\/categories?post=40811"},{"taxonomy":"post_tag","embeddable":true,"href":"https:\/\/www.moyenagepassion.com\/index.php\/wp-json\/wp\/v2\/tags?post=40811"}],"curies":[{"name":"wp","href":"https:\/\/api.w.org\/{rel}","templated":true}]}}