{"id":4086,"date":"2016-06-21T21:36:30","date_gmt":"2016-06-21T20:36:30","guid":{"rendered":"http:\/\/www.moyenagepassion.com\/?p=4086"},"modified":"2025-10-05T20:01:42","modified_gmt":"2025-10-05T19:01:42","slug":"histoire-de-chateaux-forts-techniques-de-siege-medievales-5-lautomne-des-chateaux-forts","status":"publish","type":"post","link":"https:\/\/www.moyenagepassion.com\/index.php\/2016\/06\/21\/histoire-de-chateaux-forts-techniques-de-siege-medievales-5-lautomne-des-chateaux-forts\/","title":{"rendered":"Histoire des ch\u00e2teaux forts &amp; techniques de si\u00e8ge m\u00e9di\u00e9vales (5)"},"content":{"rendered":"<div id=\"moyen-761104723\" class=\"moyen-before-content moyen-entity-placement\"><script async src=\"\/\/pagead2.googlesyndication.com\/pagead\/js\/adsbygoogle.js?client=ca-pub-3035390706780632\" crossorigin=\"anonymous\"><\/script><ins class=\"adsbygoogle\" style=\"display:block;\" data-ad-client=\"ca-pub-3035390706780632\" \ndata-ad-slot=\"\" \ndata-ad-format=\"auto\"><\/ins>\n<script> \n(adsbygoogle = window.adsbygoogle || []).push({}); \n<\/script>\n<\/div><h1><a href=\"https:\/\/www.moyenagepassion.com\/wp-content\/uploads\/2016\/06\/histoire_medievale_architecture_chateaux_forts_poliorcetique_automne.jpg\"><img decoding=\"async\" class=\"alignnone wp-image-4759 size-full\" src=\"https:\/\/www.moyenagepassion.com\/wp-content\/uploads\/2016\/06\/histoire_medievale_architecture_chateaux_forts_poliorcetique_automne.jpg\" alt=\"\" width=\"620\" height=\"296\" srcset=\"https:\/\/www.moyenagepassion.com\/wp-content\/uploads\/2016\/06\/histoire_medievale_architecture_chateaux_forts_poliorcetique_automne.jpg 620w, https:\/\/www.moyenagepassion.com\/wp-content\/uploads\/2016\/06\/histoire_medievale_architecture_chateaux_forts_poliorcetique_automne-300x143.jpg 300w\" sizes=\"(max-width: 620px) 100vw, 620px\" \/><\/a><\/h1>\n<p><strong>Index des autres articles sur le sujet :<\/strong><br \/>\n1. <a href=\"https:\/\/www.moyenagepassion.com\/index.php\/2016\/03\/09\/histoire-des-chateaux-forts-techniques-de-siege-medievales-1-naissance-des-chateaux-forts\/\" target=\"_blank\" rel=\"noopener noreferrer\">Naissance des ch\u00e2teaux forts<\/a><br \/>\n2. <a href=\"https:\/\/www.moyenagepassion.com\/index.php\/2016\/03\/22\/def-histoire-de-chateaux-forts-techniques-de-siege-medievales-2-du-bois-vers-la-pierre\/\" target=\"_blank\" rel=\"noopener noreferrer\">Du bois vers la pierre<\/a><br \/>\n3. <a href=\"https:\/\/www.moyenagepassion.com\/index.php\/2016\/04\/10\/histoire-de-chateaux-forts-techniques-de-siege-medievales-3-mottes-forteresses-de-bois-efficacite-defensive-poliorcetique\/\" target=\"_blank\" rel=\"noopener noreferrer\">Mottes, forteresses de bois et techniques de si\u00e8ge<br \/>\n<\/a>4. <a href=\"https:\/\/www.moyenagepassion.com\/index.php\/2016\/05\/26\/histoire-des-chateaux-forts-techniques-de-siege-medievales-4-lage-dor-des-chateaux-forts\/\" target=\"_blank\" rel=\"noopener noreferrer\">L&rsquo;\u00e2ge d&rsquo;or des ch\u00e2teaux forts<\/a><\/p>\n<h2>\u00a05. L&rsquo;AUTOMNE DES CH\u00c2TEAUX FORTS<\/h2>\n<p style=\"text-align: justify;\"><img decoding=\"async\" class=\"alignleft size-full wp-image-162\" src=\"https:\/\/www.moyenagepassion.com\/wp-content\/uploads\/2015\/12\/N_lettrine_moyen_age_passion.jpg\" alt=\"N_lettrine_moyen_age_passion\" width=\"84\" height=\"103\" \/>ous voici arriv\u00e9 au dernier article de cette modeste s\u00e9rie sur l&rsquo;Histoire des ch\u00e2teaux\u00a0m\u00e9di\u00e9vaux: des premi\u00e8res mottes castrales jusqu&rsquo;aux derniers ch\u00e2teaux-forts.\u00a0Apr\u00e8s l&rsquo;\u00e2ge d&rsquo;or, c&rsquo;est maintenant de l&rsquo;automne et de la fin des ch\u00e2teaux forts qu&rsquo;il nous faut parler.<\/p>\n<p style=\"text-align: justify;\">Que l&rsquo;on conserve bien \u00e0 l&rsquo;esprit ici, comme nous l&rsquo;avons fait tout du long de cette s\u00e9rie, que pour autant que nous puissions faire des chronologies, ou d\u00e9cider que tel ou tel ch\u00e2teau n&rsquo;est plus un ch\u00e2teau-fort mais un ch\u00e2teau d\u2019agr\u00e9ment, la r\u00e9alit\u00e9 est toujours plus fine que cela: ce sont des ph\u00e9nom\u00e8nes qui s&rsquo;\u00e9talent dans le temps,\u00a0les transitions ne sont jamais brutales, les d\u00e9finitions sont plus complexes, et les disparit\u00e9s commandent aussi.<\/p>\n<p style=\"text-align: justify;\"><img decoding=\"async\" class=\"alignright wp-image-4721\" src=\"https:\/\/www.moyenagepassion.com\/wp-content\/uploads\/2016\/06\/histoire_medievale_moyen-age_chateaux_forts_disparition.jpg\" alt=\"histoire_medievale_moyen-age_chateaux_forts_disparition\" width=\"226\" height=\"229\" srcset=\"https:\/\/www.moyenagepassion.com\/wp-content\/uploads\/2016\/06\/histoire_medievale_moyen-age_chateaux_forts_disparition.jpg 602w, https:\/\/www.moyenagepassion.com\/wp-content\/uploads\/2016\/06\/histoire_medievale_moyen-age_chateaux_forts_disparition-296x300.jpg 296w\" sizes=\"(max-width: 226px) 100vw, 226px\" \/>L&rsquo;Histoire n&rsquo;observe, bien souvent, que des v\u00e9rit\u00e9s tendancielles qu&rsquo;il est toujours difficile de figer dans des chronologies simplistes. <span style=\"color: #808080;\">(ci-contre le ch\u00e2teau de Lassay, Loire, XVe si\u00e8cle)<span style=\"color: #000000;\">.<\/span><\/span><\/p>\n<p style=\"text-align: justify;\">Tout ceci en t\u00eate, on s&rsquo;entend g\u00e9n\u00e9ralement sur le fait que deux grands ph\u00e9nom\u00e8nes marqueront la fin progressive de l&rsquo;\u00e8re des ch\u00e2teaux forts:\u00a0le premier vient des progr\u00e8s de l&rsquo;artillerie, le second des mouvements dans les\u00a0\u00e9quilibres et les jeux de pouvoir; en l&rsquo;occurrence pour ce dernier ph\u00e9nom\u00e8ne, nous faisons r\u00e9f\u00e9rence \u00e0 la\u00a0domination progressive du pouvoir royal sur celui des seigneurs et des vassaux. De fait, quand les ch\u00e2teaux forts entreront dans leur automne et m\u00eame leur hiver, la f\u00e9odalit\u00e9 y entrera avec eux.<\/p>\n<h3 style=\"text-align: left;\">L\u2019av\u00e8nement de la poudre \u00e0 canon et de l&rsquo;artillerie lourde<\/h3>\n<figure id=\"attachment_4723\" aria-describedby=\"caption-attachment-4723\" style=\"width: 800px\" class=\"wp-caption alignnone\"><a href=\"https:\/\/www.moyenagepassion.com\/wp-content\/uploads\/2016\/06\/histoire_medievale_siege_chateaux_forts_artillerie_canon_cosntantinople.jpg\"><img decoding=\"async\" class=\"wp-image-4723 size-full\" src=\"https:\/\/www.moyenagepassion.com\/wp-content\/uploads\/2016\/06\/histoire_medievale_siege_chateaux_forts_artillerie_canon_cosntantinople.jpg\" alt=\"D\u00e9tail de la Bataille de Constantinople, 1453, monast\u00e8re de Moldovita, Moldavie, XVIe, Fresque de Toma de Suceava \" width=\"800\" height=\"264\" srcset=\"https:\/\/www.moyenagepassion.com\/wp-content\/uploads\/2016\/06\/histoire_medievale_siege_chateaux_forts_artillerie_canon_cosntantinople.jpg 800w, https:\/\/www.moyenagepassion.com\/wp-content\/uploads\/2016\/06\/histoire_medievale_siege_chateaux_forts_artillerie_canon_cosntantinople-300x99.jpg 300w, https:\/\/www.moyenagepassion.com\/wp-content\/uploads\/2016\/06\/histoire_medievale_siege_chateaux_forts_artillerie_canon_cosntantinople-768x253.jpg 768w\" sizes=\"(max-width: 800px) 100vw, 800px\" \/><\/a><figcaption id=\"caption-attachment-4723\" class=\"wp-caption-text\">D\u00e9tail de la Bataille de Constantinople, 1453, monast\u00e8re de Moldovita, Moldavie, XVIe, Fresque de Toma de Suceava<\/figcaption><\/figure>\n<p style=\"text-align: justify;\">Au d\u00e9but du XIVe si\u00e8cle, l\u2019av\u00e8nement de la poudre \u00e0 canon et des engins de guerre utilisant cette derni\u00e8re ne compliquera que de mani\u00e8re tr\u00e8s relative la t\u00e2che de l&rsquo;architecture m\u00e9di\u00e9vale d\u00e9fensive. Comme on l&rsquo;a vu dans l&rsquo;article pr\u00e9c\u00e9dent, l&rsquo;usage de plus en plus fr\u00e9quent,<span style=\"color: #000000;\"> \u00e0 partir du milieu du XIIe si\u00e8cle<\/span>, d&rsquo;engins de si\u00e8ge titanesques tels que les tr\u00e9buchets\u00a0ou les\u00a0mangonneaux, n&rsquo;a pas suffi \u00e0 emp\u00eacher que soient encore construits de nouveaux ch\u00e2teaux.<\/p>\n<p style=\"text-align: justify;\">Il en sera de m\u00eame pour l&rsquo;arriv\u00e9e de la poudre: elle ne sera pas dans un premier temps une raison suffisante pour freiner l&rsquo;\u00e9l\u00e9vation de\u00a0tels \u00e9difices\u00a0et il y aura m\u00eame encore des avanc\u00e9es de l&rsquo;architecture m\u00e9di\u00e9vale pour y surseoir. Du point de vue des dispositifs d&rsquo;attaque, cette poudre aura encore quelques progr\u00e8s \u00e0 faire avant de menacer <img decoding=\"async\" class=\"alignright wp-image-4710\" src=\"https:\/\/www.moyenagepassion.com\/wp-content\/uploads\/2016\/06\/histoire_medievale_poliorcetique_chateaux_forts_artillerie_canons_primitif.jpg\" alt=\"histoire_medievale_poliorcetique_chateaux_forts_artillerie_canons_primitif\" width=\"214\" height=\"214\" srcset=\"https:\/\/www.moyenagepassion.com\/wp-content\/uploads\/2016\/06\/histoire_medievale_poliorcetique_chateaux_forts_artillerie_canons_primitif.jpg 500w, https:\/\/www.moyenagepassion.com\/wp-content\/uploads\/2016\/06\/histoire_medievale_poliorcetique_chateaux_forts_artillerie_canons_primitif-150x150.jpg 150w, https:\/\/www.moyenagepassion.com\/wp-content\/uploads\/2016\/06\/histoire_medievale_poliorcetique_chateaux_forts_artillerie_canons_primitif-300x300.jpg 300w\" sizes=\"(max-width: 214px) 100vw, 214px\" \/>v\u00e9ritablement les ch\u00e2teaux et les premi\u00e8res bouche de feu du XIVe ne d\u00e9classeront pas d&rsquo;avantage les engins de si\u00e8ge m\u00e9caniques qui seront encore utilis\u00e9s lors des si\u00e8ges.<\/p>\n<p style=\"text-align: justify;\">Du point de vue de l&rsquo;architecture d\u00e9fensive, les architectures arrondies offrant moins de prise aux projectiles de tout type, se g\u00e9n\u00e9raliseront. Du c\u00f4t\u00e9 des remparts et des fortifications, pour contrer les premiers canons, on m\u00e9nagera encore en lieu et\u00a0m\u00eame souvent en plus des arch\u00e8res, des trous \u00e0 canons. Un certain nombre de ch\u00e2teaux se verra \u00e9galement construit de mani\u00e8re plus \u00ab\u00a0ramass\u00e9\u00a0\u00bb pour que l&rsquo;ensemble des remparts et tours fassent front plus efficacement aux gros engins de si\u00e8ge comme aux premiers canons.<\/p>\n<p style=\"text-align: justify;\"><img decoding=\"async\" class=\"alignleft wp-image-4711 \" src=\"https:\/\/www.moyenagepassion.com\/wp-content\/uploads\/2016\/06\/histoire_medievale_poliorcetique_chateaux_forts_artillerie_canons.jpg\" alt=\"histoire_medievale_poliorcetique_chateaux_forts_artillerie_canons\" width=\"236\" height=\"279\" srcset=\"https:\/\/www.moyenagepassion.com\/wp-content\/uploads\/2016\/06\/histoire_medievale_poliorcetique_chateaux_forts_artillerie_canons.jpg 407w, https:\/\/www.moyenagepassion.com\/wp-content\/uploads\/2016\/06\/histoire_medievale_poliorcetique_chateaux_forts_artillerie_canons-254x300.jpg 254w\" sizes=\"(max-width: 236px) 100vw, 236px\" \/>Concernant le XIVe si\u00e8cle et m\u00eame dans une certaine mesure une grande partie du XVe si\u00e8cle, il faut aussi noter qu&rsquo;en dehors m\u00eame des engins de si\u00e8ge si gros soient-ils et au del\u00e0 encore du blocus des routes de la forteresse pour affamer et en d\u00e9moraliser ses occupants, une des strat\u00e9gies de si\u00e8ge majeure restera encore le travail de sape ou de mines. Or, l&rsquo;Histoire nous apprend que le travail des sapeurs et ing\u00e9nieurs de sape qui s&rsquo;approchent des murailles ou creusent en dessous pour les d\u00e9truire, continuera durant les XIVe et XVe si\u00e8cle sur les bases des si\u00e8cles pr\u00e9c\u00e9dents. Concernant ces techniques, l&rsquo;usage d&rsquo;engins explosifs pour d\u00e9truire les remparts ne se g\u00e9n\u00e9ralisera pas avant le XVIe si\u00e8cle (voir Universalis. <a href=\"http:\/\/www.universalis.fr\/encyclopedie\/artillerie-histoire-de-l\/\" target=\"_blank\" rel=\"noopener noreferrer\">Histoire de l&rsquo;Artillerie<\/a>).<\/p>\n<h3 style=\"text-align: justify;\">Oh le boulet&#8230;<\/h3>\n<figure id=\"attachment_4727\" aria-describedby=\"caption-attachment-4727\" style=\"width: 751px\" class=\"wp-caption alignnone\"><a href=\"https:\/\/www.moyenagepassion.com\/wp-content\/uploads\/2016\/06\/artillerie_medieval_histoire_techniques_de_siege_chateaux-forts_bombarde_mons_meg_ecosse.jpg\"><img decoding=\"async\" class=\"size-full wp-image-4727\" src=\"https:\/\/www.moyenagepassion.com\/wp-content\/uploads\/2016\/06\/artillerie_medieval_histoire_techniques_de_siege_chateaux-forts_bombarde_mons_meg_ecosse.jpg\" alt=\"Mons Meg, ch\u00e2teau d'Edimbourg. Canon construit en 1449 par Philippe le Bon, et donn\u00e9 en cadeau au roi Jacques II d'\u00c9cosse, port\u00e9e 2 miles (3 km!)\" width=\"751\" height=\"531\" srcset=\"https:\/\/www.moyenagepassion.com\/wp-content\/uploads\/2016\/06\/artillerie_medieval_histoire_techniques_de_siege_chateaux-forts_bombarde_mons_meg_ecosse.jpg 751w, https:\/\/www.moyenagepassion.com\/wp-content\/uploads\/2016\/06\/artillerie_medieval_histoire_techniques_de_siege_chateaux-forts_bombarde_mons_meg_ecosse-300x212.jpg 300w\" sizes=\"(max-width: 751px) 100vw, 751px\" \/><\/a><figcaption id=\"caption-attachment-4727\" class=\"wp-caption-text\">Mons Meg, ch\u00e2teau d&rsquo;Edimbourg. Canon construit en 1449 par Philippe le Bon, et donn\u00e9 en cadeau au roi Jacques II d&rsquo;\u00c9cosse, port\u00e9e 2 miles (3 km!)<\/figcaption><\/figure>\n<p style=\"text-align: justify;\">M\u00eame si ce ne sera pas le seul facteur et nous verrons plus loin pourquoi, les progr\u00e8s du boulet de fonte et son pouvoir d\u00e9vastateur ainsi que la puissante grandissante des canons atermoieront quelque peu cette id\u00e9e du ch\u00e2teau comme moyen privil\u00e9gi\u00e9, sinon unique, d&rsquo;assurer la d\u00e9fense efficace des territoires, mais il faudra attendre pour cela la fin du XVe si\u00e8cle. Voici une citation de Jean Delmas pour \u00e9tayer ces dires ;<\/p>\n<p style=\"text-align: justify;\"><span style=\"color: #008000;\"><strong><em>\u00ab\u00a0L&rsquo;introduction de la poudre en Occident n&rsquo;entra\u00eene pas de changements imm\u00e9diats dans l&rsquo;architecture militaire. Les boulets de pierre que lancent les premi\u00e8res bouches \u00e0 feu n&rsquo;entament pas l&rsquo;escarpe d&rsquo;Orl\u00e9ans (1428), n&rsquo;\u00e9br\u00e8chent que l\u00e9g\u00e8rement celle de Constantinople (1453). Mais le boulet de fonte triomphe de toutes les fortifications existantes. L&rsquo;artillerie de Charles VIII en fait une brutale d\u00e9monstration pendant la campagne d&rsquo;Italie (1493). Les ing\u00e9nieurs italiens, ainsi qu&rsquo;Albert Durer en Allemagne, sont convaincus de la n\u00e9cessit\u00e9 d&rsquo;innover.\u00a0\u00bb<\/em><\/strong><\/span><br \/>\nJean DELMAS, <a href=\"http:\/\/www.universalis.fr\/encyclopedie\/fortifications\/\" target=\"_blank\" rel=\"noopener noreferrer\">Histoire des Fortifications<\/a>. Universalis.<\/p>\n<p style=\"text-align: justify;\">Et m\u00eame dans ce contexte, la confiance dans les \u00e9difices de pierre continuera d&rsquo;avoir la vie dure. Dans les exemples de ch\u00e2teaux forts les plus tardifs de la fin du XVe si\u00e8cle, on tentera encore notamment \u00ab\u00a0d&rsquo;enfouir\u00a0\u00bb en partie les ch\u00e2teaux pour \u00e9viter que des tirs r\u00e9p\u00e9t\u00e9s d&rsquo;artillerie ne puissent ouvrir des br\u00e8ches \u00e0 la base de leurs murailles. La forteresse de Salses (Roussillon) construite entre la fin du XIVe si\u00e8cle et le d\u00e9but du XVe par les rois espagnols pour contrer les avanc\u00e9es et l&rsquo;occupation fran\u00e7aise, en est un c\u00e9l\u00e8bre t\u00e9moin.<\/p>\n<figure id=\"attachment_4706\" aria-describedby=\"caption-attachment-4706\" style=\"width: 501px\" class=\"wp-caption aligncenter\"><a href=\"https:\/\/www.moyenagepassion.com\/wp-content\/uploads\/2016\/06\/histoire_medievale_chateaux_forts_forteresse_moyen-age_passion.jpg\"><img decoding=\"async\" class=\"size-full wp-image-4706\" src=\"https:\/\/www.moyenagepassion.com\/wp-content\/uploads\/2016\/06\/histoire_medievale_chateaux_forts_forteresse_moyen-age_passion.jpg\" alt=\"Les derniers ch\u00e2teaux-forts apr\u00e8s les perfectionnements de l'artillerie \u00e0 poudre, Salses, Forteresse du XVIe si\u00e8cle\" width=\"501\" height=\"333\" srcset=\"https:\/\/www.moyenagepassion.com\/wp-content\/uploads\/2016\/06\/histoire_medievale_chateaux_forts_forteresse_moyen-age_passion.jpg 501w, https:\/\/www.moyenagepassion.com\/wp-content\/uploads\/2016\/06\/histoire_medievale_chateaux_forts_forteresse_moyen-age_passion-300x199.jpg 300w\" sizes=\"(max-width: 501px) 100vw, 501px\" \/><\/a><figcaption id=\"caption-attachment-4706\" class=\"wp-caption-text\">Les derniers ch\u00e2teaux-forts apr\u00e8s les perfectionnements de l&rsquo;artillerie \u00e0 poudre, Salses, Forteresse du XVIe si\u00e8cle<\/figcaption><\/figure>\n<h3 style=\"text-align: left;\"><strong>La recentralisation des pouvoirs militaires \u00a0autour des rois et la naissance des nations<\/strong><\/h3>\n<p style=\"text-align: justify;\">Parall\u00e8lement \u00e0 tout cela, la centralisation progressive du pouvoir s&rsquo;organisera de plus en plus autour de la couronne et du royaume. C&rsquo;est en r\u00e9alit\u00e9 une lente \u00e9volution que l&rsquo;on fait souvent d\u00e9buter sous le r\u00e8gne de Philippe Auguste et se poursuivre avec Saint-Louis, mais qui touche bien d&rsquo;autres pays que la France en Europe.<\/p>\n<p style=\"text-align: justify;\">C&rsquo;est un fait qui semble s&rsquo;affirmer depuis le XIIe si\u00e8cle et ne cesse de se voir confirmer dans les si\u00e8cles suivants: la f\u00e9odalit\u00e9 d\u00e9range le pouvoir central au fur et \u00e0 mesure qu&rsquo;il se r\u00e9affirme ce qu&rsquo;il n&rsquo;a de cesse de faire. Les pouvoirs \u00e9conomiques, politiques ou militaires qu&rsquo;ont acquis au fil du temps les plus grands vassaux, autant que les trahisons ou man\u0153uvres de certains d&rsquo;entre eux, menacent la couronne et la position des souverains. Tout cela a conduit naturellement ces derniers \u00e0 vouloir y mettre le hol\u00e0, quand ce n&rsquo;est pas tout simplement un terme. Qu&rsquo;on se souvienne, entre autres choses, des strat\u00e9gies de Philippe-Auguste pendant que le Duc de Normandie et roi d&rsquo;Angleterre, Richard C\u0153ur de Lion \u00e9tait encore \u00e0 la croisade et que le roi de France en \u00e9tait revenu, pr\u00e9matur\u00e9ment et sans lui.<\/p>\n<p style=\"text-align: justify;\">C&rsquo;est un temps de reconqu\u00eate du territoire, autant que du pouvoir royal sur ses propres terres,, et peut-\u00eatre avec tout cela, l&rsquo;affirmation de la naissance d&rsquo;un nation. Il y a encore et bien s\u00fbr la victoire aussi r\u00e9elle que symbolique du roi de France \u00e0 la bataille de Bouvines qui l&rsquo;opposait alors \u00e0 de puissants princes et vassaux fran\u00e7ais, men\u00e9s par Jean Santerre, et soutenus par l&#8217;empereur du Saint-Empire Otton IV. Comme Saint Louis le fera apr\u00e8s lui, Philippe-Auguste \u00e9dictera \u00e9galement de nombreuses lois pour r\u00e9affirmer le pouvoir royal.<\/p>\n<figure id=\"attachment_4725\" aria-describedby=\"caption-attachment-4725\" style=\"width: 1024px\" class=\"wp-caption aligncenter\"><a href=\"https:\/\/www.moyenagepassion.com\/wp-content\/uploads\/2016\/06\/philippe_auguste_feodalite_histoire_medievale_de_france_chateaux_forts.jpg\"><img decoding=\"async\" class=\"size-full wp-image-4725\" src=\"https:\/\/www.moyenagepassion.com\/wp-content\/uploads\/2016\/06\/philippe_auguste_feodalite_histoire_medievale_de_france_chateaux_forts.jpg\" alt=\"La Bataille de Bouvines, 1214, Tableau d'Horace Vernet, XIXe si\u00e8cle, gallerie de Versailles\" width=\"1024\" height=\"525\" srcset=\"https:\/\/www.moyenagepassion.com\/wp-content\/uploads\/2016\/06\/philippe_auguste_feodalite_histoire_medievale_de_france_chateaux_forts.jpg 1024w, https:\/\/www.moyenagepassion.com\/wp-content\/uploads\/2016\/06\/philippe_auguste_feodalite_histoire_medievale_de_france_chateaux_forts-300x154.jpg 300w, https:\/\/www.moyenagepassion.com\/wp-content\/uploads\/2016\/06\/philippe_auguste_feodalite_histoire_medievale_de_france_chateaux_forts-768x394.jpg 768w\" sizes=\"(max-width: 1024px) 100vw, 1024px\" \/><\/a><figcaption id=\"caption-attachment-4725\" class=\"wp-caption-text\">La Bataille de Bouvines, 1214, Tableau d&rsquo;Horace Vernet, XIXe si\u00e8cle, galerie de Versailles<\/figcaption><\/figure>\n<p style=\"text-align: justify;\">Dans ce ph\u00e9nom\u00e8ne de reconqu\u00eate du pouvoir par les rois sur l&rsquo;ensemble de leur territoire, il n&rsquo;y a au fond, de leur part, que des strat\u00e9gies visant \u00e0 r\u00e9cup\u00e9rer ce que, graduellement, la f\u00e9odalit\u00e9 leur avaient confisqu\u00e9.<\/p>\n<p style=\"text-align: justify;\">A cette volont\u00e9 marqu\u00e9e, qui se traduit dans les lois comme dans les faits, il faudra encore ajouter le fait que les croisades auront contribu\u00e9 \u00e0 d\u00e9cimer les seigneurs et \u00e0 affaiblir la f\u00e9odalit\u00e9. Ces derniers en sont revenus, en effet, souvent ruin\u00e9s et d\u00e9pendants du tr\u00e9sor de la couronne pour subsister, quand ce n&rsquo;est pas simplement les pieds devant. Tout cela fait, \u00e0 certains endroits, le jeu des rois.<\/p>\n<p style=\"text-align: justify;\">A cet effet collat\u00e9ral des croisades sur les politiques int\u00e9rieurs et l&rsquo;\u00e9quilibre des pouvoirs, viendra encore s&rsquo;ajouter un autre \u00e9v\u00e9nement marquant du Moyen \u00c2ge central qui secouera encore les seigneuries locales: la guerre de cent ans. Outre les pertes qu&rsquo;occasionnera chez les nobles, ce conflit qui semble ne jamais devoir finir, m\u00eame s&rsquo;il est entrecoup\u00e9 de tr\u00eaves, la guerre de cent ans entra\u00eenera encore, \u00e0 sa suite, les compagnies de routiers, restes de l&rsquo;Ost anglais ou de mercenaires de provenance vari\u00e9s et leurs exactions incessantes sur certaines parties du territoire. Il faudra bien alors que l&rsquo;on se rende compte du soutien que peuvent apporter les rois ou les princes de la couronne pour y mettre fin.<img decoding=\"async\" class=\"alignright wp-image-2328\" src=\"https:\/\/www.moyenagepassion.com\/wp-content\/uploads\/2016\/03\/chateaux_architecture_medievale_philippienne_philippe_auguste_moyen-age_passion.jpg\" alt=\"chateaux_architecture_medievale_philippienne_philippe_auguste_moyen-age_passion\" width=\"198\" height=\"256\" srcset=\"https:\/\/www.moyenagepassion.com\/wp-content\/uploads\/2016\/03\/chateaux_architecture_medievale_philippienne_philippe_auguste_moyen-age_passion.jpg 250w, https:\/\/www.moyenagepassion.com\/wp-content\/uploads\/2016\/03\/chateaux_architecture_medievale_philippienne_philippe_auguste_moyen-age_passion-232x300.jpg 232w\" sizes=\"(max-width: 198px) 100vw, 198px\" \/><\/p>\n<p style=\"text-align: justify;\">Avec tout cela, le pouvoir royal autant\u00a0que l&rsquo;ost du roi se fortifieront\u00a0et dans les esprits c&rsquo;est aussi \u00a0l&rsquo;id\u00e9e de nation qui commencera alors \u00e0 se forger. Qui pourra alors mieux que le roi la personnifier et comment pourrait-il souffrir quelques concurrences locales dans ce contexte?<br \/>\n<span style=\"color: #808080;\">(portrait de Philippe Auguste)<\/span><\/p>\n<p style=\"text-align: justify;\">Dans les facteurs d&rsquo;affaiblissement de cette f\u00e9odalit\u00e9 et pour le mentionner ici par parenth\u00e8se, il faut encore ajouter les \u00e9pid\u00e9mies de peste noire qui, autant que la guerre de cent ans, d\u00e9cim\u00e8rent les populations et chang\u00e8rent la donne en faveur de la main d&rsquo;oeuvre restante; une forme de r\u00e9\u00e9quilibrage des forces qui finalement jouera en faveur du petit peuple et en d\u00e9faveur des seigneurs. A\u00a0n&rsquo;en pas douter, le monde f\u00e9odal se porte de plus en plus mal et les souverains tirent leur \u00e9pingle du jeu.<\/p>\n<p style=\"text-align: justify;\">Dans ce contexte politique et \u00e9conomique, la construction de ch\u00e2teaux (re)deviendra aussi et de plus en plus, le privil\u00e8ge du roi;\u00a0le pouvoir dont\u00a0les seigneurs locaux avaient h\u00e9rit\u00e9 quelques si\u00e8cles auparavant \u00e0 la faveur du contexte historique, diminuera graduellement. Le syst\u00e8me f\u00e9odal c\u00e9dera, peu \u00e0 peu, la place \u00e0 la monarchie centralis\u00e9e.<\/p>\n<figure id=\"attachment_4733\" aria-describedby=\"caption-attachment-4733\" style=\"width: 550px\" class=\"wp-caption aligncenter\"><a href=\"https:\/\/www.moyenagepassion.com\/wp-content\/uploads\/2016\/06\/chateau-fort-XVe_monde_histoire_medieval_Sarzay.jpg\"><img decoding=\"async\" class=\"size-full wp-image-4733\" src=\"https:\/\/www.moyenagepassion.com\/wp-content\/uploads\/2016\/06\/chateau-fort-XVe_monde_histoire_medieval_Sarzay.jpg\" alt=\"Ch\u00e2teau de Sarzay, XVe, XVIe, Indre. t\u00e9moin de la guerre de cent ans\" width=\"550\" height=\"366\" srcset=\"https:\/\/www.moyenagepassion.com\/wp-content\/uploads\/2016\/06\/chateau-fort-XVe_monde_histoire_medieval_Sarzay.jpg 550w, https:\/\/www.moyenagepassion.com\/wp-content\/uploads\/2016\/06\/chateau-fort-XVe_monde_histoire_medieval_Sarzay-300x200.jpg 300w\" sizes=\"(max-width: 550px) 100vw, 550px\" \/><\/a><figcaption id=\"caption-attachment-4733\" class=\"wp-caption-text\">Ch\u00e2teau de Sarzay, XVe, XVIe, Indre. t\u00e9moin de la guerre de cent ans<\/figcaption><\/figure>\n<h3 style=\"text-align: justify;\">Le ch\u00e2teau redevient le fait du prince<\/h3>\n<p style=\"text-align: justify;\">Outre le fait qu&rsquo;un des inconv\u00e9nients du ch\u00e2teau pour la d\u00e9fense du territoire reste qu&rsquo;il est difficile d&rsquo;en d\u00e9loger des ennemis aux mains desquels l&rsquo;\u00e9difice serait \u00e9ventuellement tomb\u00e9 \u00e0 l&rsquo;issu d&rsquo;un si\u00e8ge, avec cette centralisation progressive du pouvoir royal, des volont\u00e9s se sont donc faites jour, du c\u00f4t\u00e9 des diff\u00e9rentes royaumes d&rsquo;Europe, de <img decoding=\"async\" class=\"alignright wp-image-1336\" src=\"https:\/\/www.moyenagepassion.com\/wp-content\/uploads\/2016\/01\/chateaux_forts_motte_feodale_francois_1er_moyen-age_passion.jpg\" alt=\"Fran\u00e7ois 1er et Chambord\" width=\"126\" height=\"223\" srcset=\"https:\/\/www.moyenagepassion.com\/wp-content\/uploads\/2016\/01\/chateaux_forts_motte_feodale_francois_1er_moyen-age_passion.jpg 300w, https:\/\/www.moyenagepassion.com\/wp-content\/uploads\/2016\/01\/chateaux_forts_motte_feodale_francois_1er_moyen-age_passion-169x300.jpg 169w\" sizes=\"(max-width: 126px) 100vw, 126px\" \/>freiner la possibilit\u00e9 pour des nobles ou des seigneurs d&rsquo;acqu\u00e9rir un peu trop de pouvoir d\u00e9fensif et militaire, et peut-\u00eatre encore de prestige, par l&rsquo;interm\u00e9diaire de la construction de ch\u00e2teaux.<\/p>\n<p style=\"text-align: justify;\">La f\u00e9odalit\u00e9 finit aussi, \u00e0 travers cela, par payer le prix de ses abus sur le fait du prince; en dehors du fait que des ch\u00e2teaux s&rsquo;\u00e9taient construits sans toujours attendre l&rsquo;autorisation des rois (cf Michel Bur) l&rsquo;exp\u00e9rience aura aussi enseign\u00e9 aux souverains\u00a0que par le jeu compliqu\u00e9 des familles et des alliances, les vassaux\u00a0et les seigneurs\u00a0n&rsquo;\u00e9taient pas toujours prompts \u00e0 faire all\u00e9geance \u00e0 leur propre couronne. Ils\u00a0pouvaient m\u00eame parfois se retourner contre elle. Se retranchant alors derri\u00e8re les hauts murs de leurs forteresses, ils se trouvaient alors \u00e0 faire la nique \u00e0 leur propre souverain; or, faire ployer le genou \u00e0 un noble qui poss\u00e8de en ch\u00e2teau reste toujours et\u00a0forc\u00e9ment un peu plus d\u00e9licat que s&rsquo;il n&rsquo;en poss\u00e8de pas (<a href=\"https:\/\/www.moyenagepassion.com\/index.php\/2015\/12\/20\/chateau-montbrun-un-siege-medieval-a-21-millions-deuros\/\" target=\"_blank\" rel=\"noopener noreferrer\">voir l&rsquo;article sur le si\u00e8ge de ch\u00e2teau Montbrun en 1424<\/a>).<\/p>\n<p style=\"text-align: justify;\">Et m\u00eame si l&rsquo;on s&rsquo;accorde\u00a0g\u00e9n\u00e9ralement sur le fait que le lancement par Fran\u00e7ois Ier (1515-1547) <span style=\"color: #808080;\">(portrait\u00a0ci-dessus)<\/span> du ch\u00e2teau de Chambord, v\u00e9ritable palace de prestige\u00a0et \u00ab\u00a0d\u2019agr\u00e9ment\u00a0\u00bb, qu&rsquo;il fait \u00e9riger \u00e0 sa gloire marque la fin d\u00e9finitive des ch\u00e2teaux forts, on trouvera encore sous le r\u00e8gne <img decoding=\"async\" class=\"alignleft wp-image-1337\" src=\"https:\/\/www.moyenagepassion.com\/wp-content\/uploads\/2016\/01\/chateaux_motte_feodale_henri_IV_moyen-age_passion.jpg\" alt=\"Henri IV\" width=\"144\" height=\"255\" srcset=\"https:\/\/www.moyenagepassion.com\/wp-content\/uploads\/2016\/01\/chateaux_motte_feodale_henri_IV_moyen-age_passion.jpg 300w, https:\/\/www.moyenagepassion.com\/wp-content\/uploads\/2016\/01\/chateaux_motte_feodale_henri_IV_moyen-age_passion-169x300.jpg 169w\" sizes=\"(max-width: 144px) 100vw, 144px\" \/>d&rsquo;Henri IV (1553-1610,\u00a0<span style=\"color: #999999;\">portrait\u00a0ci-contre<\/span>), ces signes forts de la volont\u00e9 qu&rsquo;eurent les rois, m\u00eame encore bien apr\u00e8s Philippe Auguste et Saint Louis, de\u00a0centraliser autour d&rsquo;eux la d\u00e9fense du territoire et de ne plus laisser quelques nobles locaux mettre leur pouvoir en p\u00e9ril.<\/p>\n<p style=\"text-align: justify;\">Henri IV prendra, en effet, la d\u00e9cision de faire d\u00e9truire ou d\u00e9manteler de nombreux ch\u00e2teaux et forteresses afin d&rsquo;\u00e9viter \u00ab\u00a0qu&rsquo;elles ne servent de repaires aux ennemis de l&rsquo;autorit\u00e9 royale\u00a0\u00bb;\u00a0signe des temps amorc\u00e9 des si\u00e8cles auparavant sous Philippe Auguste, poursuivi sous Saint Louis et qui raisonnera encore jusqu&rsquo;au d\u00e9but du XVIIe si\u00e8cle.\u00a0L\u00e9ger paradoxe aussi puisqu&rsquo;au vue des progr\u00e8s de l&rsquo;artillerie, le ch\u00e2teau, sous Henri IV, n&rsquo;est plus tout \u00e0\u00a0fait\u00a0indestructible, ni imprenable, mais on le voit il reste encore, \u00e0 l&rsquo;\u00e9vidence, d&rsquo;une efficacit\u00e9 suffisamment \u00e9tablie pour qu&rsquo;on le craigne au point de vouloir le d\u00e9truire.<\/p>\n<p style=\"text-align: justify;\">Dans les si\u00e8cles suivants, on retrouvera jusque dans les r\u00e9volutions du XVIIIe si\u00e8cle, notamment en Angleterre, cette m\u00eame id\u00e9e puisqu&rsquo;on d\u00e9truira alors, sur ordre du parlement, certains ch\u00e2teaux forts, non seulement pour le symbole de classe qu&rsquo;il repr\u00e9sente mais aussi de peur que quelques ennemis de la nation n&rsquo;y trouvent refuge. Et \u00e0 travers tout cela, c&rsquo;est encore et finalement \u00e0 l&rsquo;efficacit\u00e9 d\u00e9fensive des forteresses m\u00e9di\u00e9vales que l&rsquo;on rendra hommage, m\u00eame si entre-temps les innovations de l&rsquo;armement et de l&rsquo;artillerie seront venues la nuancer.<\/p>\n<h3 style=\"text-align: justify;\"><strong>Murs de chair et contre murs de pierre\u00a0<\/strong><\/h3>\n<figure id=\"attachment_4724\" aria-describedby=\"caption-attachment-4724\" style=\"width: 650px\" class=\"wp-caption aligncenter\"><a href=\"https:\/\/www.moyenagepassion.com\/wp-content\/uploads\/2016\/06\/histoire_chateaux-forts_technique_de_siege_artillerie_medievale_enluminures.jpg\"><img decoding=\"async\" class=\"size-full wp-image-4724\" src=\"https:\/\/www.moyenagepassion.com\/wp-content\/uploads\/2016\/06\/histoire_chateaux-forts_technique_de_siege_artillerie_medievale_enluminures.jpg\" alt=\"Le si\u00e8ge d'Orl\u00e9ans, 1429, Enluminure, Manuscrit Martial, d'Auvergne, 1493\" width=\"650\" height=\"446\" srcset=\"https:\/\/www.moyenagepassion.com\/wp-content\/uploads\/2016\/06\/histoire_chateaux-forts_technique_de_siege_artillerie_medievale_enluminures.jpg 650w, https:\/\/www.moyenagepassion.com\/wp-content\/uploads\/2016\/06\/histoire_chateaux-forts_technique_de_siege_artillerie_medievale_enluminures-300x206.jpg 300w\" sizes=\"(max-width: 650px) 100vw, 650px\" \/><\/a><figcaption id=\"caption-attachment-4724\" class=\"wp-caption-text\">Le si\u00e8ge d&rsquo;Orl\u00e9ans, 1429, Enluminure, Manuscrit Martial, d&rsquo;Auvergne, 1493<\/figcaption><\/figure>\n<p style=\"text-align: justify;\">Quoiqu&rsquo;il en soit, tout facteur combin\u00e9 et les progr\u00e8s de l&rsquo;artillerie \u00e0 poudre inclus, \u00e0 partir du XVe si\u00e8cle, les guerres commenceront \u00e0 changer d\u00e9finitivement de visage. <span style=\"font-size: revert;\">La conception de la d\u00e9fense du territoire par les ch\u00e2teaux et par les nobles qui les occupent ne fera plus recette. <\/span><\/p>\n<p style=\"text-align: justify;\"><span style=\"font-size: revert;\">Bien s\u00fbr, toutes les batailles du Moyen \u00c2ge, du Xe au XVe si\u00e8cles sont loin de s&rsquo;\u00eatre toutes jou\u00e9es autour de forteresses assi\u00e9g\u00e9s mais on commencera alors, de mani\u00e8re plus syst\u00e9matique, \u00e0 opposer aux arm\u00e9es d&rsquo;invasion ou aux assaillants les \u00ab\u00a0murs de chair\u00a0\u00bb de l&rsquo;arm\u00e9e du Roi, contre les \u00ab\u00a0murs de\u00a0<\/span><\/p>\n<p style=\"text-align: justify;\"><a href=\"https:\/\/www.moyenagepassion.com\/wp-content\/uploads\/2016\/06\/histoire_medievale_la_fin_de_la_chevalerie_don_quichotte_picasso.jpg\"><img decoding=\"async\" class=\"alignright wp-image-4729\" src=\"https:\/\/www.moyenagepassion.com\/wp-content\/uploads\/2016\/06\/histoire_medievale_la_fin_de_la_chevalerie_don_quichotte_picasso.jpg\" alt=\"histoire_medievale_la_fin_de_la_chevalerie_don_quichotte_picasso\" width=\"223\" height=\"273\" srcset=\"https:\/\/www.moyenagepassion.com\/wp-content\/uploads\/2016\/06\/histoire_medievale_la_fin_de_la_chevalerie_don_quichotte_picasso.jpg 341w, https:\/\/www.moyenagepassion.com\/wp-content\/uploads\/2016\/06\/histoire_medievale_la_fin_de_la_chevalerie_don_quichotte_picasso-245x300.jpg 245w\" sizes=\"(max-width: 223px) 100vw, 223px\" \/><\/a>pierre\u00a0\u00bb des nobles et des seigneurs qui les avaient pr\u00e9c\u00e9d\u00e9s. A noter que l&rsquo;artillerie y prendra\u00a0aussi\u00a0sa part active puisque l&rsquo;usage du canon et autres armes \u00e0 feu portables ne se limiteront d\u00e9sormais plus \u00e0 l&rsquo;assaut des murailles des forteresses.<\/p>\n<p style=\"text-align: justify;\">Ce sera encore, avec tout cela, la fin de l&rsquo;\u00e8re de la chevalerie et des chevaliers. les archers anglais l&rsquo;avait d\u00e9j\u00e0 mise \u00e0 mal au d\u00e9but du XVe si\u00e8cle, lors de la bataille d&rsquo;Azincourt, mais avec ce nouveau type d&rsquo;armes, la voil\u00e0 encore bien compromise; m\u00eame si on continuera encore longtemps de jouter, son r\u00f4le durant les batailles autant que les l\u00e9gendes qui entouraient les chevaliers, seront en recul. Bien s\u00fbr il y aura encore quelques charges \u00e0 la lance et aussi l&rsquo;h\u00e9ro\u00efsme l\u00e9gendaire du chevalier Bayard, mais\u00a0\u00e0 quelques temps de l\u00e0 et \u00e0 un peu plus d&rsquo;un si\u00e8cle de l\u00e0, la chevalerie et ses valeurs auront chang\u00e9 de visage; Cervantes pourra m\u00eame s&rsquo;en rire, avec un brin\u00a0de\u00a0nostalgie po\u00e9tique et son Don\u00a0Quichotte n&rsquo;aura plus alors que quelques moulins \u00e0 d\u00e9fier\u00a0<span style=\"color: #808080;\">(ci dessus le Don Quichotte de Picasso, XXe si\u00e8cle<\/span>).<\/p>\n<p style=\"text-align: justify;\">Les ch\u00e2teaux forts continueront d&rsquo;\u00eatre, pour nous de merveilleux fleurons de l&rsquo;architecture m\u00e9di\u00e9vale comme le sont les cath\u00e9drales, mais sur le terrain et dans les faits, \u00e0 leur r\u00f4le d\u00e9fensif, se substituera peu \u00e0 peu l&rsquo;\u00e9difice qui marque le prestige, celui du seigneur encore, mais surtout du roi qui les fera construire; l&rsquo;esth\u00e9tique et le faste primeront alors sur la nature militaire des \u00e9difices. Bien s\u00fbr, les b\u00e2timents ne seront pas totalement d\u00e9nu\u00e9s de dispositifs d\u00e9fensifs, mais on s&rsquo;accorde alors pour dire qu&rsquo;ils seront devenus plus \u00ab\u00a0palais\u00a0\u00bb ou m\u00eame \u00ab\u00a0ch\u00e2teaux\u00a0\u00bb tout courts, plut\u00f4t que ch\u00e2teaux forts. Pour nuancer cette question, je vous conseille un article tr\u00e8s pertinent d&rsquo;Hubert Damisch sur Pers\u00e9e, m\u00eame s&rsquo;il date d\u00e9j\u00e0 un peu : <a href=\"http:\/\/www.persee.fr\/doc\/ahess_0395-2649_1963_num_18_6_421097\" target=\"_blank\" rel=\"noopener noreferrer\">Histoire et Typologie de l&rsquo;Architecture : le probl\u00e8me du ch\u00e2teau.<\/a><\/p>\n<h2 style=\"text-align: justify;\">Aller plus loin sur les ch\u00e2teaux<\/h2>\n<p style=\"text-align: justify;\">Pour conclure sur tous ces aspects et sur l&rsquo;histoire m\u00e9di\u00e9vale des ch\u00e2teaux et des techniques de si\u00e8ge, nous voulons encore insister sur le fait que cette s\u00e9rie d&rsquo;articles n&rsquo;est qu&rsquo;un survol de la question et n&rsquo;a d&rsquo;autres ambitions d&rsquo;ailleurs. Comme nous le disions, l&rsquo;analyse des discontinuit\u00e9s, des faits marquants ou des ruptures ne sont jamais si simples en Histoire, \u00e0 moins que l&rsquo;on veuille fixer dans les esprits quelques \u00e9tapes et quelques dates utiles. Nous ne sommes pas entr\u00e9s dans tous le d\u00e9tail des d\u00e9bats de sp\u00e9cialistes sur ce sujet, et ils sont nombreux, mais nous esp\u00e9rons, au moins, en avoir effleur\u00e9 quelques uns.<\/p>\n<p style=\"text-align: justify;\"><img decoding=\"async\" class=\"alignright wp-image-4731\" src=\"https:\/\/www.moyenagepassion.com\/wp-content\/uploads\/2016\/06\/histoire_medievale_chateaux_forts_bibliographie_auteurs1.jpg\" alt=\"histoire_medievale_chateaux_forts_bibliographie_auteurs\" width=\"206\" height=\"190\" srcset=\"https:\/\/www.moyenagepassion.com\/wp-content\/uploads\/2016\/06\/histoire_medievale_chateaux_forts_bibliographie_auteurs1.jpg 400w, https:\/\/www.moyenagepassion.com\/wp-content\/uploads\/2016\/06\/histoire_medievale_chateaux_forts_bibliographie_auteurs1-300x278.jpg 300w\" sizes=\"(max-width: 206px) 100vw, 206px\" \/>Pour plus d&rsquo;information et de r\u00e9flexion critique sur ce sujet de l&rsquo;Histoire m\u00e9di\u00e9vale ch\u00e2teaux forts, je vous enjoins \u00e0 consulter les r\u00e9f\u00e9rences qui suivent. Je m&rsquo;y suis appuy\u00e9 tout au long de ces articles sans forc\u00e9ment les citer toujours explicitement; c&rsquo;est la libert\u00e9 et le privil\u00e8ge que donne \u00ab\u00a0l&rsquo;essai\u00a0\u00bb sur le devoir rendu \u00e0 l&rsquo;universit\u00e9 qui, lui, exige toujours qu&rsquo;une bibliographie soit exhaustive et pointue. Appelons donc cela des pistes pour ceux qui veulent creuser: \u00a0<em>le dictionnaire raisonn\u00e9 de l&rsquo;architecture fran\u00e7aise du XIe au XVIe si\u00e8cle d&rsquo;Eug\u00e8ne Viollet le Du<\/em>c, les \u00e9crits de Michel B\u00fcr, de Michel Bouard et du colloque de Caen, certains ouvrages de Jean Mesqui, les recherches r\u00e9centes en arch\u00e9ologie sur ces sujets, l&rsquo;excellent site pers\u00e9e.fr et ses pr\u00e9cieuses sources, le fond documentaire merveilleux de la Biblioth\u00e8que Nationale de France et le site Gallica.fr, l&rsquo;encyclop\u00e9die Universalis encore pour le s\u00e9rieux de ces auteurs et de ces articles. Et pourquoi pas encore certains articles de wikip\u00e9dia quand ils sont bons, m\u00eame s&rsquo;ils m\u00e9ritent toujours d&rsquo;\u00eatre recrois\u00e9s avec d&rsquo;autres sources: les r\u00e9f\u00e9rences ou les ouvrages qu&rsquo;ils citent fournissent, en tout cas souvent, d&rsquo;excellents points de d\u00e9part pour aller chercher les informations soi-m\u00eame sur toutes ces probl\u00e9matiques.<\/p>\n<div class=\"headertemplate-title\" style=\"text-align: justify;\"><\/div>\n<div id=\"ws-author\" class=\"headertemplate-author\">\n<p>Merci encore de votre lecture et de votre pr\u00e9sence!<\/p>\n<\/div>\n<div class=\"headertemplate-title\">\n<p style=\"text-align: justify;\">En vous souhaitant une excellente journ\u00e9e, peut-\u00eatre \u00e0 l&rsquo;ombre d&rsquo;un vieux mur de pierre ou dans le songe \u00e9vanescent d&rsquo;une forteresse qui \u00e9merge du brouillard, par\u00a0un matin blanc d&rsquo;hiver. Longue vie!<\/p>\n<p>Fr\u00e9d\u00e9ric EFFE.<br \/>\npour Moyenagepassion.com<br \/>\n<em><strong>A la d\u00e9couverte du Moyen \u00c2ge sous toutes ses formes<\/strong><\/em><\/p>\n<\/div>\n","protected":false},"excerpt":{"rendered":"<p>Index des autres articles sur le sujet : 1. Naissance des ch\u00e2teaux forts 2. Du bois vers la pierre 3. Mottes, forteresses de bois et techniques de si\u00e8ge 4. L&rsquo;\u00e2ge d&rsquo;or des ch\u00e2teaux forts \u00a05. L&rsquo;AUTOMNE DES CH\u00c2TEAUX FORTS ous voici arriv\u00e9 au dernier article de cette modeste s\u00e9rie sur l&rsquo;Histoire des ch\u00e2teaux\u00a0m\u00e9di\u00e9vaux: des premi\u00e8res &hellip; <a href=\"https:\/\/www.moyenagepassion.com\/index.php\/2016\/06\/21\/histoire-de-chateaux-forts-techniques-de-siege-medievales-5-lautomne-des-chateaux-forts\/\" class=\"more-link\">Continuer la lecture de <span class=\"screen-reader-text\">Histoire des ch\u00e2teaux forts &amp; techniques de si\u00e8ge m\u00e9di\u00e9vales (5)<\/span>  <span class=\"meta-nav\">&rarr;<\/span><\/a><\/p>\n","protected":false},"author":2,"featured_media":0,"comment_status":"open","ping_status":"open","sticky":false,"template":"","format":"standard","meta":{"_monsterinsights_skip_tracking":false,"_monsterinsights_sitenote_active":false,"_monsterinsights_sitenote_note":"","_monsterinsights_sitenote_category":0,"footnotes":""},"categories":[2],"tags":[1251,1253,19,36,1250,125,474,358,430,1249,189,520,168,22,486,18,5587,85,30,917,1252,122,167,179,836],"class_list":["post-4086","post","type-post","status-publish","format-standard","hentry","category-chateau-forteresse-moyen-age-architecture-medievale","tag-artilleries","tag-canon","tag-chateau","tag-chateaux-forts","tag-chevaleries","tag-chevalier","tag-croisade","tag-feodalite","tag-guerre-de-cent-ans","tag-henri-iv","tag-histoire","tag-histoire-medievale","tag-louis-ix","tag-medievale","tag-monde-feodal","tag-moyen-age","tag-moyen-age-2","tag-moyen-age-central","tag-philippe-auguste","tag-poliorcetique","tag-poudre","tag-roi","tag-saint-louis","tag-seigneur","tag-vassaux"],"aioseo_notices":[],"_links":{"self":[{"href":"https:\/\/www.moyenagepassion.com\/index.php\/wp-json\/wp\/v2\/posts\/4086"}],"collection":[{"href":"https:\/\/www.moyenagepassion.com\/index.php\/wp-json\/wp\/v2\/posts"}],"about":[{"href":"https:\/\/www.moyenagepassion.com\/index.php\/wp-json\/wp\/v2\/types\/post"}],"author":[{"embeddable":true,"href":"https:\/\/www.moyenagepassion.com\/index.php\/wp-json\/wp\/v2\/users\/2"}],"replies":[{"embeddable":true,"href":"https:\/\/www.moyenagepassion.com\/index.php\/wp-json\/wp\/v2\/comments?post=4086"}],"version-history":[{"count":7,"href":"https:\/\/www.moyenagepassion.com\/index.php\/wp-json\/wp\/v2\/posts\/4086\/revisions"}],"predecessor-version":[{"id":52386,"href":"https:\/\/www.moyenagepassion.com\/index.php\/wp-json\/wp\/v2\/posts\/4086\/revisions\/52386"}],"wp:attachment":[{"href":"https:\/\/www.moyenagepassion.com\/index.php\/wp-json\/wp\/v2\/media?parent=4086"}],"wp:term":[{"taxonomy":"category","embeddable":true,"href":"https:\/\/www.moyenagepassion.com\/index.php\/wp-json\/wp\/v2\/categories?post=4086"},{"taxonomy":"post_tag","embeddable":true,"href":"https:\/\/www.moyenagepassion.com\/index.php\/wp-json\/wp\/v2\/tags?post=4086"}],"curies":[{"name":"wp","href":"https:\/\/api.w.org\/{rel}","templated":true}]}}