{"id":41135,"date":"2021-09-05T19:06:47","date_gmt":"2021-09-05T18:06:47","guid":{"rendered":"https:\/\/www.moyenagepassion.com\/?p=41135"},"modified":"2023-05-30T01:19:41","modified_gmt":"2023-05-30T00:19:41","slug":"en-octobre-les-medievales-de-montferrand","status":"publish","type":"post","link":"https:\/\/www.moyenagepassion.com\/index.php\/2021\/09\/05\/en-octobre-les-medievales-de-montferrand\/","title":{"rendered":"D\u00e9but octobre, le grand retour des m\u00e9di\u00e9vales de  Montferrand"},"content":{"rendered":"<div id=\"moyen-2645056187\" class=\"moyen-before-content moyen-entity-placement\"><script async src=\"\/\/pagead2.googlesyndication.com\/pagead\/js\/adsbygoogle.js?client=ca-pub-3035390706780632\" crossorigin=\"anonymous\"><\/script><ins class=\"adsbygoogle\" style=\"display:block;\" data-ad-client=\"ca-pub-3035390706780632\" \ndata-ad-slot=\"\" \ndata-ad-format=\"auto\"><\/ins>\n<script> \n(adsbygoogle = window.adsbygoogle || []).push({}); \n<\/script>\n<\/div><div class=\"wp-block-image\">\n<figure class=\"alignleft size-large is-resized\"><img decoding=\"async\" src=\"https:\/\/www.moyenagepassion.com\/wp-content\/uploads\/2018\/05\/heraldique_ecu_clermont-ferrand_blason.jpg\" alt=\"Blason Armoirie Ecu Clermont-Ferrand, Auvergne\" class=\"wp-image-21530\" width=\"158\" height=\"169\" srcset=\"https:\/\/www.moyenagepassion.com\/wp-content\/uploads\/2018\/05\/heraldique_ecu_clermont-ferrand_blason.jpg 522w, https:\/\/www.moyenagepassion.com\/wp-content\/uploads\/2018\/05\/heraldique_ecu_clermont-ferrand_blason-281x300.jpg 281w\" sizes=\"(max-width: 158px) 100vw, 158px\" \/><\/figure><\/div>\n\n\n<p><strong>Sujet<\/strong>&nbsp;: f\u00eates m\u00e9di\u00e9vales, compagnies m\u00e9di\u00e9vales, animations&nbsp; historiques, march\u00e9 artisanal, fantastique<br><strong>P\u00e9riode<\/strong>&nbsp;&nbsp;: Moyen \u00c2ge<br><strong>Lieu<\/strong>&nbsp;: Clermont-Ferrand, Auvergne<br><strong>Ev\u00e9nement<\/strong> : <em>Les 900 ans de Montferrand<\/em><br><strong>Dates<\/strong>&nbsp;: du&nbsp; &nbsp;1er au&nbsp; 2 octobre&nbsp;2021<\/p>\n\n\n\n<p>Bonjour \u00e0 tous,<\/p>\n\n\n<div class=\"wp-block-image\">\n<figure class=\"alignleft size-large\"><img decoding=\"async\" width=\"84\" height=\"103\" src=\"https:\/\/www.moyenagepassion.com\/wp-content\/uploads\/2018\/10\/E_lettrine_moyen_age_passion.jpg\" alt=\"\" class=\"wp-image-23889\"\/><\/figure><\/div>\n\n\n<p class=\"class text_justify\">lles reviennent, elle sont de retour. Les 1er et 2 octobre  prochain, les M\u00e9di\u00e9vales de Montferrand s&rsquo;inviteront \u00e0 nouveau en Auvergne, sous l&rsquo;\u00e9gide de l&rsquo;Association<strong> <em>Il \u00e9tait une fois Montferrand<\/em><\/strong>. Durant deux jours, ces c\u00e9l\u00e9brations autour du Moyen \u00c2ge donneront aussi l&rsquo;occasion de f\u00eater les 900 ans de la cit\u00e9 de Clermont-Ferrand ou plut\u00f4t de son anc\u00eatre historique \u00ab\u00a0Montferrand\u00a0\u00bb (revoir notre article de 2018 sur <a href=\"https:\/\/www.moyenagepassion.com\/index.php\/2018\/05\/31\/agenda-moyen-age-festif-trois-jours-de-fetes-aux-medievales-de-montferrand-clermont-ferrand\/\">l&rsquo;histoire m\u00e9di\u00e9vale de Clermont-Ferrand<\/a> et ce m\u00eame \u00e9v\u00e9nement). <\/p>\n\n\n\n<h2 class=\"wp-block-heading\">Deux c\u00e9l\u00e9brations en une <\/h2>\n\n\n<div class=\"wp-block-image\">\n<figure class=\"alignright size-large is-resized\"><a href=\"https:\/\/www.moyenagepassion.com\/wp-content\/uploads\/2021\/09\/medievales-montferrand-fetes-animations-moyen-age-festif-2021.jpg\"><img decoding=\"async\" src=\"https:\/\/www.moyenagepassion.com\/wp-content\/uploads\/2021\/09\/medievales-montferrand-fetes-animations-moyen-age-festif-2021.jpg\" alt=\"Les m\u00e9di\u00e9vales de Montferrand (affiche)\" class=\"wp-image-41140\" width=\"219\" height=\"309\" srcset=\"https:\/\/www.moyenagepassion.com\/wp-content\/uploads\/2021\/09\/medievales-montferrand-fetes-animations-moyen-age-festif-2021.jpg 400w, https:\/\/www.moyenagepassion.com\/wp-content\/uploads\/2021\/09\/medievales-montferrand-fetes-animations-moyen-age-festif-2021-212x300.jpg 212w\" sizes=\"(max-width: 219px) 100vw, 219px\" \/><\/a><\/figure><\/div>\n\n\n<p class=\"class text_justify\">Cette \u00e9dition 2021 est sp\u00e9ciale puisqu&rsquo;elle fusionne les m\u00e9di\u00e9vales habituelles avec l&rsquo;anniversaire de la naissance de la cit\u00e9. Avec pour th\u00e8me \u00ab\u00a0le Fantastique au Moyen \u00c2ge\u00a0\u00bb, elle \u00e9voquera merveilles, cr\u00e9atures et prodiges sortis tout droit des mentalit\u00e9s m\u00e9di\u00e9vales. La f\u00eate s&rsquo;annonce belle et intense avec de nombreuses compagnies invit\u00e9es. Pour l&rsquo;occasion, tout le centre historique sera de la f\u00eate avec des points d&rsquo;animations qui s&rsquo;articuleront autour de trois grandes zones.<\/p>\n\n\n\n<h3 class=\"wp-block-heading\">Au programme des animations m\u00e9di\u00e9vales <\/h3>\n\n\n\n<p class=\"class text_justify\">Au programme des animations,  tournois de chevalerie et grands spectacles \u00e9questres, musiques et d\u00e9ambulations, sayn\u00e8tes, humour, reconstitution de la vie, des combats ou des techniques d&rsquo;artisanat au Moyen \u00c2ge. S&rsquo;ajouteront \u00e0 cette longue liste, des camps et ateliers vari\u00e9es : b\u00e2tisseurs du Moyen \u00c2ge, \u00e9choppes d&rsquo;artisans d&rsquo;\u00e9poque, d\u00e9monstrations d&rsquo;archerie mais on trouvera aussi un march\u00e9 artisanal d&rsquo;inspiration m\u00e9di\u00e9vale et ses \u00e9choppes \u00e0 l&rsquo;ancienne.  Une troupe costum\u00e9e (<em>Memoriam Crusades<\/em>) vous proposera \u00e9galement de marcher sur les traces de la cit\u00e9 m\u00e9di\u00e9vale avec des visites guid\u00e9es riches en information historique et patrimoniale.<\/p>\n\n\n\n<h3 class=\"wp-block-heading\">Compagnies m\u00e9di\u00e9vales attendues.<\/h3>\n\n\n<div class=\"wp-block-image\">\n<figure class=\"alignleft size-large is-resized\"><a href=\"https:\/\/www.moyenagepassion.com\/wp-content\/uploads\/2021\/09\/agenda_moyen-age_festif_medievales_de_monferrand_2021_.jpg\"><img decoding=\"async\" src=\"https:\/\/www.moyenagepassion.com\/wp-content\/uploads\/2021\/09\/agenda_moyen-age_festif_medievales_de_monferrand_2021_.jpg\" alt=\"Animations et compagnies m\u00e9di\u00e9vales \u00e0 Montferrand \" class=\"wp-image-41167\" width=\"123\" height=\"508\" srcset=\"https:\/\/www.moyenagepassion.com\/wp-content\/uploads\/2021\/09\/agenda_moyen-age_festif_medievales_de_monferrand_2021_.jpg 160w, https:\/\/www.moyenagepassion.com\/wp-content\/uploads\/2021\/09\/agenda_moyen-age_festif_medievales_de_monferrand_2021_-73x300.jpg 73w\" sizes=\"(max-width: 123px) 100vw, 123px\" \/><\/a><\/figure><\/div>\n\n\n<p class=\"class text_justify\"><em><span class=\"has-inline-color has-green-color\">Action \u00c9questre &#8211; Toca Bastia &amp; Compagnie Latituds &#8211; Le Crad &#8211; Les Payses &#8211; Turba Musica &#8211; Les Lutiks &#8211; Souda Auvernhat &#8211; Les M\u00e2che-laitue &#8211; Ferme itin\u00e9rante du Chaineau &#8211; Montilisio &#8211; Les Ecuyers du Marchidial &#8211; Rire et Inquisition &#8211; Compaings &amp; Comm\u00e8res &#8211; Le Goupil &#8211; Caminaire &#8211; Aboyeurs &#8211; Memoriam Crusades &#8211; Au fil de la Flamme &#8211; Harywald &#8211; Dans l&rsquo;oeil du Compas &#8211; Aux trois clefs &#8211; Parchemins et par pots.<\/span><\/em><\/p>\n\n\n\n<p class=\"has-text-align-center\"><a href=\"http:\/\/www.medievalesmontferrand.fr\/index.php\" target=\"_blank\" rel=\"noreferrer noopener nofollow\">Voir le programme complet et le site de l&rsquo;Association<\/a><\/p>\n\n\n\n<p class=\"class text_justify\">En bref, si l&rsquo;\u00e9dition 2020 avait \u00e9t\u00e9 compromise pour les raisons que l&rsquo;on sait, voila un \u00e9v\u00e9nement qui renoue dignement avec la vraie tradition des f\u00eates m\u00e9di\u00e9vales en grand. Inutile d&rsquo;ajouter, ou plut\u00f4t si, que les plus petits n&rsquo;y ont pas \u00e9t\u00e9 oubli\u00e9s. Ils y trouveront des jeux et animations sp\u00e9ciales \u00e0 leur attention et m\u00eame une ferme et une course de mini-chars. <\/p>\n\n\n\n<p class=\"class text_justify\">Pour une immersion compl\u00e8te et un voyage dans le temps r\u00e9ussi, les visiteurs qui le souhaitent se verront  proposer sur place, la location de costumes m\u00e9di\u00e9vaux \u00e0 la demi-journ\u00e9e.<\/p>\n\n\n\n<p class=\"class text_justify\">Retrouver nos articles pr\u00e9c\u00e9dents sur ce sujet  : <a href=\"https:\/\/www.moyenagepassion.com\/index.php\/2019\/05\/29\/agenda-medievales-en-terre-de-france\/\">M\u00e9di\u00e9vales de Montferrand 2019<\/a> &#8211; <a href=\"https:\/\/www.moyenagepassion.com\/index.php\/2018\/05\/31\/agenda-moyen-age-festif-trois-jours-de-fetes-aux-medievales-de-montferrand-clermont-ferrand\/\">M\u00e9di\u00e9vales de Montferrand 2018.<\/a><\/p>\n\n\n\n<p>En vous souhaitant une belle journ\u00e9e.<\/p>\n\n\n\n<p>Fr\u00e9d\u00e9ric F<br>Pour moyenagepassion.com<br><strong><em>A la d\u00e9couverte du monde m\u00e9di\u00e9val sous toutes ses formes<\/em><\/strong><\/p>\n\n\n\n<p class=\"class text_justify has-small-font-size\">NB : sur l&rsquo;image d&rsquo;en-t\u00eate, la troupe <strong>Action \u00e9questre<\/strong> qui sera pr\u00e9sente \u00e0 ces m\u00e9di\u00e9vales et pr\u00e9sentera son spectacle \u00e9questres \u00ab\u00a0G\u00e9ovie\u00a0\u00bb.<br><\/p>\n","protected":false},"excerpt":{"rendered":"<p>Sujet&nbsp;: f\u00eates m\u00e9di\u00e9vales, compagnies m\u00e9di\u00e9vales, animations&nbsp; historiques, march\u00e9 artisanal, fantastiqueP\u00e9riode&nbsp;&nbsp;: Moyen \u00c2geLieu&nbsp;: Clermont-Ferrand, AuvergneEv\u00e9nement : Les 900 ans de MontferrandDates&nbsp;: du&nbsp; &nbsp;1er au&nbsp; 2 octobre&nbsp;2021 Bonjour \u00e0 tous, lles reviennent, elle sont de retour. Les 1er et 2 octobre prochain, les M\u00e9di\u00e9vales de Montferrand s&rsquo;inviteront \u00e0 nouveau en Auvergne, sous l&rsquo;\u00e9gide de l&rsquo;Association Il \u00e9tait &hellip; <a href=\"https:\/\/www.moyenagepassion.com\/index.php\/2021\/09\/05\/en-octobre-les-medievales-de-montferrand\/\" class=\"more-link\">Continuer la lecture de <span class=\"screen-reader-text\">D\u00e9but octobre, le grand retour des m\u00e9di\u00e9vales de  Montferrand<\/span>  <span class=\"meta-nav\">&rarr;<\/span><\/a><\/p>\n","protected":false},"author":2,"featured_media":41146,"comment_status":"open","ping_status":"open","sticky":false,"template":"","format":"standard","meta":{"_monsterinsights_skip_tracking":false,"_monsterinsights_sitenote_active":false,"_monsterinsights_sitenote_note":"","_monsterinsights_sitenote_category":0,"footnotes":""},"categories":[11],"tags":[1539,2529,5535,3794,4112,5534,5532,1380,5500,636,3833,182,3832,5587,5728,5034,4086],"class_list":["post-41135","post","type-post","status-publish","format-standard","has-post-thumbnail","hentry","category-fetes-medievales-evenement","tag-agenda-medieval","tag-animations-medievales","tag-auvergne","tag-auvergne-rhone-alpes","tag-camp-medieval","tag-clermont-ferrand","tag-fantastique-medieval","tag-fetes","tag-marche-artisanal-2","tag-marche-medieval","tag-medievales-de-montferrand","tag-monde-medieval","tag-montferrand","tag-moyen-age-2","tag-moyen-age-festif-2","tag-moyen-age-3","tag-spectacles-equestres"],"aioseo_notices":[],"_links":{"self":[{"href":"https:\/\/www.moyenagepassion.com\/index.php\/wp-json\/wp\/v2\/posts\/41135"}],"collection":[{"href":"https:\/\/www.moyenagepassion.com\/index.php\/wp-json\/wp\/v2\/posts"}],"about":[{"href":"https:\/\/www.moyenagepassion.com\/index.php\/wp-json\/wp\/v2\/types\/post"}],"author":[{"embeddable":true,"href":"https:\/\/www.moyenagepassion.com\/index.php\/wp-json\/wp\/v2\/users\/2"}],"replies":[{"embeddable":true,"href":"https:\/\/www.moyenagepassion.com\/index.php\/wp-json\/wp\/v2\/comments?post=41135"}],"version-history":[{"count":31,"href":"https:\/\/www.moyenagepassion.com\/index.php\/wp-json\/wp\/v2\/posts\/41135\/revisions"}],"predecessor-version":[{"id":48250,"href":"https:\/\/www.moyenagepassion.com\/index.php\/wp-json\/wp\/v2\/posts\/41135\/revisions\/48250"}],"wp:featuredmedia":[{"embeddable":true,"href":"https:\/\/www.moyenagepassion.com\/index.php\/wp-json\/wp\/v2\/media\/41146"}],"wp:attachment":[{"href":"https:\/\/www.moyenagepassion.com\/index.php\/wp-json\/wp\/v2\/media?parent=41135"}],"wp:term":[{"taxonomy":"category","embeddable":true,"href":"https:\/\/www.moyenagepassion.com\/index.php\/wp-json\/wp\/v2\/categories?post=41135"},{"taxonomy":"post_tag","embeddable":true,"href":"https:\/\/www.moyenagepassion.com\/index.php\/wp-json\/wp\/v2\/tags?post=41135"}],"curies":[{"name":"wp","href":"https:\/\/api.w.org\/{rel}","templated":true}]}}