{"id":41210,"date":"2021-09-30T20:51:00","date_gmt":"2021-09-30T19:51:00","guid":{"rendered":"https:\/\/www.moyenagepassion.com\/?p=41210"},"modified":"2022-05-28T09:57:58","modified_gmt":"2022-05-28T08:57:58","slug":"fous-dhistoire-retour-du-grand-salon-son-marche-historique-a-compiegne","status":"publish","type":"post","link":"https:\/\/www.moyenagepassion.com\/index.php\/2021\/09\/30\/fous-dhistoire-retour-du-grand-salon-son-marche-historique-a-compiegne\/","title":{"rendered":"FOUS D&rsquo;Histoire, Retour du grand salon &#038; son march\u00e9 HISTORIQUE \u00e0 compiegne"},"content":{"rendered":"<div id=\"moyen-2845481803\" class=\"moyen-before-content moyen-entity-placement\"><script async src=\"\/\/pagead2.googlesyndication.com\/pagead\/js\/adsbygoogle.js?client=ca-pub-3035390706780632\" crossorigin=\"anonymous\"><\/script><ins class=\"adsbygoogle\" style=\"display:block;\" data-ad-client=\"ca-pub-3035390706780632\" \ndata-ad-slot=\"\" \ndata-ad-format=\"auto\"><\/ins>\n<script> \n(adsbygoogle = window.adsbygoogle || []).push({}); \n<\/script>\n<\/div>\n<div class=\"wp-block-image\"><figure class=\"alignleft size-full is-resized\"><img decoding=\"async\" src=\"https:\/\/www.moyenagepassion.com\/wp-content\/uploads\/2018\/11\/heraldique_ecu_armoirie_margny_les_compiegne_salon_spectacles_historiques_monde_medieval.jpg\" alt=\"\" class=\"wp-image-24422\" width=\"189\" height=\"186\"\/><\/figure><\/div>\n\n\n\n<p class=\"has-text-align-left class text_justify\"><strong>Sujet<\/strong>&nbsp;: march\u00e9 historique, animations historiques, compagnies m\u00e9di\u00e9vales, histoire vivante, spectacles, campements, reconstitutions.<br><strong>Ev\u00e9nement<\/strong>&nbsp; : Fous d\u2019Histoire 2021<br><strong>Lieu<\/strong>&nbsp;: Espace Le Tigre, Margny-l\u00e8s-Compi\u00e8gne, Oise, Hauts-de-France.<br><strong>Date&nbsp;<\/strong>:&nbsp; les 20&nbsp;&amp; 21 novembre&nbsp; &nbsp;2021<\/p>\n\n\n\n<p>Bonjour \u00e0 tous,<\/p>\n\n\n\n<div class=\"wp-block-image\"><figure class=\"alignleft size-large\"><img decoding=\"async\" width=\"96\" height=\"103\" src=\"https:\/\/www.moyenagepassion.com\/wp-content\/uploads\/2018\/10\/V_lettrine_moyen_age_passion-copia.jpg\" alt=\"\" class=\"wp-image-23907\"\/><\/figure><\/div>\n\n\n\n<p class=\"class text_justify\">oil\u00e0 un bel \u00e9v\u00e9nement \u00e0 noter sur vos agendas si vous vous trouvez proches des Hauts de France ou si vous avez la possibilit\u00e9 de vous y rendre, le mois prochain. Les samedi 20 et dimanche 21 novembre 2021, le salon <em>Fous d&rsquo;Histoire<\/em> sera, en effet, de retour \u00e0 Compi\u00e8gne avec ses nombreux spectacles historiques et son grand march\u00e9. On se souvient que l&rsquo;\u00e9dition 2020 s&rsquo;\u00e9tait vu annul\u00e9e face aux mesures sanitaires anti-covid.<\/p>\n\n\n\n<h2 class=\"wp-block-heading\">Le march\u00e9 historique<\/h2>\n\n\n\n<div class=\"wp-block-image\"><figure class=\"alignright size-large is-resized\"><a href=\"https:\/\/www.moyenagepassion.com\/wp-content\/uploads\/2021\/09\/salon_2021_evenement_medieval_historique_marche_histoire_spectacles_animattions_Compiegne.jpg\"><img decoding=\"async\" src=\"https:\/\/www.moyenagepassion.com\/wp-content\/uploads\/2021\/09\/salon_2021_evenement_medieval_historique_marche_histoire_spectacles_animattions_Compiegne.jpg\" alt=\"Affiche Salon m\u00e9di\u00e9val et historique Fous d'Histoire\" class=\"wp-image-41215\" width=\"225\" height=\"319\" srcset=\"https:\/\/www.moyenagepassion.com\/wp-content\/uploads\/2021\/09\/salon_2021_evenement_medieval_historique_marche_histoire_spectacles_animattions_Compiegne.jpg 450w, https:\/\/www.moyenagepassion.com\/wp-content\/uploads\/2021\/09\/salon_2021_evenement_medieval_historique_marche_histoire_spectacles_animattions_Compiegne-212x300.jpg 212w\" sizes=\"(max-width: 225px) 100vw, 225px\" \/><\/a><\/figure><\/div>\n\n\n\n<p class=\"class text_justify\">Fid\u00e8le \u00e0 ses habitudes, l&rsquo;Association pour l&rsquo;Histoire Vivante frappera \u00e0 nouveau tr\u00e8s fort \u00e0 l&rsquo;occasion de ce <em>Fous d&rsquo;Histoire 2021<\/em>. Pour son traditionnel march\u00e9 historique, elle annonce dors et d\u00e9j\u00e0 pas moins de 200 exposants, en provenance de 14 pays diff\u00e9rents. Les p\u00e9riodes couvertes vont bien au del\u00e0 du Moyen \u00c2ge avec  une ambition chronologique qui d\u00e9marre \u00e0 la pr\u00e9histoire pour s&rsquo;\u00e9tendre jusqu&rsquo;aux guerres mondiales du XXe si\u00e8cle.<\/p>\n\n\n\n<p class=\"class text_justify\">Costumes, chausses, armures, coutelleries, accessoires, bijoux, objets d\u00e9coratifs, poteries, tissus et imprim\u00e9s, livres, magazines, jeux, gastronomie inspir\u00e9e de diverses \u00e9poques (charcuterie, fromages, sucreries, \u2026) et plus encore. On aura de quoi se perdre, dans le bon sens du terme, au milieu de toutes ces \u00e9choppes et du choix propos\u00e9. En plus de toutes ses offres, le traditionnel stand d\u00e9p\u00f4t-vente de mat\u00e9riel d&rsquo;occasion permettra \u00e9galement aux fans de reconstitution de troquer leurs mat\u00e9riels, costumes et armures ou d&rsquo;en acqu\u00e9rir de nouveau \u00e0 prix cass\u00e9s.<\/p>\n\n\n\n<h2 class=\"wp-block-heading\">C\u00f4t\u00e9 spectacles et animations<br><\/h2>\n\n\n\n<div class=\"wp-block-image\"><figure class=\"alignleft size-full is-resized\"><a href=\"https:\/\/www.moyenagepassion.com\/wp-content\/uploads\/2021\/09\/Salon_moyen-age_fous_histoire_compiegne_animations_historiques_spectacles_2021.jpg\"><img decoding=\"async\" src=\"https:\/\/www.moyenagepassion.com\/wp-content\/uploads\/2021\/09\/Salon_moyen-age_fous_histoire_compiegne_animations_historiques_spectacles_2021.jpg\" alt=\"Animations et compagnies au salon historique de Margny-l\u00e8s-Compi\u00e8gne\" class=\"wp-image-41222\" width=\"154\" height=\"812\" srcset=\"https:\/\/www.moyenagepassion.com\/wp-content\/uploads\/2021\/09\/Salon_moyen-age_fous_histoire_compiegne_animations_historiques_spectacles_2021.jpg 180w, https:\/\/www.moyenagepassion.com\/wp-content\/uploads\/2021\/09\/Salon_moyen-age_fous_histoire_compiegne_animations_historiques_spectacles_2021-57x300.jpg 57w\" sizes=\"(max-width: 154px) 100vw, 154px\" \/><\/a><\/figure><\/div>\n\n\n\n<p class=\"class text_justify\">Aux cot\u00e9s de  ce grand march\u00e9, la programmation permettra comme toujours, de d\u00e9couvrir de nombreuses compagnies m\u00e9di\u00e9vales et historiques. Elles viendront m\u00eame y pr\u00e9senter leurs derniers spectacles ou prestations. On en d\u00e9nombrera pas moins de 120, c&rsquo;est dire combien la programmation promet d&rsquo;\u00eatre intense sur les deux jours du salon. <br><br>L\u00e0 encore, les domaines couverts sont loin de se limiter \u00e0 la musique ou la jonglerie. Les repr\u00e9sentations s&rsquo;\u00e9tendront aux spectacles animaliers, \u00e0 l&rsquo;art du combat ancien, \u00e0 la tenue d&rsquo;ateliers historiques et aux d\u00e9monstrations d&rsquo;artisanats ou de m\u00e9tiers d&rsquo;antan les plus divers. Danses, chants, contes et sc\u00e9nettes de rue viendront encore compl\u00e9ter ce grand festival d&rsquo;animations en mati\u00e8re historique ou plus fantastique. On se souvient que ce salon, en plus de sa vocation grand public, entend \u00e9galement accueillir les professionnels de l&rsquo;organisation d&rsquo;\u00e9v\u00e9nements publics ou priv\u00e9s, en leur permettant de venir rencontrer des associations ou entreprises d&rsquo;animations susceptibles de convenir \u00e0 leurs propres manifestations. Cette fois encore, une option sp\u00e9ciale, le vendredi, pourra m\u00eame leur permettre de rencontrer les compagnies et intervenants dans un cadre plus tranquille et privil\u00e9gi\u00e9.<\/p>\n\n\n\n<p class=\"class text_justify\">\u00c0 l&rsquo;habitude, c&rsquo;est l&rsquo;<strong>Espace d&rsquo;exposition Le Tigre <\/strong>de Margny-l\u00e8s-Compi\u00e8gne qui fournira le th\u00e9\u00e2tre de ce grand \u00e9v\u00e9nement qu&rsquo;on a vraiment plaisir \u00e0 voir reprogrammer. <\/p>\n\n\n\n<p class=\"has-text-align-center\"><a href=\"https:\/\/www.histoire-vivante.org\/evenements-aphv\/fous-dhistoire\" target=\"_blank\" rel=\"noreferrer noopener\">Pour plus de d\u00e9tails sur cet \u00e9v\u00e9nement, voir le site de l&rsquo;organisateur<\/a><\/p>\n\n\n\n<p class=\"class text_justify\">D\u00e9couvrir nos articles sur les \u00e9ditions pr\u00e9c\u00e9dentes de ce salon historique et m\u00e9di\u00e9val :  <a href=\"https:\/\/www.moyenagepassion.com\/index.php\/2016\/11\/18\/une-sortie-historique-pour-une-belle-fin-de-semaine-le-festival-fous-dhistoire-a-margny-les-compiegne\/\" target=\"_blank\" rel=\"noreferrer noopener\">Edition 2016<\/a>&nbsp;\u2013&nbsp; &nbsp;<a href=\"https:\/\/www.moyenagepassion.com\/index.php\/2017\/04\/03\/marche-historique-et-festivites-medievales-de-fin-de-semaine-marche-de-lhistoire-de-margny-les-compiegne\/\" target=\"_blank\" rel=\"noreferrer noopener\">Edition Avril 2017&nbsp;<\/a>\u2013&nbsp; &nbsp;<a href=\"https:\/\/www.moyenagepassion.com\/index.php\/2017\/11\/16\/agenda-medieval-et-historique-fou-dhistoire-a-margny-les-compiegne\/\" target=\"_blank\" rel=\"noreferrer noopener\">Edition Nov 2017&nbsp;&nbsp;<\/a>&nbsp;\u2013&nbsp; &nbsp;<a href=\"https:\/\/www.moyenagepassion.com\/index.php\/2018\/04\/19\/animations-fetes-medievales-du-week-end\/\">Edition 2018<\/a>&nbsp;&nbsp;\u2013&nbsp;&nbsp;<a href=\"https:\/\/www.moyenagepassion.com\/index.php\/2019\/04\/09\/agenda-3eme-edition-du-marche-de-lhistoire-de-margny-les-compiegne\/\" target=\"_blank\" rel=\"noreferrer noopener\">Edition&nbsp; avril 2019<\/a> &#8211; <a href=\"https:\/\/www.moyenagepassion.com\/index.php\/2019\/10\/28\/la-4eme-edition-du-festival-fous-dhistoire-compiegne\/\">Edition Nov 2019<\/a>.<\/p>\n\n\n\n<p>En vous souhaitant une belle journ\u00e9e.<\/p>\n\n\n\n<p>Fred<br>Pour moyenagepassion.com<br><em><strong>A la d\u00e9couverte du monde m\u00e9di\u00e9val sous toutes ses formes<\/strong><\/em><\/p>\n","protected":false},"excerpt":{"rendered":"<p>Sujet&nbsp;: march\u00e9 historique, animations historiques, compagnies m\u00e9di\u00e9vales, histoire vivante, spectacles, campements, reconstitutions.Ev\u00e9nement&nbsp; : Fous d\u2019Histoire 2021Lieu&nbsp;: Espace Le Tigre, Margny-l\u00e8s-Compi\u00e8gne, Oise, Hauts-de-France.Date&nbsp;:&nbsp; les 20&nbsp;&amp; 21 novembre&nbsp; &nbsp;2021 Bonjour \u00e0 tous, oil\u00e0 un bel \u00e9v\u00e9nement \u00e0 noter sur vos agendas si vous vous trouvez proches des Hauts de France ou si vous avez la possibilit\u00e9 de &hellip; <a href=\"https:\/\/www.moyenagepassion.com\/index.php\/2021\/09\/30\/fous-dhistoire-retour-du-grand-salon-son-marche-historique-a-compiegne\/\" class=\"more-link\">Continuer la lecture de <span class=\"screen-reader-text\">FOUS D&rsquo;Histoire, Retour du grand salon &#038; son march\u00e9 HISTORIQUE \u00e0 compiegne<\/span>  <span class=\"meta-nav\">&rarr;<\/span><\/a><\/p>\n","protected":false},"author":2,"featured_media":41221,"comment_status":"open","ping_status":"open","sticky":false,"template":"","format":"standard","meta":{"_monsterinsights_skip_tracking":false,"_monsterinsights_sitenote_active":false,"_monsterinsights_sitenote_note":"","_monsterinsights_sitenote_category":0,"footnotes":""},"categories":[11],"tags":[3521,2529,212,1828,1826,2519,636,2520,182,18,796,993,1833],"class_list":["post-41210","post","type-post","status-publish","format-standard","has-post-thumbnail","hentry","category-fetes-medievales-evenement","tag-animations-historiques","tag-animations-medievales","tag-compagnies-medievales","tag-fous-dhistoire","tag-histoire-vivante","tag-marche-de-lhistoire","tag-marche-medieval","tag-margny-les-compiegne","tag-monde-medieval","tag-moyen-age","tag-reconstitution","tag-salon","tag-spectacles-historiques"],"aioseo_notices":[],"_links":{"self":[{"href":"https:\/\/www.moyenagepassion.com\/index.php\/wp-json\/wp\/v2\/posts\/41210"}],"collection":[{"href":"https:\/\/www.moyenagepassion.com\/index.php\/wp-json\/wp\/v2\/posts"}],"about":[{"href":"https:\/\/www.moyenagepassion.com\/index.php\/wp-json\/wp\/v2\/types\/post"}],"author":[{"embeddable":true,"href":"https:\/\/www.moyenagepassion.com\/index.php\/wp-json\/wp\/v2\/users\/2"}],"replies":[{"embeddable":true,"href":"https:\/\/www.moyenagepassion.com\/index.php\/wp-json\/wp\/v2\/comments?post=41210"}],"version-history":[{"count":26,"href":"https:\/\/www.moyenagepassion.com\/index.php\/wp-json\/wp\/v2\/posts\/41210\/revisions"}],"predecessor-version":[{"id":44304,"href":"https:\/\/www.moyenagepassion.com\/index.php\/wp-json\/wp\/v2\/posts\/41210\/revisions\/44304"}],"wp:featuredmedia":[{"embeddable":true,"href":"https:\/\/www.moyenagepassion.com\/index.php\/wp-json\/wp\/v2\/media\/41221"}],"wp:attachment":[{"href":"https:\/\/www.moyenagepassion.com\/index.php\/wp-json\/wp\/v2\/media?parent=41210"}],"wp:term":[{"taxonomy":"category","embeddable":true,"href":"https:\/\/www.moyenagepassion.com\/index.php\/wp-json\/wp\/v2\/categories?post=41210"},{"taxonomy":"post_tag","embeddable":true,"href":"https:\/\/www.moyenagepassion.com\/index.php\/wp-json\/wp\/v2\/tags?post=41210"}],"curies":[{"name":"wp","href":"https:\/\/api.w.org\/{rel}","templated":true}]}}