{"id":4131,"date":"2016-05-27T18:00:17","date_gmt":"2016-05-27T17:00:17","guid":{"rendered":"http:\/\/www.moyenagepassion.com\/?p=4131"},"modified":"2020-10-04T19:57:13","modified_gmt":"2020-10-04T18:57:13","slug":"la-medecine-medievale-davicenne-et-limportance-du-contexte-psychologique-sur-la-guerison-du-patient","status":"publish","type":"post","link":"https:\/\/www.moyenagepassion.com\/index.php\/2016\/05\/27\/la-medecine-medievale-davicenne-et-limportance-du-contexte-psychologique-sur-la-guerison-du-patient\/","title":{"rendered":"la m\u00e9decine m\u00e9di\u00e9vale d&rsquo;Avicenne et l&rsquo;importance du contexte psychologique sur la gu\u00e9rison du patient"},"content":{"rendered":"<div id=\"moyen-3090357033\" class=\"moyen-before-content moyen-entity-placement\"><script async src=\"\/\/pagead2.googlesyndication.com\/pagead\/js\/adsbygoogle.js?client=ca-pub-3035390706780632\" crossorigin=\"anonymous\"><\/script><ins class=\"adsbygoogle\" style=\"display:block;\" data-ad-client=\"ca-pub-3035390706780632\" \ndata-ad-slot=\"\" \ndata-ad-format=\"auto\"><\/ins>\n<script> \n(adsbygoogle = window.adsbygoogle || []).push({}); \n<\/script>\n<\/div><p style=\"text-align: justify;\"><span style=\"color: #008000;\"><strong><em><img decoding=\"async\" class=\"alignleft size-full wp-image-4132\" src=\"https:\/\/www.moyenagepassion.com\/wp-content\/uploads\/2016\/05\/medecine_science_moyen-age_avicenne_ibn_sina_canon_medecine.jpg\" alt=\"medecine_science_moyen-age_avicenne_ibn_sina_canon_medecine\" width=\"130\" height=\"214\" \/>\u00ab Nous devons consid\u00e9rer que l\u2019un des meilleurs traitements, l\u2019un des plus efficaces, consiste \u00e0 accro\u00eetre les forces mentales et psychiques du patient, \u00e0 l&rsquo;encourager \u00e0 la lutte, \u00e0 cr\u00e9er autour de lui une \u00a0ambiance agr\u00e9able, \u00e0 le mettre en contact avec des personnes qui lui plaisent. \u00bb<\/em> <\/strong><\/span><br \/>\nCitations m\u00e9di\u00e9vales, \u00ab\u00a0Canon de la m\u00e9decine\u00a0\u00bb, Avicenne Ibn Sina (980-1037), grand savant, philosophe et m\u00e9decin du moyen \u00e2ge.<\/p>\n<p>\u00a0science et m\u00e9decine au moyen-\u00e2ge<br \/>\n<a href=\"https:\/\/www.moyenagepassion.com\/index.php\/2016\/02\/13\/avicenne-brillant-esprit-savant-philosophe-et-medecin-du-xie-siecle\/\" target=\"_blank\" rel=\"noopener noreferrer\">Voir aussi article sur Avicenne ici<\/a><\/p>\n","protected":false},"excerpt":{"rendered":"<p>\u00ab Nous devons consid\u00e9rer que l\u2019un des meilleurs traitements, l\u2019un des plus efficaces, consiste \u00e0 accro\u00eetre les forces mentales et psychiques du patient, \u00e0 l&rsquo;encourager \u00e0 la lutte, \u00e0 cr\u00e9er autour de lui une \u00a0ambiance agr\u00e9able, \u00e0 le mettre en contact avec des personnes qui lui plaisent. \u00bb Citations m\u00e9di\u00e9vales, \u00ab\u00a0Canon de la m\u00e9decine\u00a0\u00bb, Avicenne &hellip; <a href=\"https:\/\/www.moyenagepassion.com\/index.php\/2016\/05\/27\/la-medecine-medievale-davicenne-et-limportance-du-contexte-psychologique-sur-la-guerison-du-patient\/\" class=\"more-link\">Continuer la lecture de <span class=\"screen-reader-text\">la m\u00e9decine m\u00e9di\u00e9vale d&rsquo;Avicenne et l&rsquo;importance du contexte psychologique sur la gu\u00e9rison du patient<\/span>  <span class=\"meta-nav\">&rarr;<\/span><\/a><\/p>\n","protected":false},"author":2,"featured_media":0,"comment_status":"open","ping_status":"open","sticky":false,"template":"","format":"quote","meta":{"_monsterinsights_skip_tracking":false,"_monsterinsights_sitenote_active":false,"_monsterinsights_sitenote_note":"","_monsterinsights_sitenote_category":0,"footnotes":""},"categories":[3314,154,2174],"tags":[529,155,429,531,444,679,22,18,85,332,510,3315],"class_list":["post-4131","post","type-post","status-publish","format-quote","hentry","category-avicenne-ibn-sina","category-citations-moyen-age-medievales","category-medecine-medievale","tag-avicenne","tag-citation","tag-citations-medievales","tag-ibn-sina","tag-medecin","tag-medecine-medievale","tag-medievale","tag-moyen-age","tag-moyen-age-central","tag-philosophe","tag-savant","tag-xie-siecle","post_format-post-format-quote"],"aioseo_notices":[],"_links":{"self":[{"href":"https:\/\/www.moyenagepassion.com\/index.php\/wp-json\/wp\/v2\/posts\/4131"}],"collection":[{"href":"https:\/\/www.moyenagepassion.com\/index.php\/wp-json\/wp\/v2\/posts"}],"about":[{"href":"https:\/\/www.moyenagepassion.com\/index.php\/wp-json\/wp\/v2\/types\/post"}],"author":[{"embeddable":true,"href":"https:\/\/www.moyenagepassion.com\/index.php\/wp-json\/wp\/v2\/users\/2"}],"replies":[{"embeddable":true,"href":"https:\/\/www.moyenagepassion.com\/index.php\/wp-json\/wp\/v2\/comments?post=4131"}],"version-history":[{"count":1,"href":"https:\/\/www.moyenagepassion.com\/index.php\/wp-json\/wp\/v2\/posts\/4131\/revisions"}],"predecessor-version":[{"id":34580,"href":"https:\/\/www.moyenagepassion.com\/index.php\/wp-json\/wp\/v2\/posts\/4131\/revisions\/34580"}],"wp:attachment":[{"href":"https:\/\/www.moyenagepassion.com\/index.php\/wp-json\/wp\/v2\/media?parent=4131"}],"wp:term":[{"taxonomy":"category","embeddable":true,"href":"https:\/\/www.moyenagepassion.com\/index.php\/wp-json\/wp\/v2\/categories?post=4131"},{"taxonomy":"post_tag","embeddable":true,"href":"https:\/\/www.moyenagepassion.com\/index.php\/wp-json\/wp\/v2\/tags?post=4131"}],"curies":[{"name":"wp","href":"https:\/\/api.w.org\/{rel}","templated":true}]}}