{"id":41549,"date":"2021-10-27T21:14:47","date_gmt":"2021-10-27T20:14:47","guid":{"rendered":"https:\/\/www.moyenagepassion.com\/?p=41549"},"modified":"2022-05-28T09:46:49","modified_gmt":"2022-05-28T08:46:49","slug":"lappetit-de-savoir-au-moyen-age-regine-pernoud","status":"publish","type":"post","link":"https:\/\/www.moyenagepassion.com\/index.php\/2021\/10\/27\/lappetit-de-savoir-au-moyen-age-regine-pernoud\/","title":{"rendered":"L&rsquo;app\u00e9tit &#038; le go\u00fbt du savoir au Moyen \u00c2ge, R\u00e9gine Pernoud"},"content":{"rendered":"<div id=\"moyen-279818910\" class=\"moyen-before-content moyen-entity-placement\"><script async src=\"\/\/pagead2.googlesyndication.com\/pagead\/js\/adsbygoogle.js?client=ca-pub-3035390706780632\" crossorigin=\"anonymous\"><\/script><ins class=\"adsbygoogle\" style=\"display:block;\" data-ad-client=\"ca-pub-3035390706780632\" \ndata-ad-slot=\"\" \ndata-ad-format=\"auto\"><\/ins>\n<script> \n(adsbygoogle = window.adsbygoogle || []).push({}); \n<\/script>\n<\/div>\n<div class=\"wp-block-image\"><figure class=\"alignleft size-large is-resized\"><img decoding=\"async\" src=\"https:\/\/www.moyenagepassion.com\/wp-content\/uploads\/2019\/09\/citation-medievale-litterature-poesie-moyen-age.jpg\" alt=\"\" class=\"wp-image-28385\" width=\"138\" height=\"138\"\/><\/figure><\/div>\n\n\n\n<p><strong>Sujet<\/strong>&nbsp; :&nbsp; &nbsp;citations, Moyen \u00c2ge,&nbsp; historien, m\u00e9di\u00e9viste, valeurs m\u00e9di\u00e9vales, valeurs actuelles, savoir, livres, proverbe m\u00e9di\u00e9val, pr\u00e9jug\u00e9s.<br><strong>Auteur <\/strong>:  R\u00e9gine Pernoud (1909-1998)<br><strong>Ouvrage<\/strong> : <em>Lumi\u00e8re du Moyen \u00c2ge<\/em> (1946)<\/p>\n\n\n\n<hr class=\"wp-block-separator\"\/>\n\n\n\n<div class=\"wp-block-image\"><figure class=\"aligncenter size-large\"><a href=\"https:\/\/www.moyenagepassion.com\/wp-content\/uploads\/2021\/10\/citation_histoire_medievale_medieviste_regine_pernoud_savoir_livre_moyen-age-1.jpg\"><img decoding=\"async\" width=\"986\" height=\"380\" src=\"https:\/\/www.moyenagepassion.com\/wp-content\/uploads\/2021\/10\/citation_histoire_medievale_medieviste_regine_pernoud_savoir_livre_moyen-age-1.jpg\" alt=\"Citation illustr\u00e9e de R\u00e9gine Pernoud : lire au Moyen \u00c2ge\" class=\"wp-image-41573\" srcset=\"https:\/\/www.moyenagepassion.com\/wp-content\/uploads\/2021\/10\/citation_histoire_medievale_medieviste_regine_pernoud_savoir_livre_moyen-age-1.jpg 986w, https:\/\/www.moyenagepassion.com\/wp-content\/uploads\/2021\/10\/citation_histoire_medievale_medieviste_regine_pernoud_savoir_livre_moyen-age-1-300x116.jpg 300w, https:\/\/www.moyenagepassion.com\/wp-content\/uploads\/2021\/10\/citation_histoire_medievale_medieviste_regine_pernoud_savoir_livre_moyen-age-1-768x296.jpg 768w\" sizes=\"(max-width: 986px) 100vw, 986px\" \/><\/a><\/figure><\/div>\n\n\n\n<p class=\"has-text-align-left class text_justify\"><em><span class=\"has-inline-color has-green-color\"><strong>\u00ab\u00a0Tout ce qui touche au savoir est ainsi honor\u00e9 au Moyen \u00c2ge : \u00ab\u00a0\u00c0 d\u00e9shonneur meurt \u00e0 bon droit qui n&rsquo;aime un livre\u00a0\u00bb, disait un proverbe ; et il suffit de se pencher sur les textes pour retrouver trace des mesures par lesquelles tout app\u00e9tit de sciences \u00e9tait encourag\u00e9 et aliment\u00e9.\u00a0\u00bb<\/strong><\/span><\/em><\/p>\n\n\n\n<p class=\"has-text-align-right\"><em>Lumi\u00e8re du Moyen Age<\/em>, <strong>R\u00e9gine Pernoud<\/strong>, Editions Grasset (1946), <\/p>\n\n\n\n<hr class=\"wp-block-separator\"\/>\n\n\n\n<h2 class=\"wp-block-heading\">D\u00e9construire les pr\u00e9jug\u00e9s sur le Moyen \u00c2ge<\/h2>\n\n\n\n<p class=\"class text_justify\">En 1946, R\u00e9gine Pernoud publiait son premier ouvrage chez Grasset. Avec pour titre \u00e9difiant : <em>Lumi\u00e8re du Moyen \u00c2ge<\/em>,  la m\u00e9di\u00e9viste se proposait d&rsquo;y prendre le contrepied d&rsquo;un certain nombre d&rsquo;id\u00e9es re\u00e7ues \u00e0 l&rsquo;encontre de cette p\u00e9riode historique, comme elle n&rsquo;allait cesser de le faire, par la suite, tout au long de sa carri\u00e8re. <\/p>\n\n\n\n<div class=\"wp-block-image\"><figure class=\"alignright size-large is-resized\"><img decoding=\"async\" src=\"https:\/\/www.moyenagepassion.com\/wp-content\/uploads\/2021\/10\/regine-pernoud-lumier-du-moyen-age-livre-prejuges-monde-medieval.jpg\" alt=\"Livre sur le Moyen \u00c2ge de R\u00e9gine Pernoud\" class=\"wp-image-41562\" width=\"210\" height=\"307\" srcset=\"https:\/\/www.moyenagepassion.com\/wp-content\/uploads\/2021\/10\/regine-pernoud-lumier-du-moyen-age-livre-prejuges-monde-medieval.jpg 250w, https:\/\/www.moyenagepassion.com\/wp-content\/uploads\/2021\/10\/regine-pernoud-lumier-du-moyen-age-livre-prejuges-monde-medieval-205x300.jpg 205w\" sizes=\"(max-width: 210px) 100vw, 210px\" \/><\/figure><\/div>\n\n\n\n<p class=\"class text_justify\">Pour chasser les pr\u00e9jug\u00e9s bien ancr\u00e9s et, avec  eux, la vision surfaite d&rsquo;un monde m\u00e9di\u00e9val barbare et obscurantiste (l&rsquo;\u00e9ternel retour de l&rsquo;\u00e2ge des t\u00e9n\u00e8bres), l&rsquo;historienne choisissait de souligner, sur les quelques 270 pages de ce livre, l&rsquo;\u00e9clat du Moyen \u00c2ge. Les domaines abord\u00e9s y sont aussi divers que le commerce, les arts, la litt\u00e9rature mais aussi la science ou la m\u00e9decine. Elle portait aussi son attention sur des aspects li\u00e9s aux droits des femmes dans les soci\u00e9t\u00e9s m\u00e9di\u00e9vales, \u00e0 l&rsquo;importance de la structure familiale  ou encore \u00e0 certains raffinements de la vie quotidienne. Pour \u00eatre l&rsquo;une des premi\u00e8res parutions d&rsquo;importance  de R\u00e9gine Pernoud, l&rsquo;ouvrage tra\u00e7ait d\u00e9j\u00e0 un bon nombre des pistes qu&rsquo;on lui verrait reprendre et d\u00e9tailler dans l&rsquo;ensemble de son \u0153uvre. <\/p>\n\n\n\n<p class=\"class text_justify\"><em>Lumi\u00e8re du Moyen \u00c2ge <\/em>a \u00e9t\u00e9 r\u00e9\u00e9dit\u00e9 de nombreuses fois jusque dans les ann\u00e9es 80. Aujourd&rsquo;hui, on en trouve encore quelques exemplaires papier \u00e0 la vente. L&rsquo;\u00e9diteur a \u00e9galement eu la bonne id\u00e9e de proposer l&rsquo;ouvrage au format Kindle \u00e0 petit prix. Voici un lien utile pour plus d&rsquo;informations  sur toutes ces options : <a target=\"_blank\" href=\"https:\/\/www.amazon.fr\/gp\/product\/2246230020\/ref=as_li_tl?ie=UTF8&amp;camp=1642&amp;creative=6746&amp;creativeASIN=2246230020&amp;linkCode=as2&amp;tag=f1266-21&amp;linkId=3d27b1f712a98499bbf0b3e42e4d7236\" rel=\"noopener noreferrer\">Lumi\u00e8re du Moyen Age, R\u00e9gine Pernoud<\/a> <\/p>\n\n\n\n<h3 class=\"wp-block-heading\">Les id\u00e9es re\u00e7ues \u00e0 75 ans de ce livre<\/h3>\n\n\n\n<div class=\"wp-block-image\"><figure class=\"alignleft size-full is-resized\"><img decoding=\"async\" src=\"https:\/\/www.moyenagepassion.com\/wp-content\/uploads\/2021\/10\/deco-medieval-enluminure-medieviste-moyen-age.jpg\" alt=\"\" class=\"wp-image-41571\" width=\"86\" height=\"371\"\/><\/figure><\/div>\n\n\n\n<p class=\"class text_justify\">L&rsquo;ignorance a la vie dure. \u00c0 plus de 75 ans de cette <em>Lumi\u00e8re du Moyen Age<\/em> de R\u00e9gine Pernoud, de nombreux pr\u00e9jug\u00e9s demeurent au sujet du monde m\u00e9di\u00e9val. L&rsquo;historienne du XXe si\u00e8cle n&rsquo;a pourtant pas \u00e9t\u00e9 l&rsquo;unique m\u00e9di\u00e9viste \u00e0 lutter contre eux, loin de l\u00e0 (voir <em><a href=\"https:\/\/www.moyenagepassion.com\/index.php\/2021\/01\/31\/moyen-age-idees-recues-revolution-des-machines\/\">Moyen \u00c2ge, id\u00e9es re\u00e7ues et r\u00e9volution des machines<\/a><\/em>). Si une partie du public semble y rester sourd, on en vient l\u00e9gitimement  \u00e0 se demander pourquoi. La l\u00e9g\u00e8ret\u00e9 de l&rsquo;enseignement et des programmes ne sont, sans doute, pas les seuls \u00e0 expliquer ce d\u00e9ficit de r\u00e9alisme ou de sens historique. Et m\u00eame si la renaissance, le si\u00e8cle des lumi\u00e8res ou, encore, la r\u00e9volution fran\u00e7aise (r\u00e9gicide et fondatrice de la r\u00e9publique)  ont \u00e9t\u00e9 longtemps avanc\u00e9es pour expliquer la mise en place de certains pr\u00e9jug\u00e9s, apr\u00e8s plus de 150 ans d&rsquo;une science historique et m\u00e9di\u00e9vale relativement mature, cet habituel trio peine un peu \u00e0 continuer \u00e0 servir, seul, d&rsquo;explications. <\/p>\n\n\n\n<p class=\"class text_justify\">De notre c\u00f4t\u00e9, nous serions plut\u00f4t tent\u00e9s de poser que certaines forces antagonistes r\u00e9centes ont continu\u00e9 de s&rsquo;y ajouter pour souffler sur les braises de certaines id\u00e9es re\u00e7ues. Dans cette hypoth\u00e8se, un certain d\u00e9nigrement du Moyen \u00c2ge aurait pu permettre d&rsquo;enterrer plus vite son importance, \u00e0 la fois, sur les racines historiques de notre civilisation (et partant sur la l\u00e9gitimit\u00e9 de certaines de ses valeurs et de leur perdurance) comme sur certains de ses aspects \u00e9clair\u00e9s et civilisationnels.  <\/p>\n\n\n\n<h3 class=\"wp-block-heading\">Des forces antagonistes ?<\/h3>\n\n\n\n<p class=\"class text_justify\">Mais alors quoi ? La spiritualit\u00e9 et certaines des valeurs humanistes chr\u00e9tiennes du Moyen \u00c2ge, ses fortes structures familiales, ses freins moraux au lib\u00e9ralisme d\u00e9brid\u00e9, son syst\u00e8me politique r\u00e9galien, ses lumi\u00e8res culturelles et son legs : pour quelles id\u00e9ologies r\u00e9centes  tout cela pourrait-il \u00eatre autant d&rsquo;ennemis d\u00e9sign\u00e9s  ? Au mat\u00e9rialisme scientifique et \u00e0 la r\u00e9publique auraient pu venir s&rsquo;ajouter, bien plus tard, le capitalisme libertaire, son individualisme consum\u00e9riste et sa guerre d\u00e9clar\u00e9e \u00e0 une certaine France des traditions et des croyances. Plus pr\u00e8s de nous, la financiarisation et la haute sp\u00e9culation contre la valeur travail n&rsquo;ont certes plus grand chose de m\u00e9di\u00e9val. Dans cette liste, on pourrait ranger encore le n\u00e9o-lib\u00e9ralisme et, pour nous tourner vers des \u00e9l\u00e9ments plus r\u00e9cents, certaines formes de progressisme transhumaniste. <\/p>\n\n\n\n<div class=\"wp-block-image\"><figure class=\"alignright size-full is-resized\"><img decoding=\"async\" src=\"https:\/\/www.moyenagepassion.com\/wp-content\/uploads\/2021\/10\/deco-medieval-enluminure-medieviste-moyen-age.jpg\" alt=\"\" class=\"wp-image-41571\" width=\"86\" height=\"371\"\/><\/figure><\/div>\n\n\n\n<p class=\"class text_justify\">Encore une fois, sans n\u00e9cessairement \u0153uvrer activement contre le Moyen \u00c2ge, on voit bien comment tous ces courants modernes sont \u00e0 l&rsquo;oppos\u00e9 \u00e9thique total de nombreuses valeurs port\u00e9es  par cette p\u00e9riode.  Dans le m\u00eame ordre d&rsquo;id\u00e9es, on pourrait se demander  \u00e0 quel point, certaines formes extr\u00eames d&rsquo;europ\u00e9isme f\u00e9d\u00e9ratif ou imp\u00e9rialiste, dans leur volont\u00e9 affich\u00e9e d&rsquo;annihiler les nations, peuvent travailler \u00e0 l&rsquo;encontre d&rsquo;un certain roman national et historique :  dans un vid\u00e9o r\u00e9cente, une technocrate allemande \u00e0 Bruxelles parlait de la n\u00e9cessit\u00e9 de \u00ab\u00a0d\u00e9construire les peuples\u00a0\u00bb. Rien que \u00e7a\u2026 C&rsquo;est une affirmation qui revient souvent dans la bouche de certains de ces id\u00e9ologues, f\u00e9rus d&rsquo;ing\u00e9nierie sociale et souvent, il faut l&rsquo;avouer, l\u00e9g\u00e8rement m\u00e9galomanes.  <\/p>\n\n\n\n<p class=\"class text_justify\">Si toutes ces forces existent bien, sont elles actives, activistes, ou simplement antagonistes ? Leur pr\u00e9sence peut elle expliquer que certaines r\u00e9alit\u00e9s m\u00e9di\u00e9vales et historiques puissent \u00eatre maintenues sous cloche (voire revisit\u00e9es) ? Ce n&rsquo;est pas impossible m\u00eame si, pour v\u00e9rifier une telle hypoth\u00e8se, il faudrait conduire des recherches qui d\u00e9borderaient largement le cadre de cet article. Sans parler d&rsquo;obstruction active, on peut supposer que les choix de financement de productions grand public, ou m\u00eame d&rsquo;aide \u00e0 la culture et \u00e0 l&rsquo;\u00e9ducation ne sont pas tout \u00e0 fait enclins \u00e0 se porter vers ces sujets ou certaines mani\u00e8res de les traiter.  Ce qu&rsquo;on peut, en revanche, constater, c&rsquo;est que de nombreux pr\u00e9jug\u00e9s sont entretenus pour que le Moyen \u00c2ge reste l&rsquo;\u00e2ge des rois tyrans, de la b\u00eatise, de la salet\u00e9, des m\u00e9chants crois\u00e9s, du fanatisme religieux, des l\u00e9gions de b\u00fbchers \u00e0 perte de vue (<a href=\"https:\/\/www.moyenagepassion.com\/index.php\/2020\/05\/10\/conference-la-legende-noire-de-linquisition-medievale-avec-laurent-albaret\/\">voir la l\u00e9gende noire de l&rsquo;inquisition<\/a>)\u2026 Mieux encore, avec un brin de condescendance, on se plaira \u00e0 le d\u00e9crire comme cette sorte d&rsquo;enfance touchante, maladroite et r\u00e9volue de notre civilisation, comme  on avait pu consid\u00e9rer, aux si\u00e8cles pass\u00e9es,  les peuples traditionnels comme de gentils arri\u00e9r\u00e9s. <\/p>\n\n\n\n<p class=\"class text_justify\">Avec l&rsquo;ouvrage de R\u00e9gine Pernoud, nous sommes, fort heureusement, \u00e0 des lieues d&rsquo;un Moyen \u00c2ge historique p\u00e9tri d&rsquo;ignorance crasse dans lequel, non contents d&rsquo;y patauger, des hommes m\u00e9di\u00e9vaux ignares, sales et m\u00e9chants, auraient eu \u00e0 c\u0153ur de se complaire. La citation du jour nous permettra m\u00eame de d\u00e9couvrir qu&rsquo;au contraire, le go\u00fbt du savoir et des livres y \u00e9tait encourag\u00e9 et pris\u00e9. Pour abonder dans  ce sens et pour n&rsquo;en donner qu&rsquo;une autre illustration, on pourra  se reporter \u00e0 cette ballade d&rsquo;eustache Deschamps : <a href=\"https:\/\/www.moyenagepassion.com\/index.php\/2017\/02\/08\/poesie-medievale-et-ballade-du-xve-siecle-des-plaisirs-de-letude-et-des-sciences-par-eustache-deschamps\/\">Des plaisirs de l&rsquo;\u00e9tude et des sciences<\/a>. <\/p>\n\n\n\n<p>En vous souhaitant une belle journ\u00e9e.<\/p>\n\n\n\n<p>Fred<br>Pour moyenagepassion.com<br><em><strong>A la d\u00e9couverte du monde m\u00e9di\u00e9val sous &nbsp;toutes ses formes<\/strong><\/em><\/p>\n","protected":false},"excerpt":{"rendered":"<p>Sujet&nbsp; :&nbsp; &nbsp;citations, Moyen \u00c2ge,&nbsp; historien, m\u00e9di\u00e9viste, valeurs m\u00e9di\u00e9vales, valeurs actuelles, savoir, livres, proverbe m\u00e9di\u00e9val, pr\u00e9jug\u00e9s.Auteur : R\u00e9gine Pernoud (1909-1998)Ouvrage : Lumi\u00e8re du Moyen \u00c2ge (1946) \u00ab\u00a0Tout ce qui touche au savoir est ainsi honor\u00e9 au Moyen \u00c2ge : \u00ab\u00a0\u00c0 d\u00e9shonneur meurt \u00e0 bon droit qui n&rsquo;aime un livre\u00a0\u00bb, disait un proverbe ; et il &hellip; <a href=\"https:\/\/www.moyenagepassion.com\/index.php\/2021\/10\/27\/lappetit-de-savoir-au-moyen-age-regine-pernoud\/\" class=\"more-link\">Continuer la lecture de <span class=\"screen-reader-text\">L&rsquo;app\u00e9tit &#038; le go\u00fbt du savoir au Moyen \u00c2ge, R\u00e9gine Pernoud<\/span>  <span class=\"meta-nav\">&rarr;<\/span><\/a><\/p>\n","protected":false},"author":2,"featured_media":41561,"comment_status":"open","ping_status":"open","sticky":false,"template":"","format":"standard","meta":{"_monsterinsights_skip_tracking":false,"_monsterinsights_sitenote_active":false,"_monsterinsights_sitenote_note":"","_monsterinsights_sitenote_category":0,"footnotes":""},"categories":[154],"tags":[5190,429,525,5133,2489,182,5587,5034,2927,3753,2069],"class_list":["post-41549","post","type-post","status-publish","format-standard","has-post-thumbnail","hentry","category-citations-moyen-age-medievales","tag-citations","tag-citations-medievales","tag-historien","tag-livre","tag-medieviste","tag-monde-medieval","tag-moyen-age-2","tag-moyen-age-3","tag-prejuges","tag-regine-pernoud","tag-science-medievale"],"aioseo_notices":[],"_links":{"self":[{"href":"https:\/\/www.moyenagepassion.com\/index.php\/wp-json\/wp\/v2\/posts\/41549"}],"collection":[{"href":"https:\/\/www.moyenagepassion.com\/index.php\/wp-json\/wp\/v2\/posts"}],"about":[{"href":"https:\/\/www.moyenagepassion.com\/index.php\/wp-json\/wp\/v2\/types\/post"}],"author":[{"embeddable":true,"href":"https:\/\/www.moyenagepassion.com\/index.php\/wp-json\/wp\/v2\/users\/2"}],"replies":[{"embeddable":true,"href":"https:\/\/www.moyenagepassion.com\/index.php\/wp-json\/wp\/v2\/comments?post=41549"}],"version-history":[{"count":84,"href":"https:\/\/www.moyenagepassion.com\/index.php\/wp-json\/wp\/v2\/posts\/41549\/revisions"}],"predecessor-version":[{"id":44297,"href":"https:\/\/www.moyenagepassion.com\/index.php\/wp-json\/wp\/v2\/posts\/41549\/revisions\/44297"}],"wp:featuredmedia":[{"embeddable":true,"href":"https:\/\/www.moyenagepassion.com\/index.php\/wp-json\/wp\/v2\/media\/41561"}],"wp:attachment":[{"href":"https:\/\/www.moyenagepassion.com\/index.php\/wp-json\/wp\/v2\/media?parent=41549"}],"wp:term":[{"taxonomy":"category","embeddable":true,"href":"https:\/\/www.moyenagepassion.com\/index.php\/wp-json\/wp\/v2\/categories?post=41549"},{"taxonomy":"post_tag","embeddable":true,"href":"https:\/\/www.moyenagepassion.com\/index.php\/wp-json\/wp\/v2\/tags?post=41549"}],"curies":[{"name":"wp","href":"https:\/\/api.w.org\/{rel}","templated":true}]}}