{"id":4192,"date":"2016-05-30T00:46:36","date_gmt":"2016-05-29T23:46:36","guid":{"rendered":"http:\/\/www.moyenagepassion.com\/?p=4192"},"modified":"2022-02-02T18:49:16","modified_gmt":"2022-02-02T17:49:16","slug":"lay-de-francois-villon-au-retour-de-prison","status":"publish","type":"post","link":"https:\/\/www.moyenagepassion.com\/index.php\/2016\/05\/30\/lay-de-francois-villon-au-retour-de-prison\/","title":{"rendered":"Lays de Fran\u00e7ois Villon:  \u00ab\u00a0au retour\u00a0\u00bb de la torture et des cachots"},"content":{"rendered":"<div id=\"moyen-2179669883\" class=\"moyen-before-content moyen-entity-placement\"><script async src=\"\/\/pagead2.googlesyndication.com\/pagead\/js\/adsbygoogle.js?client=ca-pub-3035390706780632\" crossorigin=\"anonymous\"><\/script><ins class=\"adsbygoogle\" style=\"display:block;\" data-ad-client=\"ca-pub-3035390706780632\" \ndata-ad-slot=\"\" \ndata-ad-format=\"auto\"><\/ins>\n<script> \n(adsbygoogle = window.adsbygoogle || []).push({}); \n<\/script>\n<\/div><p><strong><img decoding=\"async\" class=\"alignleft wp-image-160\" src=\"https:\/\/www.moyenagepassion.com\/wp-content\/uploads\/2015\/12\/fran\u00e7ois_villon_poesie_francais_moyen_age.jpg\" alt=\"fran\u00e7ois_villon_poesie_francais_moyen_age\" width=\"82\" height=\"102\" \/>Sujet<\/strong> : po\u00e9sie m\u00e9di\u00e9vale, po\u00e9sie satirique<br \/>\n<strong>P\u00e9riode :<\/strong> moyen-\u00e2ge tardif, XVe si\u00e8cle<br \/>\n<strong>Auteur<\/strong> : Fran\u00e7ois Villon (1431-1463)<br \/>\n<strong>Titre<\/strong> : \u00ab\u00a0Lays, au retour\u00a0\u00bb<\/p>\n<p>Bonjour \u00e0 tous,<\/p>\n<p style=\"text-align: justify;\"><img decoding=\"async\" class=\"alignleft size-full wp-image-36\" src=\"https:\/\/www.moyenagepassion.com\/wp-content\/uploads\/2015\/12\/C_lettrine_moyen_age_passion.jpg\" alt=\"C_lettrine_moyen_age_passion\" width=\"84\" height=\"103\" \/>&lsquo;est apr\u00e8s\u00a0 sa sortie de la prison du ch\u00e2teau de Meung-sur-Loire, o\u00f9 l&rsquo;\u00e9v\u00eaque d&rsquo;Orl\u00e9ans Thibault d\u2019Aussigny l&rsquo;avait fait emprisonner que Fran\u00e7ois Villon \u00e9crira ce LAYS et son \u0153uvre majeure, le testament.<\/p>\n<p style=\"text-align: justify;\"><img decoding=\"async\" class=\"alignright wp-image-4202\" src=\"https:\/\/www.moyenagepassion.com\/wp-content\/uploads\/2016\/05\/torture_medievale_supplice_de_eau_fran\u00e7ois_villon_lays_au_retour_de_prison.jpg\" alt=\"torture_medievale_supplice_de_eau_fran\u00e7ois_villon_lays_au_retour_de_prison\" width=\"214\" height=\"188\" \/>Le doute subsiste encore sur les motifs de cet emprisonnement qui n&rsquo;est pas le premier dans la vie du turbulent po\u00e8te, sans doute de menus larcins \u00e0 la faveur d&rsquo;une passe o\u00f9 il se trouvait sans le sou, ce qui lui est arriv\u00e9 \u00e9galement plus d&rsquo;une fois. Incarc\u00e9r\u00e9 durant l&rsquo;\u00e9t\u00e9 1461, Fran\u00e7ois Villon\u00a0en sortira quelques mois apr\u00e8s en octobre, graci\u00e9 par le roi Louis XI qui venait d&rsquo;\u00eatre investi de la couronne, \u00e0 la suite du d\u00e9c\u00e8s de son p\u00e8re Charles VII et qui faisait alors le\u00a0tour de son royaume.<\/p>\n<p><a href=\"https:\/\/www.moyenagepassion.com\/wp-content\/uploads\/2016\/05\/lays_francois_villon_poesie_monde_medieval_la_dure_prison_du_chateau_de_meung.jpg\"><img decoding=\"async\" class=\"aligncenter wp-image-32134 size-full\" src=\"https:\/\/www.moyenagepassion.com\/wp-content\/uploads\/2016\/05\/lays_francois_villon_poesie_monde_medieval_la_dure_prison_du_chateau_de_meung-s.jpg\" alt=\"lays francois Villon poesie monde medievale  prison de meung   \" width=\"700\" height=\"386\" srcset=\"https:\/\/www.moyenagepassion.com\/wp-content\/uploads\/2016\/05\/lays_francois_villon_poesie_monde_medieval_la_dure_prison_du_chateau_de_meung-s.jpg 700w, https:\/\/www.moyenagepassion.com\/wp-content\/uploads\/2016\/05\/lays_francois_villon_poesie_monde_medieval_la_dure_prison_du_chateau_de_meung-s-300x165.jpg 300w, https:\/\/www.moyenagepassion.com\/wp-content\/uploads\/2016\/05\/lays_francois_villon_poesie_monde_medieval_la_dure_prison_du_chateau_de_meung-s-672x372.jpg 672w\" sizes=\"(max-width: 700px) 100vw, 700px\" \/><\/a><\/p>\n<p style=\"text-align: justify;\">Le po\u00e8te\u00a0gardera encore longtemps les traces de cet emprisonnement o\u00f9 on lui fit subir\u00a0des s\u00e9vices, dont le terrible supplice de l&rsquo;eau qui consistait \u00e0 forcer le prisonnier \u00e0 ingurgiter de l&rsquo;eau en quantit\u00e9. Il \u00e9voquera cette torture dans un autre texte, l&rsquo;\u00e9p\u00eetre en forme de ballade \u00e0 ses amis \u00a0: \u00a0\u00ab\u00a0En ses boyaux verse eau \u00e0 gros bouillon\u00a0\u00bb. Vient-il hanter parfois de son air goguenard, les ge\u00f4les du ch\u00e2teau lui qui a triomph\u00e9\u00a0des si\u00e8cles pour s&rsquo;inscrire dans l&rsquo;Histoire?<\/p>\n<figure id=\"attachment_4210\" aria-describedby=\"caption-attachment-4210\" style=\"width: 680px\" class=\"wp-caption alignleft\"><a href=\"https:\/\/www.moyenagepassion.com\/wp-content\/uploads\/2016\/05\/posie_medieval_magistrale_francois_villon_au_retour_prison_meung_sur_loire.jpg\"><img decoding=\"async\" class=\"wp-image-4210 size-full\" src=\"https:\/\/www.moyenagepassion.com\/wp-content\/uploads\/2016\/05\/posie_medieval_magistrale_francois_villon_au_retour_prison_meung_sur_loire.jpg\" alt=\"posie_medieval_magistrale_francois_villon_au_retour_prison_meung_sur_loire\" width=\"680\" height=\"425\" srcset=\"https:\/\/www.moyenagepassion.com\/wp-content\/uploads\/2016\/05\/posie_medieval_magistrale_francois_villon_au_retour_prison_meung_sur_loire.jpg 680w, https:\/\/www.moyenagepassion.com\/wp-content\/uploads\/2016\/05\/posie_medieval_magistrale_francois_villon_au_retour_prison_meung_sur_loire-300x188.jpg 300w\" sizes=\"(max-width: 680px) 100vw, 680px\" \/><\/a><figcaption id=\"caption-attachment-4210\" class=\"wp-caption-text\">Les cachots du ch\u00e2teau de Meung dont je suppose,sans pouvoir l&rsquo;affirmer, qu&rsquo;ils sont d&rsquo;\u00e9poque et ont connu Villon<\/figcaption><\/figure>\n<p style=\"text-align: justify;\">Peu de temps apr\u00e8s les faits, se retrouvant encore m\u00eal\u00e9 \u00e0 une rixe dans laquelle un de ses amis blessera \u00e0 coup de couteau le notaire pontifical Fran\u00e7ois Ferrebouc, Fran\u00e7ois Villon sera de nouveau arr\u00eat\u00e9 et cette fois-ci condamn\u00e9 \u00e0 \u00eatre pendu. Il fera appel de la d\u00e9cision et sera finalement condamn\u00e9 \u00e0 dix ans de bannissement. Il sortira de nouveau de prison en 1463 et dispara\u00eetra \u00e0 jamais sans qu&rsquo;on ait jamais su s&rsquo;il avait \u00e9t\u00e9 assassin\u00e9 par l&rsquo;une de ses mauvaises fr\u00e9quentations ou par un quelconque de ses ennemis, ou s&rsquo;il \u00e9tait all\u00e9 chercher ailleurs et en province une seconde vie. \u00a0Il avait alors 32 ans et emportait avec lui son myst\u00e8re, ne nous laissant pour legs\u00a0 \u00a0que sa grande po\u00e9sie.<\/p>\n<hr \/>\n<h2 style=\"text-align: center;\">Les paroles du Lay de Fran\u00e7ois Villon.<\/h2>\n<p style=\"text-align: center;\"><span style=\"color: #008000;\"><strong><em>\u00ab\u00a0Au retour de dure prison,<\/em><\/strong><\/span><br \/>\n<span style=\"color: #008000;\"> <strong><em> O\u00f9 j&rsquo;ay laiss\u00e9 presque la vie,<\/em><\/strong><\/span><br \/>\n<span style=\"color: #008000;\"> <strong><em> Se Fortune a sur moy envie,<\/em><\/strong><\/span><br \/>\n<span style=\"color: #008000;\"> <strong><em> Jugez s&rsquo;elle fait mesprison!<\/em><\/strong><\/span><br \/>\n<span style=\"color: #008000;\"> <strong><em> Il me semble que, par raison,<\/em><\/strong><\/span><br \/>\n<span style=\"color: #008000;\"> <strong><em> Elle deust bien estre assouvie,<\/em><\/strong><\/span><br \/>\n<span style=\"color: #008000;\"> <strong><em> Au retour.<br \/>\n<\/em><\/strong><\/span><br \/>\n<span style=\"color: #008000;\"> <strong><em> Cecy plain est de desraison,<\/em><\/strong><\/span><br \/>\n<span style=\"color: #008000;\"> <strong><em> Qui vueille que de tout desvie;<\/em><\/strong><\/span><br \/>\n<span style=\"color: #008000;\"> <strong><em> Plaise \u00e0 Dieu que l&rsquo;ame ravie<\/em><\/strong><\/span><br \/>\n<span style=\"color: #008000;\"> <strong><em> En soit, lassus, en sa maison,<\/em><\/strong><\/span><br \/>\n<span style=\"color: #008000;\"> <strong><em> Au retour !\u00a0\u00bb<\/em><\/strong><\/span><\/p>\n<hr \/>\n<p>En vous souhaitant une belle journ\u00e9e.<br \/>\nFr\u00e9d\u00e9ric EFFE<br \/>\nPour moyenagepassion.com<\/p>\n","protected":false},"excerpt":{"rendered":"<p>Sujet : po\u00e9sie m\u00e9di\u00e9vale, po\u00e9sie satirique P\u00e9riode : moyen-\u00e2ge tardif, XVe si\u00e8cle Auteur : Fran\u00e7ois Villon (1431-1463) Titre : \u00ab\u00a0Lays, au retour\u00a0\u00bb Bonjour \u00e0 tous, &lsquo;est apr\u00e8s\u00a0 sa sortie de la prison du ch\u00e2teau de Meung-sur-Loire, o\u00f9 l&rsquo;\u00e9v\u00eaque d&rsquo;Orl\u00e9ans Thibault d\u2019Aussigny l&rsquo;avait fait emprisonner que Fran\u00e7ois Villon \u00e9crira ce LAYS et son \u0153uvre majeure, le &hellip; <a href=\"https:\/\/www.moyenagepassion.com\/index.php\/2016\/05\/30\/lay-de-francois-villon-au-retour-de-prison\/\" class=\"more-link\">Continuer la lecture de <span class=\"screen-reader-text\">Lays de Fran\u00e7ois Villon:  \u00ab\u00a0au retour\u00a0\u00bb de la torture et des cachots<\/span>  <span class=\"meta-nav\">&rarr;<\/span><\/a><\/p>\n","protected":false},"author":2,"featured_media":0,"comment_status":"open","ping_status":"open","sticky":false,"template":"","format":"standard","meta":{"_monsterinsights_skip_tracking":false,"_monsterinsights_sitenote_active":false,"_monsterinsights_sitenote_note":"","_monsterinsights_sitenote_category":0,"footnotes":""},"categories":[1318,9],"tags":[1136,19,1141,77,1135,1142,22,1133,182,18,913,80,615,688,294,1134,1137,1139,867,1140,1138,777],"class_list":["post-4192","post","type-post","status-publish","format-standard","hentry","category-francois-villon","category-musique-medieval-historique-fantaisie-celtique","tag-au-retour-de-prison","tag-chateau","tag-eveque-dorleans","tag-francois-villon","tag-lays","tag-louis-xi","tag-medievale","tag-meung-sur-loire","tag-monde-medieval","tag-moyen-age","tag-moyen-age-tardif","tag-poesie","tag-poesie-medievale","tag-poesie-satirique","tag-poete","tag-prison","tag-sevices","tag-supplice-de-leau","tag-testament","tag-thibault-daussigny","tag-tortures","tag-villon"],"aioseo_notices":[],"_links":{"self":[{"href":"https:\/\/www.moyenagepassion.com\/index.php\/wp-json\/wp\/v2\/posts\/4192"}],"collection":[{"href":"https:\/\/www.moyenagepassion.com\/index.php\/wp-json\/wp\/v2\/posts"}],"about":[{"href":"https:\/\/www.moyenagepassion.com\/index.php\/wp-json\/wp\/v2\/types\/post"}],"author":[{"embeddable":true,"href":"https:\/\/www.moyenagepassion.com\/index.php\/wp-json\/wp\/v2\/users\/2"}],"replies":[{"embeddable":true,"href":"https:\/\/www.moyenagepassion.com\/index.php\/wp-json\/wp\/v2\/comments?post=4192"}],"version-history":[{"count":4,"href":"https:\/\/www.moyenagepassion.com\/index.php\/wp-json\/wp\/v2\/posts\/4192\/revisions"}],"predecessor-version":[{"id":43006,"href":"https:\/\/www.moyenagepassion.com\/index.php\/wp-json\/wp\/v2\/posts\/4192\/revisions\/43006"}],"wp:attachment":[{"href":"https:\/\/www.moyenagepassion.com\/index.php\/wp-json\/wp\/v2\/media?parent=4192"}],"wp:term":[{"taxonomy":"category","embeddable":true,"href":"https:\/\/www.moyenagepassion.com\/index.php\/wp-json\/wp\/v2\/categories?post=4192"},{"taxonomy":"post_tag","embeddable":true,"href":"https:\/\/www.moyenagepassion.com\/index.php\/wp-json\/wp\/v2\/tags?post=4192"}],"curies":[{"name":"wp","href":"https:\/\/api.w.org\/{rel}","templated":true}]}}