{"id":42293,"date":"2021-12-11T02:49:01","date_gmt":"2021-12-11T01:49:01","guid":{"rendered":"https:\/\/www.moyenagepassion.com\/?p=42293"},"modified":"2022-05-28T09:25:02","modified_gmt":"2022-05-28T08:25:02","slug":"des-marches-de-noel-aux-couleurs-medievales","status":"publish","type":"post","link":"https:\/\/www.moyenagepassion.com\/index.php\/2021\/12\/11\/des-marches-de-noel-aux-couleurs-medievales\/","title":{"rendered":"Des march\u00e9s de No\u00ebl aux couleurs m\u00e9di\u00e9vales"},"content":{"rendered":"<div id=\"moyen-4028928305\" class=\"moyen-before-content moyen-entity-placement\"><script async src=\"\/\/pagead2.googlesyndication.com\/pagead\/js\/adsbygoogle.js?client=ca-pub-3035390706780632\" crossorigin=\"anonymous\"><\/script><ins class=\"adsbygoogle\" style=\"display:block;\" data-ad-client=\"ca-pub-3035390706780632\" \ndata-ad-slot=\"\" \ndata-ad-format=\"auto\"><\/ins>\n<script> \n(adsbygoogle = window.adsbygoogle || []).push({}); \n<\/script>\n<\/div>\n<div class=\"wp-block-image\"><figure class=\"alignleft size-large is-resized\"><img decoding=\"async\" src=\"https:\/\/www.moyenagepassion.com\/wp-content\/uploads\/2017\/11\/agenda_sorties_fetes_marches_medieval_theme_moyen-age_.jpg\" alt=\"\" class=\"wp-image-17396\" width=\"105\" height=\"180\" srcset=\"https:\/\/www.moyenagepassion.com\/wp-content\/uploads\/2017\/11\/agenda_sorties_fetes_marches_medieval_theme_moyen-age_.jpg 205w, https:\/\/www.moyenagepassion.com\/wp-content\/uploads\/2017\/11\/agenda_sorties_fetes_marches_medieval_theme_moyen-age_-175x300.jpg 175w\" sizes=\"(max-width: 105px) 100vw, 105px\" \/><\/figure><\/div>\n\n\n\n<p><strong>Sujet<\/strong> : f\u00eates m\u00e9di\u00e9vales, animations m\u00e9di\u00e9vales, march\u00e9 m\u00e9di\u00e9val, march\u00e9 de No\u00ebl, nativit\u00e9, No\u00ebl, march\u00e9 artisanal, inspirations, animations,<br><strong>Ev\u00e9nements<\/strong> : march\u00e9 de No\u00ebl d&rsquo;ici et d&rsquo;ailleurs<br><strong>Lieu <\/strong>: Pays-de-la-Loire, Normandie, \u00cele-de-France, Wallonie, Alsace, Grand Est<br><strong>Dates<\/strong> : D\u00e9cembre 2021<\/p>\n\n\n\n<p>Bonjour \u00e0 tous,<\/p>\n\n\n\n<div class=\"wp-block-image\"><figure class=\"alignleft size-large\"><img decoding=\"async\" width=\"84\" height=\"103\" src=\"https:\/\/www.moyenagepassion.com\/wp-content\/uploads\/2015\/12\/A_lettrine_moyen_age_passion1.jpg\" alt=\"\" class=\"wp-image-24221\"\/><\/figure><\/div>\n\n\n\n<p class=\"classe text_justify\"> l&rsquo;approche des f\u00eates de la nativit\u00e9 et de fin d&rsquo;ann\u00e9e, de nombreuses villes du nord de France se drapent de leurs plus beaux atours pour proposer des march\u00e9s de No\u00ebl qui font la part belle \u00e0 la tradition. M\u00eame si nous les  appr\u00e9cions tous, th\u00e8me du site oblige, ceux qui nous int\u00e9resseront de plus pr\u00e8s ici, sont ceux qui mettent un brin de fantaisie m\u00e9di\u00e9vale dans leurs animations et leurs \u00e9choppes.  <\/p>\n\n\n\n<h2 class=\"wp-block-heading\">Une programmation encore timide<\/h2>\n\n\n\n<div class=\"wp-block-image\"><figure class=\"alignright size-full is-resized\"><img decoding=\"async\" src=\"https:\/\/www.moyenagepassion.com\/wp-content\/uploads\/2021\/12\/deco-medieval-brueghel-noel.jpg\" alt=\"\" class=\"wp-image-42323\" width=\"86\" height=\"371\"\/><\/figure><\/div>\n\n\n\n<p class=\"classe text_justify\">Las ! Cette ann\u00e9e encore et, comme en 2020, l&rsquo;histoire  bafouille \u00e0 d\u00e9faut de se r\u00e9p\u00e9ter totalement. La valse incessante des mesures autour de la Covid continue de souffler le chaud et le froid et le virus n&rsquo;en finit plus de faire des vagues (qu&rsquo;on devrait craindre, nous dit-on, toujours plus que les pr\u00e9c\u00e9dentes). <\/p>\n\n\n\n<p class=\"classe text_justify\">Star incontest\u00e9e des m\u00e9dias 2020-2021, mati\u00e8re \u00e0 psychose et \u00e0 couvre-feu, champion toute cat\u00e9gorie des sujets, l&rsquo;\u00e9trange invit\u00e9 permanent et sa saisonnalit\u00e9 ont supplant\u00e9 toutes les autres priorit\u00e9s y compris celle de redresser l&rsquo;h\u00f4pital et de soutenir ses soignants. Pourtant, on ne semble pas se r\u00e9soudre \u00e0 vivre avec, ni \u00e0 donner quelques chances aux alternatives. \u00c0 chacun sa v\u00e9rit\u00e9, sa science, ses \u00e9tudes de r\u00e9f\u00e9rence et ses accointances. Faites entrer le m\u00e9decin de plateau ! Montjoie ! \u00c0 moi big pharma !  L&rsquo;heure est \u00e0 la nouvelle science politico-m\u00e9diatique. \u00ab\u00a0Nous sommes en guerre\u00a0\u00bb. La faute aux voisins, \u00e0 son anti-pass et \u00e0 ses gamins !  <\/p>\n\n\n\n<p class=\"classe text_justify\"> Bref, dans ce contexte de maison de fous et de mesures girouettes, de nombreux exposants et organisateurs de f\u00eates m\u00e9di\u00e9vales et de march\u00e9s de No\u00ebl se sont abstenus, cette ann\u00e9e encore, de maintenir les \u00e9v\u00e9nements pr\u00e9vus. Il y a ceux qui avaient d\u00e9j\u00e0 baiss\u00e9 les bras, d\u00e8s le d\u00e9but 2021, et  puis il y a les autres, ceux qui se sont d\u00e9courag\u00e9s en chemin parce que le bout du tunnel n&rsquo;en finissait pas de s&rsquo;\u00e9loigner. C&rsquo;est le cas du March\u00e9 de No\u00ebl de Provins et de tant d&rsquo;autres encore, report\u00e9s \u00e0 2022 (<a href=\"https:\/\/www.moyenagepassion.com\/index.php\/2019\/12\/07\/ce-week-end-le-10eme-marche-de-noel-de-provins\/\">voir article pr\u00e9c\u00e9dent sur cet \u00e9v\u00e9nement<\/a>). Comment les bl\u00e2mer ? De tels \u00e9v\u00e9nements ne se mettent pas en place en quelques semaines. Il faut des mois sans compter, d\u00e9sormais, toute la logistique sanitaire \u00e0 pr\u00e9voir (distanciation, gestes barri\u00e8res contr\u00f4les, etc..). Exception \u00e0 tout cela, de vaillants organisateurs ont quand m\u00eame maintenu le cap. C&rsquo;est eux qui sont ici \u00e0 l&rsquo;honneur m\u00eame si nous avons une pens\u00e9e pour les autres. Voici donc une s\u00e9lection des beaux march\u00e9s de No\u00ebl aux couleurs m\u00e9di\u00e9vales qui vous attendent en ce mois de d\u00e9cembre. <\/p>\n\n\n\n<hr class=\"wp-block-separator\"\/>\n\n\n\n<h2 class=\"wp-block-heading\">Le march\u00e9 de No\u00ebl m\u00e9di\u00e9val de Ribeauvill\u00e9<br>et ses belles animations<\/h2>\n\n\n\n<p><strong>Dates <\/strong>: les samedi 11 et dimanche 12 d\u00e9cembre 2021<br><strong>Lieu <\/strong>: Orme, Normandie, France<\/p>\n\n\n\n<div class=\"wp-block-image\"><figure class=\"alignleft size-full is-resized\"><a href=\"https:\/\/www.moyenagepassion.com\/wp-content\/uploads\/2021\/12\/marche-noel-animations-medievales-Ribeauville-Alzace-2021.jpg\"><img decoding=\"async\" src=\"https:\/\/www.moyenagepassion.com\/wp-content\/uploads\/2021\/12\/marche-noel-animations-medievales-Ribeauville-Alzace-2021.jpg\" alt=\"Affiche du March\u00e9 m\u00e9di\u00e9val de No\u00ebl de Ribauville\" class=\"wp-image-42297\" width=\"221\" height=\"311\"\/><\/a><\/figure><\/div>\n\n\n\n<p class=\"classe text_justify\">Annul\u00e9 en 2020, comme beaucoup d&rsquo;autres \u00e9v\u00e9nements, le march\u00e9 de No\u00ebl m\u00e9di\u00e9val de Ribeauvill\u00e9 revient, cette ann\u00e9e, avec tout son savoir-faire et son go\u00fbt pour la tradition. Pour cette \u00e9dition, tout le centre ville de la cit\u00e9 sera de la f\u00eate et on retrouvera moultes animations, assur\u00e9es par grand renfort de compagnies m\u00e9di\u00e9vales.<\/p>\n\n\n\n<p class=\"classe text_justify\">En voici une liste non exhaustive : sc\u00e9nettes, contes et th\u00e9\u00e2tre de rue, spectacle de feu, ateliers de m\u00e9tiers d&rsquo;\u00e9poque (tonnellerie, forge, &#8230;,) mais encore d\u00e9ambulations et parades, jeux d&rsquo;adresse, combats de chevaliers,  animations vikings, danses et musique m\u00e9di\u00e9vales. Pour les enfants de nombreux divertissements sont aussi pr\u00e9vus : jeux en bois, atelier cirque, man\u00e8ge, animaux de la ferme, chameaux venus de contr\u00e9es lointaines, spectacles  et num\u00e9ro de dressage animaliers (moutons, oies).  Un beau programme tr\u00e8s prometteur. Voir la <a href=\"https:\/\/www.ribeauville.fr\/fr\/marche-de-noel-medieval.html\" target=\"_blank\" rel=\"noreferrer noopener nofollow\">page de ce march\u00e9 m\u00e9di\u00e9val<\/a>.<\/p>\n\n\n\n<h2 class=\"wp-block-heading\">Un march\u00e9 m\u00e9di\u00e9val pour les gourmands <br>\u00e0 Domfront en Poiraie<\/h2>\n\n\n\n<p><strong>Dates<\/strong> : du  vendredi 17 au dimanche 19 d\u00e9cembre 2021<br><strong>Lieu<\/strong> : Domfront-en-Poiraie, Orme, Normandie, France<\/p>\n\n\n\n<div class=\"wp-block-image\"><figure class=\"alignleft size-full is-resized\"><a href=\"https:\/\/www.moyenagepassion.com\/wp-content\/uploads\/2021\/12\/marche-noel-animations-medievales-Domfront-Normandie-2021.jpg\"><img decoding=\"async\" src=\"https:\/\/www.moyenagepassion.com\/wp-content\/uploads\/2021\/12\/marche-noel-animations-medievales-Domfront-Normandie-2021.jpg\" alt=\"Affiche du March\u00e9 m\u00e9di\u00e9val de Domfront en Poiraie\" class=\"wp-image-42309\" width=\"221\" height=\"307\" srcset=\"https:\/\/www.moyenagepassion.com\/wp-content\/uploads\/2021\/12\/marche-noel-animations-medievales-Domfront-Normandie-2021.jpg 350w, https:\/\/www.moyenagepassion.com\/wp-content\/uploads\/2021\/12\/marche-noel-animations-medievales-Domfront-Normandie-2021-216x300.jpg 216w\" sizes=\"(max-width: 221px) 100vw, 221px\" \/><\/a><\/figure><\/div>\n\n\n\n<p class=\"classe text_justify\">Du 17 au 19 d\u00e9cembre, la cit\u00e9 normande de Domfront-en-Poiraie se mettra en quatre pour proposer \u00e0 ses habitants et ses visiteurs un march\u00e9 de No\u00ebl tint\u00e9 de Moyen \u00c2ge et de gourmandise. Organis\u00e9 par la compagnie musicale Aragorn, cet \u00e9v\u00e9nement conna\u00eetra, cette ann\u00e9e, sa 3eme \u00e9dition. <\/p>\n\n\n\n<p class=\"classe text_justify\">Des \u00e9choppes seront donc pr\u00e9sentes sur site ainsi que des surprises culinaires et gastronomiques. Jeux, ambiance celtique, danses seront \u00e9galement au programme, avec en plus la perspective d&#8217;emplettes originales et artisanales pour c\u00e9l\u00e9brer dignement No\u00ebl et faire plaisir \u00e0 vos proches. Voir le site des <a href=\"https:\/\/www.facebook.com\/MedievalesdeDomfront\" target=\"_blank\" rel=\"noreferrer noopener nofollow\">M\u00e9di\u00e9vales de Domfront<\/a>.<\/p>\n\n\n\n<h2 class=\"wp-block-heading\">March\u00e9 artisanal &amp; animations m\u00e9di\u00e9vales <br>\u00e0 la cour des arts de Vaureal<\/h2>\n\n\n\n<p><strong>Dates<\/strong> : du 11 au 12 d\u00e9cembre 2021<br><strong>Lieu<\/strong> : Vaur\u00e9al, Cour des arts, Val d&rsquo;Oise, \u00cele-de-France, France<\/p>\n\n\n\n<div class=\"wp-block-image\"><figure class=\"alignleft size-full is-resized\"><a href=\"https:\/\/www.moyenagepassion.com\/wp-content\/uploads\/2021\/12\/marche-noel-animations-medievales-Vaureal-Ile-de-France-2021.jpg\"><img decoding=\"async\" src=\"https:\/\/www.moyenagepassion.com\/wp-content\/uploads\/2021\/12\/marche-noel-animations-medievales-Vaureal-Ile-de-France-2021.jpg\" alt=\"Animations et march\u00e9 m\u00e9di\u00e9val de Vaur\u00e9al (Affiche)\" class=\"wp-image-42300\" width=\"221\" height=\"312\" srcset=\"https:\/\/www.moyenagepassion.com\/wp-content\/uploads\/2021\/12\/marche-noel-animations-medievales-Vaureal-Ile-de-France-2021.jpg 350w, https:\/\/www.moyenagepassion.com\/wp-content\/uploads\/2021\/12\/marche-noel-animations-medievales-Vaureal-Ile-de-France-2021-212x300.jpg 212w\" sizes=\"(max-width: 221px) 100vw, 221px\" \/><\/a><\/figure><\/div>\n\n\n\n<p class=\"classe text_justify\">Install\u00e9e dans le village de Vaur\u00e9al, \u00e0 un peu moins d&rsquo;une heure de Paris,  la cour des arts est un lieu original qui s&rsquo;est donn\u00e9 pour vocation d&rsquo;h\u00e9berger et de faire d\u00e9couvrir au public des m\u00e9tiers au carrefour de l&rsquo;art et de l&rsquo;artisanat. Install\u00e9e dans la cour d&rsquo;une ancienne ferme, une vingtaine d&rsquo;artistes y \u0153uvrent, \u00e0 l&rsquo;ann\u00e9e, dans des ateliers qui ouvrent leurs portes au public. <\/p>\n\n\n\n<p class=\"classe text_justify\">Le 11 et le 12 d\u00e9cembre prochain, le lieu prendra, pour la 3eme fois, des couleurs \u00e9vocatrices du Moyen \u00c2ge. Avec pour nom <em>Vaur\u00e9yule<\/em>, la f\u00eate proposera de nombreuses animations inspir\u00e9es librement de cette p\u00e9riode et du m\u00e9di\u00e9val-fantastique :  combat et tir \u00e0 l&rsquo;arc \u00e0 la fa\u00e7on viking avec le Clan d&rsquo;Ivar, d\u00e9ambulations de cr\u00e9atures, musique d&rsquo;\u00e9poque et saltimbanques. Les ateliers pourront, bien s\u00fbr, \u00eatre visit\u00e9s et un march\u00e9 artisanal viendra \u00e9galement compl\u00e9ter ces r\u00e9jouissances. Voir le <a href=\"https:\/\/www.facebook.com\/vaureal\/\" target=\"_blank\" rel=\"noreferrer noopener nofollow\">FB de l&rsquo;\u00e9v\u00e9nement<\/a>.<\/p>\n\n\n\n<h2 class=\"wp-block-heading\">Un march\u00e9 de No\u00ebl artisanal et m\u00e9di\u00e9val<br>\u00e0 Chemill\u00e9-en-Anjou<\/h2>\n\n\n\n<p><strong>Dates<\/strong> : du 11 au 12 d\u00e9cembre 2021<br><strong>Lieu<\/strong> : Chemill\u00e9-en-Anjou, Maine-et-Loire,&nbsp;Pays de la Loire, France<\/p>\n\n\n\n<div class=\"wp-block-image\"><figure class=\"alignleft size-full is-resized\"><a href=\"https:\/\/www.moyenagepassion.com\/wp-content\/uploads\/2021\/12\/marche-noel-animations-medievales-Chemille-Anjou-Pays-de-la-Loire-2021.jpg\"><img decoding=\"async\" src=\"https:\/\/www.moyenagepassion.com\/wp-content\/uploads\/2021\/12\/marche-noel-animations-medievales-Chemille-Anjou-Pays-de-la-Loire-2021.jpg\" alt=\"march\u00e9 de No\u00ebl m\u00e9di\u00e9val\nde Chemill\u00e9-en-Anjou (Affiche)\" class=\"wp-image-42305\" width=\"221\" height=\"320\" srcset=\"https:\/\/www.moyenagepassion.com\/wp-content\/uploads\/2021\/12\/marche-noel-animations-medievales-Chemille-Anjou-Pays-de-la-Loire-2021.jpg 350w, https:\/\/www.moyenagepassion.com\/wp-content\/uploads\/2021\/12\/marche-noel-animations-medievales-Chemille-Anjou-Pays-de-la-Loire-2021-207x300.jpg 207w\" sizes=\"(max-width: 221px) 100vw, 221px\" \/><\/a><\/figure><\/div>\n\n\n\n<p class=\"classe text_justify\">Ce week end, la cit\u00e9 du Maine-et-Loire proposera, elle aussi, un march\u00e9 de No\u00ebl hybride entre tradition et inspiration m\u00e9di\u00e9vale. Sous chapiteau, on pourra y trouver les exposants habituels de ce type de march\u00e9 mais aussi une vingtaine d&rsquo;\u00e9choppes plus proche du monde m\u00e9di\u00e9val. La porte du ch\u00e2teau servira de barri\u00e8re temporel pour passer d&rsquo;une p\u00e9riode \u00e0 l&rsquo;autre. <\/p>\n\n\n\n<p class=\"classe text_justify\">Des r\u00e9jouissances et divertissements viendront encore compl\u00e9ter la f\u00eate. Au programme,  jongleurs et cracheurs de feu, danses m\u00e9di\u00e9vales, chorale et groupes de musique, sans oublier quelques bonnes sp\u00e9cialit\u00e9s \u00e0 boire et manger pour se restaurer et se tenir chaud. Infos sur la <a href=\"https:\/\/www.facebook.com\/marchedenoelchemille\" target=\"_blank\" rel=\"noreferrer noopener nofollow\">page FB de ce march\u00e9 de No\u00ebl<\/a>.<\/p>\n\n\n\n<h2 class=\"wp-block-heading\">Le grand march\u00e9 de no\u00ebl historique de Li\u00e8ge<\/h2>\n\n\n\n<p><strong>Dates :<\/strong> du 26 novembre au 30 d\u00e9cembre 2021<br><strong>Lieu : <\/strong>Li\u00e8ge, Wallonie, Belgique<\/p>\n\n\n\n<div class=\"wp-block-image\"><figure class=\"alignleft size-full is-resized\"><a href=\"https:\/\/www.moyenagepassion.com\/wp-content\/uploads\/2021\/12\/marche-noel-animations-medievales-Liege-Belgique-2021.jpg\"><img decoding=\"async\" src=\"https:\/\/www.moyenagepassion.com\/wp-content\/uploads\/2021\/12\/marche-noel-animations-medievales-Liege-Belgique-2021.jpg\" alt=\"march\u00e9 historique de Li\u00e8ge (affiche)\" class=\"wp-image-42321\" width=\"221\" height=\"313\" srcset=\"https:\/\/www.moyenagepassion.com\/wp-content\/uploads\/2021\/12\/marche-noel-animations-medievales-Liege-Belgique-2021.jpg 350w, https:\/\/www.moyenagepassion.com\/wp-content\/uploads\/2021\/12\/marche-noel-animations-medievales-Liege-Belgique-2021-212x300.jpg 212w\" sizes=\"(max-width: 221px) 100vw, 221px\" \/><\/a><\/figure><\/div>\n\n\n\n<p class=\"classe text_justify\">Si elle n&rsquo;est pas \u00e0 proprement m\u00e9di\u00e9val, nous avons tout de m\u00eame d\u00e9cid\u00e9 de mentionner, ici, cet incroyable f\u00eate de No\u00ebl du c\u00f4t\u00e9 de la Belgique et de la Wallonie. Depuis 30 ans, Li\u00e8ge met, en effet, les petits plats dans les grands \u00e0 l&rsquo;approche des f\u00eates de la nativit\u00e9, avec des animations qui vont bien au del\u00e0 de la simple zone d&rsquo;achalandage :  podium et sc\u00e8ne de concerts, patinoire pour tous, grande roue aux allures de f\u00eate votive, viennent s&rsquo;ajouter \u00e0 ce grand march\u00e9 traditionnel de No\u00ebl et son village historique. Sur ce dernier aspect, 300 artisans et 150 chalets sont pr\u00e9vus.  Assur\u00e9ment de quoi trouver des cadeaux in\u00e9dits dans une ambiance festive unique. Pour ajouter quelques chiffres, la fr\u00e9quentation de plus de 1,5  million de personnes annuels en dit long sur la grande popularit\u00e9 de l&rsquo;\u00e9v\u00e9nement et l&rsquo;attrait qu&rsquo;il exerce sur ses visiteurs. <\/p>\n\n\n\n<p class=\"classe text_justify\">Pour ce qui est des animations, la belle cit\u00e9 wallonne propose des spectacles et concerts des plus vari\u00e9s : rock, jazz, vari\u00e9t\u00e9s, musique \u00e9lectronique et DJs (<a href=\"https:\/\/www.villagedenoel.be\/\" target=\"_blank\" rel=\"noreferrer noopener nofollow\">voir le site officiel<\/a>).  Ces r\u00e9jouissances musicales se prolongent m\u00eame au del\u00e0 des dates du march\u00e9 : de d\u00e9but d\u00e9cembre jusqu&rsquo;\u00e0 l&rsquo;\u00e9piphanie et la fin de la premi\u00e8re semaine de janvier. Bien s\u00fbr, Les touristes de passage pourront en profiter pour d\u00e9couvrir le beau patrimoine m\u00e9di\u00e9val de Li\u00e8ge et son centre historique.<\/p>\n\n\n\n<p><a href=\"https:\/\/www.moyenagepassion.com\/?s=March%C3%A9+de+No%C3%ABl\">Voir nos autres articles sur des march\u00e9s m\u00e9di\u00e9vaux pr\u00e9c\u00e9dents<\/a>.<\/p>\n\n\n\n<p>En vous souhaitant une tr\u00e8s belle journ\u00e9e.<br>Fr\u00e9d\u00e9ric F<br>Pour moyenagepassion.com<br>\u00c0 la d\u00e9couverte du monde m\u00e9di\u00e9val sous toutes ses formes<\/p>\n\n\n\n<p class=\"classe text_justify has-small-font-size\">NB : l&rsquo;image d&rsquo;en-t\u00eate est tir\u00e9e d&rsquo;une toile de Brueghel le Jeune. Cette sc\u00e8ne de patinage incroyablement vivante et d\u00e9taill\u00e9e, est dat\u00e9e de 1613. Elle fait partie de la collection du Mus\u00e9e des beaux-arts de Mulhouse.<\/p>\n","protected":false},"excerpt":{"rendered":"<p>Sujet : f\u00eates m\u00e9di\u00e9vales, animations m\u00e9di\u00e9vales, march\u00e9 m\u00e9di\u00e9val, march\u00e9 de No\u00ebl, nativit\u00e9, No\u00ebl, march\u00e9 artisanal, inspirations, animations,Ev\u00e9nements : march\u00e9 de No\u00ebl d&rsquo;ici et d&rsquo;ailleursLieu : Pays-de-la-Loire, Normandie, \u00cele-de-France, Wallonie, Alsace, Grand EstDates : D\u00e9cembre 2021 Bonjour \u00e0 tous, l&rsquo;approche des f\u00eates de la nativit\u00e9 et de fin d&rsquo;ann\u00e9e, de nombreuses villes du nord de France &hellip; <a href=\"https:\/\/www.moyenagepassion.com\/index.php\/2021\/12\/11\/des-marches-de-noel-aux-couleurs-medievales\/\" class=\"more-link\">Continuer la lecture de <span class=\"screen-reader-text\">Des march\u00e9s de No\u00ebl aux couleurs m\u00e9di\u00e9vales<\/span>  <span class=\"meta-nav\">&rarr;<\/span><\/a><\/p>\n","protected":false},"author":2,"featured_media":42316,"comment_status":"open","ping_status":"open","sticky":false,"template":"","format":"standard","meta":{"_monsterinsights_skip_tracking":false,"_monsterinsights_sitenote_active":false,"_monsterinsights_sitenote_note":"","_monsterinsights_sitenote_category":0,"footnotes":""},"categories":[11],"tags":[1391,1985,1780,2529,5343,5434,5591,5590,5500,2010,636,182,5587,5034,318,2076,681,5592,5593],"class_list":["post-42293","post","type-post","status-publish","format-standard","has-post-thumbnail","hentry","category-fetes-medievales-evenement","tag-agenda","tag-alsace","tag-animations","tag-animations-medievales","tag-fetes-medievales","tag-grand-est-2","tag-ile-de-france-2","tag-inspirations","tag-marche-artisanal-2","tag-marche-de-noel","tag-marche-medieval","tag-monde-medieval","tag-moyen-age-2","tag-moyen-age-3","tag-nativite","tag-noel","tag-normandie","tag-pays-de-la-loire-2","tag-wallonie"],"aioseo_notices":[],"_links":{"self":[{"href":"https:\/\/www.moyenagepassion.com\/index.php\/wp-json\/wp\/v2\/posts\/42293"}],"collection":[{"href":"https:\/\/www.moyenagepassion.com\/index.php\/wp-json\/wp\/v2\/posts"}],"about":[{"href":"https:\/\/www.moyenagepassion.com\/index.php\/wp-json\/wp\/v2\/types\/post"}],"author":[{"embeddable":true,"href":"https:\/\/www.moyenagepassion.com\/index.php\/wp-json\/wp\/v2\/users\/2"}],"replies":[{"embeddable":true,"href":"https:\/\/www.moyenagepassion.com\/index.php\/wp-json\/wp\/v2\/comments?post=42293"}],"version-history":[{"count":38,"href":"https:\/\/www.moyenagepassion.com\/index.php\/wp-json\/wp\/v2\/posts\/42293\/revisions"}],"predecessor-version":[{"id":44284,"href":"https:\/\/www.moyenagepassion.com\/index.php\/wp-json\/wp\/v2\/posts\/42293\/revisions\/44284"}],"wp:featuredmedia":[{"embeddable":true,"href":"https:\/\/www.moyenagepassion.com\/index.php\/wp-json\/wp\/v2\/media\/42316"}],"wp:attachment":[{"href":"https:\/\/www.moyenagepassion.com\/index.php\/wp-json\/wp\/v2\/media?parent=42293"}],"wp:term":[{"taxonomy":"category","embeddable":true,"href":"https:\/\/www.moyenagepassion.com\/index.php\/wp-json\/wp\/v2\/categories?post=42293"},{"taxonomy":"post_tag","embeddable":true,"href":"https:\/\/www.moyenagepassion.com\/index.php\/wp-json\/wp\/v2\/tags?post=42293"}],"curies":[{"name":"wp","href":"https:\/\/api.w.org\/{rel}","templated":true}]}}